{"id":2406,"date":"2015-07-10T19:33:37","date_gmt":"2015-07-10T17:33:37","guid":{"rendered":"http:\/\/indieofilo.com\/?p=2406"},"modified":"2023-09-20T14:12:14","modified_gmt":"2023-09-20T12:12:14","slug":"melkweg-announce-a-5-days-program-for-ade-2015","status":"publish","type":"post","link":"https:\/\/www.indieofilo.com\/en\/news\/live-shows\/melkweg-announce-a-5-days-program-for-ade-2015","title":{"rendered":"Melkweg announce a 5 days program for ADE 2015"},"content":{"rendered":"<p style=\"text-align: center;\">\n<p style=\"text-align: center;\"><span style=\"font-size: 9px;\"><em>Photo credits: Willeke Machiels<\/em><\/span><\/p>\n<p style=\"text-align: justify;\"><strong>Melkweg<\/strong>, one of the most famous venues in Amsterdam, has just announced its programme for this year edition of <strong>Amsterdam Dance Event<\/strong>. On it, we can found\u00a0<strong>Nicky Romero,\u00a0John Digweed and Guy J,\u00a0The Gaslamp Killler at\u00a0Noisia<\/strong> party and the amazing show\u00a0&#8216;<strong>Dave Clarke Presents<\/strong>&#8216;.<\/p>\n<p style=\"text-align: center;\"><u><strong>Wednesday October 14, 10 pm \u2013 5 am. \u00a0Nicky Romero and friends \u2013 Protocol\u00a0<\/strong><\/u><br \/>\nNicky Romero is used to play big crowds; his innovative Protocol concept show in this &#8216;intimate&#8217; setting is definitely worth a visit.<\/p>\n<p><strong><u>Thursday October 15, \u00a07 pm \u2013 10 pm &#8211;\u00a0Gramatik<\/u><\/strong><br \/>\nBeat artist\u00a0Gramatik\u00a0has a unique way of combining jazz, soul and heavy electro with his instrumental hiphop beats.\u00a0.<\/p>\n<p><u><strong>Friday October 16, 11 pm \u2013 5 am.\u00a0&#8211; Bedrock 5 years of ADE<\/strong><\/u><br \/>\nBedrock&#8217;s head honcho\u00a0John Digweed\u00a0plays a 4 hours set for the occasion, with\u00a0Guy J\u00a0as high quality supporting partner for the night.<\/p>\n<p><u><strong>Friday October 16, 10 pm &#8211; 5 am. &#8211;\u00a0Dave Clarke Presents<\/strong><\/u><br \/>\n&#8216;The Baron of Techno&#8217; invites\u00a0Perc\u00a0&amp;\u00a0Truss,\u00a0Gary Beck,\u00a0Marcel Fengler,\u00a0DJ Bone,\u00a0Octave One,\u00a0The Hacker,Sandrien,\u00a0Tsepo,\u00a0Estroe\u00a0and\u00a0Mr. Jones.<\/p>\n<p><u><strong>Saturday October 17, 10 pm &#8211; 5 am. &#8211;\u00a0Noisia Invites<\/strong><\/u><br \/>\nGroningen based drum &#8216;n bass collective\u00a0Noisia\u00a0is back for another night at the Melkweg with\u00a0The Gaslamp Killer,\u00a0Eprom,\u00a0Alix Perez,\u00a0Posij, Akka,\u00a0Mefjus,\u00a0Kasra,\u00a0Gridlok,\u00a0Enei,\u00a0Current Value\u00a0and\u00a0Prolix.<\/p>\n<p style=\"text-align: justify;\">If you want to know the artists that are confirmed until this moment or you are interested on tickets, take a look at <a href=\"http:\/\/www.a-d-e.nl\/\" target=\"_blank\" rel=\"noopener\">the\u00a0official Website of the Festival<\/a>.<\/p>\n","protected":false},"excerpt":{"rendered":"<p>Photo credits: Willeke Machiels Melkweg, one of the most famous venues in Amsterdam, has just announced its programme for this year edition of Amsterdam Dance Event. On it, we can found\u00a0Nicky Romero,\u00a0John Digweed and Guy J,\u00a0The Gaslamp Killler at\u00a0Noisia party and the amazing show\u00a0&#8216;Dave Clarke Presents&#8216;. Wednesday October 14, 10 pm \u2013 5 am. \u00a0Nicky [&hellip;]<\/p>\n","protected":false},"author":1,"featured_media":0,"comment_status":"closed","ping_status":"closed","sticky":false,"template":"","format":"standard","meta":{"footnotes":""},"categories":[41,8],"tags":[6259,6260,5786],"class_list":["post-2406","post","type-post","status-publish","format-standard","hentry","category-live-shows","category-news","tag-ade-en","tag-ade-2015-en","tag-melkweg-en"],"yoast_head":"<!-- This site is optimized with the Yoast SEO Premium plugin v23.9 (Yoast SEO v26.6) - https:\/\/yoast.com\/wordpress\/plugins\/seo\/ -->\n<title>Melkweg announce a 5 days program for ADE 2015 - Indie\u00f3filo<\/title>\n<meta name=\"description\" content=\"Nicky Romero,\u00a0John Digweed and Guy J,\u00a0The Gaslamp Killler at\u00a0Noisia party and the show\u00a0&#039;Dave Clarke Presents&#039; are the main Melkweg gigs for ADE 2015.\" \/>\n<meta name=\"robots\" content=\"index, follow, max-snippet:-1, max-image-preview:large, max-video-preview:-1\" \/>\n<link rel=\"canonical\" href=\"https:\/\/www.indieofilo.com\/en\/news\/melkweg-announce-a-5-days-program-for-ade-2015\" \/>\n<meta property=\"og:locale\" content=\"en_US\" \/>\n<meta property=\"og:type\" content=\"article\" \/>\n<meta property=\"og:title\" content=\"Melkweg announce a 5 days program for ADE 2015\" \/>\n<meta property=\"og:description\" content=\"Nicky Romero,\u00a0John Digweed and Guy J,\u00a0The Gaslamp Killler at\u00a0Noisia party and the show\u00a0&#039;Dave Clarke Presents&#039; are the main Melkweg gigs for ADE 2015.\" \/>\n<meta property=\"og:url\" content=\"https:\/\/www.indieofilo.com\/en\/news\/melkweg-announce-a-5-days-program-for-ade-2015\" \/>\n<meta property=\"og:site_name\" content=\"Indie\u00f3filo\" \/>\n<meta property=\"article:publisher\" content=\"https:\/\/www.facebook.com\/Indieofilo\/\" \/>\n<meta property=\"article:published_time\" content=\"2015-07-10T17:33:37+00:00\" \/>\n<meta property=\"article:modified_time\" content=\"2023-09-20T12:12:14+00:00\" \/>\n<meta name=\"author\" content=\"Victor\" \/>\n<meta name=\"twitter:card\" content=\"summary_large_image\" \/>\n<meta name=\"twitter:creator\" content=\"@indieofilo\" \/>\n<meta name=\"twitter:site\" content=\"@indieofilo\" \/>\n<meta name=\"twitter:label1\" content=\"Written by\" \/>\n\t<meta name=\"twitter:data1\" content=\"Victor\" \/>\n\t<meta name=\"twitter:label2\" content=\"Est. reading time\" \/>\n\t<meta name=\"twitter:data2\" content=\"2 minutes\" \/>\n<script type=\"application\/ld+json\" class=\"yoast-schema-graph\">{\"@context\":\"https:\/\/schema.org\",\"@graph\":[{\"@type\":\"Article\",\"@id\":\"https:\/\/www.indieofilo.com\/en\/news\/melkweg-announce-a-5-days-program-for-ade-2015#article\",\"isPartOf\":{\"@id\":\"https:\/\/www.indieofilo.com\/en\/news\/melkweg-announce-a-5-days-program-for-ade-2015\"},\"author\":{\"name\":\"Victor\",\"@id\":\"https:\/\/www.indieofilo.com\/#\/schema\/person\/595334d38590e4ce5a09f83cbf2fca90\"},\"headline\":\"Melkweg announce a 5 days program for ADE 2015\",\"datePublished\":\"2015-07-10T17:33:37+00:00\",\"dateModified\":\"2023-09-20T12:12:14+00:00\",\"mainEntityOfPage\":{\"@id\":\"https:\/\/www.indieofilo.com\/en\/news\/melkweg-announce-a-5-days-program-for-ade-2015\"},\"wordCount\":248,\"publisher\":{\"@id\":\"https:\/\/www.indieofilo.com\/#organization\"},\"keywords\":[\"ADE\",\"ADE 2015\",\"Melkweg\"],\"articleSection\":[\"Live Shows\",\"News\"],\"inLanguage\":\"en-US\"},{\"@type\":\"WebPage\",\"@id\":\"https:\/\/www.indieofilo.com\/en\/news\/melkweg-announce-a-5-days-program-for-ade-2015\",\"url\":\"https:\/\/www.indieofilo.com\/en\/news\/melkweg-announce-a-5-days-program-for-ade-2015\",\"name\":\"Melkweg announce a 5 days program for ADE 2015 - Indie\u00f3filo\",\"isPartOf\":{\"@id\":\"https:\/\/www.indieofilo.com\/#website\"},\"datePublished\":\"2015-07-10T17:33:37+00:00\",\"dateModified\":\"2023-09-20T12:12:14+00:00\",\"description\":\"Nicky Romero,\u00a0John Digweed and Guy J,\u00a0The Gaslamp Killler at\u00a0Noisia party and the show\u00a0'Dave Clarke Presents' are the main Melkweg gigs for ADE 2015.\",\"breadcrumb\":{\"@id\":\"https:\/\/www.indieofilo.com\/en\/news\/melkweg-announce-a-5-days-program-for-ade-2015#breadcrumb\"},\"inLanguage\":\"en-US\",\"potentialAction\":[{\"@type\":\"ReadAction\",\"target\":[\"https:\/\/www.indieofilo.com\/en\/news\/melkweg-announce-a-5-days-program-for-ade-2015\"]}]},{\"@type\":\"BreadcrumbList\",\"@id\":\"https:\/\/www.indieofilo.com\/en\/news\/melkweg-announce-a-5-days-program-for-ade-2015#breadcrumb\",\"itemListElement\":[{\"@type\":\"ListItem\",\"position\":1,\"name\":\"Portada\",\"item\":\"https:\/\/www.indieofilo.com\/en\"},{\"@type\":\"ListItem\",\"position\":2,\"name\":\"Melkweg announce a 5 days program for ADE 2015\"}]},{\"@type\":\"WebSite\",\"@id\":\"https:\/\/www.indieofilo.com\/#website\",\"url\":\"https:\/\/www.indieofilo.com\/\",\"name\":\"Indie\u00f3filo\",\"description\":\"Magazine online de la cultura independiente\",\"publisher\":{\"@id\":\"https:\/\/www.indieofilo.com\/#organization\"},\"potentialAction\":[{\"@type\":\"SearchAction\",\"target\":{\"@type\":\"EntryPoint\",\"urlTemplate\":\"https:\/\/www.indieofilo.com\/?s={search_term_string}\"},\"query-input\":{\"@type\":\"PropertyValueSpecification\",\"valueRequired\":true,\"valueName\":\"search_term_string\"}}],\"inLanguage\":\"en-US\"},{\"@type\":\"Organization\",\"@id\":\"https:\/\/www.indieofilo.com\/#organization\",\"name\":\"Indie\u00f3filo Web\",\"url\":\"https:\/\/www.indieofilo.com\/\",\"logo\":{\"@type\":\"ImageObject\",\"inLanguage\":\"en-US\",\"@id\":\"https:\/\/www.indieofilo.com\/#\/schema\/logo\/image\/\",\"url\":\"https:\/\/www.indieofilo.com\/wp-content\/uploads\/2015\/02\/logo-alta-resolucion.png\",\"contentUrl\":\"https:\/\/www.indieofilo.com\/wp-content\/uploads\/2015\/02\/logo-alta-resolucion.png\",\"width\":544,\"height\":185,\"caption\":\"Indie\u00f3filo Web\"},\"image\":{\"@id\":\"https:\/\/www.indieofilo.com\/#\/schema\/logo\/image\/\"},\"sameAs\":[\"https:\/\/www.facebook.com\/Indieofilo\/\",\"https:\/\/x.com\/indieofilo\",\"https:\/\/www.instagram.com\/indieofilo\/\"]},{\"@type\":\"Person\",\"@id\":\"https:\/\/www.indieofilo.com\/#\/schema\/person\/595334d38590e4ce5a09f83cbf2fca90\",\"name\":\"Victor\",\"image\":{\"@type\":\"ImageObject\",\"inLanguage\":\"en-US\",\"@id\":\"https:\/\/www.indieofilo.com\/#\/schema\/person\/image\/\",\"url\":\"https:\/\/secure.gravatar.com\/avatar\/682b8c6ea3e94b6cffec683b25f1797d?s=96&d=mm&r=g\",\"contentUrl\":\"https:\/\/secure.gravatar.com\/avatar\/682b8c6ea3e94b6cffec683b25f1797d?s=96&d=mm&r=g\",\"caption\":\"Victor\"},\"description\":\"Fan\u00e1tico de la m\u00fasica desde que mis padres me pon\u00edan a Eydie Gorme y Los Panchos o el Discotuna por la A2. Intent\u00e9 tocar varios instrumentos, pero soy muy torpe con la mano izquierda, as\u00ed que ya sab\u00e9is el resultado final. Fan del britpop, Post-punk, el rugby y el baloncesto...\",\"sameAs\":[\"http:\/\/indieofilo.com\"],\"url\":\"https:\/\/www.indieofilo.com\/en\/author\/victor\"}]}<\/script>\n<!-- \/ Yoast SEO Premium plugin. -->","yoast_head_json":{"title":"Melkweg announce a 5 days program for ADE 2015 - Indie\u00f3filo","description":"Nicky Romero,\u00a0John Digweed and Guy J,\u00a0The Gaslamp Killler at\u00a0Noisia party and the show\u00a0'Dave Clarke Presents' are the main Melkweg gigs for ADE 2015.","robots":{"index":"index","follow":"follow","max-snippet":"max-snippet:-1","max-image-preview":"max-image-preview:large","max-video-preview":"max-video-preview:-1"},"canonical":"https:\/\/www.indieofilo.com\/en\/news\/melkweg-announce-a-5-days-program-for-ade-2015","og_locale":"en_US","og_type":"article","og_title":"Melkweg announce a 5 days program for ADE 2015","og_description":"Nicky Romero,\u00a0John Digweed and Guy J,\u00a0The Gaslamp Killler at\u00a0Noisia party and the show\u00a0'Dave Clarke Presents' are the main Melkweg gigs for ADE 2015.","og_url":"https:\/\/www.indieofilo.com\/en\/news\/melkweg-announce-a-5-days-program-for-ade-2015","og_site_name":"Indie\u00f3filo","article_publisher":"https:\/\/www.facebook.com\/Indieofilo\/","article_published_time":"2015-07-10T17:33:37+00:00","article_modified_time":"2023-09-20T12:12:14+00:00","author":"Victor","twitter_card":"summary_large_image","twitter_creator":"@indieofilo","twitter_site":"@indieofilo","twitter_misc":{"Written by":"Victor","Est. reading time":"2 minutes"},"schema":{"@context":"https:\/\/schema.org","@graph":[{"@type":"Article","@id":"https:\/\/www.indieofilo.com\/en\/news\/melkweg-announce-a-5-days-program-for-ade-2015#article","isPartOf":{"@id":"https:\/\/www.indieofilo.com\/en\/news\/melkweg-announce-a-5-days-program-for-ade-2015"},"author":{"name":"Victor","@id":"https:\/\/www.indieofilo.com\/#\/schema\/person\/595334d38590e4ce5a09f83cbf2fca90"},"headline":"Melkweg announce a 5 days program for ADE 2015","datePublished":"2015-07-10T17:33:37+00:00","dateModified":"2023-09-20T12:12:14+00:00","mainEntityOfPage":{"@id":"https:\/\/www.indieofilo.com\/en\/news\/melkweg-announce-a-5-days-program-for-ade-2015"},"wordCount":248,"publisher":{"@id":"https:\/\/www.indieofilo.com\/#organization"},"keywords":["ADE","ADE 2015","Melkweg"],"articleSection":["Live Shows","News"],"inLanguage":"en-US"},{"@type":"WebPage","@id":"https:\/\/www.indieofilo.com\/en\/news\/melkweg-announce-a-5-days-program-for-ade-2015","url":"https:\/\/www.indieofilo.com\/en\/news\/melkweg-announce-a-5-days-program-for-ade-2015","name":"Melkweg announce a 5 days program for ADE 2015 - Indie\u00f3filo","isPartOf":{"@id":"https:\/\/www.indieofilo.com\/#website"},"datePublished":"2015-07-10T17:33:37+00:00","dateModified":"2023-09-20T12:12:14+00:00","description":"Nicky Romero,\u00a0John Digweed and Guy J,\u00a0The Gaslamp Killler at\u00a0Noisia party and the show\u00a0'Dave Clarke Presents' are the main Melkweg gigs for ADE 2015.","breadcrumb":{"@id":"https:\/\/www.indieofilo.com\/en\/news\/melkweg-announce-a-5-days-program-for-ade-2015#breadcrumb"},"inLanguage":"en-US","potentialAction":[{"@type":"ReadAction","target":["https:\/\/www.indieofilo.com\/en\/news\/melkweg-announce-a-5-days-program-for-ade-2015"]}]},{"@type":"BreadcrumbList","@id":"https:\/\/www.indieofilo.com\/en\/news\/melkweg-announce-a-5-days-program-for-ade-2015#breadcrumb","itemListElement":[{"@type":"ListItem","position":1,"name":"Portada","item":"https:\/\/www.indieofilo.com\/en"},{"@type":"ListItem","position":2,"name":"Melkweg announce a 5 days program for ADE 2015"}]},{"@type":"WebSite","@id":"https:\/\/www.indieofilo.com\/#website","url":"https:\/\/www.indieofilo.com\/","name":"Indie\u00f3filo","description":"Magazine online de la cultura independiente","publisher":{"@id":"https:\/\/www.indieofilo.com\/#organization"},"potentialAction":[{"@type":"SearchAction","target":{"@type":"EntryPoint","urlTemplate":"https:\/\/www.indieofilo.com\/?s={search_term_string}"},"query-input":{"@type":"PropertyValueSpecification","valueRequired":true,"valueName":"search_term_string"}}],"inLanguage":"en-US"},{"@type":"Organization","@id":"https:\/\/www.indieofilo.com\/#organization","name":"Indie\u00f3filo Web","url":"https:\/\/www.indieofilo.com\/","logo":{"@type":"ImageObject","inLanguage":"en-US","@id":"https:\/\/www.indieofilo.com\/#\/schema\/logo\/image\/","url":"https:\/\/www.indieofilo.com\/wp-content\/uploads\/2015\/02\/logo-alta-resolucion.png","contentUrl":"https:\/\/www.indieofilo.com\/wp-content\/uploads\/2015\/02\/logo-alta-resolucion.png","width":544,"height":185,"caption":"Indie\u00f3filo Web"},"image":{"@id":"https:\/\/www.indieofilo.com\/#\/schema\/logo\/image\/"},"sameAs":["https:\/\/www.facebook.com\/Indieofilo\/","https:\/\/x.com\/indieofilo","https:\/\/www.instagram.com\/indieofilo\/"]},{"@type":"Person","@id":"https:\/\/www.indieofilo.com\/#\/schema\/person\/595334d38590e4ce5a09f83cbf2fca90","name":"Victor","image":{"@type":"ImageObject","inLanguage":"en-US","@id":"https:\/\/www.indieofilo.com\/#\/schema\/person\/image\/","url":"https:\/\/secure.gravatar.com\/avatar\/682b8c6ea3e94b6cffec683b25f1797d?s=96&d=mm&r=g","contentUrl":"https:\/\/secure.gravatar.com\/avatar\/682b8c6ea3e94b6cffec683b25f1797d?s=96&d=mm&r=g","caption":"Victor"},"description":"Fan\u00e1tico de la m\u00fasica desde que mis padres me pon\u00edan a Eydie Gorme y Los Panchos o el Discotuna por la A2. Intent\u00e9 tocar varios instrumentos, pero soy muy torpe con la mano izquierda, as\u00ed que ya sab\u00e9is el resultado final. Fan del britpop, Post-punk, el rugby y el baloncesto...","sameAs":["http:\/\/indieofilo.com"],"url":"https:\/\/www.indieofilo.com\/en\/author\/victor"}]}},"_links":{"self":[{"href":"https:\/\/www.indieofilo.com\/en\/wp-json\/wp\/v2\/posts\/2406","targetHints":{"allow":["GET"]}}],"collection":[{"href":"https:\/\/www.indieofilo.com\/en\/wp-json\/wp\/v2\/posts"}],"about":[{"href":"https:\/\/www.indieofilo.com\/en\/wp-json\/wp\/v2\/types\/post"}],"author":[{"embeddable":true,"href":"https:\/\/www.indieofilo.com\/en\/wp-json\/wp\/v2\/users\/1"}],"replies":[{"embeddable":true,"href":"https:\/\/www.indieofilo.com\/en\/wp-json\/wp\/v2\/comments?post=2406"}],"version-history":[{"count":0,"href":"https:\/\/www.indieofilo.com\/en\/wp-json\/wp\/v2\/posts\/2406\/revisions"}],"wp:attachment":[{"href":"https:\/\/www.indieofilo.com\/en\/wp-json\/wp\/v2\/media?parent=2406"}],"wp:term":[{"taxonomy":"category","embeddable":true,"href":"https:\/\/www.indieofilo.com\/en\/wp-json\/wp\/v2\/categories?post=2406"},{"taxonomy":"post_tag","embeddable":true,"href":"https:\/\/www.indieofilo.com\/en\/wp-json\/wp\/v2\/tags?post=2406"}],"curies":[{"name":"wp","href":"https:\/\/api.w.org\/{rel}","templated":true}]}}