{"id":2404,"date":"2015-08-20T22:33:46","date_gmt":"2015-08-20T20:33:46","guid":{"rendered":"http:\/\/indieofilo.com\/?p=2404"},"modified":"2023-09-20T11:33:01","modified_gmt":"2023-09-20T09:33:01","slug":"dekmantel-announce-two-nights-at-ade-2015","status":"publish","type":"post","link":"https:\/\/www.indieofilo.com\/en\/short-news\/dekmantel-announce-two-nights-at-ade-2015","title":{"rendered":"Dekmantel announce two nights at ADE 2015"},"content":{"rendered":"<p style=\"text-align: center;\">\n\t<img decoding=\"async\" alt=\"\" src=\"http:\/\/www.residentadvisor.net\/images\/events\/flyer\/2015\/10\/nl-1016-744955-front.jpg\" style=\"width: 400px; height: 400px;\" \/><\/p>\n<p style=\"text-align: justify;\">\n\tThe Amsterdam based agency and record label <strong>Dekmantel<\/strong>, known for its quality club nights and outdoors Festival Lente Kabinet and Dekmantel Festival, will be present at <strong>ADE 2015<\/strong> on Thursday and Friday. This year, Dekmantel has prepare two incredible line-ups that includes <strong>Four Tet, Ben Klock, Marcel Dettmann, Joy Orbison<\/strong> &amp; many more at Westergastheater &amp; North Sea Jazz Club locations.<\/p>\n<p style=\"text-align: center;\">\n\t<strong><u>Thursday October 15, 10 pm &#8211; 8 am. &#8211; Dekmantel x Hessle Audio<\/u><\/strong><br \/>\nWestergastheater: Ben UFO VS Pearson Sound VS Pangaea \/ Four Tet \/ Joy Orbison VS Barnt<br \/>\nNorth Sea Jazz Club: Casper Tielrooij \/ Palms Trax \/ Motor City Drum Ensemble \/ Juju &amp; Jordash (live) \/ Young Marco<\/p>\n<p style=\"text-align: center;\">\n<p><strong><u>Friday October 16, 10 pm &#8211; 8 am. &#8211; Dekmantel<\/u><\/strong><br \/>\nWestergastheater: Matrixxman \/ Function \/ Marcel Dettmann \/ Ben Klock<br \/>\nNorth Sea Jazz Club: Thomas Martojo \/ Voiski (live) \/ Joey Anderson \/ Ryan Elliott VS Makam \/ Randomer<\/p>\n<p style=\"text-align: justify;\">\n\tIf you want to check the full list of artist or you are interested on tickets, take a look at <a href=\"http:\/\/www.a-d-e.nl\/\" target=\"_blank\" rel=\"noopener\">the official Website of the Festival<\/a>.<\/p>\n","protected":false},"excerpt":{"rendered":"<p>The Amsterdam based agency and record label Dekmantel, known for its quality club nights and outdoors Festival Lente Kabinet and Dekmantel Festival, will be present at ADE 2015 on Thursday and Friday. This year, Dekmantel has prepare two incredible line-ups that includes Four Tet, Ben Klock, Marcel Dettmann, Joy Orbison &amp; many more at Westergastheater [&hellip;]<\/p>\n","protected":false},"author":1,"featured_media":0,"comment_status":"closed","ping_status":"closed","sticky":false,"template":"","format":"standard","meta":{"footnotes":""},"categories":[18],"tags":[6259,6260,6279,6280,5200,6281,6282],"class_list":["post-2404","post","type-post","status-publish","format-standard","hentry","category-short-news","tag-ade-en","tag-ade-2015-en","tag-ben-klock-en","tag-dekmantel-en","tag-four-tet-en","tag-joy-orbison-en","tag-marcel-dettmann-en"],"yoast_head":"<!-- This site is optimized with the Yoast SEO Premium plugin v23.9 (Yoast SEO v26.6) - https:\/\/yoast.com\/wordpress\/plugins\/seo\/ -->\n<title>Dekmantel announce two nights at ADE 2015 - Indie\u00f3filo<\/title>\n<meta name=\"description\" content=\"Four Tet, Ben Klock, Marcel Dettmann or Joy Orbison, among the names confirmed by the Amsterdam based agency and record label for Amsterdam Dance Event 2015\" \/>\n<meta name=\"robots\" content=\"index, follow, max-snippet:-1, max-image-preview:large, max-video-preview:-1\" \/>\n<link rel=\"canonical\" href=\"https:\/\/www.indieofilo.com\/en\/short-news\/dekmantel-announce-two-nights-at-ade-2015\" \/>\n<meta property=\"og:locale\" content=\"en_US\" \/>\n<meta property=\"og:type\" content=\"article\" \/>\n<meta property=\"og:title\" content=\"Dekmantel announce two nights at ADE 2015\" \/>\n<meta property=\"og:description\" content=\"Four Tet, Ben Klock, Marcel Dettmann or Joy Orbison, among the names confirmed by the Amsterdam based agency and record label for Amsterdam Dance Event 2015\" \/>\n<meta property=\"og:url\" content=\"https:\/\/www.indieofilo.com\/en\/short-news\/dekmantel-announce-two-nights-at-ade-2015\" \/>\n<meta property=\"og:site_name\" content=\"Indie\u00f3filo\" \/>\n<meta property=\"article:publisher\" content=\"https:\/\/www.facebook.com\/Indieofilo\/\" \/>\n<meta property=\"article:published_time\" content=\"2015-08-20T20:33:46+00:00\" \/>\n<meta property=\"article:modified_time\" content=\"2023-09-20T09:33:01+00:00\" \/>\n<meta property=\"og:image\" content=\"http:\/\/www.residentadvisor.net\/images\/events\/flyer\/2015\/10\/nl-1016-744955-front.jpg\" \/>\n<meta name=\"author\" content=\"Victor\" \/>\n<meta name=\"twitter:card\" content=\"summary_large_image\" \/>\n<meta name=\"twitter:creator\" content=\"@indieofilo\" \/>\n<meta name=\"twitter:site\" content=\"@indieofilo\" \/>\n<meta name=\"twitter:label1\" content=\"Written by\" \/>\n\t<meta name=\"twitter:data1\" content=\"Victor\" \/>\n\t<meta name=\"twitter:label2\" content=\"Est. reading time\" \/>\n\t<meta name=\"twitter:data2\" content=\"1 minute\" \/>\n<script type=\"application\/ld+json\" class=\"yoast-schema-graph\">{\"@context\":\"https:\/\/schema.org\",\"@graph\":[{\"@type\":\"Article\",\"@id\":\"https:\/\/www.indieofilo.com\/en\/short-news\/dekmantel-announce-two-nights-at-ade-2015#article\",\"isPartOf\":{\"@id\":\"https:\/\/www.indieofilo.com\/en\/short-news\/dekmantel-announce-two-nights-at-ade-2015\"},\"author\":{\"name\":\"Victor\",\"@id\":\"https:\/\/www.indieofilo.com\/#\/schema\/person\/595334d38590e4ce5a09f83cbf2fca90\"},\"headline\":\"Dekmantel announce two nights at ADE 2015\",\"datePublished\":\"2015-08-20T20:33:46+00:00\",\"dateModified\":\"2023-09-20T09:33:01+00:00\",\"mainEntityOfPage\":{\"@id\":\"https:\/\/www.indieofilo.com\/en\/short-news\/dekmantel-announce-two-nights-at-ade-2015\"},\"wordCount\":163,\"publisher\":{\"@id\":\"https:\/\/www.indieofilo.com\/#organization\"},\"image\":{\"@id\":\"https:\/\/www.indieofilo.com\/en\/short-news\/dekmantel-announce-two-nights-at-ade-2015#primaryimage\"},\"thumbnailUrl\":\"http:\/\/www.residentadvisor.net\/images\/events\/flyer\/2015\/10\/nl-1016-744955-front.jpg\",\"keywords\":[\"ADE\",\"ADE 2015\",\"Ben Klock\",\"Dekmantel\",\"Four Tet\",\"Joy Orbison\",\"Marcel Dettmann\"],\"articleSection\":[\"Short news\"],\"inLanguage\":\"en-US\"},{\"@type\":\"WebPage\",\"@id\":\"https:\/\/www.indieofilo.com\/en\/short-news\/dekmantel-announce-two-nights-at-ade-2015\",\"url\":\"https:\/\/www.indieofilo.com\/en\/short-news\/dekmantel-announce-two-nights-at-ade-2015\",\"name\":\"Dekmantel announce two nights at ADE 2015 - Indie\u00f3filo\",\"isPartOf\":{\"@id\":\"https:\/\/www.indieofilo.com\/#website\"},\"primaryImageOfPage\":{\"@id\":\"https:\/\/www.indieofilo.com\/en\/short-news\/dekmantel-announce-two-nights-at-ade-2015#primaryimage\"},\"image\":{\"@id\":\"https:\/\/www.indieofilo.com\/en\/short-news\/dekmantel-announce-two-nights-at-ade-2015#primaryimage\"},\"thumbnailUrl\":\"http:\/\/www.residentadvisor.net\/images\/events\/flyer\/2015\/10\/nl-1016-744955-front.jpg\",\"datePublished\":\"2015-08-20T20:33:46+00:00\",\"dateModified\":\"2023-09-20T09:33:01+00:00\",\"description\":\"Four Tet, Ben Klock, Marcel Dettmann or Joy Orbison, among the names confirmed by the Amsterdam based agency and record label for Amsterdam Dance Event 2015\",\"breadcrumb\":{\"@id\":\"https:\/\/www.indieofilo.com\/en\/short-news\/dekmantel-announce-two-nights-at-ade-2015#breadcrumb\"},\"inLanguage\":\"en-US\",\"potentialAction\":[{\"@type\":\"ReadAction\",\"target\":[\"https:\/\/www.indieofilo.com\/en\/short-news\/dekmantel-announce-two-nights-at-ade-2015\"]}]},{\"@type\":\"ImageObject\",\"inLanguage\":\"en-US\",\"@id\":\"https:\/\/www.indieofilo.com\/en\/short-news\/dekmantel-announce-two-nights-at-ade-2015#primaryimage\",\"url\":\"http:\/\/www.residentadvisor.net\/images\/events\/flyer\/2015\/10\/nl-1016-744955-front.jpg\",\"contentUrl\":\"http:\/\/www.residentadvisor.net\/images\/events\/flyer\/2015\/10\/nl-1016-744955-front.jpg\"},{\"@type\":\"BreadcrumbList\",\"@id\":\"https:\/\/www.indieofilo.com\/en\/short-news\/dekmantel-announce-two-nights-at-ade-2015#breadcrumb\",\"itemListElement\":[{\"@type\":\"ListItem\",\"position\":1,\"name\":\"Portada\",\"item\":\"https:\/\/www.indieofilo.com\/en\"},{\"@type\":\"ListItem\",\"position\":2,\"name\":\"Dekmantel announce two nights at ADE 2015\"}]},{\"@type\":\"WebSite\",\"@id\":\"https:\/\/www.indieofilo.com\/#website\",\"url\":\"https:\/\/www.indieofilo.com\/\",\"name\":\"Indie\u00f3filo\",\"description\":\"Magazine online de la cultura independiente\",\"publisher\":{\"@id\":\"https:\/\/www.indieofilo.com\/#organization\"},\"potentialAction\":[{\"@type\":\"SearchAction\",\"target\":{\"@type\":\"EntryPoint\",\"urlTemplate\":\"https:\/\/www.indieofilo.com\/?s={search_term_string}\"},\"query-input\":{\"@type\":\"PropertyValueSpecification\",\"valueRequired\":true,\"valueName\":\"search_term_string\"}}],\"inLanguage\":\"en-US\"},{\"@type\":\"Organization\",\"@id\":\"https:\/\/www.indieofilo.com\/#organization\",\"name\":\"Indie\u00f3filo Web\",\"url\":\"https:\/\/www.indieofilo.com\/\",\"logo\":{\"@type\":\"ImageObject\",\"inLanguage\":\"en-US\",\"@id\":\"https:\/\/www.indieofilo.com\/#\/schema\/logo\/image\/\",\"url\":\"https:\/\/www.indieofilo.com\/wp-content\/uploads\/2015\/02\/logo-alta-resolucion.png\",\"contentUrl\":\"https:\/\/www.indieofilo.com\/wp-content\/uploads\/2015\/02\/logo-alta-resolucion.png\",\"width\":544,\"height\":185,\"caption\":\"Indie\u00f3filo Web\"},\"image\":{\"@id\":\"https:\/\/www.indieofilo.com\/#\/schema\/logo\/image\/\"},\"sameAs\":[\"https:\/\/www.facebook.com\/Indieofilo\/\",\"https:\/\/x.com\/indieofilo\",\"https:\/\/www.instagram.com\/indieofilo\/\"]},{\"@type\":\"Person\",\"@id\":\"https:\/\/www.indieofilo.com\/#\/schema\/person\/595334d38590e4ce5a09f83cbf2fca90\",\"name\":\"Victor\",\"image\":{\"@type\":\"ImageObject\",\"inLanguage\":\"en-US\",\"@id\":\"https:\/\/www.indieofilo.com\/#\/schema\/person\/image\/\",\"url\":\"https:\/\/secure.gravatar.com\/avatar\/682b8c6ea3e94b6cffec683b25f1797d?s=96&d=mm&r=g\",\"contentUrl\":\"https:\/\/secure.gravatar.com\/avatar\/682b8c6ea3e94b6cffec683b25f1797d?s=96&d=mm&r=g\",\"caption\":\"Victor\"},\"description\":\"Fan\u00e1tico de la m\u00fasica desde que mis padres me pon\u00edan a Eydie Gorme y Los Panchos o el Discotuna por la A2. Intent\u00e9 tocar varios instrumentos, pero soy muy torpe con la mano izquierda, as\u00ed que ya sab\u00e9is el resultado final. Fan del britpop, Post-punk, el rugby y el baloncesto...\",\"sameAs\":[\"http:\/\/indieofilo.com\"],\"url\":\"https:\/\/www.indieofilo.com\/en\/author\/victor\"}]}<\/script>\n<!-- \/ Yoast SEO Premium plugin. -->","yoast_head_json":{"title":"Dekmantel announce two nights at ADE 2015 - Indie\u00f3filo","description":"Four Tet, Ben Klock, Marcel Dettmann or Joy Orbison, among the names confirmed by the Amsterdam based agency and record label for Amsterdam Dance Event 2015","robots":{"index":"index","follow":"follow","max-snippet":"max-snippet:-1","max-image-preview":"max-image-preview:large","max-video-preview":"max-video-preview:-1"},"canonical":"https:\/\/www.indieofilo.com\/en\/short-news\/dekmantel-announce-two-nights-at-ade-2015","og_locale":"en_US","og_type":"article","og_title":"Dekmantel announce two nights at ADE 2015","og_description":"Four Tet, Ben Klock, Marcel Dettmann or Joy Orbison, among the names confirmed by the Amsterdam based agency and record label for Amsterdam Dance Event 2015","og_url":"https:\/\/www.indieofilo.com\/en\/short-news\/dekmantel-announce-two-nights-at-ade-2015","og_site_name":"Indie\u00f3filo","article_publisher":"https:\/\/www.facebook.com\/Indieofilo\/","article_published_time":"2015-08-20T20:33:46+00:00","article_modified_time":"2023-09-20T09:33:01+00:00","og_image":[{"url":"http:\/\/www.residentadvisor.net\/images\/events\/flyer\/2015\/10\/nl-1016-744955-front.jpg","type":"","width":"","height":""}],"author":"Victor","twitter_card":"summary_large_image","twitter_creator":"@indieofilo","twitter_site":"@indieofilo","twitter_misc":{"Written by":"Victor","Est. reading time":"1 minute"},"schema":{"@context":"https:\/\/schema.org","@graph":[{"@type":"Article","@id":"https:\/\/www.indieofilo.com\/en\/short-news\/dekmantel-announce-two-nights-at-ade-2015#article","isPartOf":{"@id":"https:\/\/www.indieofilo.com\/en\/short-news\/dekmantel-announce-two-nights-at-ade-2015"},"author":{"name":"Victor","@id":"https:\/\/www.indieofilo.com\/#\/schema\/person\/595334d38590e4ce5a09f83cbf2fca90"},"headline":"Dekmantel announce two nights at ADE 2015","datePublished":"2015-08-20T20:33:46+00:00","dateModified":"2023-09-20T09:33:01+00:00","mainEntityOfPage":{"@id":"https:\/\/www.indieofilo.com\/en\/short-news\/dekmantel-announce-two-nights-at-ade-2015"},"wordCount":163,"publisher":{"@id":"https:\/\/www.indieofilo.com\/#organization"},"image":{"@id":"https:\/\/www.indieofilo.com\/en\/short-news\/dekmantel-announce-two-nights-at-ade-2015#primaryimage"},"thumbnailUrl":"http:\/\/www.residentadvisor.net\/images\/events\/flyer\/2015\/10\/nl-1016-744955-front.jpg","keywords":["ADE","ADE 2015","Ben Klock","Dekmantel","Four Tet","Joy Orbison","Marcel Dettmann"],"articleSection":["Short news"],"inLanguage":"en-US"},{"@type":"WebPage","@id":"https:\/\/www.indieofilo.com\/en\/short-news\/dekmantel-announce-two-nights-at-ade-2015","url":"https:\/\/www.indieofilo.com\/en\/short-news\/dekmantel-announce-two-nights-at-ade-2015","name":"Dekmantel announce two nights at ADE 2015 - Indie\u00f3filo","isPartOf":{"@id":"https:\/\/www.indieofilo.com\/#website"},"primaryImageOfPage":{"@id":"https:\/\/www.indieofilo.com\/en\/short-news\/dekmantel-announce-two-nights-at-ade-2015#primaryimage"},"image":{"@id":"https:\/\/www.indieofilo.com\/en\/short-news\/dekmantel-announce-two-nights-at-ade-2015#primaryimage"},"thumbnailUrl":"http:\/\/www.residentadvisor.net\/images\/events\/flyer\/2015\/10\/nl-1016-744955-front.jpg","datePublished":"2015-08-20T20:33:46+00:00","dateModified":"2023-09-20T09:33:01+00:00","description":"Four Tet, Ben Klock, Marcel Dettmann or Joy Orbison, among the names confirmed by the Amsterdam based agency and record label for Amsterdam Dance Event 2015","breadcrumb":{"@id":"https:\/\/www.indieofilo.com\/en\/short-news\/dekmantel-announce-two-nights-at-ade-2015#breadcrumb"},"inLanguage":"en-US","potentialAction":[{"@type":"ReadAction","target":["https:\/\/www.indieofilo.com\/en\/short-news\/dekmantel-announce-two-nights-at-ade-2015"]}]},{"@type":"ImageObject","inLanguage":"en-US","@id":"https:\/\/www.indieofilo.com\/en\/short-news\/dekmantel-announce-two-nights-at-ade-2015#primaryimage","url":"http:\/\/www.residentadvisor.net\/images\/events\/flyer\/2015\/10\/nl-1016-744955-front.jpg","contentUrl":"http:\/\/www.residentadvisor.net\/images\/events\/flyer\/2015\/10\/nl-1016-744955-front.jpg"},{"@type":"BreadcrumbList","@id":"https:\/\/www.indieofilo.com\/en\/short-news\/dekmantel-announce-two-nights-at-ade-2015#breadcrumb","itemListElement":[{"@type":"ListItem","position":1,"name":"Portada","item":"https:\/\/www.indieofilo.com\/en"},{"@type":"ListItem","position":2,"name":"Dekmantel announce two nights at ADE 2015"}]},{"@type":"WebSite","@id":"https:\/\/www.indieofilo.com\/#website","url":"https:\/\/www.indieofilo.com\/","name":"Indie\u00f3filo","description":"Magazine online de la cultura independiente","publisher":{"@id":"https:\/\/www.indieofilo.com\/#organization"},"potentialAction":[{"@type":"SearchAction","target":{"@type":"EntryPoint","urlTemplate":"https:\/\/www.indieofilo.com\/?s={search_term_string}"},"query-input":{"@type":"PropertyValueSpecification","valueRequired":true,"valueName":"search_term_string"}}],"inLanguage":"en-US"},{"@type":"Organization","@id":"https:\/\/www.indieofilo.com\/#organization","name":"Indie\u00f3filo Web","url":"https:\/\/www.indieofilo.com\/","logo":{"@type":"ImageObject","inLanguage":"en-US","@id":"https:\/\/www.indieofilo.com\/#\/schema\/logo\/image\/","url":"https:\/\/www.indieofilo.com\/wp-content\/uploads\/2015\/02\/logo-alta-resolucion.png","contentUrl":"https:\/\/www.indieofilo.com\/wp-content\/uploads\/2015\/02\/logo-alta-resolucion.png","width":544,"height":185,"caption":"Indie\u00f3filo Web"},"image":{"@id":"https:\/\/www.indieofilo.com\/#\/schema\/logo\/image\/"},"sameAs":["https:\/\/www.facebook.com\/Indieofilo\/","https:\/\/x.com\/indieofilo","https:\/\/www.instagram.com\/indieofilo\/"]},{"@type":"Person","@id":"https:\/\/www.indieofilo.com\/#\/schema\/person\/595334d38590e4ce5a09f83cbf2fca90","name":"Victor","image":{"@type":"ImageObject","inLanguage":"en-US","@id":"https:\/\/www.indieofilo.com\/#\/schema\/person\/image\/","url":"https:\/\/secure.gravatar.com\/avatar\/682b8c6ea3e94b6cffec683b25f1797d?s=96&d=mm&r=g","contentUrl":"https:\/\/secure.gravatar.com\/avatar\/682b8c6ea3e94b6cffec683b25f1797d?s=96&d=mm&r=g","caption":"Victor"},"description":"Fan\u00e1tico de la m\u00fasica desde que mis padres me pon\u00edan a Eydie Gorme y Los Panchos o el Discotuna por la A2. Intent\u00e9 tocar varios instrumentos, pero soy muy torpe con la mano izquierda, as\u00ed que ya sab\u00e9is el resultado final. Fan del britpop, Post-punk, el rugby y el baloncesto...","sameAs":["http:\/\/indieofilo.com"],"url":"https:\/\/www.indieofilo.com\/en\/author\/victor"}]}},"_links":{"self":[{"href":"https:\/\/www.indieofilo.com\/en\/wp-json\/wp\/v2\/posts\/2404","targetHints":{"allow":["GET"]}}],"collection":[{"href":"https:\/\/www.indieofilo.com\/en\/wp-json\/wp\/v2\/posts"}],"about":[{"href":"https:\/\/www.indieofilo.com\/en\/wp-json\/wp\/v2\/types\/post"}],"author":[{"embeddable":true,"href":"https:\/\/www.indieofilo.com\/en\/wp-json\/wp\/v2\/users\/1"}],"replies":[{"embeddable":true,"href":"https:\/\/www.indieofilo.com\/en\/wp-json\/wp\/v2\/comments?post=2404"}],"version-history":[{"count":0,"href":"https:\/\/www.indieofilo.com\/en\/wp-json\/wp\/v2\/posts\/2404\/revisions"}],"wp:attachment":[{"href":"https:\/\/www.indieofilo.com\/en\/wp-json\/wp\/v2\/media?parent=2404"}],"wp:term":[{"taxonomy":"category","embeddable":true,"href":"https:\/\/www.indieofilo.com\/en\/wp-json\/wp\/v2\/categories?post=2404"},{"taxonomy":"post_tag","embeddable":true,"href":"https:\/\/www.indieofilo.com\/en\/wp-json\/wp\/v2\/tags?post=2404"}],"curies":[{"name":"wp","href":"https:\/\/api.w.org\/{rel}","templated":true}]}}