{"id":2397,"date":"2015-09-14T12:26:19","date_gmt":"2015-09-14T10:26:19","guid":{"rendered":"http:\/\/indieofilo.com\/?p=2397"},"modified":"2023-09-20T11:22:11","modified_gmt":"2023-09-20T09:22:11","slug":"amsterdam-dance-event-2015-completes-its-program","status":"publish","type":"post","link":"https:\/\/www.indieofilo.com\/en\/news\/live-shows\/amsterdam-dance-event-2015-completes-its-program","title":{"rendered":"Amsterdam Dance Event 2015 completes its program"},"content":{"rendered":"<p style=\"text-align: center;\">\n<p style=\"text-align: justify;\">Dutch Festival <strong>ADE 2015<\/strong>, that will be held between\u00a0the 14th to 18th of October in\u00a0Amsterdam with more\u00a02,000 artists and an expected audience of 365,000 festival visitors, has just confirmed the last names for its line up, that already includes big names as <strong>Armin van Buuren, Boys Noize, Carl Cox, Four Tet, Hardwell, Howling, John Talabot, Martin Garrix, Mount Kimbie, Richie Hawtin, Squarepusher<\/strong> or <strong>The Gaslamp Killer<\/strong>, among others. On this new batch stand out worldwide names as <strong>Afrojack (NL), dutch rap band De Jeugd van Tegenwoordig, Dubfire (US), Jeff Mills (US) or Machinedrum (US)<\/strong>.<\/p>\n<p style=\"text-align: justify;\">If you want to review the full list of artist or you are interested on tickets, take a look at <a href=\"http:\/\/www.a-d-e.nl\/\" target=\"_blank\" rel=\"noopener\">the\u00a0official Website of the Festival<\/a>.<\/p>\n","protected":false},"excerpt":{"rendered":"<p>Dutch Festival ADE 2015, that will be held between\u00a0the 14th to 18th of October in\u00a0Amsterdam with more\u00a02,000 artists and an expected audience of 365,000 festival visitors, has just confirmed the last names for its line up, that already includes big names as Armin van Buuren, Boys Noize, Carl Cox, Four Tet, Hardwell, Howling, John Talabot, [&hellip;]<\/p>\n","protected":false},"author":1,"featured_media":0,"comment_status":"closed","ping_status":"closed","sticky":false,"template":"","format":"standard","meta":{"footnotes":""},"categories":[41,8],"tags":[6259,6260,5988,6261,6262,6263,5714],"class_list":["post-2397","post","type-post","status-publish","format-standard","hentry","category-live-shows","category-news","tag-ade-en","tag-ade-2015-en","tag-afrojack-en","tag-de-jeugd-van-tegenwoordig-en","tag-dubfire-en","tag-jeff-mills-en","tag-machinedrum-en"],"yoast_head":"<!-- This site is optimized with the Yoast SEO Premium plugin v23.9 (Yoast SEO v26.6) - https:\/\/yoast.com\/wordpress\/plugins\/seo\/ -->\n<title>Amsterdam Dance Event 2015 completes its program - Indie\u00f3filo<\/title>\n<meta name=\"description\" content=\"Afrojack, dutch rap band De Jeugd van Tegenwoordig, Dubfire, Jeff Mills or Machinedrum, among the new names confirmed for ADE 2015.\" \/>\n<meta name=\"robots\" content=\"index, follow, max-snippet:-1, max-image-preview:large, max-video-preview:-1\" \/>\n<link rel=\"canonical\" href=\"https:\/\/www.indieofilo.com\/en\/news\/amsterdam-dance-event-2015-completes-its-program\" \/>\n<meta property=\"og:locale\" content=\"en_US\" \/>\n<meta property=\"og:type\" content=\"article\" \/>\n<meta property=\"og:title\" content=\"Amsterdam Dance Event 2015 completes its program\" \/>\n<meta property=\"og:description\" content=\"Afrojack, dutch rap band De Jeugd van Tegenwoordig, Dubfire, Jeff Mills or Machinedrum, among the new names confirmed for ADE 2015.\" \/>\n<meta property=\"og:url\" content=\"https:\/\/www.indieofilo.com\/en\/news\/amsterdam-dance-event-2015-completes-its-program\" \/>\n<meta property=\"og:site_name\" content=\"Indie\u00f3filo\" \/>\n<meta property=\"article:publisher\" content=\"https:\/\/www.facebook.com\/Indieofilo\/\" \/>\n<meta property=\"article:published_time\" content=\"2015-09-14T10:26:19+00:00\" \/>\n<meta property=\"article:modified_time\" content=\"2023-09-20T09:22:11+00:00\" \/>\n<meta name=\"author\" content=\"Victor\" \/>\n<meta name=\"twitter:card\" content=\"summary_large_image\" \/>\n<meta name=\"twitter:creator\" content=\"@indieofilo\" \/>\n<meta name=\"twitter:site\" content=\"@indieofilo\" \/>\n<meta name=\"twitter:label1\" content=\"Written by\" \/>\n\t<meta name=\"twitter:data1\" content=\"Victor\" \/>\n\t<meta name=\"twitter:label2\" content=\"Est. reading time\" \/>\n\t<meta name=\"twitter:data2\" content=\"1 minute\" \/>\n<script type=\"application\/ld+json\" class=\"yoast-schema-graph\">{\"@context\":\"https:\/\/schema.org\",\"@graph\":[{\"@type\":\"Article\",\"@id\":\"https:\/\/www.indieofilo.com\/en\/news\/amsterdam-dance-event-2015-completes-its-program#article\",\"isPartOf\":{\"@id\":\"https:\/\/www.indieofilo.com\/en\/news\/amsterdam-dance-event-2015-completes-its-program\"},\"author\":{\"name\":\"Victor\",\"@id\":\"https:\/\/www.indieofilo.com\/#\/schema\/person\/595334d38590e4ce5a09f83cbf2fca90\"},\"headline\":\"Amsterdam Dance Event 2015 completes its program\",\"datePublished\":\"2015-09-14T10:26:19+00:00\",\"dateModified\":\"2023-09-20T09:22:11+00:00\",\"mainEntityOfPage\":{\"@id\":\"https:\/\/www.indieofilo.com\/en\/news\/amsterdam-dance-event-2015-completes-its-program\"},\"wordCount\":126,\"publisher\":{\"@id\":\"https:\/\/www.indieofilo.com\/#organization\"},\"keywords\":[\"ADE\",\"ADE 2015\",\"Afrojack\",\"De Jeugd van Tegenwoordig\",\"Dubfire\",\"Jeff Mills\",\"Machinedrum\"],\"articleSection\":[\"Live Shows\",\"News\"],\"inLanguage\":\"en-US\"},{\"@type\":\"WebPage\",\"@id\":\"https:\/\/www.indieofilo.com\/en\/news\/amsterdam-dance-event-2015-completes-its-program\",\"url\":\"https:\/\/www.indieofilo.com\/en\/news\/amsterdam-dance-event-2015-completes-its-program\",\"name\":\"Amsterdam Dance Event 2015 completes its program - Indie\u00f3filo\",\"isPartOf\":{\"@id\":\"https:\/\/www.indieofilo.com\/#website\"},\"datePublished\":\"2015-09-14T10:26:19+00:00\",\"dateModified\":\"2023-09-20T09:22:11+00:00\",\"description\":\"Afrojack, dutch rap band De Jeugd van Tegenwoordig, Dubfire, Jeff Mills or Machinedrum, among the new names confirmed for ADE 2015.\",\"breadcrumb\":{\"@id\":\"https:\/\/www.indieofilo.com\/en\/news\/amsterdam-dance-event-2015-completes-its-program#breadcrumb\"},\"inLanguage\":\"en-US\",\"potentialAction\":[{\"@type\":\"ReadAction\",\"target\":[\"https:\/\/www.indieofilo.com\/en\/news\/amsterdam-dance-event-2015-completes-its-program\"]}]},{\"@type\":\"BreadcrumbList\",\"@id\":\"https:\/\/www.indieofilo.com\/en\/news\/amsterdam-dance-event-2015-completes-its-program#breadcrumb\",\"itemListElement\":[{\"@type\":\"ListItem\",\"position\":1,\"name\":\"Portada\",\"item\":\"https:\/\/www.indieofilo.com\/en\"},{\"@type\":\"ListItem\",\"position\":2,\"name\":\"Amsterdam Dance Event 2015 completes its program\"}]},{\"@type\":\"WebSite\",\"@id\":\"https:\/\/www.indieofilo.com\/#website\",\"url\":\"https:\/\/www.indieofilo.com\/\",\"name\":\"Indie\u00f3filo\",\"description\":\"Magazine online de la cultura independiente\",\"publisher\":{\"@id\":\"https:\/\/www.indieofilo.com\/#organization\"},\"potentialAction\":[{\"@type\":\"SearchAction\",\"target\":{\"@type\":\"EntryPoint\",\"urlTemplate\":\"https:\/\/www.indieofilo.com\/?s={search_term_string}\"},\"query-input\":{\"@type\":\"PropertyValueSpecification\",\"valueRequired\":true,\"valueName\":\"search_term_string\"}}],\"inLanguage\":\"en-US\"},{\"@type\":\"Organization\",\"@id\":\"https:\/\/www.indieofilo.com\/#organization\",\"name\":\"Indie\u00f3filo Web\",\"url\":\"https:\/\/www.indieofilo.com\/\",\"logo\":{\"@type\":\"ImageObject\",\"inLanguage\":\"en-US\",\"@id\":\"https:\/\/www.indieofilo.com\/#\/schema\/logo\/image\/\",\"url\":\"https:\/\/www.indieofilo.com\/wp-content\/uploads\/2015\/02\/logo-alta-resolucion.png\",\"contentUrl\":\"https:\/\/www.indieofilo.com\/wp-content\/uploads\/2015\/02\/logo-alta-resolucion.png\",\"width\":544,\"height\":185,\"caption\":\"Indie\u00f3filo Web\"},\"image\":{\"@id\":\"https:\/\/www.indieofilo.com\/#\/schema\/logo\/image\/\"},\"sameAs\":[\"https:\/\/www.facebook.com\/Indieofilo\/\",\"https:\/\/x.com\/indieofilo\",\"https:\/\/www.instagram.com\/indieofilo\/\"]},{\"@type\":\"Person\",\"@id\":\"https:\/\/www.indieofilo.com\/#\/schema\/person\/595334d38590e4ce5a09f83cbf2fca90\",\"name\":\"Victor\",\"image\":{\"@type\":\"ImageObject\",\"inLanguage\":\"en-US\",\"@id\":\"https:\/\/www.indieofilo.com\/#\/schema\/person\/image\/\",\"url\":\"https:\/\/secure.gravatar.com\/avatar\/682b8c6ea3e94b6cffec683b25f1797d?s=96&d=mm&r=g\",\"contentUrl\":\"https:\/\/secure.gravatar.com\/avatar\/682b8c6ea3e94b6cffec683b25f1797d?s=96&d=mm&r=g\",\"caption\":\"Victor\"},\"description\":\"Fan\u00e1tico de la m\u00fasica desde que mis padres me pon\u00edan a Eydie Gorme y Los Panchos o el Discotuna por la A2. Intent\u00e9 tocar varios instrumentos, pero soy muy torpe con la mano izquierda, as\u00ed que ya sab\u00e9is el resultado final. Fan del britpop, Post-punk, el rugby y el baloncesto...\",\"sameAs\":[\"http:\/\/indieofilo.com\"],\"url\":\"https:\/\/www.indieofilo.com\/en\/author\/victor\"}]}<\/script>\n<!-- \/ Yoast SEO Premium plugin. -->","yoast_head_json":{"title":"Amsterdam Dance Event 2015 completes its program - Indie\u00f3filo","description":"Afrojack, dutch rap band De Jeugd van Tegenwoordig, Dubfire, Jeff Mills or Machinedrum, among the new names confirmed for ADE 2015.","robots":{"index":"index","follow":"follow","max-snippet":"max-snippet:-1","max-image-preview":"max-image-preview:large","max-video-preview":"max-video-preview:-1"},"canonical":"https:\/\/www.indieofilo.com\/en\/news\/amsterdam-dance-event-2015-completes-its-program","og_locale":"en_US","og_type":"article","og_title":"Amsterdam Dance Event 2015 completes its program","og_description":"Afrojack, dutch rap band De Jeugd van Tegenwoordig, Dubfire, Jeff Mills or Machinedrum, among the new names confirmed for ADE 2015.","og_url":"https:\/\/www.indieofilo.com\/en\/news\/amsterdam-dance-event-2015-completes-its-program","og_site_name":"Indie\u00f3filo","article_publisher":"https:\/\/www.facebook.com\/Indieofilo\/","article_published_time":"2015-09-14T10:26:19+00:00","article_modified_time":"2023-09-20T09:22:11+00:00","author":"Victor","twitter_card":"summary_large_image","twitter_creator":"@indieofilo","twitter_site":"@indieofilo","twitter_misc":{"Written by":"Victor","Est. reading time":"1 minute"},"schema":{"@context":"https:\/\/schema.org","@graph":[{"@type":"Article","@id":"https:\/\/www.indieofilo.com\/en\/news\/amsterdam-dance-event-2015-completes-its-program#article","isPartOf":{"@id":"https:\/\/www.indieofilo.com\/en\/news\/amsterdam-dance-event-2015-completes-its-program"},"author":{"name":"Victor","@id":"https:\/\/www.indieofilo.com\/#\/schema\/person\/595334d38590e4ce5a09f83cbf2fca90"},"headline":"Amsterdam Dance Event 2015 completes its program","datePublished":"2015-09-14T10:26:19+00:00","dateModified":"2023-09-20T09:22:11+00:00","mainEntityOfPage":{"@id":"https:\/\/www.indieofilo.com\/en\/news\/amsterdam-dance-event-2015-completes-its-program"},"wordCount":126,"publisher":{"@id":"https:\/\/www.indieofilo.com\/#organization"},"keywords":["ADE","ADE 2015","Afrojack","De Jeugd van Tegenwoordig","Dubfire","Jeff Mills","Machinedrum"],"articleSection":["Live Shows","News"],"inLanguage":"en-US"},{"@type":"WebPage","@id":"https:\/\/www.indieofilo.com\/en\/news\/amsterdam-dance-event-2015-completes-its-program","url":"https:\/\/www.indieofilo.com\/en\/news\/amsterdam-dance-event-2015-completes-its-program","name":"Amsterdam Dance Event 2015 completes its program - Indie\u00f3filo","isPartOf":{"@id":"https:\/\/www.indieofilo.com\/#website"},"datePublished":"2015-09-14T10:26:19+00:00","dateModified":"2023-09-20T09:22:11+00:00","description":"Afrojack, dutch rap band De Jeugd van Tegenwoordig, Dubfire, Jeff Mills or Machinedrum, among the new names confirmed for ADE 2015.","breadcrumb":{"@id":"https:\/\/www.indieofilo.com\/en\/news\/amsterdam-dance-event-2015-completes-its-program#breadcrumb"},"inLanguage":"en-US","potentialAction":[{"@type":"ReadAction","target":["https:\/\/www.indieofilo.com\/en\/news\/amsterdam-dance-event-2015-completes-its-program"]}]},{"@type":"BreadcrumbList","@id":"https:\/\/www.indieofilo.com\/en\/news\/amsterdam-dance-event-2015-completes-its-program#breadcrumb","itemListElement":[{"@type":"ListItem","position":1,"name":"Portada","item":"https:\/\/www.indieofilo.com\/en"},{"@type":"ListItem","position":2,"name":"Amsterdam Dance Event 2015 completes its program"}]},{"@type":"WebSite","@id":"https:\/\/www.indieofilo.com\/#website","url":"https:\/\/www.indieofilo.com\/","name":"Indie\u00f3filo","description":"Magazine online de la cultura independiente","publisher":{"@id":"https:\/\/www.indieofilo.com\/#organization"},"potentialAction":[{"@type":"SearchAction","target":{"@type":"EntryPoint","urlTemplate":"https:\/\/www.indieofilo.com\/?s={search_term_string}"},"query-input":{"@type":"PropertyValueSpecification","valueRequired":true,"valueName":"search_term_string"}}],"inLanguage":"en-US"},{"@type":"Organization","@id":"https:\/\/www.indieofilo.com\/#organization","name":"Indie\u00f3filo Web","url":"https:\/\/www.indieofilo.com\/","logo":{"@type":"ImageObject","inLanguage":"en-US","@id":"https:\/\/www.indieofilo.com\/#\/schema\/logo\/image\/","url":"https:\/\/www.indieofilo.com\/wp-content\/uploads\/2015\/02\/logo-alta-resolucion.png","contentUrl":"https:\/\/www.indieofilo.com\/wp-content\/uploads\/2015\/02\/logo-alta-resolucion.png","width":544,"height":185,"caption":"Indie\u00f3filo Web"},"image":{"@id":"https:\/\/www.indieofilo.com\/#\/schema\/logo\/image\/"},"sameAs":["https:\/\/www.facebook.com\/Indieofilo\/","https:\/\/x.com\/indieofilo","https:\/\/www.instagram.com\/indieofilo\/"]},{"@type":"Person","@id":"https:\/\/www.indieofilo.com\/#\/schema\/person\/595334d38590e4ce5a09f83cbf2fca90","name":"Victor","image":{"@type":"ImageObject","inLanguage":"en-US","@id":"https:\/\/www.indieofilo.com\/#\/schema\/person\/image\/","url":"https:\/\/secure.gravatar.com\/avatar\/682b8c6ea3e94b6cffec683b25f1797d?s=96&d=mm&r=g","contentUrl":"https:\/\/secure.gravatar.com\/avatar\/682b8c6ea3e94b6cffec683b25f1797d?s=96&d=mm&r=g","caption":"Victor"},"description":"Fan\u00e1tico de la m\u00fasica desde que mis padres me pon\u00edan a Eydie Gorme y Los Panchos o el Discotuna por la A2. Intent\u00e9 tocar varios instrumentos, pero soy muy torpe con la mano izquierda, as\u00ed que ya sab\u00e9is el resultado final. Fan del britpop, Post-punk, el rugby y el baloncesto...","sameAs":["http:\/\/indieofilo.com"],"url":"https:\/\/www.indieofilo.com\/en\/author\/victor"}]}},"_links":{"self":[{"href":"https:\/\/www.indieofilo.com\/en\/wp-json\/wp\/v2\/posts\/2397","targetHints":{"allow":["GET"]}}],"collection":[{"href":"https:\/\/www.indieofilo.com\/en\/wp-json\/wp\/v2\/posts"}],"about":[{"href":"https:\/\/www.indieofilo.com\/en\/wp-json\/wp\/v2\/types\/post"}],"author":[{"embeddable":true,"href":"https:\/\/www.indieofilo.com\/en\/wp-json\/wp\/v2\/users\/1"}],"replies":[{"embeddable":true,"href":"https:\/\/www.indieofilo.com\/en\/wp-json\/wp\/v2\/comments?post=2397"}],"version-history":[{"count":0,"href":"https:\/\/www.indieofilo.com\/en\/wp-json\/wp\/v2\/posts\/2397\/revisions"}],"wp:attachment":[{"href":"https:\/\/www.indieofilo.com\/en\/wp-json\/wp\/v2\/media?parent=2397"}],"wp:term":[{"taxonomy":"category","embeddable":true,"href":"https:\/\/www.indieofilo.com\/en\/wp-json\/wp\/v2\/categories?post=2397"},{"taxonomy":"post_tag","embeddable":true,"href":"https:\/\/www.indieofilo.com\/en\/wp-json\/wp\/v2\/tags?post=2397"}],"curies":[{"name":"wp","href":"https:\/\/api.w.org\/{rel}","templated":true}]}}