{"id":2394,"date":"2015-08-26T21:09:21","date_gmt":"2015-08-26T19:09:21","guid":{"rendered":"http:\/\/indieofilo.com\/?p=2394"},"modified":"2023-09-20T11:27:01","modified_gmt":"2023-09-20T09:27:01","slug":"second-batch-of-names-for-ade-2015","status":"publish","type":"post","link":"https:\/\/www.indieofilo.com\/en\/short-news\/second-batch-of-names-for-ade-2015","title":{"rendered":"Second batch of names for ADE 2015"},"content":{"rendered":"<p style=\"text-align: center;\">\n<p style=\"text-align: justify;\">The <strong>ADE\u00a02015<\/strong>, the electronic club festival that will be held from 14 to 18 October at the dutch city, has revealed today the second row of artists that will join local heroes Ti\u00ebsto, Hardwell, Armin van Buuren or Martin Garrix, among other EDM stars confirmed one month ago.<\/p>\n<p style=\"text-align: justify;\">ADE is the biggest club festival in the world with performances by 2,200 artists at 300 events spread over 100 venues. and currently 1,675 artists are confirmed. Main names of the second selection of artists are <strong>Boys Noize (DE), Felix Da Housecat (US), Howling (DE), John Talabot (ES), M.A.N.D.Y. (DE), Mount Kimbie (GB), Scuba (GB)<\/strong> or <strong>Skream (GB)<\/strong>, among others.<\/p>\n<p style=\"text-align: justify;\">If you want to review the full list of artist, check <a href=\"http:\/\/www.a-d-e.nl\/artists\/confirmed\/\" target=\"_blank\" rel=\"noopener\">the official Website of the Festival<\/a>.<\/p>\n","protected":false},"excerpt":{"rendered":"<p>The ADE\u00a02015, the electronic club festival that will be held from 14 to 18 October at the dutch city, has revealed today the second row of artists that will join local heroes Ti\u00ebsto, Hardwell, Armin van Buuren or Martin Garrix, among other EDM stars confirmed one month ago. ADE is the biggest club festival in [&hellip;]<\/p>\n","protected":false},"author":1,"featured_media":0,"comment_status":"closed","ping_status":"closed","sticky":false,"template":"","format":"standard","meta":{"footnotes":""},"categories":[18],"tags":[6259,6260,5686,6267,5206,5221,6268,6269],"class_list":["post-2394","post","type-post","status-publish","format-standard","hentry","category-short-news","tag-ade-en","tag-ade-2015-en","tag-boys-noize-en","tag-howling-en","tag-john-talabot-en","tag-mount-kimbie-en","tag-scuba-en","tag-skream-en"],"yoast_head":"<!-- This site is optimized with the Yoast SEO Premium plugin v23.9 (Yoast SEO v26.6) - https:\/\/yoast.com\/wordpress\/plugins\/seo\/ -->\n<title>Second batch of names for ADE 2015 - Indie\u00f3filo<\/title>\n<meta name=\"description\" content=\"Boys Noize, Howling, John Talabot, Mount Kimbie, Scuba or\u00a0Skream among the names confirmed for ADE 2015, dutch festival that will be held on October 2015.\" \/>\n<meta name=\"robots\" content=\"index, follow, max-snippet:-1, max-image-preview:large, max-video-preview:-1\" \/>\n<link rel=\"canonical\" href=\"https:\/\/www.indieofilo.com\/en\/short-news\/second-batch-of-names-for-ade-2015\" \/>\n<meta property=\"og:locale\" content=\"en_US\" \/>\n<meta property=\"og:type\" content=\"article\" \/>\n<meta property=\"og:title\" content=\"Second batch of names for ADE 2015\" \/>\n<meta property=\"og:description\" content=\"Boys Noize, Howling, John Talabot, Mount Kimbie, Scuba or\u00a0Skream among the names confirmed for ADE 2015, dutch festival that will be held on October 2015.\" \/>\n<meta property=\"og:url\" content=\"https:\/\/www.indieofilo.com\/en\/short-news\/second-batch-of-names-for-ade-2015\" \/>\n<meta property=\"og:site_name\" content=\"Indie\u00f3filo\" \/>\n<meta property=\"article:publisher\" content=\"https:\/\/www.facebook.com\/Indieofilo\/\" \/>\n<meta property=\"article:published_time\" content=\"2015-08-26T19:09:21+00:00\" \/>\n<meta property=\"article:modified_time\" content=\"2023-09-20T09:27:01+00:00\" \/>\n<meta name=\"author\" content=\"Victor\" \/>\n<meta name=\"twitter:card\" content=\"summary_large_image\" \/>\n<meta name=\"twitter:creator\" content=\"@indieofilo\" \/>\n<meta name=\"twitter:site\" content=\"@indieofilo\" \/>\n<meta name=\"twitter:label1\" content=\"Written by\" \/>\n\t<meta name=\"twitter:data1\" content=\"Victor\" \/>\n\t<meta name=\"twitter:label2\" content=\"Est. reading time\" \/>\n\t<meta name=\"twitter:data2\" content=\"1 minute\" \/>\n<script type=\"application\/ld+json\" class=\"yoast-schema-graph\">{\"@context\":\"https:\/\/schema.org\",\"@graph\":[{\"@type\":\"Article\",\"@id\":\"https:\/\/www.indieofilo.com\/en\/short-news\/second-batch-of-names-for-ade-2015#article\",\"isPartOf\":{\"@id\":\"https:\/\/www.indieofilo.com\/en\/short-news\/second-batch-of-names-for-ade-2015\"},\"author\":{\"name\":\"Victor\",\"@id\":\"https:\/\/www.indieofilo.com\/#\/schema\/person\/595334d38590e4ce5a09f83cbf2fca90\"},\"headline\":\"Second batch of names for ADE 2015\",\"datePublished\":\"2015-08-26T19:09:21+00:00\",\"dateModified\":\"2023-09-20T09:27:01+00:00\",\"mainEntityOfPage\":{\"@id\":\"https:\/\/www.indieofilo.com\/en\/short-news\/second-batch-of-names-for-ade-2015\"},\"wordCount\":130,\"publisher\":{\"@id\":\"https:\/\/www.indieofilo.com\/#organization\"},\"keywords\":[\"ADE\",\"ADE 2015\",\"Boys Noize\",\"Howling\",\"John Talabot\",\"Mount Kimbie\",\"Scuba\",\"Skream\"],\"articleSection\":[\"Short news\"],\"inLanguage\":\"en-US\"},{\"@type\":\"WebPage\",\"@id\":\"https:\/\/www.indieofilo.com\/en\/short-news\/second-batch-of-names-for-ade-2015\",\"url\":\"https:\/\/www.indieofilo.com\/en\/short-news\/second-batch-of-names-for-ade-2015\",\"name\":\"Second batch of names for ADE 2015 - Indie\u00f3filo\",\"isPartOf\":{\"@id\":\"https:\/\/www.indieofilo.com\/#website\"},\"datePublished\":\"2015-08-26T19:09:21+00:00\",\"dateModified\":\"2023-09-20T09:27:01+00:00\",\"description\":\"Boys Noize, Howling, John Talabot, Mount Kimbie, Scuba or\u00a0Skream among the names confirmed for ADE 2015, dutch festival that will be held on October 2015.\",\"breadcrumb\":{\"@id\":\"https:\/\/www.indieofilo.com\/en\/short-news\/second-batch-of-names-for-ade-2015#breadcrumb\"},\"inLanguage\":\"en-US\",\"potentialAction\":[{\"@type\":\"ReadAction\",\"target\":[\"https:\/\/www.indieofilo.com\/en\/short-news\/second-batch-of-names-for-ade-2015\"]}]},{\"@type\":\"BreadcrumbList\",\"@id\":\"https:\/\/www.indieofilo.com\/en\/short-news\/second-batch-of-names-for-ade-2015#breadcrumb\",\"itemListElement\":[{\"@type\":\"ListItem\",\"position\":1,\"name\":\"Portada\",\"item\":\"https:\/\/www.indieofilo.com\/en\"},{\"@type\":\"ListItem\",\"position\":2,\"name\":\"Second batch of names for ADE 2015\"}]},{\"@type\":\"WebSite\",\"@id\":\"https:\/\/www.indieofilo.com\/#website\",\"url\":\"https:\/\/www.indieofilo.com\/\",\"name\":\"Indie\u00f3filo\",\"description\":\"Magazine online de la cultura independiente\",\"publisher\":{\"@id\":\"https:\/\/www.indieofilo.com\/#organization\"},\"potentialAction\":[{\"@type\":\"SearchAction\",\"target\":{\"@type\":\"EntryPoint\",\"urlTemplate\":\"https:\/\/www.indieofilo.com\/?s={search_term_string}\"},\"query-input\":{\"@type\":\"PropertyValueSpecification\",\"valueRequired\":true,\"valueName\":\"search_term_string\"}}],\"inLanguage\":\"en-US\"},{\"@type\":\"Organization\",\"@id\":\"https:\/\/www.indieofilo.com\/#organization\",\"name\":\"Indie\u00f3filo Web\",\"url\":\"https:\/\/www.indieofilo.com\/\",\"logo\":{\"@type\":\"ImageObject\",\"inLanguage\":\"en-US\",\"@id\":\"https:\/\/www.indieofilo.com\/#\/schema\/logo\/image\/\",\"url\":\"https:\/\/www.indieofilo.com\/wp-content\/uploads\/2015\/02\/logo-alta-resolucion.png\",\"contentUrl\":\"https:\/\/www.indieofilo.com\/wp-content\/uploads\/2015\/02\/logo-alta-resolucion.png\",\"width\":544,\"height\":185,\"caption\":\"Indie\u00f3filo Web\"},\"image\":{\"@id\":\"https:\/\/www.indieofilo.com\/#\/schema\/logo\/image\/\"},\"sameAs\":[\"https:\/\/www.facebook.com\/Indieofilo\/\",\"https:\/\/x.com\/indieofilo\",\"https:\/\/www.instagram.com\/indieofilo\/\"]},{\"@type\":\"Person\",\"@id\":\"https:\/\/www.indieofilo.com\/#\/schema\/person\/595334d38590e4ce5a09f83cbf2fca90\",\"name\":\"Victor\",\"image\":{\"@type\":\"ImageObject\",\"inLanguage\":\"en-US\",\"@id\":\"https:\/\/www.indieofilo.com\/#\/schema\/person\/image\/\",\"url\":\"https:\/\/secure.gravatar.com\/avatar\/682b8c6ea3e94b6cffec683b25f1797d?s=96&d=mm&r=g\",\"contentUrl\":\"https:\/\/secure.gravatar.com\/avatar\/682b8c6ea3e94b6cffec683b25f1797d?s=96&d=mm&r=g\",\"caption\":\"Victor\"},\"description\":\"Fan\u00e1tico de la m\u00fasica desde que mis padres me pon\u00edan a Eydie Gorme y Los Panchos o el Discotuna por la A2. Intent\u00e9 tocar varios instrumentos, pero soy muy torpe con la mano izquierda, as\u00ed que ya sab\u00e9is el resultado final. Fan del britpop, Post-punk, el rugby y el baloncesto...\",\"sameAs\":[\"http:\/\/indieofilo.com\"],\"url\":\"https:\/\/www.indieofilo.com\/en\/author\/victor\"}]}<\/script>\n<!-- \/ Yoast SEO Premium plugin. -->","yoast_head_json":{"title":"Second batch of names for ADE 2015 - Indie\u00f3filo","description":"Boys Noize, Howling, John Talabot, Mount Kimbie, Scuba or\u00a0Skream among the names confirmed for ADE 2015, dutch festival that will be held on October 2015.","robots":{"index":"index","follow":"follow","max-snippet":"max-snippet:-1","max-image-preview":"max-image-preview:large","max-video-preview":"max-video-preview:-1"},"canonical":"https:\/\/www.indieofilo.com\/en\/short-news\/second-batch-of-names-for-ade-2015","og_locale":"en_US","og_type":"article","og_title":"Second batch of names for ADE 2015","og_description":"Boys Noize, Howling, John Talabot, Mount Kimbie, Scuba or\u00a0Skream among the names confirmed for ADE 2015, dutch festival that will be held on October 2015.","og_url":"https:\/\/www.indieofilo.com\/en\/short-news\/second-batch-of-names-for-ade-2015","og_site_name":"Indie\u00f3filo","article_publisher":"https:\/\/www.facebook.com\/Indieofilo\/","article_published_time":"2015-08-26T19:09:21+00:00","article_modified_time":"2023-09-20T09:27:01+00:00","author":"Victor","twitter_card":"summary_large_image","twitter_creator":"@indieofilo","twitter_site":"@indieofilo","twitter_misc":{"Written by":"Victor","Est. reading time":"1 minute"},"schema":{"@context":"https:\/\/schema.org","@graph":[{"@type":"Article","@id":"https:\/\/www.indieofilo.com\/en\/short-news\/second-batch-of-names-for-ade-2015#article","isPartOf":{"@id":"https:\/\/www.indieofilo.com\/en\/short-news\/second-batch-of-names-for-ade-2015"},"author":{"name":"Victor","@id":"https:\/\/www.indieofilo.com\/#\/schema\/person\/595334d38590e4ce5a09f83cbf2fca90"},"headline":"Second batch of names for ADE 2015","datePublished":"2015-08-26T19:09:21+00:00","dateModified":"2023-09-20T09:27:01+00:00","mainEntityOfPage":{"@id":"https:\/\/www.indieofilo.com\/en\/short-news\/second-batch-of-names-for-ade-2015"},"wordCount":130,"publisher":{"@id":"https:\/\/www.indieofilo.com\/#organization"},"keywords":["ADE","ADE 2015","Boys Noize","Howling","John Talabot","Mount Kimbie","Scuba","Skream"],"articleSection":["Short news"],"inLanguage":"en-US"},{"@type":"WebPage","@id":"https:\/\/www.indieofilo.com\/en\/short-news\/second-batch-of-names-for-ade-2015","url":"https:\/\/www.indieofilo.com\/en\/short-news\/second-batch-of-names-for-ade-2015","name":"Second batch of names for ADE 2015 - Indie\u00f3filo","isPartOf":{"@id":"https:\/\/www.indieofilo.com\/#website"},"datePublished":"2015-08-26T19:09:21+00:00","dateModified":"2023-09-20T09:27:01+00:00","description":"Boys Noize, Howling, John Talabot, Mount Kimbie, Scuba or\u00a0Skream among the names confirmed for ADE 2015, dutch festival that will be held on October 2015.","breadcrumb":{"@id":"https:\/\/www.indieofilo.com\/en\/short-news\/second-batch-of-names-for-ade-2015#breadcrumb"},"inLanguage":"en-US","potentialAction":[{"@type":"ReadAction","target":["https:\/\/www.indieofilo.com\/en\/short-news\/second-batch-of-names-for-ade-2015"]}]},{"@type":"BreadcrumbList","@id":"https:\/\/www.indieofilo.com\/en\/short-news\/second-batch-of-names-for-ade-2015#breadcrumb","itemListElement":[{"@type":"ListItem","position":1,"name":"Portada","item":"https:\/\/www.indieofilo.com\/en"},{"@type":"ListItem","position":2,"name":"Second batch of names for ADE 2015"}]},{"@type":"WebSite","@id":"https:\/\/www.indieofilo.com\/#website","url":"https:\/\/www.indieofilo.com\/","name":"Indie\u00f3filo","description":"Magazine online de la cultura independiente","publisher":{"@id":"https:\/\/www.indieofilo.com\/#organization"},"potentialAction":[{"@type":"SearchAction","target":{"@type":"EntryPoint","urlTemplate":"https:\/\/www.indieofilo.com\/?s={search_term_string}"},"query-input":{"@type":"PropertyValueSpecification","valueRequired":true,"valueName":"search_term_string"}}],"inLanguage":"en-US"},{"@type":"Organization","@id":"https:\/\/www.indieofilo.com\/#organization","name":"Indie\u00f3filo Web","url":"https:\/\/www.indieofilo.com\/","logo":{"@type":"ImageObject","inLanguage":"en-US","@id":"https:\/\/www.indieofilo.com\/#\/schema\/logo\/image\/","url":"https:\/\/www.indieofilo.com\/wp-content\/uploads\/2015\/02\/logo-alta-resolucion.png","contentUrl":"https:\/\/www.indieofilo.com\/wp-content\/uploads\/2015\/02\/logo-alta-resolucion.png","width":544,"height":185,"caption":"Indie\u00f3filo Web"},"image":{"@id":"https:\/\/www.indieofilo.com\/#\/schema\/logo\/image\/"},"sameAs":["https:\/\/www.facebook.com\/Indieofilo\/","https:\/\/x.com\/indieofilo","https:\/\/www.instagram.com\/indieofilo\/"]},{"@type":"Person","@id":"https:\/\/www.indieofilo.com\/#\/schema\/person\/595334d38590e4ce5a09f83cbf2fca90","name":"Victor","image":{"@type":"ImageObject","inLanguage":"en-US","@id":"https:\/\/www.indieofilo.com\/#\/schema\/person\/image\/","url":"https:\/\/secure.gravatar.com\/avatar\/682b8c6ea3e94b6cffec683b25f1797d?s=96&d=mm&r=g","contentUrl":"https:\/\/secure.gravatar.com\/avatar\/682b8c6ea3e94b6cffec683b25f1797d?s=96&d=mm&r=g","caption":"Victor"},"description":"Fan\u00e1tico de la m\u00fasica desde que mis padres me pon\u00edan a Eydie Gorme y Los Panchos o el Discotuna por la A2. Intent\u00e9 tocar varios instrumentos, pero soy muy torpe con la mano izquierda, as\u00ed que ya sab\u00e9is el resultado final. Fan del britpop, Post-punk, el rugby y el baloncesto...","sameAs":["http:\/\/indieofilo.com"],"url":"https:\/\/www.indieofilo.com\/en\/author\/victor"}]}},"_links":{"self":[{"href":"https:\/\/www.indieofilo.com\/en\/wp-json\/wp\/v2\/posts\/2394","targetHints":{"allow":["GET"]}}],"collection":[{"href":"https:\/\/www.indieofilo.com\/en\/wp-json\/wp\/v2\/posts"}],"about":[{"href":"https:\/\/www.indieofilo.com\/en\/wp-json\/wp\/v2\/types\/post"}],"author":[{"embeddable":true,"href":"https:\/\/www.indieofilo.com\/en\/wp-json\/wp\/v2\/users\/1"}],"replies":[{"embeddable":true,"href":"https:\/\/www.indieofilo.com\/en\/wp-json\/wp\/v2\/comments?post=2394"}],"version-history":[{"count":0,"href":"https:\/\/www.indieofilo.com\/en\/wp-json\/wp\/v2\/posts\/2394\/revisions"}],"wp:attachment":[{"href":"https:\/\/www.indieofilo.com\/en\/wp-json\/wp\/v2\/media?parent=2394"}],"wp:term":[{"taxonomy":"category","embeddable":true,"href":"https:\/\/www.indieofilo.com\/en\/wp-json\/wp\/v2\/categories?post=2394"},{"taxonomy":"post_tag","embeddable":true,"href":"https:\/\/www.indieofilo.com\/en\/wp-json\/wp\/v2\/tags?post=2394"}],"curies":[{"name":"wp","href":"https:\/\/api.w.org\/{rel}","templated":true}]}}