{"id":2391,"date":"2015-07-23T20:50:37","date_gmt":"2015-07-23T18:50:37","guid":{"rendered":"http:\/\/indieofilo.com\/?p=2391"},"modified":"2023-09-20T11:42:55","modified_gmt":"2023-09-20T09:42:55","slug":"ade-2015-announces-first-festival-acts","status":"publish","type":"post","link":"https:\/\/www.indieofilo.com\/en\/short-news\/ade-2015-announces-first-festival-acts","title":{"rendered":"ADE 2015 announces first festival acts"},"content":{"rendered":"<p style=\"text-align: center;\">\n<p style=\"text-align: justify;\">The <strong>Amsterdam Dance Event 2015<\/strong>, the club festival and business hub for electronic music that will perform from 14 to 18 October, has revealed today the first batch of artists. For this edition is expected closer to 2,200 performing artists at one hundred of the most diverse venues in Amsterdam.\u00a0The five-day music program covers all things electronic music, and as a example of it, today over 500 artists were confirmed.<\/p>\n<p style=\"text-align: justify;\">The big names are locals <strong>Ti\u00ebsto, Hardwell, Armin van Buuren<\/strong> and <strong>Martin Garrix<\/strong>, followed by <strong>Agoria (FR), Alesso (SE), (NL), Bonobo (GB), Carl Cox (GB), Cristian Varela (ES), Dave Clarke (GB), David Guetta (FR), Dimitri Vegas &amp; Like Mike (BE), Jeff Mills (US), Kate Boy (SE), (NL), Nina Kraviz (RU), Odesza (US), Oliver Heldens (NL), Paul Oakenfold (GB), Richie Hawtin (CA), The Gaslamp Killer (US)<\/strong> and many more.<\/p>\n<p style=\"text-align: justify;\">For a complete overview, check the list of confirmed artist at <a href=\"http:\/\/www.a-d-e.nl\/artists\/confirmed\/\" target=\"_blank\" rel=\"noopener\">the official Website of the Festival<\/a>.<\/p>\n","protected":false},"excerpt":{"rendered":"<p>The Amsterdam Dance Event 2015, the club festival and business hub for electronic music that will perform from 14 to 18 October, has revealed today the first batch of artists. For this edition is expected closer to 2,200 performing artists at one hundred of the most diverse venues in Amsterdam.\u00a0The five-day music program covers all [&hellip;]<\/p>\n","protected":false},"author":1,"featured_media":0,"comment_status":"closed","ping_status":"closed","sticky":false,"template":"","format":"standard","meta":{"footnotes":""},"categories":[18],"tags":[6259,6260,5989,5777,6289,6290],"class_list":["post-2391","post","type-post","status-publish","format-standard","hentry","category-short-news","tag-ade-en","tag-ade-2015-en","tag-armin-van-buuren-en","tag-hardwell-en","tag-kate-boy-en","tag-tiesto-en"],"yoast_head":"<!-- This site is optimized with the Yoast SEO Premium plugin v23.9 (Yoast SEO v26.6) - https:\/\/yoast.com\/wordpress\/plugins\/seo\/ -->\n<title>ADE 2015 announces first festival acts - Indie\u00f3filo<\/title>\n<meta name=\"description\" content=\"Ti\u00ebsto,\u00a0Hardwell,\u00a0Armin van Buuren, Martin Garrix, David Guetta, Carl Cox (GB), Kate Boy, Odesza or The Gaslamp Killer among the names confirmed\" \/>\n<meta name=\"robots\" content=\"index, follow, max-snippet:-1, max-image-preview:large, max-video-preview:-1\" \/>\n<link rel=\"canonical\" href=\"https:\/\/www.indieofilo.com\/en\/short-news\/ade-2015-announces-first-festival-acts\" \/>\n<meta property=\"og:locale\" content=\"en_US\" \/>\n<meta property=\"og:type\" content=\"article\" \/>\n<meta property=\"og:title\" content=\"ADE 2015 announces first festival acts\" \/>\n<meta property=\"og:description\" content=\"Ti\u00ebsto,\u00a0Hardwell,\u00a0Armin van Buuren, Martin Garrix, David Guetta, Carl Cox (GB), Kate Boy, Odesza or The Gaslamp Killer among the names confirmed\" \/>\n<meta property=\"og:url\" content=\"https:\/\/www.indieofilo.com\/en\/short-news\/ade-2015-announces-first-festival-acts\" \/>\n<meta property=\"og:site_name\" content=\"Indie\u00f3filo\" \/>\n<meta property=\"article:publisher\" content=\"https:\/\/www.facebook.com\/Indieofilo\/\" \/>\n<meta property=\"article:published_time\" content=\"2015-07-23T18:50:37+00:00\" \/>\n<meta property=\"article:modified_time\" content=\"2023-09-20T09:42:55+00:00\" \/>\n<meta name=\"author\" content=\"Victor\" \/>\n<meta name=\"twitter:card\" content=\"summary_large_image\" \/>\n<meta name=\"twitter:creator\" content=\"@indieofilo\" \/>\n<meta name=\"twitter:site\" content=\"@indieofilo\" \/>\n<meta name=\"twitter:label1\" content=\"Written by\" \/>\n\t<meta name=\"twitter:data1\" content=\"Victor\" \/>\n\t<meta name=\"twitter:label2\" content=\"Est. reading time\" \/>\n\t<meta name=\"twitter:data2\" content=\"1 minute\" \/>\n<script type=\"application\/ld+json\" class=\"yoast-schema-graph\">{\"@context\":\"https:\/\/schema.org\",\"@graph\":[{\"@type\":\"Article\",\"@id\":\"https:\/\/www.indieofilo.com\/en\/short-news\/ade-2015-announces-first-festival-acts#article\",\"isPartOf\":{\"@id\":\"https:\/\/www.indieofilo.com\/en\/short-news\/ade-2015-announces-first-festival-acts\"},\"author\":{\"name\":\"Victor\",\"@id\":\"https:\/\/www.indieofilo.com\/#\/schema\/person\/595334d38590e4ce5a09f83cbf2fca90\"},\"headline\":\"ADE 2015 announces first festival acts\",\"datePublished\":\"2015-07-23T18:50:37+00:00\",\"dateModified\":\"2023-09-20T09:42:55+00:00\",\"mainEntityOfPage\":{\"@id\":\"https:\/\/www.indieofilo.com\/en\/short-news\/ade-2015-announces-first-festival-acts\"},\"wordCount\":157,\"publisher\":{\"@id\":\"https:\/\/www.indieofilo.com\/#organization\"},\"keywords\":[\"ADE\",\"ADE 2015\",\"Armin van Buuren\",\"Hardwell\",\"Kate Boy\",\"Ti\u00ebsto\"],\"articleSection\":[\"Short news\"],\"inLanguage\":\"en-US\"},{\"@type\":\"WebPage\",\"@id\":\"https:\/\/www.indieofilo.com\/en\/short-news\/ade-2015-announces-first-festival-acts\",\"url\":\"https:\/\/www.indieofilo.com\/en\/short-news\/ade-2015-announces-first-festival-acts\",\"name\":\"ADE 2015 announces first festival acts - Indie\u00f3filo\",\"isPartOf\":{\"@id\":\"https:\/\/www.indieofilo.com\/#website\"},\"datePublished\":\"2015-07-23T18:50:37+00:00\",\"dateModified\":\"2023-09-20T09:42:55+00:00\",\"description\":\"Ti\u00ebsto,\u00a0Hardwell,\u00a0Armin van Buuren, Martin Garrix, David Guetta, Carl Cox (GB), Kate Boy, Odesza or The Gaslamp Killer among the names confirmed\",\"breadcrumb\":{\"@id\":\"https:\/\/www.indieofilo.com\/en\/short-news\/ade-2015-announces-first-festival-acts#breadcrumb\"},\"inLanguage\":\"en-US\",\"potentialAction\":[{\"@type\":\"ReadAction\",\"target\":[\"https:\/\/www.indieofilo.com\/en\/short-news\/ade-2015-announces-first-festival-acts\"]}]},{\"@type\":\"BreadcrumbList\",\"@id\":\"https:\/\/www.indieofilo.com\/en\/short-news\/ade-2015-announces-first-festival-acts#breadcrumb\",\"itemListElement\":[{\"@type\":\"ListItem\",\"position\":1,\"name\":\"Portada\",\"item\":\"https:\/\/www.indieofilo.com\/en\"},{\"@type\":\"ListItem\",\"position\":2,\"name\":\"ADE 2015 announces first festival acts\"}]},{\"@type\":\"WebSite\",\"@id\":\"https:\/\/www.indieofilo.com\/#website\",\"url\":\"https:\/\/www.indieofilo.com\/\",\"name\":\"Indie\u00f3filo\",\"description\":\"Magazine online de la cultura independiente\",\"publisher\":{\"@id\":\"https:\/\/www.indieofilo.com\/#organization\"},\"potentialAction\":[{\"@type\":\"SearchAction\",\"target\":{\"@type\":\"EntryPoint\",\"urlTemplate\":\"https:\/\/www.indieofilo.com\/?s={search_term_string}\"},\"query-input\":{\"@type\":\"PropertyValueSpecification\",\"valueRequired\":true,\"valueName\":\"search_term_string\"}}],\"inLanguage\":\"en-US\"},{\"@type\":\"Organization\",\"@id\":\"https:\/\/www.indieofilo.com\/#organization\",\"name\":\"Indie\u00f3filo Web\",\"url\":\"https:\/\/www.indieofilo.com\/\",\"logo\":{\"@type\":\"ImageObject\",\"inLanguage\":\"en-US\",\"@id\":\"https:\/\/www.indieofilo.com\/#\/schema\/logo\/image\/\",\"url\":\"https:\/\/www.indieofilo.com\/wp-content\/uploads\/2015\/02\/logo-alta-resolucion.png\",\"contentUrl\":\"https:\/\/www.indieofilo.com\/wp-content\/uploads\/2015\/02\/logo-alta-resolucion.png\",\"width\":544,\"height\":185,\"caption\":\"Indie\u00f3filo Web\"},\"image\":{\"@id\":\"https:\/\/www.indieofilo.com\/#\/schema\/logo\/image\/\"},\"sameAs\":[\"https:\/\/www.facebook.com\/Indieofilo\/\",\"https:\/\/x.com\/indieofilo\",\"https:\/\/www.instagram.com\/indieofilo\/\"]},{\"@type\":\"Person\",\"@id\":\"https:\/\/www.indieofilo.com\/#\/schema\/person\/595334d38590e4ce5a09f83cbf2fca90\",\"name\":\"Victor\",\"image\":{\"@type\":\"ImageObject\",\"inLanguage\":\"en-US\",\"@id\":\"https:\/\/www.indieofilo.com\/#\/schema\/person\/image\/\",\"url\":\"https:\/\/secure.gravatar.com\/avatar\/682b8c6ea3e94b6cffec683b25f1797d?s=96&d=mm&r=g\",\"contentUrl\":\"https:\/\/secure.gravatar.com\/avatar\/682b8c6ea3e94b6cffec683b25f1797d?s=96&d=mm&r=g\",\"caption\":\"Victor\"},\"description\":\"Fan\u00e1tico de la m\u00fasica desde que mis padres me pon\u00edan a Eydie Gorme y Los Panchos o el Discotuna por la A2. Intent\u00e9 tocar varios instrumentos, pero soy muy torpe con la mano izquierda, as\u00ed que ya sab\u00e9is el resultado final. Fan del britpop, Post-punk, el rugby y el baloncesto...\",\"sameAs\":[\"http:\/\/indieofilo.com\"],\"url\":\"https:\/\/www.indieofilo.com\/en\/author\/victor\"}]}<\/script>\n<!-- \/ Yoast SEO Premium plugin. -->","yoast_head_json":{"title":"ADE 2015 announces first festival acts - Indie\u00f3filo","description":"Ti\u00ebsto,\u00a0Hardwell,\u00a0Armin van Buuren, Martin Garrix, David Guetta, Carl Cox (GB), Kate Boy, Odesza or The Gaslamp Killer among the names confirmed","robots":{"index":"index","follow":"follow","max-snippet":"max-snippet:-1","max-image-preview":"max-image-preview:large","max-video-preview":"max-video-preview:-1"},"canonical":"https:\/\/www.indieofilo.com\/en\/short-news\/ade-2015-announces-first-festival-acts","og_locale":"en_US","og_type":"article","og_title":"ADE 2015 announces first festival acts","og_description":"Ti\u00ebsto,\u00a0Hardwell,\u00a0Armin van Buuren, Martin Garrix, David Guetta, Carl Cox (GB), Kate Boy, Odesza or The Gaslamp Killer among the names confirmed","og_url":"https:\/\/www.indieofilo.com\/en\/short-news\/ade-2015-announces-first-festival-acts","og_site_name":"Indie\u00f3filo","article_publisher":"https:\/\/www.facebook.com\/Indieofilo\/","article_published_time":"2015-07-23T18:50:37+00:00","article_modified_time":"2023-09-20T09:42:55+00:00","author":"Victor","twitter_card":"summary_large_image","twitter_creator":"@indieofilo","twitter_site":"@indieofilo","twitter_misc":{"Written by":"Victor","Est. reading time":"1 minute"},"schema":{"@context":"https:\/\/schema.org","@graph":[{"@type":"Article","@id":"https:\/\/www.indieofilo.com\/en\/short-news\/ade-2015-announces-first-festival-acts#article","isPartOf":{"@id":"https:\/\/www.indieofilo.com\/en\/short-news\/ade-2015-announces-first-festival-acts"},"author":{"name":"Victor","@id":"https:\/\/www.indieofilo.com\/#\/schema\/person\/595334d38590e4ce5a09f83cbf2fca90"},"headline":"ADE 2015 announces first festival acts","datePublished":"2015-07-23T18:50:37+00:00","dateModified":"2023-09-20T09:42:55+00:00","mainEntityOfPage":{"@id":"https:\/\/www.indieofilo.com\/en\/short-news\/ade-2015-announces-first-festival-acts"},"wordCount":157,"publisher":{"@id":"https:\/\/www.indieofilo.com\/#organization"},"keywords":["ADE","ADE 2015","Armin van Buuren","Hardwell","Kate Boy","Ti\u00ebsto"],"articleSection":["Short news"],"inLanguage":"en-US"},{"@type":"WebPage","@id":"https:\/\/www.indieofilo.com\/en\/short-news\/ade-2015-announces-first-festival-acts","url":"https:\/\/www.indieofilo.com\/en\/short-news\/ade-2015-announces-first-festival-acts","name":"ADE 2015 announces first festival acts - Indie\u00f3filo","isPartOf":{"@id":"https:\/\/www.indieofilo.com\/#website"},"datePublished":"2015-07-23T18:50:37+00:00","dateModified":"2023-09-20T09:42:55+00:00","description":"Ti\u00ebsto,\u00a0Hardwell,\u00a0Armin van Buuren, Martin Garrix, David Guetta, Carl Cox (GB), Kate Boy, Odesza or The Gaslamp Killer among the names confirmed","breadcrumb":{"@id":"https:\/\/www.indieofilo.com\/en\/short-news\/ade-2015-announces-first-festival-acts#breadcrumb"},"inLanguage":"en-US","potentialAction":[{"@type":"ReadAction","target":["https:\/\/www.indieofilo.com\/en\/short-news\/ade-2015-announces-first-festival-acts"]}]},{"@type":"BreadcrumbList","@id":"https:\/\/www.indieofilo.com\/en\/short-news\/ade-2015-announces-first-festival-acts#breadcrumb","itemListElement":[{"@type":"ListItem","position":1,"name":"Portada","item":"https:\/\/www.indieofilo.com\/en"},{"@type":"ListItem","position":2,"name":"ADE 2015 announces first festival acts"}]},{"@type":"WebSite","@id":"https:\/\/www.indieofilo.com\/#website","url":"https:\/\/www.indieofilo.com\/","name":"Indie\u00f3filo","description":"Magazine online de la cultura independiente","publisher":{"@id":"https:\/\/www.indieofilo.com\/#organization"},"potentialAction":[{"@type":"SearchAction","target":{"@type":"EntryPoint","urlTemplate":"https:\/\/www.indieofilo.com\/?s={search_term_string}"},"query-input":{"@type":"PropertyValueSpecification","valueRequired":true,"valueName":"search_term_string"}}],"inLanguage":"en-US"},{"@type":"Organization","@id":"https:\/\/www.indieofilo.com\/#organization","name":"Indie\u00f3filo Web","url":"https:\/\/www.indieofilo.com\/","logo":{"@type":"ImageObject","inLanguage":"en-US","@id":"https:\/\/www.indieofilo.com\/#\/schema\/logo\/image\/","url":"https:\/\/www.indieofilo.com\/wp-content\/uploads\/2015\/02\/logo-alta-resolucion.png","contentUrl":"https:\/\/www.indieofilo.com\/wp-content\/uploads\/2015\/02\/logo-alta-resolucion.png","width":544,"height":185,"caption":"Indie\u00f3filo Web"},"image":{"@id":"https:\/\/www.indieofilo.com\/#\/schema\/logo\/image\/"},"sameAs":["https:\/\/www.facebook.com\/Indieofilo\/","https:\/\/x.com\/indieofilo","https:\/\/www.instagram.com\/indieofilo\/"]},{"@type":"Person","@id":"https:\/\/www.indieofilo.com\/#\/schema\/person\/595334d38590e4ce5a09f83cbf2fca90","name":"Victor","image":{"@type":"ImageObject","inLanguage":"en-US","@id":"https:\/\/www.indieofilo.com\/#\/schema\/person\/image\/","url":"https:\/\/secure.gravatar.com\/avatar\/682b8c6ea3e94b6cffec683b25f1797d?s=96&d=mm&r=g","contentUrl":"https:\/\/secure.gravatar.com\/avatar\/682b8c6ea3e94b6cffec683b25f1797d?s=96&d=mm&r=g","caption":"Victor"},"description":"Fan\u00e1tico de la m\u00fasica desde que mis padres me pon\u00edan a Eydie Gorme y Los Panchos o el Discotuna por la A2. Intent\u00e9 tocar varios instrumentos, pero soy muy torpe con la mano izquierda, as\u00ed que ya sab\u00e9is el resultado final. Fan del britpop, Post-punk, el rugby y el baloncesto...","sameAs":["http:\/\/indieofilo.com"],"url":"https:\/\/www.indieofilo.com\/en\/author\/victor"}]}},"_links":{"self":[{"href":"https:\/\/www.indieofilo.com\/en\/wp-json\/wp\/v2\/posts\/2391","targetHints":{"allow":["GET"]}}],"collection":[{"href":"https:\/\/www.indieofilo.com\/en\/wp-json\/wp\/v2\/posts"}],"about":[{"href":"https:\/\/www.indieofilo.com\/en\/wp-json\/wp\/v2\/types\/post"}],"author":[{"embeddable":true,"href":"https:\/\/www.indieofilo.com\/en\/wp-json\/wp\/v2\/users\/1"}],"replies":[{"embeddable":true,"href":"https:\/\/www.indieofilo.com\/en\/wp-json\/wp\/v2\/comments?post=2391"}],"version-history":[{"count":0,"href":"https:\/\/www.indieofilo.com\/en\/wp-json\/wp\/v2\/posts\/2391\/revisions"}],"wp:attachment":[{"href":"https:\/\/www.indieofilo.com\/en\/wp-json\/wp\/v2\/media?parent=2391"}],"wp:term":[{"taxonomy":"category","embeddable":true,"href":"https:\/\/www.indieofilo.com\/en\/wp-json\/wp\/v2\/categories?post=2391"},{"taxonomy":"post_tag","embeddable":true,"href":"https:\/\/www.indieofilo.com\/en\/wp-json\/wp\/v2\/tags?post=2391"}],"curies":[{"name":"wp","href":"https:\/\/api.w.org\/{rel}","templated":true}]}}