{"id":2389,"date":"2015-01-13T20:36:19","date_gmt":"2015-01-13T19:36:19","guid":{"rendered":"http:\/\/indieofilo.com\/?p=2389"},"modified":"2023-09-21T12:14:10","modified_gmt":"2023-09-21T10:14:10","slug":"dates-announced-for-amsterdam-dance-event-2015","status":"publish","type":"post","link":"https:\/\/www.indieofilo.com\/en\/short-news\/dates-announced-for-amsterdam-dance-event-2015","title":{"rendered":"Dates announced for Amsterdam Dance Event 2015"},"content":{"rendered":"<p style=\"text-align: center;\">\n<p style=\"text-align: justify;\">This year edition of\u00a0Amsterdam Dance Event\u00a0(<strong>ADE 2015<\/strong>), will take place from October 14th to 18th. The greatest\u00a0event about electronic all over Europe will celebrate this year\u00a0its 20th anniversary with a series of special events, while\u00a0organisers are expecting 365,000 visitors this year.\u00a0With more than\u00a05,500 professional visitors from 85 countries, the event also brings together significant business potential with the sharing of a broad range of skills and business acumen through sessions and networking events focused on music and technology, VJs &amp; visuals, sustainability, harder dance styles, new talent and the education of students.<\/p>\n<p style=\"text-align: justify;\">For more info, vistits official website at\u00a0<a href=\"http:\/\/www.amsterdam-dance-event.nl\/\" target=\"_blank\" rel=\"noopener\">http:\/\/www.amsterdam-dance-event.nl\/<\/a>.<\/p>\n<p style=\"text-align: justify;\">\n","protected":false},"excerpt":{"rendered":"<p>This year edition of\u00a0Amsterdam Dance Event\u00a0(ADE 2015), will take place from October 14th to 18th. The greatest\u00a0event about electronic all over Europe will celebrate this year\u00a0its 20th anniversary with a series of special events, while\u00a0organisers are expecting 365,000 visitors this year.\u00a0With more than\u00a05,500 professional visitors from 85 countries, the event also brings together significant business [&hellip;]<\/p>\n","protected":false},"author":1,"featured_media":0,"comment_status":"closed","ping_status":"closed","sticky":false,"template":"","format":"standard","meta":{"footnotes":""},"categories":[18],"tags":[6259,6260],"class_list":["post-2389","post","type-post","status-publish","format-standard","hentry","category-short-news","tag-ade-en","tag-ade-2015-en"],"yoast_head":"<!-- This site is optimized with the Yoast SEO Premium plugin v23.9 (Yoast SEO v26.6) - https:\/\/yoast.com\/wordpress\/plugins\/seo\/ -->\n<title>Dates announced for Amsterdam Dance Event 2015 - Indie\u00f3filo<\/title>\n<meta name=\"description\" content=\"ADE 2015 will take place from October 14th to 18th, celebrating its 20th anniversary with a series of special events.\" \/>\n<meta name=\"robots\" content=\"index, follow, max-snippet:-1, max-image-preview:large, max-video-preview:-1\" \/>\n<link rel=\"canonical\" href=\"https:\/\/www.indieofilo.com\/en\/short-news\/dates-announced-for-amsterdam-dance-event-2015\" \/>\n<meta property=\"og:locale\" content=\"en_US\" \/>\n<meta property=\"og:type\" content=\"article\" \/>\n<meta property=\"og:title\" content=\"Dates announced for Amsterdam Dance Event 2015\" \/>\n<meta property=\"og:description\" content=\"ADE 2015 will take place from October 14th to 18th, celebrating its 20th anniversary with a series of special events.\" \/>\n<meta property=\"og:url\" content=\"https:\/\/www.indieofilo.com\/en\/short-news\/dates-announced-for-amsterdam-dance-event-2015\" \/>\n<meta property=\"og:site_name\" content=\"Indie\u00f3filo\" \/>\n<meta property=\"article:publisher\" content=\"https:\/\/www.facebook.com\/Indieofilo\/\" \/>\n<meta property=\"article:published_time\" content=\"2015-01-13T19:36:19+00:00\" \/>\n<meta property=\"article:modified_time\" content=\"2023-09-21T10:14:10+00:00\" \/>\n<meta name=\"author\" content=\"Victor\" \/>\n<meta name=\"twitter:card\" content=\"summary_large_image\" \/>\n<meta name=\"twitter:creator\" content=\"@indieofilo\" \/>\n<meta name=\"twitter:site\" content=\"@indieofilo\" \/>\n<meta name=\"twitter:label1\" content=\"Written by\" \/>\n\t<meta name=\"twitter:data1\" content=\"Victor\" \/>\n\t<meta name=\"twitter:label2\" content=\"Est. reading time\" \/>\n\t<meta name=\"twitter:data2\" content=\"1 minute\" \/>\n<script type=\"application\/ld+json\" class=\"yoast-schema-graph\">{\"@context\":\"https:\/\/schema.org\",\"@graph\":[{\"@type\":\"Article\",\"@id\":\"https:\/\/www.indieofilo.com\/en\/short-news\/dates-announced-for-amsterdam-dance-event-2015#article\",\"isPartOf\":{\"@id\":\"https:\/\/www.indieofilo.com\/en\/short-news\/dates-announced-for-amsterdam-dance-event-2015\"},\"author\":{\"name\":\"Victor\",\"@id\":\"https:\/\/www.indieofilo.com\/#\/schema\/person\/595334d38590e4ce5a09f83cbf2fca90\"},\"headline\":\"Dates announced for Amsterdam Dance Event 2015\",\"datePublished\":\"2015-01-13T19:36:19+00:00\",\"dateModified\":\"2023-09-21T10:14:10+00:00\",\"mainEntityOfPage\":{\"@id\":\"https:\/\/www.indieofilo.com\/en\/short-news\/dates-announced-for-amsterdam-dance-event-2015\"},\"wordCount\":112,\"publisher\":{\"@id\":\"https:\/\/www.indieofilo.com\/#organization\"},\"keywords\":[\"ADE\",\"ADE 2015\"],\"articleSection\":[\"Short news\"],\"inLanguage\":\"en-US\"},{\"@type\":\"WebPage\",\"@id\":\"https:\/\/www.indieofilo.com\/en\/short-news\/dates-announced-for-amsterdam-dance-event-2015\",\"url\":\"https:\/\/www.indieofilo.com\/en\/short-news\/dates-announced-for-amsterdam-dance-event-2015\",\"name\":\"Dates announced for Amsterdam Dance Event 2015 - Indie\u00f3filo\",\"isPartOf\":{\"@id\":\"https:\/\/www.indieofilo.com\/#website\"},\"datePublished\":\"2015-01-13T19:36:19+00:00\",\"dateModified\":\"2023-09-21T10:14:10+00:00\",\"description\":\"ADE 2015 will take place from October 14th to 18th, celebrating its 20th anniversary with a series of special events.\",\"breadcrumb\":{\"@id\":\"https:\/\/www.indieofilo.com\/en\/short-news\/dates-announced-for-amsterdam-dance-event-2015#breadcrumb\"},\"inLanguage\":\"en-US\",\"potentialAction\":[{\"@type\":\"ReadAction\",\"target\":[\"https:\/\/www.indieofilo.com\/en\/short-news\/dates-announced-for-amsterdam-dance-event-2015\"]}]},{\"@type\":\"BreadcrumbList\",\"@id\":\"https:\/\/www.indieofilo.com\/en\/short-news\/dates-announced-for-amsterdam-dance-event-2015#breadcrumb\",\"itemListElement\":[{\"@type\":\"ListItem\",\"position\":1,\"name\":\"Portada\",\"item\":\"https:\/\/www.indieofilo.com\/en\"},{\"@type\":\"ListItem\",\"position\":2,\"name\":\"Dates announced for Amsterdam Dance Event 2015\"}]},{\"@type\":\"WebSite\",\"@id\":\"https:\/\/www.indieofilo.com\/#website\",\"url\":\"https:\/\/www.indieofilo.com\/\",\"name\":\"Indie\u00f3filo\",\"description\":\"Magazine online de la cultura independiente\",\"publisher\":{\"@id\":\"https:\/\/www.indieofilo.com\/#organization\"},\"potentialAction\":[{\"@type\":\"SearchAction\",\"target\":{\"@type\":\"EntryPoint\",\"urlTemplate\":\"https:\/\/www.indieofilo.com\/?s={search_term_string}\"},\"query-input\":{\"@type\":\"PropertyValueSpecification\",\"valueRequired\":true,\"valueName\":\"search_term_string\"}}],\"inLanguage\":\"en-US\"},{\"@type\":\"Organization\",\"@id\":\"https:\/\/www.indieofilo.com\/#organization\",\"name\":\"Indie\u00f3filo Web\",\"url\":\"https:\/\/www.indieofilo.com\/\",\"logo\":{\"@type\":\"ImageObject\",\"inLanguage\":\"en-US\",\"@id\":\"https:\/\/www.indieofilo.com\/#\/schema\/logo\/image\/\",\"url\":\"https:\/\/www.indieofilo.com\/wp-content\/uploads\/2015\/02\/logo-alta-resolucion.png\",\"contentUrl\":\"https:\/\/www.indieofilo.com\/wp-content\/uploads\/2015\/02\/logo-alta-resolucion.png\",\"width\":544,\"height\":185,\"caption\":\"Indie\u00f3filo Web\"},\"image\":{\"@id\":\"https:\/\/www.indieofilo.com\/#\/schema\/logo\/image\/\"},\"sameAs\":[\"https:\/\/www.facebook.com\/Indieofilo\/\",\"https:\/\/x.com\/indieofilo\",\"https:\/\/www.instagram.com\/indieofilo\/\"]},{\"@type\":\"Person\",\"@id\":\"https:\/\/www.indieofilo.com\/#\/schema\/person\/595334d38590e4ce5a09f83cbf2fca90\",\"name\":\"Victor\",\"image\":{\"@type\":\"ImageObject\",\"inLanguage\":\"en-US\",\"@id\":\"https:\/\/www.indieofilo.com\/#\/schema\/person\/image\/\",\"url\":\"https:\/\/secure.gravatar.com\/avatar\/682b8c6ea3e94b6cffec683b25f1797d?s=96&d=mm&r=g\",\"contentUrl\":\"https:\/\/secure.gravatar.com\/avatar\/682b8c6ea3e94b6cffec683b25f1797d?s=96&d=mm&r=g\",\"caption\":\"Victor\"},\"description\":\"Fan\u00e1tico de la m\u00fasica desde que mis padres me pon\u00edan a Eydie Gorme y Los Panchos o el Discotuna por la A2. Intent\u00e9 tocar varios instrumentos, pero soy muy torpe con la mano izquierda, as\u00ed que ya sab\u00e9is el resultado final. Fan del britpop, Post-punk, el rugby y el baloncesto...\",\"sameAs\":[\"http:\/\/indieofilo.com\"],\"url\":\"https:\/\/www.indieofilo.com\/en\/author\/victor\"}]}<\/script>\n<!-- \/ Yoast SEO Premium plugin. -->","yoast_head_json":{"title":"Dates announced for Amsterdam Dance Event 2015 - Indie\u00f3filo","description":"ADE 2015 will take place from October 14th to 18th, celebrating its 20th anniversary with a series of special events.","robots":{"index":"index","follow":"follow","max-snippet":"max-snippet:-1","max-image-preview":"max-image-preview:large","max-video-preview":"max-video-preview:-1"},"canonical":"https:\/\/www.indieofilo.com\/en\/short-news\/dates-announced-for-amsterdam-dance-event-2015","og_locale":"en_US","og_type":"article","og_title":"Dates announced for Amsterdam Dance Event 2015","og_description":"ADE 2015 will take place from October 14th to 18th, celebrating its 20th anniversary with a series of special events.","og_url":"https:\/\/www.indieofilo.com\/en\/short-news\/dates-announced-for-amsterdam-dance-event-2015","og_site_name":"Indie\u00f3filo","article_publisher":"https:\/\/www.facebook.com\/Indieofilo\/","article_published_time":"2015-01-13T19:36:19+00:00","article_modified_time":"2023-09-21T10:14:10+00:00","author":"Victor","twitter_card":"summary_large_image","twitter_creator":"@indieofilo","twitter_site":"@indieofilo","twitter_misc":{"Written by":"Victor","Est. reading time":"1 minute"},"schema":{"@context":"https:\/\/schema.org","@graph":[{"@type":"Article","@id":"https:\/\/www.indieofilo.com\/en\/short-news\/dates-announced-for-amsterdam-dance-event-2015#article","isPartOf":{"@id":"https:\/\/www.indieofilo.com\/en\/short-news\/dates-announced-for-amsterdam-dance-event-2015"},"author":{"name":"Victor","@id":"https:\/\/www.indieofilo.com\/#\/schema\/person\/595334d38590e4ce5a09f83cbf2fca90"},"headline":"Dates announced for Amsterdam Dance Event 2015","datePublished":"2015-01-13T19:36:19+00:00","dateModified":"2023-09-21T10:14:10+00:00","mainEntityOfPage":{"@id":"https:\/\/www.indieofilo.com\/en\/short-news\/dates-announced-for-amsterdam-dance-event-2015"},"wordCount":112,"publisher":{"@id":"https:\/\/www.indieofilo.com\/#organization"},"keywords":["ADE","ADE 2015"],"articleSection":["Short news"],"inLanguage":"en-US"},{"@type":"WebPage","@id":"https:\/\/www.indieofilo.com\/en\/short-news\/dates-announced-for-amsterdam-dance-event-2015","url":"https:\/\/www.indieofilo.com\/en\/short-news\/dates-announced-for-amsterdam-dance-event-2015","name":"Dates announced for Amsterdam Dance Event 2015 - Indie\u00f3filo","isPartOf":{"@id":"https:\/\/www.indieofilo.com\/#website"},"datePublished":"2015-01-13T19:36:19+00:00","dateModified":"2023-09-21T10:14:10+00:00","description":"ADE 2015 will take place from October 14th to 18th, celebrating its 20th anniversary with a series of special events.","breadcrumb":{"@id":"https:\/\/www.indieofilo.com\/en\/short-news\/dates-announced-for-amsterdam-dance-event-2015#breadcrumb"},"inLanguage":"en-US","potentialAction":[{"@type":"ReadAction","target":["https:\/\/www.indieofilo.com\/en\/short-news\/dates-announced-for-amsterdam-dance-event-2015"]}]},{"@type":"BreadcrumbList","@id":"https:\/\/www.indieofilo.com\/en\/short-news\/dates-announced-for-amsterdam-dance-event-2015#breadcrumb","itemListElement":[{"@type":"ListItem","position":1,"name":"Portada","item":"https:\/\/www.indieofilo.com\/en"},{"@type":"ListItem","position":2,"name":"Dates announced for Amsterdam Dance Event 2015"}]},{"@type":"WebSite","@id":"https:\/\/www.indieofilo.com\/#website","url":"https:\/\/www.indieofilo.com\/","name":"Indie\u00f3filo","description":"Magazine online de la cultura independiente","publisher":{"@id":"https:\/\/www.indieofilo.com\/#organization"},"potentialAction":[{"@type":"SearchAction","target":{"@type":"EntryPoint","urlTemplate":"https:\/\/www.indieofilo.com\/?s={search_term_string}"},"query-input":{"@type":"PropertyValueSpecification","valueRequired":true,"valueName":"search_term_string"}}],"inLanguage":"en-US"},{"@type":"Organization","@id":"https:\/\/www.indieofilo.com\/#organization","name":"Indie\u00f3filo Web","url":"https:\/\/www.indieofilo.com\/","logo":{"@type":"ImageObject","inLanguage":"en-US","@id":"https:\/\/www.indieofilo.com\/#\/schema\/logo\/image\/","url":"https:\/\/www.indieofilo.com\/wp-content\/uploads\/2015\/02\/logo-alta-resolucion.png","contentUrl":"https:\/\/www.indieofilo.com\/wp-content\/uploads\/2015\/02\/logo-alta-resolucion.png","width":544,"height":185,"caption":"Indie\u00f3filo Web"},"image":{"@id":"https:\/\/www.indieofilo.com\/#\/schema\/logo\/image\/"},"sameAs":["https:\/\/www.facebook.com\/Indieofilo\/","https:\/\/x.com\/indieofilo","https:\/\/www.instagram.com\/indieofilo\/"]},{"@type":"Person","@id":"https:\/\/www.indieofilo.com\/#\/schema\/person\/595334d38590e4ce5a09f83cbf2fca90","name":"Victor","image":{"@type":"ImageObject","inLanguage":"en-US","@id":"https:\/\/www.indieofilo.com\/#\/schema\/person\/image\/","url":"https:\/\/secure.gravatar.com\/avatar\/682b8c6ea3e94b6cffec683b25f1797d?s=96&d=mm&r=g","contentUrl":"https:\/\/secure.gravatar.com\/avatar\/682b8c6ea3e94b6cffec683b25f1797d?s=96&d=mm&r=g","caption":"Victor"},"description":"Fan\u00e1tico de la m\u00fasica desde que mis padres me pon\u00edan a Eydie Gorme y Los Panchos o el Discotuna por la A2. Intent\u00e9 tocar varios instrumentos, pero soy muy torpe con la mano izquierda, as\u00ed que ya sab\u00e9is el resultado final. Fan del britpop, Post-punk, el rugby y el baloncesto...","sameAs":["http:\/\/indieofilo.com"],"url":"https:\/\/www.indieofilo.com\/en\/author\/victor"}]}},"_links":{"self":[{"href":"https:\/\/www.indieofilo.com\/en\/wp-json\/wp\/v2\/posts\/2389","targetHints":{"allow":["GET"]}}],"collection":[{"href":"https:\/\/www.indieofilo.com\/en\/wp-json\/wp\/v2\/posts"}],"about":[{"href":"https:\/\/www.indieofilo.com\/en\/wp-json\/wp\/v2\/types\/post"}],"author":[{"embeddable":true,"href":"https:\/\/www.indieofilo.com\/en\/wp-json\/wp\/v2\/users\/1"}],"replies":[{"embeddable":true,"href":"https:\/\/www.indieofilo.com\/en\/wp-json\/wp\/v2\/comments?post=2389"}],"version-history":[{"count":0,"href":"https:\/\/www.indieofilo.com\/en\/wp-json\/wp\/v2\/posts\/2389\/revisions"}],"wp:attachment":[{"href":"https:\/\/www.indieofilo.com\/en\/wp-json\/wp\/v2\/media?parent=2389"}],"wp:term":[{"taxonomy":"category","embeddable":true,"href":"https:\/\/www.indieofilo.com\/en\/wp-json\/wp\/v2\/categories?post=2389"},{"taxonomy":"post_tag","embeddable":true,"href":"https:\/\/www.indieofilo.com\/en\/wp-json\/wp\/v2\/tags?post=2389"}],"curies":[{"name":"wp","href":"https:\/\/api.w.org\/{rel}","templated":true}]}}