{"id":2330,"date":"2015-08-07T23:47:45","date_gmt":"2015-08-07T21:47:45","guid":{"rendered":"http:\/\/indieofilo.com\/?p=2330"},"modified":"2023-09-20T11:34:26","modified_gmt":"2023-09-20T09:34:26","slug":"enjoy-outside-lands-2015-from-your-sofa","status":"publish","type":"post","link":"https:\/\/www.indieofilo.com\/en\/news\/enjoy-outside-lands-2015-from-your-sofa","title":{"rendered":"Enjoy Outside Lands 2015 from your sofa"},"content":{"rendered":"<p><img fetchpriority=\"high\" decoding=\"async\" alt=\"outside lands 2015\" class=\"aligncenter size-large wp-image-2326\" height=\"517\" src=\"http:\/\/indieofilo.com\/wp-content\/uploads\/2015\/08\/outside-lands-2015-800x517.png\" width=\"800\" \/><\/p>\n<p style=\"text-align: justify;\">\n\tThis weekend will be held in&nbsp;San Francisco the 8th&nbsp;edition of&nbsp;<strong>Outside Lands Festival<\/strong>, a&nbsp;multidisciplinary festival where besides the music you can enjoy also gastronomy, art and comedy.On the music side the main headliners of this edition are&nbsp;<strong>Elton John,&nbsp;Mumford &amp; Sons<\/strong> o<strong>&nbsp;The Black Keys<\/strong>, but if it has been impossible &nbsp;for you to fly to California state, the organizers have created&nbsp;a 3 channels Internet broadcast to&nbsp;enjoy a huge number of shows that will be available on<a href=\"http:\/\/www.sfoutsidelands.com\/\"> its official Website<\/a>.<\/p>\n<p style=\"text-align: center;\">\n\t<strong>Friday 7th August (All times are PT)<\/strong><\/p>\n<p style=\"text-align: center;\">\n\t<u style=\"text-align: center;\"><em>Channel&nbsp;1<\/em><\/u><\/p>\n<p style=\"text-align: center;\">\n\tFirst Aid Kit (partial)<br \/>\n3:30-3:45<\/p>\n<p style=\"text-align: center;\">\n\tGeorge Ezra<br \/>\n3:45-4:35<\/p>\n<p style=\"text-align: center;\">\n\tSt. Vincent<br \/>\n4:35-5:02 (partial)<\/p>\n<p style=\"text-align: center;\">\n\tGlass Animals<br \/>\n5:05-5:55<\/p>\n<p style=\"text-align: center;\">\n\tWilco<br \/>\n6:00-7:15<\/p>\n<p style=\"text-align: center;\">\n\tLeon Bridges<br \/>\n7:16-7:43 (partial)<\/p>\n<p style=\"text-align: center;\">\n\tD&#39;Angelo and The Vanguard<br \/>\n7:45-8:15<\/p>\n<p style=\"text-align: center;\">\n\tMumford &amp; Sons<br \/>\n8:18-10:18<\/p>\n<p style=\"text-align: center;\">\n\t<u style=\"text-align: center;\"><em>Channel 2<\/em><\/u><\/p>\n<p style=\"text-align: center;\">\n\tThe Sam Chase<br \/>\n3:34-3:40 (partial)<\/p>\n<p style=\"text-align: center;\">\n\tLindsey Stirling<br \/>\n3:40-4:30<\/p>\n<p style=\"text-align: center;\">\n\tSt. Vincent<br \/>\n4:30-5:30<\/p>\n<p style=\"text-align: center;\">\n\tStrand of Oaks<br \/>\n5:30-6:15<\/p>\n<p style=\"text-align: center;\">\n\tChet Faker<br \/>\n6:25-7:15<\/p>\n<p style=\"text-align: center;\">\n\tLeon Bridges<br \/>\n7:15-8:05<\/p>\n<p style=\"text-align: center;\">\n\tIration<br \/>\n8:05-8:50<\/p>\n<p style=\"text-align: center;\">\n\tWilco<br \/>\n8:50-10:05<\/p>\n<p style=\"text-align: center;\">\n\tMumford &amp; Sons<br \/>\n10:05-10:18<\/p>\n<p style=\"text-align: center;\">\n\t<u style=\"text-align: center;\"><em>Channel 3<\/em><\/u><\/p>\n<p style=\"text-align: center;\">\n\tFirst Aid Kit<br \/>\n3:34-4:00<\/p>\n<p style=\"text-align: center;\">\n\tThe Family Crest<br \/>\n4:00-4:50<\/p>\n<p style=\"text-align: center;\">\n\tRobert DeLong&nbsp;<br \/>\n4:50-5:35 (partial)<\/p>\n<p style=\"text-align: center;\">\n\tThe Revivalists<br \/>\n5:35-6:05 (partial)<\/p>\n<p style=\"text-align: center;\">\n\tThe Drums<br \/>\n6:05-6:45<\/p>\n<p style=\"text-align: center;\">\n\tLake Street Dive<br \/>\n6:45-7:40<\/p>\n<p style=\"text-align: center;\">\n\tD&#39;Angelo and the Vanguard<br \/>\n7:45-9:00<\/p>\n<p style=\"text-align: center;\">\n\tMumford &amp; Sons<br \/>\n9:00-10:18<\/p>\n<p style=\"text-align: center;\">\n\t<strong>Saturday&nbsp;8th&nbsp;August&nbsp;<\/strong><strong style=\"text-align: center;\">(All times are PT)<\/strong><\/p>\n<p style=\"text-align: center;\">\n\t<u style=\"text-align: center;\"><em>Channel&nbsp;1<\/em><\/u><\/p>\n<p style=\"text-align: center;\">\n\tLaura Marling<br \/>\n3:34-3:39 (partial)<\/p>\n<p style=\"text-align: center;\">\n\tCold War Kids<br \/>\n3:40-4:30<\/p>\n<p style=\"text-align: center;\">\n\tAngus &amp; Julia Stone<br \/>\n4:31-5:10<\/p>\n<p style=\"text-align: center;\">\n\tFantastic Negrito<br \/>\n5:13-5:37 (partial)<\/p>\n<p style=\"text-align: center;\">\n\tMilky Chance<br \/>\n5:40-6:30<\/p>\n<p style=\"text-align: center;\">\n\tWaters<br \/>\n6:33-7:04 (partial)<\/p>\n<p style=\"text-align: center;\">\n\tBen Harper &amp; The Innocent Criminals<br \/>\n7:07-8:22<\/p>\n<p style=\"text-align: center;\">\n\tThe Black Keys<br \/>\n8:25-9:55<br \/>\nLands End<\/p>\n<p style=\"text-align: center;\">\n\t<u style=\"text-align: center;\"><em>Channel 2<\/em><\/u><\/p>\n<p style=\"text-align: center;\">\n\tLaura Marling<br \/>\n3:34-3:50 (partial)<\/p>\n<p style=\"text-align: center;\">\n\tMac DeMarco<br \/>\n3:50-4:40<\/p>\n<p style=\"text-align: center;\">\n\tUnknown Mortal Orchestra<br \/>\n4:40-5:30<\/p>\n<p style=\"text-align: center;\">\n\tWaters<br \/>\n5:30-6:10<\/p>\n<p style=\"text-align: center;\">\n\tCold War Kids<br \/>\n6:10-6:55<\/p>\n<p style=\"text-align: center;\">\n\tG-Eazy<br \/>\n6:55-7:55<\/p>\n<p style=\"text-align: center;\">\n\tCLASSIXX<br \/>\n7:55-8:40<\/p>\n<p style=\"text-align: center;\">\n\t<span style=\"text-align: center;\">TBA!<\/span><\/p>\n<p>\t<span style=\"text-align: center;\">8:40<\/span><\/p>\n<p style=\"text-align: center;\">\n\t<u style=\"text-align: center;\"><em>Channel 3<\/em><\/u><\/p>\n<p style=\"text-align: center;\">\n\tHurray For The Riff Raff (partial)<br \/>\n3:34-4:40<\/p>\n<p style=\"text-align: center;\">\n\tDjango Django<br \/>\n4:05-4:50<\/p>\n<p style=\"text-align: center;\">\n\tLanghorne Slim &amp; The Law<br \/>\n4:50-5:40<\/p>\n<p style=\"text-align: center;\">\n\tToro y Moi<br \/>\n5:40-6:30<\/p>\n<p style=\"text-align: center;\">\n\tGiraffage<br \/>\n6:30-7:15<\/p>\n<p style=\"text-align: center;\">\n\tBen Harper &amp; The Innocent Criminals<br \/>\n7:15-8:25<\/p>\n<p style=\"text-align: center;\">\n\tThe Black Keys<br \/>\n8:25-9:55<\/p>\n<p style=\"text-align: center;\">\n\t<strong style=\"text-align: center;\">Sunday, 9th August&nbsp;(All times are PT)<\/strong><\/p>\n<p style=\"text-align: center;\">\n\t<u><em>Channel&nbsp;1<\/em><\/u><\/p>\n<p style=\"text-align: center;\">\n\tSt. Paul and The Broken Bones<br \/>\n3:32-3:42 (partial part 1)<\/p>\n<p style=\"text-align: center;\">\n\tNate Ruess<br \/>\n3:43-4:33<\/p>\n<p style=\"text-align: center;\">\n\tSky Ferreira<br \/>\n4:35-5:25<\/p>\n<p style=\"text-align: center;\">\n\tHot Chip<br \/>\n5:27-5:47 (partial)<\/p>\n<p style=\"text-align: center;\">\n\tSam Smith<br \/>\n5:50-6:50<\/p>\n<p style=\"text-align: center;\">\n\tTBA!<br \/>\n6:53-7:30<\/p>\n<p style=\"text-align: center;\">\n\tElton John<br \/>\n7:35-9:35<\/p>\n<p style=\"text-align: center;\">\n\t<u><em>Channel&nbsp;2<\/em><\/u><\/p>\n<p style=\"text-align: center;\">\n\tDJ Mustard<br \/>\n3:32-4:20<\/p>\n<p style=\"text-align: center;\">\n\tRyn Weaver<br \/>\n4:20-5:00<\/p>\n<p style=\"text-align: center;\">\n\tSt. Paul and The Broken Bones<br \/>\n5:00-5:50<\/p>\n<p style=\"text-align: center;\">\n\tDan Deacon<br \/>\n5:55-6:35<\/p>\n<p style=\"text-align: center;\">\n\tHot Chip<br \/>\n6:40-7:40<\/p>\n<p style=\"text-align: center;\">\n\tTBA!<br \/>\n7:40-8:25<\/p>\n<p style=\"text-align: center;\">\n\tAxwell &amp; Ingrosso<br \/>\n8:25-9:35<\/p>\n<p style=\"text-align: center;\">\n\t<u>Channel 3<\/u><\/p>\n<p style=\"text-align: center;\">\n\tDMA&#39;s<br \/>\n3:32-4:05 (partial)<\/p>\n<p style=\"text-align: center;\">\n\tShakey Graves<br \/>\n4:05-4:55<\/p>\n<p style=\"text-align: center;\">\n\tAllah-Las<br \/>\n4:55-5:35<\/p>\n<p style=\"text-align: center;\">\n\tKarl Denson&#39;s Tiny Universe<br \/>\n5:35-6:05 (partial)<\/p>\n<p style=\"text-align: center;\">\n\tBenjamin Booker<br \/>\n6:05-6:50<\/p>\n<p style=\"text-align: center;\">\n\tTBA!<br \/>\n6:50-7:40<\/p>\n<p style=\"text-align: center;\">\n\tSlightly Stoopid<br \/>\n7:40-8:55<\/p>\n<p style=\"text-align: center;\">\n\tElton John<br \/>\n8:55-9:35<\/p>\n","protected":false},"excerpt":{"rendered":"<p>This weekend will be held in&nbsp;San Francisco the 8th&nbsp;edition of&nbsp;Outside Lands Festival, a&nbsp;multidisciplinary festival where besides the music you can enjoy also gastronomy, art and comedy.On the music side the main headliners of this edition are&nbsp;Elton John,&nbsp;Mumford &amp; Sons o&nbsp;The Black Keys, but if it has been impossible &nbsp;for you to fly to California state, [&hellip;]<\/p>\n","protected":false},"author":1,"featured_media":18556,"comment_status":"closed","ping_status":"closed","sticky":false,"template":"","format":"standard","meta":{"footnotes":""},"categories":[8,20],"tags":[6283,6284,6105,5685,6285,6286,5514,5690],"class_list":["post-2330","post","type-post","status-publish","format-standard","has-post-thumbnail","hentry","category-news","category-streaming-en","tag-chet-faker-en","tag-elton-john-en","tag-hot-chip-en","tag-mumford-sons-en","tag-outside-lands-en","tag-outside-lands-2015-en","tag-the-black-keys-en","tag-wilco-en"],"yoast_head":"<!-- This site is optimized with the Yoast SEO Premium plugin v23.9 (Yoast SEO v26.6) - https:\/\/yoast.com\/wordpress\/plugins\/seo\/ -->\n<title>Enjoy Outside Lands 2015 from your sofa - Indie\u00f3filo<\/title>\n<meta name=\"description\" content=\"This weekend, enjoy on streaming the shows of Elton John, Mumford &amp; Sons, Wilco or The Black Keys at Outside Lands 2015 thanks to streaming.\" \/>\n<meta name=\"robots\" content=\"index, follow, max-snippet:-1, max-image-preview:large, max-video-preview:-1\" \/>\n<link rel=\"canonical\" href=\"https:\/\/www.indieofilo.com\/en\/news\/enjoy-outside-lands-2015-from-your-sofa\" \/>\n<meta property=\"og:locale\" content=\"en_US\" \/>\n<meta property=\"og:type\" content=\"article\" \/>\n<meta property=\"og:title\" content=\"Enjoy Outside Lands 2015 from your sofa\" \/>\n<meta property=\"og:description\" content=\"This weekend, enjoy on streaming the shows of Elton John, Mumford &amp; Sons, Wilco or The Black Keys at Outside Lands 2015 thanks to streaming.\" \/>\n<meta property=\"og:url\" content=\"https:\/\/www.indieofilo.com\/en\/news\/enjoy-outside-lands-2015-from-your-sofa\" \/>\n<meta property=\"og:site_name\" content=\"Indie\u00f3filo\" \/>\n<meta property=\"article:publisher\" content=\"https:\/\/www.facebook.com\/Indieofilo\/\" \/>\n<meta property=\"article:published_time\" content=\"2015-08-07T21:47:45+00:00\" \/>\n<meta property=\"article:modified_time\" content=\"2023-09-20T09:34:26+00:00\" \/>\n<meta property=\"og:image\" content=\"https:\/\/www.indieofilo.com\/wp-content\/uploads\/2015\/08\/outside-lands-2015.png\" \/>\n\t<meta property=\"og:image:width\" content=\"807\" \/>\n\t<meta property=\"og:image:height\" content=\"522\" \/>\n\t<meta property=\"og:image:type\" content=\"image\/png\" \/>\n<meta name=\"author\" content=\"Victor\" \/>\n<meta name=\"twitter:card\" content=\"summary_large_image\" \/>\n<meta name=\"twitter:creator\" content=\"@indieofilo\" \/>\n<meta name=\"twitter:site\" content=\"@indieofilo\" \/>\n<meta name=\"twitter:label1\" content=\"Written by\" \/>\n\t<meta name=\"twitter:data1\" content=\"Victor\" \/>\n\t<meta name=\"twitter:label2\" content=\"Est. reading time\" \/>\n\t<meta name=\"twitter:data2\" content=\"2 minutes\" \/>\n<script type=\"application\/ld+json\" class=\"yoast-schema-graph\">{\"@context\":\"https:\/\/schema.org\",\"@graph\":[{\"@type\":\"Article\",\"@id\":\"https:\/\/www.indieofilo.com\/en\/news\/enjoy-outside-lands-2015-from-your-sofa#article\",\"isPartOf\":{\"@id\":\"https:\/\/www.indieofilo.com\/en\/news\/enjoy-outside-lands-2015-from-your-sofa\"},\"author\":{\"name\":\"Victor\",\"@id\":\"https:\/\/www.indieofilo.com\/#\/schema\/person\/595334d38590e4ce5a09f83cbf2fca90\"},\"headline\":\"Enjoy Outside Lands 2015 from your sofa\",\"datePublished\":\"2015-08-07T21:47:45+00:00\",\"dateModified\":\"2023-09-20T09:34:26+00:00\",\"mainEntityOfPage\":{\"@id\":\"https:\/\/www.indieofilo.com\/en\/news\/enjoy-outside-lands-2015-from-your-sofa\"},\"wordCount\":404,\"publisher\":{\"@id\":\"https:\/\/www.indieofilo.com\/#organization\"},\"image\":{\"@id\":\"https:\/\/www.indieofilo.com\/en\/news\/enjoy-outside-lands-2015-from-your-sofa#primaryimage\"},\"thumbnailUrl\":\"https:\/\/www.indieofilo.com\/wp-content\/uploads\/2015\/08\/outside-lands-2015.png\",\"keywords\":[\"Chet Faker\",\"Elton John\",\"Hot Chip\",\"Mumford &amp; Sons\",\"Outside Lands\",\"Outside Lands 2015\",\"The Black Keys\",\"Wilco\"],\"articleSection\":[\"News\",\"Streaming\"],\"inLanguage\":\"en-US\"},{\"@type\":\"WebPage\",\"@id\":\"https:\/\/www.indieofilo.com\/en\/news\/enjoy-outside-lands-2015-from-your-sofa\",\"url\":\"https:\/\/www.indieofilo.com\/en\/news\/enjoy-outside-lands-2015-from-your-sofa\",\"name\":\"Enjoy Outside Lands 2015 from your sofa - Indie\u00f3filo\",\"isPartOf\":{\"@id\":\"https:\/\/www.indieofilo.com\/#website\"},\"primaryImageOfPage\":{\"@id\":\"https:\/\/www.indieofilo.com\/en\/news\/enjoy-outside-lands-2015-from-your-sofa#primaryimage\"},\"image\":{\"@id\":\"https:\/\/www.indieofilo.com\/en\/news\/enjoy-outside-lands-2015-from-your-sofa#primaryimage\"},\"thumbnailUrl\":\"https:\/\/www.indieofilo.com\/wp-content\/uploads\/2015\/08\/outside-lands-2015.png\",\"datePublished\":\"2015-08-07T21:47:45+00:00\",\"dateModified\":\"2023-09-20T09:34:26+00:00\",\"description\":\"This weekend, enjoy on streaming the shows of Elton John, Mumford & Sons, Wilco or The Black Keys at Outside Lands 2015 thanks to streaming.\",\"breadcrumb\":{\"@id\":\"https:\/\/www.indieofilo.com\/en\/news\/enjoy-outside-lands-2015-from-your-sofa#breadcrumb\"},\"inLanguage\":\"en-US\",\"potentialAction\":[{\"@type\":\"ReadAction\",\"target\":[\"https:\/\/www.indieofilo.com\/en\/news\/enjoy-outside-lands-2015-from-your-sofa\"]}]},{\"@type\":\"ImageObject\",\"inLanguage\":\"en-US\",\"@id\":\"https:\/\/www.indieofilo.com\/en\/news\/enjoy-outside-lands-2015-from-your-sofa#primaryimage\",\"url\":\"https:\/\/www.indieofilo.com\/wp-content\/uploads\/2015\/08\/outside-lands-2015.png\",\"contentUrl\":\"https:\/\/www.indieofilo.com\/wp-content\/uploads\/2015\/08\/outside-lands-2015.png\",\"width\":807,\"height\":522},{\"@type\":\"BreadcrumbList\",\"@id\":\"https:\/\/www.indieofilo.com\/en\/news\/enjoy-outside-lands-2015-from-your-sofa#breadcrumb\",\"itemListElement\":[{\"@type\":\"ListItem\",\"position\":1,\"name\":\"Portada\",\"item\":\"https:\/\/www.indieofilo.com\/en\"},{\"@type\":\"ListItem\",\"position\":2,\"name\":\"Enjoy Outside Lands 2015 from your sofa\"}]},{\"@type\":\"WebSite\",\"@id\":\"https:\/\/www.indieofilo.com\/#website\",\"url\":\"https:\/\/www.indieofilo.com\/\",\"name\":\"Indie\u00f3filo\",\"description\":\"Magazine online de la cultura independiente\",\"publisher\":{\"@id\":\"https:\/\/www.indieofilo.com\/#organization\"},\"potentialAction\":[{\"@type\":\"SearchAction\",\"target\":{\"@type\":\"EntryPoint\",\"urlTemplate\":\"https:\/\/www.indieofilo.com\/?s={search_term_string}\"},\"query-input\":{\"@type\":\"PropertyValueSpecification\",\"valueRequired\":true,\"valueName\":\"search_term_string\"}}],\"inLanguage\":\"en-US\"},{\"@type\":\"Organization\",\"@id\":\"https:\/\/www.indieofilo.com\/#organization\",\"name\":\"Indie\u00f3filo Web\",\"url\":\"https:\/\/www.indieofilo.com\/\",\"logo\":{\"@type\":\"ImageObject\",\"inLanguage\":\"en-US\",\"@id\":\"https:\/\/www.indieofilo.com\/#\/schema\/logo\/image\/\",\"url\":\"https:\/\/www.indieofilo.com\/wp-content\/uploads\/2015\/02\/logo-alta-resolucion.png\",\"contentUrl\":\"https:\/\/www.indieofilo.com\/wp-content\/uploads\/2015\/02\/logo-alta-resolucion.png\",\"width\":544,\"height\":185,\"caption\":\"Indie\u00f3filo Web\"},\"image\":{\"@id\":\"https:\/\/www.indieofilo.com\/#\/schema\/logo\/image\/\"},\"sameAs\":[\"https:\/\/www.facebook.com\/Indieofilo\/\",\"https:\/\/x.com\/indieofilo\",\"https:\/\/www.instagram.com\/indieofilo\/\"]},{\"@type\":\"Person\",\"@id\":\"https:\/\/www.indieofilo.com\/#\/schema\/person\/595334d38590e4ce5a09f83cbf2fca90\",\"name\":\"Victor\",\"image\":{\"@type\":\"ImageObject\",\"inLanguage\":\"en-US\",\"@id\":\"https:\/\/www.indieofilo.com\/#\/schema\/person\/image\/\",\"url\":\"https:\/\/secure.gravatar.com\/avatar\/682b8c6ea3e94b6cffec683b25f1797d?s=96&d=mm&r=g\",\"contentUrl\":\"https:\/\/secure.gravatar.com\/avatar\/682b8c6ea3e94b6cffec683b25f1797d?s=96&d=mm&r=g\",\"caption\":\"Victor\"},\"description\":\"Fan\u00e1tico de la m\u00fasica desde que mis padres me pon\u00edan a Eydie Gorme y Los Panchos o el Discotuna por la A2. Intent\u00e9 tocar varios instrumentos, pero soy muy torpe con la mano izquierda, as\u00ed que ya sab\u00e9is el resultado final. Fan del britpop, Post-punk, el rugby y el baloncesto...\",\"sameAs\":[\"http:\/\/indieofilo.com\"],\"url\":\"https:\/\/www.indieofilo.com\/en\/author\/victor\"}]}<\/script>\n<!-- \/ Yoast SEO Premium plugin. -->","yoast_head_json":{"title":"Enjoy Outside Lands 2015 from your sofa - Indie\u00f3filo","description":"This weekend, enjoy on streaming the shows of Elton John, Mumford & Sons, Wilco or The Black Keys at Outside Lands 2015 thanks to streaming.","robots":{"index":"index","follow":"follow","max-snippet":"max-snippet:-1","max-image-preview":"max-image-preview:large","max-video-preview":"max-video-preview:-1"},"canonical":"https:\/\/www.indieofilo.com\/en\/news\/enjoy-outside-lands-2015-from-your-sofa","og_locale":"en_US","og_type":"article","og_title":"Enjoy Outside Lands 2015 from your sofa","og_description":"This weekend, enjoy on streaming the shows of Elton John, Mumford & Sons, Wilco or The Black Keys at Outside Lands 2015 thanks to streaming.","og_url":"https:\/\/www.indieofilo.com\/en\/news\/enjoy-outside-lands-2015-from-your-sofa","og_site_name":"Indie\u00f3filo","article_publisher":"https:\/\/www.facebook.com\/Indieofilo\/","article_published_time":"2015-08-07T21:47:45+00:00","article_modified_time":"2023-09-20T09:34:26+00:00","og_image":[{"width":807,"height":522,"url":"https:\/\/www.indieofilo.com\/wp-content\/uploads\/2015\/08\/outside-lands-2015.png","type":"image\/png"}],"author":"Victor","twitter_card":"summary_large_image","twitter_creator":"@indieofilo","twitter_site":"@indieofilo","twitter_misc":{"Written by":"Victor","Est. reading time":"2 minutes"},"schema":{"@context":"https:\/\/schema.org","@graph":[{"@type":"Article","@id":"https:\/\/www.indieofilo.com\/en\/news\/enjoy-outside-lands-2015-from-your-sofa#article","isPartOf":{"@id":"https:\/\/www.indieofilo.com\/en\/news\/enjoy-outside-lands-2015-from-your-sofa"},"author":{"name":"Victor","@id":"https:\/\/www.indieofilo.com\/#\/schema\/person\/595334d38590e4ce5a09f83cbf2fca90"},"headline":"Enjoy Outside Lands 2015 from your sofa","datePublished":"2015-08-07T21:47:45+00:00","dateModified":"2023-09-20T09:34:26+00:00","mainEntityOfPage":{"@id":"https:\/\/www.indieofilo.com\/en\/news\/enjoy-outside-lands-2015-from-your-sofa"},"wordCount":404,"publisher":{"@id":"https:\/\/www.indieofilo.com\/#organization"},"image":{"@id":"https:\/\/www.indieofilo.com\/en\/news\/enjoy-outside-lands-2015-from-your-sofa#primaryimage"},"thumbnailUrl":"https:\/\/www.indieofilo.com\/wp-content\/uploads\/2015\/08\/outside-lands-2015.png","keywords":["Chet Faker","Elton John","Hot Chip","Mumford &amp; Sons","Outside Lands","Outside Lands 2015","The Black Keys","Wilco"],"articleSection":["News","Streaming"],"inLanguage":"en-US"},{"@type":"WebPage","@id":"https:\/\/www.indieofilo.com\/en\/news\/enjoy-outside-lands-2015-from-your-sofa","url":"https:\/\/www.indieofilo.com\/en\/news\/enjoy-outside-lands-2015-from-your-sofa","name":"Enjoy Outside Lands 2015 from your sofa - Indie\u00f3filo","isPartOf":{"@id":"https:\/\/www.indieofilo.com\/#website"},"primaryImageOfPage":{"@id":"https:\/\/www.indieofilo.com\/en\/news\/enjoy-outside-lands-2015-from-your-sofa#primaryimage"},"image":{"@id":"https:\/\/www.indieofilo.com\/en\/news\/enjoy-outside-lands-2015-from-your-sofa#primaryimage"},"thumbnailUrl":"https:\/\/www.indieofilo.com\/wp-content\/uploads\/2015\/08\/outside-lands-2015.png","datePublished":"2015-08-07T21:47:45+00:00","dateModified":"2023-09-20T09:34:26+00:00","description":"This weekend, enjoy on streaming the shows of Elton John, Mumford & Sons, Wilco or The Black Keys at Outside Lands 2015 thanks to streaming.","breadcrumb":{"@id":"https:\/\/www.indieofilo.com\/en\/news\/enjoy-outside-lands-2015-from-your-sofa#breadcrumb"},"inLanguage":"en-US","potentialAction":[{"@type":"ReadAction","target":["https:\/\/www.indieofilo.com\/en\/news\/enjoy-outside-lands-2015-from-your-sofa"]}]},{"@type":"ImageObject","inLanguage":"en-US","@id":"https:\/\/www.indieofilo.com\/en\/news\/enjoy-outside-lands-2015-from-your-sofa#primaryimage","url":"https:\/\/www.indieofilo.com\/wp-content\/uploads\/2015\/08\/outside-lands-2015.png","contentUrl":"https:\/\/www.indieofilo.com\/wp-content\/uploads\/2015\/08\/outside-lands-2015.png","width":807,"height":522},{"@type":"BreadcrumbList","@id":"https:\/\/www.indieofilo.com\/en\/news\/enjoy-outside-lands-2015-from-your-sofa#breadcrumb","itemListElement":[{"@type":"ListItem","position":1,"name":"Portada","item":"https:\/\/www.indieofilo.com\/en"},{"@type":"ListItem","position":2,"name":"Enjoy Outside Lands 2015 from your sofa"}]},{"@type":"WebSite","@id":"https:\/\/www.indieofilo.com\/#website","url":"https:\/\/www.indieofilo.com\/","name":"Indie\u00f3filo","description":"Magazine online de la cultura independiente","publisher":{"@id":"https:\/\/www.indieofilo.com\/#organization"},"potentialAction":[{"@type":"SearchAction","target":{"@type":"EntryPoint","urlTemplate":"https:\/\/www.indieofilo.com\/?s={search_term_string}"},"query-input":{"@type":"PropertyValueSpecification","valueRequired":true,"valueName":"search_term_string"}}],"inLanguage":"en-US"},{"@type":"Organization","@id":"https:\/\/www.indieofilo.com\/#organization","name":"Indie\u00f3filo Web","url":"https:\/\/www.indieofilo.com\/","logo":{"@type":"ImageObject","inLanguage":"en-US","@id":"https:\/\/www.indieofilo.com\/#\/schema\/logo\/image\/","url":"https:\/\/www.indieofilo.com\/wp-content\/uploads\/2015\/02\/logo-alta-resolucion.png","contentUrl":"https:\/\/www.indieofilo.com\/wp-content\/uploads\/2015\/02\/logo-alta-resolucion.png","width":544,"height":185,"caption":"Indie\u00f3filo Web"},"image":{"@id":"https:\/\/www.indieofilo.com\/#\/schema\/logo\/image\/"},"sameAs":["https:\/\/www.facebook.com\/Indieofilo\/","https:\/\/x.com\/indieofilo","https:\/\/www.instagram.com\/indieofilo\/"]},{"@type":"Person","@id":"https:\/\/www.indieofilo.com\/#\/schema\/person\/595334d38590e4ce5a09f83cbf2fca90","name":"Victor","image":{"@type":"ImageObject","inLanguage":"en-US","@id":"https:\/\/www.indieofilo.com\/#\/schema\/person\/image\/","url":"https:\/\/secure.gravatar.com\/avatar\/682b8c6ea3e94b6cffec683b25f1797d?s=96&d=mm&r=g","contentUrl":"https:\/\/secure.gravatar.com\/avatar\/682b8c6ea3e94b6cffec683b25f1797d?s=96&d=mm&r=g","caption":"Victor"},"description":"Fan\u00e1tico de la m\u00fasica desde que mis padres me pon\u00edan a Eydie Gorme y Los Panchos o el Discotuna por la A2. Intent\u00e9 tocar varios instrumentos, pero soy muy torpe con la mano izquierda, as\u00ed que ya sab\u00e9is el resultado final. Fan del britpop, Post-punk, el rugby y el baloncesto...","sameAs":["http:\/\/indieofilo.com"],"url":"https:\/\/www.indieofilo.com\/en\/author\/victor"}]}},"_links":{"self":[{"href":"https:\/\/www.indieofilo.com\/en\/wp-json\/wp\/v2\/posts\/2330","targetHints":{"allow":["GET"]}}],"collection":[{"href":"https:\/\/www.indieofilo.com\/en\/wp-json\/wp\/v2\/posts"}],"about":[{"href":"https:\/\/www.indieofilo.com\/en\/wp-json\/wp\/v2\/types\/post"}],"author":[{"embeddable":true,"href":"https:\/\/www.indieofilo.com\/en\/wp-json\/wp\/v2\/users\/1"}],"replies":[{"embeddable":true,"href":"https:\/\/www.indieofilo.com\/en\/wp-json\/wp\/v2\/comments?post=2330"}],"version-history":[{"count":0,"href":"https:\/\/www.indieofilo.com\/en\/wp-json\/wp\/v2\/posts\/2330\/revisions"}],"wp:featuredmedia":[{"embeddable":true,"href":"https:\/\/www.indieofilo.com\/en\/wp-json\/wp\/v2\/media\/18556"}],"wp:attachment":[{"href":"https:\/\/www.indieofilo.com\/en\/wp-json\/wp\/v2\/media?parent=2330"}],"wp:term":[{"taxonomy":"category","embeddable":true,"href":"https:\/\/www.indieofilo.com\/en\/wp-json\/wp\/v2\/categories?post=2330"},{"taxonomy":"post_tag","embeddable":true,"href":"https:\/\/www.indieofilo.com\/en\/wp-json\/wp\/v2\/tags?post=2330"}],"curies":[{"name":"wp","href":"https:\/\/api.w.org\/{rel}","templated":true}]}}