{"id":2263,"date":"2015-07-30T20:37:53","date_gmt":"2015-07-30T18:37:53","guid":{"rendered":"http:\/\/indieofilo.com\/?p=2263"},"modified":"2023-09-20T11:42:08","modified_gmt":"2023-09-20T09:42:08","slug":"published-timetable-for-lowlands-2015","status":"publish","type":"post","link":"https:\/\/www.indieofilo.com\/en\/news\/live-shows\/published-timetable-for-lowlands-2015","title":{"rendered":"Published timetable for Lowlands 2015"},"content":{"rendered":"<p style=\"text-align: justify;\">\n\t<img fetchpriority=\"high\" decoding=\"async\" alt=\"timetable lowlands 2015\" class=\"aligncenter size-full wp-image-2265\" height=\"546\" src=\"http:\/\/indieofilo.com\/wp-content\/uploads\/2015\/07\/timetable-lowlands.png\" width=\"667\" srcset=\"https:\/\/www.indieofilo.com\/wp-content\/uploads\/2015\/07\/timetable-lowlands.png 667w, https:\/\/www.indieofilo.com\/wp-content\/uploads\/2015\/07\/timetable-lowlands-300x246.png 300w\" sizes=\"(max-width: 667px) 100vw, 667px\" \/><strong>Lowlands 2015<\/strong>, the Dutch festival that will be held on Biddinghuizen (Flevoland province)&nbsp;from 21st to 23rd of August,&nbsp;has just announced the timetable. With <strong>The Chemical Brothers<\/strong>,&nbsp;<strong>Major Lazer<\/strong>&nbsp;or <b>Ben Howars<\/b>&nbsp;as main names, the festival also includes other big names as <strong>FFS (Franz Ferdinand +&nbsp;Sparks), Kendrick Lamar, Tame Impala, Paolo Nutini&nbsp;<\/strong>or<strong> Interpol<\/strong>. You can check they and also prepare <a href=\"http:\/\/lowlands.nl\/blokkenschema\/\" target=\"_blank\" rel=\"noopener\">your own schema here<\/a>.<\/p>\n<p style=\"text-align: justify;\">\n\tWeekend tickets are yet available on <a href=\"http:\/\/lowlands.nl\/tickets\/\" target=\"_blank\" rel=\"noopener\">its official Website<\/a>, with a starting price of &euro;195.<\/p>\n","protected":false},"excerpt":{"rendered":"<p>Lowlands 2015, the Dutch festival that will be held on Biddinghuizen (Flevoland province)&nbsp;from 21st to 23rd of August,&nbsp;has just announced the timetable. With The Chemical Brothers,&nbsp;Major Lazer&nbsp;or Ben Howars&nbsp;as main names, the festival also includes other big names as FFS (Franz Ferdinand +&nbsp;Sparks), Kendrick Lamar, Tame Impala, Paolo Nutini&nbsp;or Interpol. You can check they and [&hellip;]<\/p>\n","protected":false},"author":1,"featured_media":2265,"comment_status":"closed","ping_status":"closed","sticky":false,"template":"","format":"standard","meta":{"footnotes":""},"categories":[41,8],"tags":[5396,6264],"class_list":["post-2263","post","type-post","status-publish","format-standard","has-post-thumbnail","hentry","category-live-shows","category-news","tag-lowlands-en","tag-lowlands-2015-en"],"yoast_head":"<!-- This site is optimized with the Yoast SEO Premium plugin v23.9 (Yoast SEO v26.6) - https:\/\/yoast.com\/wordpress\/plugins\/seo\/ -->\n<title>Published timetable for Lowlands 2015 - Indie\u00f3filo<\/title>\n<meta name=\"description\" content=\"Lowlands 2015, the festival that will be held from 21st to 23rd August on Biddinghuizen has just announced the timetable for the weekend.\" \/>\n<meta name=\"robots\" content=\"index, follow, max-snippet:-1, max-image-preview:large, max-video-preview:-1\" \/>\n<link rel=\"canonical\" href=\"https:\/\/www.indieofilo.com\/en\/news\/published-timetable-for-lowlands-2015\" \/>\n<meta property=\"og:locale\" content=\"en_US\" \/>\n<meta property=\"og:type\" content=\"article\" \/>\n<meta property=\"og:title\" content=\"Published timetable for Lowlands 2015\" \/>\n<meta property=\"og:description\" content=\"Lowlands 2015, the festival that will be held from 21st to 23rd August on Biddinghuizen has just announced the timetable for the weekend.\" \/>\n<meta property=\"og:url\" content=\"https:\/\/www.indieofilo.com\/en\/news\/published-timetable-for-lowlands-2015\" \/>\n<meta property=\"og:site_name\" content=\"Indie\u00f3filo\" \/>\n<meta property=\"article:publisher\" content=\"https:\/\/www.facebook.com\/Indieofilo\/\" \/>\n<meta property=\"article:published_time\" content=\"2015-07-30T18:37:53+00:00\" \/>\n<meta property=\"article:modified_time\" content=\"2023-09-20T09:42:08+00:00\" \/>\n<meta property=\"og:image\" content=\"https:\/\/www.indieofilo.com\/wp-content\/uploads\/2015\/07\/timetable-lowlands.png\" \/>\n\t<meta property=\"og:image:width\" content=\"667\" \/>\n\t<meta property=\"og:image:height\" content=\"546\" \/>\n\t<meta property=\"og:image:type\" content=\"image\/png\" \/>\n<meta name=\"author\" content=\"Victor\" \/>\n<meta name=\"twitter:card\" content=\"summary_large_image\" \/>\n<meta name=\"twitter:creator\" content=\"@indieofilo\" \/>\n<meta name=\"twitter:site\" content=\"@indieofilo\" \/>\n<meta name=\"twitter:label1\" content=\"Written by\" \/>\n\t<meta name=\"twitter:data1\" content=\"Victor\" \/>\n\t<meta name=\"twitter:label2\" content=\"Est. reading time\" \/>\n\t<meta name=\"twitter:data2\" content=\"1 minute\" \/>\n<script type=\"application\/ld+json\" class=\"yoast-schema-graph\">{\"@context\":\"https:\/\/schema.org\",\"@graph\":[{\"@type\":\"Article\",\"@id\":\"https:\/\/www.indieofilo.com\/en\/news\/published-timetable-for-lowlands-2015#article\",\"isPartOf\":{\"@id\":\"https:\/\/www.indieofilo.com\/en\/news\/published-timetable-for-lowlands-2015\"},\"author\":{\"name\":\"Victor\",\"@id\":\"https:\/\/www.indieofilo.com\/#\/schema\/person\/595334d38590e4ce5a09f83cbf2fca90\"},\"headline\":\"Published timetable for Lowlands 2015\",\"datePublished\":\"2015-07-30T18:37:53+00:00\",\"dateModified\":\"2023-09-20T09:42:08+00:00\",\"mainEntityOfPage\":{\"@id\":\"https:\/\/www.indieofilo.com\/en\/news\/published-timetable-for-lowlands-2015\"},\"wordCount\":92,\"publisher\":{\"@id\":\"https:\/\/www.indieofilo.com\/#organization\"},\"image\":{\"@id\":\"https:\/\/www.indieofilo.com\/en\/news\/published-timetable-for-lowlands-2015#primaryimage\"},\"thumbnailUrl\":\"https:\/\/www.indieofilo.com\/wp-content\/uploads\/2015\/07\/timetable-lowlands.png\",\"keywords\":[\"Lowlands\",\"Lowlands 2015\"],\"articleSection\":[\"Live Shows\",\"News\"],\"inLanguage\":\"en-US\"},{\"@type\":\"WebPage\",\"@id\":\"https:\/\/www.indieofilo.com\/en\/news\/published-timetable-for-lowlands-2015\",\"url\":\"https:\/\/www.indieofilo.com\/en\/news\/published-timetable-for-lowlands-2015\",\"name\":\"Published timetable for Lowlands 2015 - Indie\u00f3filo\",\"isPartOf\":{\"@id\":\"https:\/\/www.indieofilo.com\/#website\"},\"primaryImageOfPage\":{\"@id\":\"https:\/\/www.indieofilo.com\/en\/news\/published-timetable-for-lowlands-2015#primaryimage\"},\"image\":{\"@id\":\"https:\/\/www.indieofilo.com\/en\/news\/published-timetable-for-lowlands-2015#primaryimage\"},\"thumbnailUrl\":\"https:\/\/www.indieofilo.com\/wp-content\/uploads\/2015\/07\/timetable-lowlands.png\",\"datePublished\":\"2015-07-30T18:37:53+00:00\",\"dateModified\":\"2023-09-20T09:42:08+00:00\",\"description\":\"Lowlands 2015, the festival that will be held from 21st to 23rd August on Biddinghuizen has just announced the timetable for the weekend.\",\"breadcrumb\":{\"@id\":\"https:\/\/www.indieofilo.com\/en\/news\/published-timetable-for-lowlands-2015#breadcrumb\"},\"inLanguage\":\"en-US\",\"potentialAction\":[{\"@type\":\"ReadAction\",\"target\":[\"https:\/\/www.indieofilo.com\/en\/news\/published-timetable-for-lowlands-2015\"]}]},{\"@type\":\"ImageObject\",\"inLanguage\":\"en-US\",\"@id\":\"https:\/\/www.indieofilo.com\/en\/news\/published-timetable-for-lowlands-2015#primaryimage\",\"url\":\"https:\/\/www.indieofilo.com\/wp-content\/uploads\/2015\/07\/timetable-lowlands.png\",\"contentUrl\":\"https:\/\/www.indieofilo.com\/wp-content\/uploads\/2015\/07\/timetable-lowlands.png\",\"width\":667,\"height\":546,\"caption\":\"timetable lowlands 2015\"},{\"@type\":\"BreadcrumbList\",\"@id\":\"https:\/\/www.indieofilo.com\/en\/news\/published-timetable-for-lowlands-2015#breadcrumb\",\"itemListElement\":[{\"@type\":\"ListItem\",\"position\":1,\"name\":\"Portada\",\"item\":\"https:\/\/www.indieofilo.com\/en\"},{\"@type\":\"ListItem\",\"position\":2,\"name\":\"Published timetable for Lowlands 2015\"}]},{\"@type\":\"WebSite\",\"@id\":\"https:\/\/www.indieofilo.com\/#website\",\"url\":\"https:\/\/www.indieofilo.com\/\",\"name\":\"Indie\u00f3filo\",\"description\":\"Magazine online de la cultura independiente\",\"publisher\":{\"@id\":\"https:\/\/www.indieofilo.com\/#organization\"},\"potentialAction\":[{\"@type\":\"SearchAction\",\"target\":{\"@type\":\"EntryPoint\",\"urlTemplate\":\"https:\/\/www.indieofilo.com\/?s={search_term_string}\"},\"query-input\":{\"@type\":\"PropertyValueSpecification\",\"valueRequired\":true,\"valueName\":\"search_term_string\"}}],\"inLanguage\":\"en-US\"},{\"@type\":\"Organization\",\"@id\":\"https:\/\/www.indieofilo.com\/#organization\",\"name\":\"Indie\u00f3filo Web\",\"url\":\"https:\/\/www.indieofilo.com\/\",\"logo\":{\"@type\":\"ImageObject\",\"inLanguage\":\"en-US\",\"@id\":\"https:\/\/www.indieofilo.com\/#\/schema\/logo\/image\/\",\"url\":\"https:\/\/www.indieofilo.com\/wp-content\/uploads\/2015\/02\/logo-alta-resolucion.png\",\"contentUrl\":\"https:\/\/www.indieofilo.com\/wp-content\/uploads\/2015\/02\/logo-alta-resolucion.png\",\"width\":544,\"height\":185,\"caption\":\"Indie\u00f3filo Web\"},\"image\":{\"@id\":\"https:\/\/www.indieofilo.com\/#\/schema\/logo\/image\/\"},\"sameAs\":[\"https:\/\/www.facebook.com\/Indieofilo\/\",\"https:\/\/x.com\/indieofilo\",\"https:\/\/www.instagram.com\/indieofilo\/\"]},{\"@type\":\"Person\",\"@id\":\"https:\/\/www.indieofilo.com\/#\/schema\/person\/595334d38590e4ce5a09f83cbf2fca90\",\"name\":\"Victor\",\"image\":{\"@type\":\"ImageObject\",\"inLanguage\":\"en-US\",\"@id\":\"https:\/\/www.indieofilo.com\/#\/schema\/person\/image\/\",\"url\":\"https:\/\/secure.gravatar.com\/avatar\/682b8c6ea3e94b6cffec683b25f1797d?s=96&d=mm&r=g\",\"contentUrl\":\"https:\/\/secure.gravatar.com\/avatar\/682b8c6ea3e94b6cffec683b25f1797d?s=96&d=mm&r=g\",\"caption\":\"Victor\"},\"description\":\"Fan\u00e1tico de la m\u00fasica desde que mis padres me pon\u00edan a Eydie Gorme y Los Panchos o el Discotuna por la A2. Intent\u00e9 tocar varios instrumentos, pero soy muy torpe con la mano izquierda, as\u00ed que ya sab\u00e9is el resultado final. Fan del britpop, Post-punk, el rugby y el baloncesto...\",\"sameAs\":[\"http:\/\/indieofilo.com\"],\"url\":\"https:\/\/www.indieofilo.com\/en\/author\/victor\"}]}<\/script>\n<!-- \/ Yoast SEO Premium plugin. -->","yoast_head_json":{"title":"Published timetable for Lowlands 2015 - Indie\u00f3filo","description":"Lowlands 2015, the festival that will be held from 21st to 23rd August on Biddinghuizen has just announced the timetable for the weekend.","robots":{"index":"index","follow":"follow","max-snippet":"max-snippet:-1","max-image-preview":"max-image-preview:large","max-video-preview":"max-video-preview:-1"},"canonical":"https:\/\/www.indieofilo.com\/en\/news\/published-timetable-for-lowlands-2015","og_locale":"en_US","og_type":"article","og_title":"Published timetable for Lowlands 2015","og_description":"Lowlands 2015, the festival that will be held from 21st to 23rd August on Biddinghuizen has just announced the timetable for the weekend.","og_url":"https:\/\/www.indieofilo.com\/en\/news\/published-timetable-for-lowlands-2015","og_site_name":"Indie\u00f3filo","article_publisher":"https:\/\/www.facebook.com\/Indieofilo\/","article_published_time":"2015-07-30T18:37:53+00:00","article_modified_time":"2023-09-20T09:42:08+00:00","og_image":[{"width":667,"height":546,"url":"https:\/\/www.indieofilo.com\/wp-content\/uploads\/2015\/07\/timetable-lowlands.png","type":"image\/png"}],"author":"Victor","twitter_card":"summary_large_image","twitter_creator":"@indieofilo","twitter_site":"@indieofilo","twitter_misc":{"Written by":"Victor","Est. reading time":"1 minute"},"schema":{"@context":"https:\/\/schema.org","@graph":[{"@type":"Article","@id":"https:\/\/www.indieofilo.com\/en\/news\/published-timetable-for-lowlands-2015#article","isPartOf":{"@id":"https:\/\/www.indieofilo.com\/en\/news\/published-timetable-for-lowlands-2015"},"author":{"name":"Victor","@id":"https:\/\/www.indieofilo.com\/#\/schema\/person\/595334d38590e4ce5a09f83cbf2fca90"},"headline":"Published timetable for Lowlands 2015","datePublished":"2015-07-30T18:37:53+00:00","dateModified":"2023-09-20T09:42:08+00:00","mainEntityOfPage":{"@id":"https:\/\/www.indieofilo.com\/en\/news\/published-timetable-for-lowlands-2015"},"wordCount":92,"publisher":{"@id":"https:\/\/www.indieofilo.com\/#organization"},"image":{"@id":"https:\/\/www.indieofilo.com\/en\/news\/published-timetable-for-lowlands-2015#primaryimage"},"thumbnailUrl":"https:\/\/www.indieofilo.com\/wp-content\/uploads\/2015\/07\/timetable-lowlands.png","keywords":["Lowlands","Lowlands 2015"],"articleSection":["Live Shows","News"],"inLanguage":"en-US"},{"@type":"WebPage","@id":"https:\/\/www.indieofilo.com\/en\/news\/published-timetable-for-lowlands-2015","url":"https:\/\/www.indieofilo.com\/en\/news\/published-timetable-for-lowlands-2015","name":"Published timetable for Lowlands 2015 - Indie\u00f3filo","isPartOf":{"@id":"https:\/\/www.indieofilo.com\/#website"},"primaryImageOfPage":{"@id":"https:\/\/www.indieofilo.com\/en\/news\/published-timetable-for-lowlands-2015#primaryimage"},"image":{"@id":"https:\/\/www.indieofilo.com\/en\/news\/published-timetable-for-lowlands-2015#primaryimage"},"thumbnailUrl":"https:\/\/www.indieofilo.com\/wp-content\/uploads\/2015\/07\/timetable-lowlands.png","datePublished":"2015-07-30T18:37:53+00:00","dateModified":"2023-09-20T09:42:08+00:00","description":"Lowlands 2015, the festival that will be held from 21st to 23rd August on Biddinghuizen has just announced the timetable for the weekend.","breadcrumb":{"@id":"https:\/\/www.indieofilo.com\/en\/news\/published-timetable-for-lowlands-2015#breadcrumb"},"inLanguage":"en-US","potentialAction":[{"@type":"ReadAction","target":["https:\/\/www.indieofilo.com\/en\/news\/published-timetable-for-lowlands-2015"]}]},{"@type":"ImageObject","inLanguage":"en-US","@id":"https:\/\/www.indieofilo.com\/en\/news\/published-timetable-for-lowlands-2015#primaryimage","url":"https:\/\/www.indieofilo.com\/wp-content\/uploads\/2015\/07\/timetable-lowlands.png","contentUrl":"https:\/\/www.indieofilo.com\/wp-content\/uploads\/2015\/07\/timetable-lowlands.png","width":667,"height":546,"caption":"timetable lowlands 2015"},{"@type":"BreadcrumbList","@id":"https:\/\/www.indieofilo.com\/en\/news\/published-timetable-for-lowlands-2015#breadcrumb","itemListElement":[{"@type":"ListItem","position":1,"name":"Portada","item":"https:\/\/www.indieofilo.com\/en"},{"@type":"ListItem","position":2,"name":"Published timetable for Lowlands 2015"}]},{"@type":"WebSite","@id":"https:\/\/www.indieofilo.com\/#website","url":"https:\/\/www.indieofilo.com\/","name":"Indie\u00f3filo","description":"Magazine online de la cultura independiente","publisher":{"@id":"https:\/\/www.indieofilo.com\/#organization"},"potentialAction":[{"@type":"SearchAction","target":{"@type":"EntryPoint","urlTemplate":"https:\/\/www.indieofilo.com\/?s={search_term_string}"},"query-input":{"@type":"PropertyValueSpecification","valueRequired":true,"valueName":"search_term_string"}}],"inLanguage":"en-US"},{"@type":"Organization","@id":"https:\/\/www.indieofilo.com\/#organization","name":"Indie\u00f3filo Web","url":"https:\/\/www.indieofilo.com\/","logo":{"@type":"ImageObject","inLanguage":"en-US","@id":"https:\/\/www.indieofilo.com\/#\/schema\/logo\/image\/","url":"https:\/\/www.indieofilo.com\/wp-content\/uploads\/2015\/02\/logo-alta-resolucion.png","contentUrl":"https:\/\/www.indieofilo.com\/wp-content\/uploads\/2015\/02\/logo-alta-resolucion.png","width":544,"height":185,"caption":"Indie\u00f3filo Web"},"image":{"@id":"https:\/\/www.indieofilo.com\/#\/schema\/logo\/image\/"},"sameAs":["https:\/\/www.facebook.com\/Indieofilo\/","https:\/\/x.com\/indieofilo","https:\/\/www.instagram.com\/indieofilo\/"]},{"@type":"Person","@id":"https:\/\/www.indieofilo.com\/#\/schema\/person\/595334d38590e4ce5a09f83cbf2fca90","name":"Victor","image":{"@type":"ImageObject","inLanguage":"en-US","@id":"https:\/\/www.indieofilo.com\/#\/schema\/person\/image\/","url":"https:\/\/secure.gravatar.com\/avatar\/682b8c6ea3e94b6cffec683b25f1797d?s=96&d=mm&r=g","contentUrl":"https:\/\/secure.gravatar.com\/avatar\/682b8c6ea3e94b6cffec683b25f1797d?s=96&d=mm&r=g","caption":"Victor"},"description":"Fan\u00e1tico de la m\u00fasica desde que mis padres me pon\u00edan a Eydie Gorme y Los Panchos o el Discotuna por la A2. Intent\u00e9 tocar varios instrumentos, pero soy muy torpe con la mano izquierda, as\u00ed que ya sab\u00e9is el resultado final. Fan del britpop, Post-punk, el rugby y el baloncesto...","sameAs":["http:\/\/indieofilo.com"],"url":"https:\/\/www.indieofilo.com\/en\/author\/victor"}]}},"_links":{"self":[{"href":"https:\/\/www.indieofilo.com\/en\/wp-json\/wp\/v2\/posts\/2263","targetHints":{"allow":["GET"]}}],"collection":[{"href":"https:\/\/www.indieofilo.com\/en\/wp-json\/wp\/v2\/posts"}],"about":[{"href":"https:\/\/www.indieofilo.com\/en\/wp-json\/wp\/v2\/types\/post"}],"author":[{"embeddable":true,"href":"https:\/\/www.indieofilo.com\/en\/wp-json\/wp\/v2\/users\/1"}],"replies":[{"embeddable":true,"href":"https:\/\/www.indieofilo.com\/en\/wp-json\/wp\/v2\/comments?post=2263"}],"version-history":[{"count":0,"href":"https:\/\/www.indieofilo.com\/en\/wp-json\/wp\/v2\/posts\/2263\/revisions"}],"wp:featuredmedia":[{"embeddable":true,"href":"https:\/\/www.indieofilo.com\/en\/wp-json\/wp\/v2\/media\/2265"}],"wp:attachment":[{"href":"https:\/\/www.indieofilo.com\/en\/wp-json\/wp\/v2\/media?parent=2263"}],"wp:term":[{"taxonomy":"category","embeddable":true,"href":"https:\/\/www.indieofilo.com\/en\/wp-json\/wp\/v2\/categories?post=2263"},{"taxonomy":"post_tag","embeddable":true,"href":"https:\/\/www.indieofilo.com\/en\/wp-json\/wp\/v2\/tags?post=2263"}],"curies":[{"name":"wp","href":"https:\/\/api.w.org\/{rel}","templated":true}]}}