{"id":2215,"date":"2015-06-26T14:19:36","date_gmt":"2015-06-26T12:19:36","guid":{"rendered":"http:\/\/indieofilo.com\/?p=2215"},"modified":"2023-09-20T14:16:34","modified_gmt":"2023-09-20T12:16:34","slug":"three-more-names-for-le-guess-who-2015","status":"publish","type":"post","link":"https:\/\/www.indieofilo.com\/en\/news\/live-shows\/three-more-names-for-le-guess-who-2015","title":{"rendered":"Three more names for Le Guess Who 2015"},"content":{"rendered":"<p style=\"text-align: justify;\"><img fetchpriority=\"high\" decoding=\"async\" class=\"aligncenter size-full wp-image-2217\" src=\"http:\/\/indieofilo.com\/wp-content\/uploads\/2015\/07\/Le-Guess-Who-2015-Metz-Ariel-Pink.jpg\" alt=\"Le Guess Who 2015 - Metz Ariel Pink\" width=\"600\" height=\"324\" srcset=\"https:\/\/www.indieofilo.com\/wp-content\/uploads\/2015\/07\/Le-Guess-Who-2015-Metz-Ariel-Pink.jpg 600w, https:\/\/www.indieofilo.com\/wp-content\/uploads\/2015\/07\/Le-Guess-Who-2015-Metz-Ariel-Pink-300x162.jpg 300w\" sizes=\"(max-width: 600px) 100vw, 600px\" \/><\/p>\n<p style=\"text-align: justify;\">Little by little we are knowing more names that will be part of <strong>Le Guess Who? 2015<\/strong>, the dutch Festival that will be held in Utrech from 19th to 22nd of November,\u00a0<a href=\"http:\/\/indieofilo.com\/news\/first-names-for-le-guess-who-2015?lang=en\" target=\"_blank\" rel=\"noopener\">that already includes Deerhunter, Sunn O))), Faust or legend Annette Peacock<\/a>. Three new names have been announced this week,<strong> Kamasi Washington<\/strong> and his Jazz style (He has collaborated with artist as Kendrick Lamar or Flying Lotus), <strong>Ariel Pink<\/strong> and their psychopop and Canadian <strong>METZ <\/strong>with their noise rock.<\/p>\n<p style=\"text-align: justify;\">Tickets for Le Guess Who? are available now at <a href=\"http:\/\/leguesswho.nl\/tickets\/\" target=\"_blank\" rel=\"noopener\">its official website.<\/a> Early bird 4-Day Festival Passes price is \u20ac100 until the end of August, when the will increase until\u00a0\u20ac110. Le Guess Who? also offer festival ticket + hotel packages for the entire weekend.<\/p>\n","protected":false},"excerpt":{"rendered":"<p>Little by little we are knowing more names that will be part of Le Guess Who? 2015, the dutch Festival that will be held in Utrech from 19th to 22nd of November,\u00a0that already includes Deerhunter, Sunn O))), Faust or legend Annette Peacock. Three new names have been announced this week, Kamasi Washington and his Jazz [&hellip;]<\/p>\n","protected":false},"author":1,"featured_media":2217,"comment_status":"closed","ping_status":"closed","sticky":false,"template":"","format":"standard","meta":{"footnotes":""},"categories":[41,8],"tags":[6307,6020,6303,6304,5255],"class_list":["post-2215","post","type-post","status-publish","format-standard","has-post-thumbnail","hentry","category-live-shows","category-news","tag-ariel-pink-en","tag-kamasi-washington-en","tag-le-guess-who-en","tag-le-guess-who-2015-en","tag-metz-en"],"yoast_head":"<!-- This site is optimized with the Yoast SEO Premium plugin v23.9 (Yoast SEO v26.6) - https:\/\/yoast.com\/wordpress\/plugins\/seo\/ -->\n<title>Three more names for Le Guess Who 2015 - Indie\u00f3filo<\/title>\n<meta name=\"description\" content=\"Kamasi Washington, Ariel Pink and Canadian METZ confirmed for dutch Festival that will be held in Utrech from 19th to 22nd of November\" \/>\n<meta name=\"robots\" content=\"index, follow, max-snippet:-1, max-image-preview:large, max-video-preview:-1\" \/>\n<link rel=\"canonical\" href=\"https:\/\/www.indieofilo.com\/en\/news\/three-more-names-for-le-guess-who-2015\" \/>\n<meta property=\"og:locale\" content=\"en_US\" \/>\n<meta property=\"og:type\" content=\"article\" \/>\n<meta property=\"og:title\" content=\"Three more names for Le Guess Who 2015\" \/>\n<meta property=\"og:description\" content=\"Kamasi Washington, Ariel Pink and Canadian METZ confirmed for dutch Festival that will be held in Utrech from 19th to 22nd of November\" \/>\n<meta property=\"og:url\" content=\"https:\/\/www.indieofilo.com\/en\/news\/three-more-names-for-le-guess-who-2015\" \/>\n<meta property=\"og:site_name\" content=\"Indie\u00f3filo\" \/>\n<meta property=\"article:publisher\" content=\"https:\/\/www.facebook.com\/Indieofilo\/\" \/>\n<meta property=\"article:published_time\" content=\"2015-06-26T12:19:36+00:00\" \/>\n<meta property=\"article:modified_time\" content=\"2023-09-20T12:16:34+00:00\" \/>\n<meta property=\"og:image\" content=\"https:\/\/www.indieofilo.com\/wp-content\/uploads\/2015\/07\/Le-Guess-Who-2015-Metz-Ariel-Pink.jpg\" \/>\n\t<meta property=\"og:image:width\" content=\"600\" \/>\n\t<meta property=\"og:image:height\" content=\"324\" \/>\n\t<meta property=\"og:image:type\" content=\"image\/jpeg\" \/>\n<meta name=\"author\" content=\"Victor\" \/>\n<meta name=\"twitter:card\" content=\"summary_large_image\" \/>\n<meta name=\"twitter:creator\" content=\"@indieofilo\" \/>\n<meta name=\"twitter:site\" content=\"@indieofilo\" \/>\n<meta name=\"twitter:label1\" content=\"Written by\" \/>\n\t<meta name=\"twitter:data1\" content=\"Victor\" \/>\n\t<meta name=\"twitter:label2\" content=\"Est. reading time\" \/>\n\t<meta name=\"twitter:data2\" content=\"1 minute\" \/>\n<script type=\"application\/ld+json\" class=\"yoast-schema-graph\">{\"@context\":\"https:\/\/schema.org\",\"@graph\":[{\"@type\":\"Article\",\"@id\":\"https:\/\/www.indieofilo.com\/en\/news\/three-more-names-for-le-guess-who-2015#article\",\"isPartOf\":{\"@id\":\"https:\/\/www.indieofilo.com\/en\/news\/three-more-names-for-le-guess-who-2015\"},\"author\":{\"name\":\"Victor\",\"@id\":\"https:\/\/www.indieofilo.com\/#\/schema\/person\/595334d38590e4ce5a09f83cbf2fca90\"},\"headline\":\"Three more names for Le Guess Who 2015\",\"datePublished\":\"2015-06-26T12:19:36+00:00\",\"dateModified\":\"2023-09-20T12:16:34+00:00\",\"mainEntityOfPage\":{\"@id\":\"https:\/\/www.indieofilo.com\/en\/news\/three-more-names-for-le-guess-who-2015\"},\"wordCount\":128,\"publisher\":{\"@id\":\"https:\/\/www.indieofilo.com\/#organization\"},\"image\":{\"@id\":\"https:\/\/www.indieofilo.com\/en\/news\/three-more-names-for-le-guess-who-2015#primaryimage\"},\"thumbnailUrl\":\"https:\/\/www.indieofilo.com\/wp-content\/uploads\/2015\/07\/Le-Guess-Who-2015-Metz-Ariel-Pink.jpg\",\"keywords\":[\"Ariel Pink\",\"Kamasi Washington\",\"Le Guess Who\",\"Le Guess Who 2015\",\"METZ\"],\"articleSection\":[\"Live Shows\",\"News\"],\"inLanguage\":\"en-US\"},{\"@type\":\"WebPage\",\"@id\":\"https:\/\/www.indieofilo.com\/en\/news\/three-more-names-for-le-guess-who-2015\",\"url\":\"https:\/\/www.indieofilo.com\/en\/news\/three-more-names-for-le-guess-who-2015\",\"name\":\"Three more names for Le Guess Who 2015 - Indie\u00f3filo\",\"isPartOf\":{\"@id\":\"https:\/\/www.indieofilo.com\/#website\"},\"primaryImageOfPage\":{\"@id\":\"https:\/\/www.indieofilo.com\/en\/news\/three-more-names-for-le-guess-who-2015#primaryimage\"},\"image\":{\"@id\":\"https:\/\/www.indieofilo.com\/en\/news\/three-more-names-for-le-guess-who-2015#primaryimage\"},\"thumbnailUrl\":\"https:\/\/www.indieofilo.com\/wp-content\/uploads\/2015\/07\/Le-Guess-Who-2015-Metz-Ariel-Pink.jpg\",\"datePublished\":\"2015-06-26T12:19:36+00:00\",\"dateModified\":\"2023-09-20T12:16:34+00:00\",\"description\":\"Kamasi Washington, Ariel Pink and Canadian METZ confirmed for dutch Festival that will be held in Utrech from 19th to 22nd of November\",\"breadcrumb\":{\"@id\":\"https:\/\/www.indieofilo.com\/en\/news\/three-more-names-for-le-guess-who-2015#breadcrumb\"},\"inLanguage\":\"en-US\",\"potentialAction\":[{\"@type\":\"ReadAction\",\"target\":[\"https:\/\/www.indieofilo.com\/en\/news\/three-more-names-for-le-guess-who-2015\"]}]},{\"@type\":\"ImageObject\",\"inLanguage\":\"en-US\",\"@id\":\"https:\/\/www.indieofilo.com\/en\/news\/three-more-names-for-le-guess-who-2015#primaryimage\",\"url\":\"https:\/\/www.indieofilo.com\/wp-content\/uploads\/2015\/07\/Le-Guess-Who-2015-Metz-Ariel-Pink.jpg\",\"contentUrl\":\"https:\/\/www.indieofilo.com\/wp-content\/uploads\/2015\/07\/Le-Guess-Who-2015-Metz-Ariel-Pink.jpg\",\"width\":600,\"height\":324,\"caption\":\"Le Guess Who 2015 - Metz Ariel Pink\"},{\"@type\":\"BreadcrumbList\",\"@id\":\"https:\/\/www.indieofilo.com\/en\/news\/three-more-names-for-le-guess-who-2015#breadcrumb\",\"itemListElement\":[{\"@type\":\"ListItem\",\"position\":1,\"name\":\"Portada\",\"item\":\"https:\/\/www.indieofilo.com\/en\"},{\"@type\":\"ListItem\",\"position\":2,\"name\":\"Three more names for Le Guess Who 2015\"}]},{\"@type\":\"WebSite\",\"@id\":\"https:\/\/www.indieofilo.com\/#website\",\"url\":\"https:\/\/www.indieofilo.com\/\",\"name\":\"Indie\u00f3filo\",\"description\":\"Magazine online de la cultura independiente\",\"publisher\":{\"@id\":\"https:\/\/www.indieofilo.com\/#organization\"},\"potentialAction\":[{\"@type\":\"SearchAction\",\"target\":{\"@type\":\"EntryPoint\",\"urlTemplate\":\"https:\/\/www.indieofilo.com\/?s={search_term_string}\"},\"query-input\":{\"@type\":\"PropertyValueSpecification\",\"valueRequired\":true,\"valueName\":\"search_term_string\"}}],\"inLanguage\":\"en-US\"},{\"@type\":\"Organization\",\"@id\":\"https:\/\/www.indieofilo.com\/#organization\",\"name\":\"Indie\u00f3filo Web\",\"url\":\"https:\/\/www.indieofilo.com\/\",\"logo\":{\"@type\":\"ImageObject\",\"inLanguage\":\"en-US\",\"@id\":\"https:\/\/www.indieofilo.com\/#\/schema\/logo\/image\/\",\"url\":\"https:\/\/www.indieofilo.com\/wp-content\/uploads\/2015\/02\/logo-alta-resolucion.png\",\"contentUrl\":\"https:\/\/www.indieofilo.com\/wp-content\/uploads\/2015\/02\/logo-alta-resolucion.png\",\"width\":544,\"height\":185,\"caption\":\"Indie\u00f3filo Web\"},\"image\":{\"@id\":\"https:\/\/www.indieofilo.com\/#\/schema\/logo\/image\/\"},\"sameAs\":[\"https:\/\/www.facebook.com\/Indieofilo\/\",\"https:\/\/x.com\/indieofilo\",\"https:\/\/www.instagram.com\/indieofilo\/\"]},{\"@type\":\"Person\",\"@id\":\"https:\/\/www.indieofilo.com\/#\/schema\/person\/595334d38590e4ce5a09f83cbf2fca90\",\"name\":\"Victor\",\"image\":{\"@type\":\"ImageObject\",\"inLanguage\":\"en-US\",\"@id\":\"https:\/\/www.indieofilo.com\/#\/schema\/person\/image\/\",\"url\":\"https:\/\/secure.gravatar.com\/avatar\/682b8c6ea3e94b6cffec683b25f1797d?s=96&d=mm&r=g\",\"contentUrl\":\"https:\/\/secure.gravatar.com\/avatar\/682b8c6ea3e94b6cffec683b25f1797d?s=96&d=mm&r=g\",\"caption\":\"Victor\"},\"description\":\"Fan\u00e1tico de la m\u00fasica desde que mis padres me pon\u00edan a Eydie Gorme y Los Panchos o el Discotuna por la A2. Intent\u00e9 tocar varios instrumentos, pero soy muy torpe con la mano izquierda, as\u00ed que ya sab\u00e9is el resultado final. Fan del britpop, Post-punk, el rugby y el baloncesto...\",\"sameAs\":[\"http:\/\/indieofilo.com\"],\"url\":\"https:\/\/www.indieofilo.com\/en\/author\/victor\"}]}<\/script>\n<!-- \/ Yoast SEO Premium plugin. -->","yoast_head_json":{"title":"Three more names for Le Guess Who 2015 - Indie\u00f3filo","description":"Kamasi Washington, Ariel Pink and Canadian METZ confirmed for dutch Festival that will be held in Utrech from 19th to 22nd of November","robots":{"index":"index","follow":"follow","max-snippet":"max-snippet:-1","max-image-preview":"max-image-preview:large","max-video-preview":"max-video-preview:-1"},"canonical":"https:\/\/www.indieofilo.com\/en\/news\/three-more-names-for-le-guess-who-2015","og_locale":"en_US","og_type":"article","og_title":"Three more names for Le Guess Who 2015","og_description":"Kamasi Washington, Ariel Pink and Canadian METZ confirmed for dutch Festival that will be held in Utrech from 19th to 22nd of November","og_url":"https:\/\/www.indieofilo.com\/en\/news\/three-more-names-for-le-guess-who-2015","og_site_name":"Indie\u00f3filo","article_publisher":"https:\/\/www.facebook.com\/Indieofilo\/","article_published_time":"2015-06-26T12:19:36+00:00","article_modified_time":"2023-09-20T12:16:34+00:00","og_image":[{"width":600,"height":324,"url":"https:\/\/www.indieofilo.com\/wp-content\/uploads\/2015\/07\/Le-Guess-Who-2015-Metz-Ariel-Pink.jpg","type":"image\/jpeg"}],"author":"Victor","twitter_card":"summary_large_image","twitter_creator":"@indieofilo","twitter_site":"@indieofilo","twitter_misc":{"Written by":"Victor","Est. reading time":"1 minute"},"schema":{"@context":"https:\/\/schema.org","@graph":[{"@type":"Article","@id":"https:\/\/www.indieofilo.com\/en\/news\/three-more-names-for-le-guess-who-2015#article","isPartOf":{"@id":"https:\/\/www.indieofilo.com\/en\/news\/three-more-names-for-le-guess-who-2015"},"author":{"name":"Victor","@id":"https:\/\/www.indieofilo.com\/#\/schema\/person\/595334d38590e4ce5a09f83cbf2fca90"},"headline":"Three more names for Le Guess Who 2015","datePublished":"2015-06-26T12:19:36+00:00","dateModified":"2023-09-20T12:16:34+00:00","mainEntityOfPage":{"@id":"https:\/\/www.indieofilo.com\/en\/news\/three-more-names-for-le-guess-who-2015"},"wordCount":128,"publisher":{"@id":"https:\/\/www.indieofilo.com\/#organization"},"image":{"@id":"https:\/\/www.indieofilo.com\/en\/news\/three-more-names-for-le-guess-who-2015#primaryimage"},"thumbnailUrl":"https:\/\/www.indieofilo.com\/wp-content\/uploads\/2015\/07\/Le-Guess-Who-2015-Metz-Ariel-Pink.jpg","keywords":["Ariel Pink","Kamasi Washington","Le Guess Who","Le Guess Who 2015","METZ"],"articleSection":["Live Shows","News"],"inLanguage":"en-US"},{"@type":"WebPage","@id":"https:\/\/www.indieofilo.com\/en\/news\/three-more-names-for-le-guess-who-2015","url":"https:\/\/www.indieofilo.com\/en\/news\/three-more-names-for-le-guess-who-2015","name":"Three more names for Le Guess Who 2015 - Indie\u00f3filo","isPartOf":{"@id":"https:\/\/www.indieofilo.com\/#website"},"primaryImageOfPage":{"@id":"https:\/\/www.indieofilo.com\/en\/news\/three-more-names-for-le-guess-who-2015#primaryimage"},"image":{"@id":"https:\/\/www.indieofilo.com\/en\/news\/three-more-names-for-le-guess-who-2015#primaryimage"},"thumbnailUrl":"https:\/\/www.indieofilo.com\/wp-content\/uploads\/2015\/07\/Le-Guess-Who-2015-Metz-Ariel-Pink.jpg","datePublished":"2015-06-26T12:19:36+00:00","dateModified":"2023-09-20T12:16:34+00:00","description":"Kamasi Washington, Ariel Pink and Canadian METZ confirmed for dutch Festival that will be held in Utrech from 19th to 22nd of November","breadcrumb":{"@id":"https:\/\/www.indieofilo.com\/en\/news\/three-more-names-for-le-guess-who-2015#breadcrumb"},"inLanguage":"en-US","potentialAction":[{"@type":"ReadAction","target":["https:\/\/www.indieofilo.com\/en\/news\/three-more-names-for-le-guess-who-2015"]}]},{"@type":"ImageObject","inLanguage":"en-US","@id":"https:\/\/www.indieofilo.com\/en\/news\/three-more-names-for-le-guess-who-2015#primaryimage","url":"https:\/\/www.indieofilo.com\/wp-content\/uploads\/2015\/07\/Le-Guess-Who-2015-Metz-Ariel-Pink.jpg","contentUrl":"https:\/\/www.indieofilo.com\/wp-content\/uploads\/2015\/07\/Le-Guess-Who-2015-Metz-Ariel-Pink.jpg","width":600,"height":324,"caption":"Le Guess Who 2015 - Metz Ariel Pink"},{"@type":"BreadcrumbList","@id":"https:\/\/www.indieofilo.com\/en\/news\/three-more-names-for-le-guess-who-2015#breadcrumb","itemListElement":[{"@type":"ListItem","position":1,"name":"Portada","item":"https:\/\/www.indieofilo.com\/en"},{"@type":"ListItem","position":2,"name":"Three more names for Le Guess Who 2015"}]},{"@type":"WebSite","@id":"https:\/\/www.indieofilo.com\/#website","url":"https:\/\/www.indieofilo.com\/","name":"Indie\u00f3filo","description":"Magazine online de la cultura independiente","publisher":{"@id":"https:\/\/www.indieofilo.com\/#organization"},"potentialAction":[{"@type":"SearchAction","target":{"@type":"EntryPoint","urlTemplate":"https:\/\/www.indieofilo.com\/?s={search_term_string}"},"query-input":{"@type":"PropertyValueSpecification","valueRequired":true,"valueName":"search_term_string"}}],"inLanguage":"en-US"},{"@type":"Organization","@id":"https:\/\/www.indieofilo.com\/#organization","name":"Indie\u00f3filo Web","url":"https:\/\/www.indieofilo.com\/","logo":{"@type":"ImageObject","inLanguage":"en-US","@id":"https:\/\/www.indieofilo.com\/#\/schema\/logo\/image\/","url":"https:\/\/www.indieofilo.com\/wp-content\/uploads\/2015\/02\/logo-alta-resolucion.png","contentUrl":"https:\/\/www.indieofilo.com\/wp-content\/uploads\/2015\/02\/logo-alta-resolucion.png","width":544,"height":185,"caption":"Indie\u00f3filo Web"},"image":{"@id":"https:\/\/www.indieofilo.com\/#\/schema\/logo\/image\/"},"sameAs":["https:\/\/www.facebook.com\/Indieofilo\/","https:\/\/x.com\/indieofilo","https:\/\/www.instagram.com\/indieofilo\/"]},{"@type":"Person","@id":"https:\/\/www.indieofilo.com\/#\/schema\/person\/595334d38590e4ce5a09f83cbf2fca90","name":"Victor","image":{"@type":"ImageObject","inLanguage":"en-US","@id":"https:\/\/www.indieofilo.com\/#\/schema\/person\/image\/","url":"https:\/\/secure.gravatar.com\/avatar\/682b8c6ea3e94b6cffec683b25f1797d?s=96&d=mm&r=g","contentUrl":"https:\/\/secure.gravatar.com\/avatar\/682b8c6ea3e94b6cffec683b25f1797d?s=96&d=mm&r=g","caption":"Victor"},"description":"Fan\u00e1tico de la m\u00fasica desde que mis padres me pon\u00edan a Eydie Gorme y Los Panchos o el Discotuna por la A2. Intent\u00e9 tocar varios instrumentos, pero soy muy torpe con la mano izquierda, as\u00ed que ya sab\u00e9is el resultado final. Fan del britpop, Post-punk, el rugby y el baloncesto...","sameAs":["http:\/\/indieofilo.com"],"url":"https:\/\/www.indieofilo.com\/en\/author\/victor"}]}},"_links":{"self":[{"href":"https:\/\/www.indieofilo.com\/en\/wp-json\/wp\/v2\/posts\/2215","targetHints":{"allow":["GET"]}}],"collection":[{"href":"https:\/\/www.indieofilo.com\/en\/wp-json\/wp\/v2\/posts"}],"about":[{"href":"https:\/\/www.indieofilo.com\/en\/wp-json\/wp\/v2\/types\/post"}],"author":[{"embeddable":true,"href":"https:\/\/www.indieofilo.com\/en\/wp-json\/wp\/v2\/users\/1"}],"replies":[{"embeddable":true,"href":"https:\/\/www.indieofilo.com\/en\/wp-json\/wp\/v2\/comments?post=2215"}],"version-history":[{"count":0,"href":"https:\/\/www.indieofilo.com\/en\/wp-json\/wp\/v2\/posts\/2215\/revisions"}],"wp:featuredmedia":[{"embeddable":true,"href":"https:\/\/www.indieofilo.com\/en\/wp-json\/wp\/v2\/media\/2217"}],"wp:attachment":[{"href":"https:\/\/www.indieofilo.com\/en\/wp-json\/wp\/v2\/media?parent=2215"}],"wp:term":[{"taxonomy":"category","embeddable":true,"href":"https:\/\/www.indieofilo.com\/en\/wp-json\/wp\/v2\/categories?post=2215"},{"taxonomy":"post_tag","embeddable":true,"href":"https:\/\/www.indieofilo.com\/en\/wp-json\/wp\/v2\/tags?post=2215"}],"curies":[{"name":"wp","href":"https:\/\/api.w.org\/{rel}","templated":true}]}}