{"id":2048,"date":"2015-05-28T13:32:38","date_gmt":"2015-05-28T11:32:38","guid":{"rendered":"http:\/\/indieofilo.com\/?p=2048"},"modified":"2023-09-20T14:45:12","modified_gmt":"2023-09-20T12:45:12","slug":"enjoy-primavera-sound-2015-from-your-sofa-with-live-stream","status":"publish","type":"post","link":"https:\/\/www.indieofilo.com\/en\/news\/streaming-en\/enjoy-primavera-sound-2015-from-your-sofa-with-live-stream","title":{"rendered":"Enjoy Primavera Sound 2015 from your sofa with live stream"},"content":{"rendered":"<p style=\"text-align: center;\">\n\t<img fetchpriority=\"high\" decoding=\"async\" alt=\"horarios streaming Primavera Sound 2015\" height=\"600\" src=\"http:\/\/indieofilo.com\/wp-content\/uploads\/2015\/05\/horarios-streaming-Primavera-Sound-2015.jpg\" width=\"570\" \/><\/p>\n<p style=\"text-align: justify;\">\n\tIf few days ago the organization of the <strong>Primavera Sound<\/strong> announced that the festival would be broadcast via streaming through the Franco-German channel Arte, today finally have been known the schedules and concerts that will be enjoyed throughout the three days of the festival. Among the actions broadcast in streaming, highlights the ones from <strong>The Strokes, Interpol, James Blake, Sleater-Kinney, Damien Rice, Ride<\/strong> o <strong>Belle &amp; Sebastian<\/strong>, some of them pre-recorded. It has also been confirmed that once the festival ended, a selection of gigs will be available on the website of Art Concert.<\/p>\n<p>\t<script type=\"text\/javascript\" src=\"https:\/\/www-secure.arte.tv\/arte_vp\/embed.php?json_url=http%3A%2F%2Fconcert.arte.tv%2Ffr%2Fplayer%2F42461&#038;lang=fr_FR&#038;config=arte_concert_live&#038;width=640&#038;height=360\"><\/script><\/p>\n","protected":false},"excerpt":{"rendered":"<p>If few days ago the organization of the Primavera Sound announced that the festival would be broadcast via streaming through the Franco-German channel Arte, today finally have been known the schedules and concerts that will be enjoyed throughout the three days of the festival. Among the actions broadcast in streaming, highlights the ones from The [&hellip;]<\/p>\n","protected":false},"author":1,"featured_media":2045,"comment_status":"closed","ping_status":"closed","sticky":false,"template":"","format":"standard","meta":{"footnotes":""},"categories":[8,20],"tags":[4982,6331],"class_list":["post-2048","post","type-post","status-publish","format-standard","has-post-thumbnail","hentry","category-news","category-streaming-en","tag-primavera-sound-en","tag-primavera-sound-2015-en"],"yoast_head":"<!-- This site is optimized with the Yoast SEO Premium plugin v23.9 (Yoast SEO v26.6) - https:\/\/yoast.com\/wordpress\/plugins\/seo\/ -->\n<title>Enjoy Primavera Sound 2015 from your sofa with live stream<\/title>\n<meta name=\"description\" content=\"During this weekend you can enjoy The Strokes, Interpol, James Blake, Sleater-Kinney, Damien Rice, Ride or Belle &amp; Sebastian gigs at Catalan Festival.\" \/>\n<meta name=\"robots\" content=\"index, follow, max-snippet:-1, max-image-preview:large, max-video-preview:-1\" \/>\n<link rel=\"canonical\" href=\"https:\/\/www.indieofilo.com\/en\/news\/enjoy-primavera-sound-2015-from-your-sofa-with-live-stream\" \/>\n<meta property=\"og:locale\" content=\"en_US\" \/>\n<meta property=\"og:type\" content=\"article\" \/>\n<meta property=\"og:title\" content=\"Enjoy Primavera Sound 2015 from your sofa with live stream\" \/>\n<meta property=\"og:description\" content=\"During this weekend you can enjoy The Strokes, Interpol, James Blake, Sleater-Kinney, Damien Rice, Ride or Belle &amp; Sebastian gigs at Catalan Festival.\" \/>\n<meta property=\"og:url\" content=\"https:\/\/www.indieofilo.com\/en\/news\/enjoy-primavera-sound-2015-from-your-sofa-with-live-stream\" \/>\n<meta property=\"og:site_name\" content=\"Indie\u00f3filo\" \/>\n<meta property=\"article:publisher\" content=\"https:\/\/www.facebook.com\/Indieofilo\/\" \/>\n<meta property=\"article:published_time\" content=\"2015-05-28T11:32:38+00:00\" \/>\n<meta property=\"article:modified_time\" content=\"2023-09-20T12:45:12+00:00\" \/>\n<meta property=\"og:image\" content=\"https:\/\/www.indieofilo.com\/wp-content\/uploads\/2015\/05\/horarios-streaming-Primavera-Sound-2015.jpg\" \/>\n\t<meta property=\"og:image:width\" content=\"570\" \/>\n\t<meta property=\"og:image:height\" content=\"600\" \/>\n\t<meta property=\"og:image:type\" content=\"image\/jpeg\" \/>\n<meta name=\"author\" content=\"Victor\" \/>\n<meta name=\"twitter:card\" content=\"summary_large_image\" \/>\n<meta name=\"twitter:creator\" content=\"@indieofilo\" \/>\n<meta name=\"twitter:site\" content=\"@indieofilo\" \/>\n<meta name=\"twitter:label1\" content=\"Written by\" \/>\n\t<meta name=\"twitter:data1\" content=\"Victor\" \/>\n\t<meta name=\"twitter:label2\" content=\"Est. reading time\" \/>\n\t<meta name=\"twitter:data2\" content=\"1 minute\" \/>\n<script type=\"application\/ld+json\" class=\"yoast-schema-graph\">{\"@context\":\"https:\/\/schema.org\",\"@graph\":[{\"@type\":\"Article\",\"@id\":\"https:\/\/www.indieofilo.com\/en\/news\/enjoy-primavera-sound-2015-from-your-sofa-with-live-stream#article\",\"isPartOf\":{\"@id\":\"https:\/\/www.indieofilo.com\/en\/news\/enjoy-primavera-sound-2015-from-your-sofa-with-live-stream\"},\"author\":{\"name\":\"Victor\",\"@id\":\"https:\/\/www.indieofilo.com\/#\/schema\/person\/595334d38590e4ce5a09f83cbf2fca90\"},\"headline\":\"Enjoy Primavera Sound 2015 from your sofa with live stream\",\"datePublished\":\"2015-05-28T11:32:38+00:00\",\"dateModified\":\"2023-09-20T12:45:12+00:00\",\"mainEntityOfPage\":{\"@id\":\"https:\/\/www.indieofilo.com\/en\/news\/enjoy-primavera-sound-2015-from-your-sofa-with-live-stream\"},\"wordCount\":103,\"publisher\":{\"@id\":\"https:\/\/www.indieofilo.com\/#organization\"},\"image\":{\"@id\":\"https:\/\/www.indieofilo.com\/en\/news\/enjoy-primavera-sound-2015-from-your-sofa-with-live-stream#primaryimage\"},\"thumbnailUrl\":\"https:\/\/www.indieofilo.com\/wp-content\/uploads\/2015\/05\/horarios-streaming-Primavera-Sound-2015.jpg\",\"keywords\":[\"Primavera Sound\",\"Primavera Sound 2015\"],\"articleSection\":[\"News\",\"Streaming\"],\"inLanguage\":\"en-US\"},{\"@type\":\"WebPage\",\"@id\":\"https:\/\/www.indieofilo.com\/en\/news\/enjoy-primavera-sound-2015-from-your-sofa-with-live-stream\",\"url\":\"https:\/\/www.indieofilo.com\/en\/news\/enjoy-primavera-sound-2015-from-your-sofa-with-live-stream\",\"name\":\"Enjoy Primavera Sound 2015 from your sofa with live stream\",\"isPartOf\":{\"@id\":\"https:\/\/www.indieofilo.com\/#website\"},\"primaryImageOfPage\":{\"@id\":\"https:\/\/www.indieofilo.com\/en\/news\/enjoy-primavera-sound-2015-from-your-sofa-with-live-stream#primaryimage\"},\"image\":{\"@id\":\"https:\/\/www.indieofilo.com\/en\/news\/enjoy-primavera-sound-2015-from-your-sofa-with-live-stream#primaryimage\"},\"thumbnailUrl\":\"https:\/\/www.indieofilo.com\/wp-content\/uploads\/2015\/05\/horarios-streaming-Primavera-Sound-2015.jpg\",\"datePublished\":\"2015-05-28T11:32:38+00:00\",\"dateModified\":\"2023-09-20T12:45:12+00:00\",\"description\":\"During this weekend you can enjoy The Strokes, Interpol, James Blake, Sleater-Kinney, Damien Rice, Ride or Belle & Sebastian gigs at Catalan Festival.\",\"breadcrumb\":{\"@id\":\"https:\/\/www.indieofilo.com\/en\/news\/enjoy-primavera-sound-2015-from-your-sofa-with-live-stream#breadcrumb\"},\"inLanguage\":\"en-US\",\"potentialAction\":[{\"@type\":\"ReadAction\",\"target\":[\"https:\/\/www.indieofilo.com\/en\/news\/enjoy-primavera-sound-2015-from-your-sofa-with-live-stream\"]}]},{\"@type\":\"ImageObject\",\"inLanguage\":\"en-US\",\"@id\":\"https:\/\/www.indieofilo.com\/en\/news\/enjoy-primavera-sound-2015-from-your-sofa-with-live-stream#primaryimage\",\"url\":\"https:\/\/www.indieofilo.com\/wp-content\/uploads\/2015\/05\/horarios-streaming-Primavera-Sound-2015.jpg\",\"contentUrl\":\"https:\/\/www.indieofilo.com\/wp-content\/uploads\/2015\/05\/horarios-streaming-Primavera-Sound-2015.jpg\",\"width\":570,\"height\":600,\"caption\":\"horarios streaming Primavera Sound 2015\"},{\"@type\":\"BreadcrumbList\",\"@id\":\"https:\/\/www.indieofilo.com\/en\/news\/enjoy-primavera-sound-2015-from-your-sofa-with-live-stream#breadcrumb\",\"itemListElement\":[{\"@type\":\"ListItem\",\"position\":1,\"name\":\"Portada\",\"item\":\"https:\/\/www.indieofilo.com\/en\"},{\"@type\":\"ListItem\",\"position\":2,\"name\":\"Enjoy Primavera Sound 2015 from your sofa with live stream\"}]},{\"@type\":\"WebSite\",\"@id\":\"https:\/\/www.indieofilo.com\/#website\",\"url\":\"https:\/\/www.indieofilo.com\/\",\"name\":\"Indie\u00f3filo\",\"description\":\"Magazine online de la cultura independiente\",\"publisher\":{\"@id\":\"https:\/\/www.indieofilo.com\/#organization\"},\"potentialAction\":[{\"@type\":\"SearchAction\",\"target\":{\"@type\":\"EntryPoint\",\"urlTemplate\":\"https:\/\/www.indieofilo.com\/?s={search_term_string}\"},\"query-input\":{\"@type\":\"PropertyValueSpecification\",\"valueRequired\":true,\"valueName\":\"search_term_string\"}}],\"inLanguage\":\"en-US\"},{\"@type\":\"Organization\",\"@id\":\"https:\/\/www.indieofilo.com\/#organization\",\"name\":\"Indie\u00f3filo Web\",\"url\":\"https:\/\/www.indieofilo.com\/\",\"logo\":{\"@type\":\"ImageObject\",\"inLanguage\":\"en-US\",\"@id\":\"https:\/\/www.indieofilo.com\/#\/schema\/logo\/image\/\",\"url\":\"https:\/\/www.indieofilo.com\/wp-content\/uploads\/2015\/02\/logo-alta-resolucion.png\",\"contentUrl\":\"https:\/\/www.indieofilo.com\/wp-content\/uploads\/2015\/02\/logo-alta-resolucion.png\",\"width\":544,\"height\":185,\"caption\":\"Indie\u00f3filo Web\"},\"image\":{\"@id\":\"https:\/\/www.indieofilo.com\/#\/schema\/logo\/image\/\"},\"sameAs\":[\"https:\/\/www.facebook.com\/Indieofilo\/\",\"https:\/\/x.com\/indieofilo\",\"https:\/\/www.instagram.com\/indieofilo\/\"]},{\"@type\":\"Person\",\"@id\":\"https:\/\/www.indieofilo.com\/#\/schema\/person\/595334d38590e4ce5a09f83cbf2fca90\",\"name\":\"Victor\",\"image\":{\"@type\":\"ImageObject\",\"inLanguage\":\"en-US\",\"@id\":\"https:\/\/www.indieofilo.com\/#\/schema\/person\/image\/\",\"url\":\"https:\/\/secure.gravatar.com\/avatar\/682b8c6ea3e94b6cffec683b25f1797d?s=96&d=mm&r=g\",\"contentUrl\":\"https:\/\/secure.gravatar.com\/avatar\/682b8c6ea3e94b6cffec683b25f1797d?s=96&d=mm&r=g\",\"caption\":\"Victor\"},\"description\":\"Fan\u00e1tico de la m\u00fasica desde que mis padres me pon\u00edan a Eydie Gorme y Los Panchos o el Discotuna por la A2. Intent\u00e9 tocar varios instrumentos, pero soy muy torpe con la mano izquierda, as\u00ed que ya sab\u00e9is el resultado final. Fan del britpop, Post-punk, el rugby y el baloncesto...\",\"sameAs\":[\"http:\/\/indieofilo.com\"],\"url\":\"https:\/\/www.indieofilo.com\/en\/author\/victor\"}]}<\/script>\n<!-- \/ Yoast SEO Premium plugin. -->","yoast_head_json":{"title":"Enjoy Primavera Sound 2015 from your sofa with live stream","description":"During this weekend you can enjoy The Strokes, Interpol, James Blake, Sleater-Kinney, Damien Rice, Ride or Belle & Sebastian gigs at Catalan Festival.","robots":{"index":"index","follow":"follow","max-snippet":"max-snippet:-1","max-image-preview":"max-image-preview:large","max-video-preview":"max-video-preview:-1"},"canonical":"https:\/\/www.indieofilo.com\/en\/news\/enjoy-primavera-sound-2015-from-your-sofa-with-live-stream","og_locale":"en_US","og_type":"article","og_title":"Enjoy Primavera Sound 2015 from your sofa with live stream","og_description":"During this weekend you can enjoy The Strokes, Interpol, James Blake, Sleater-Kinney, Damien Rice, Ride or Belle & Sebastian gigs at Catalan Festival.","og_url":"https:\/\/www.indieofilo.com\/en\/news\/enjoy-primavera-sound-2015-from-your-sofa-with-live-stream","og_site_name":"Indie\u00f3filo","article_publisher":"https:\/\/www.facebook.com\/Indieofilo\/","article_published_time":"2015-05-28T11:32:38+00:00","article_modified_time":"2023-09-20T12:45:12+00:00","og_image":[{"width":570,"height":600,"url":"https:\/\/www.indieofilo.com\/wp-content\/uploads\/2015\/05\/horarios-streaming-Primavera-Sound-2015.jpg","type":"image\/jpeg"}],"author":"Victor","twitter_card":"summary_large_image","twitter_creator":"@indieofilo","twitter_site":"@indieofilo","twitter_misc":{"Written by":"Victor","Est. reading time":"1 minute"},"schema":{"@context":"https:\/\/schema.org","@graph":[{"@type":"Article","@id":"https:\/\/www.indieofilo.com\/en\/news\/enjoy-primavera-sound-2015-from-your-sofa-with-live-stream#article","isPartOf":{"@id":"https:\/\/www.indieofilo.com\/en\/news\/enjoy-primavera-sound-2015-from-your-sofa-with-live-stream"},"author":{"name":"Victor","@id":"https:\/\/www.indieofilo.com\/#\/schema\/person\/595334d38590e4ce5a09f83cbf2fca90"},"headline":"Enjoy Primavera Sound 2015 from your sofa with live stream","datePublished":"2015-05-28T11:32:38+00:00","dateModified":"2023-09-20T12:45:12+00:00","mainEntityOfPage":{"@id":"https:\/\/www.indieofilo.com\/en\/news\/enjoy-primavera-sound-2015-from-your-sofa-with-live-stream"},"wordCount":103,"publisher":{"@id":"https:\/\/www.indieofilo.com\/#organization"},"image":{"@id":"https:\/\/www.indieofilo.com\/en\/news\/enjoy-primavera-sound-2015-from-your-sofa-with-live-stream#primaryimage"},"thumbnailUrl":"https:\/\/www.indieofilo.com\/wp-content\/uploads\/2015\/05\/horarios-streaming-Primavera-Sound-2015.jpg","keywords":["Primavera Sound","Primavera Sound 2015"],"articleSection":["News","Streaming"],"inLanguage":"en-US"},{"@type":"WebPage","@id":"https:\/\/www.indieofilo.com\/en\/news\/enjoy-primavera-sound-2015-from-your-sofa-with-live-stream","url":"https:\/\/www.indieofilo.com\/en\/news\/enjoy-primavera-sound-2015-from-your-sofa-with-live-stream","name":"Enjoy Primavera Sound 2015 from your sofa with live stream","isPartOf":{"@id":"https:\/\/www.indieofilo.com\/#website"},"primaryImageOfPage":{"@id":"https:\/\/www.indieofilo.com\/en\/news\/enjoy-primavera-sound-2015-from-your-sofa-with-live-stream#primaryimage"},"image":{"@id":"https:\/\/www.indieofilo.com\/en\/news\/enjoy-primavera-sound-2015-from-your-sofa-with-live-stream#primaryimage"},"thumbnailUrl":"https:\/\/www.indieofilo.com\/wp-content\/uploads\/2015\/05\/horarios-streaming-Primavera-Sound-2015.jpg","datePublished":"2015-05-28T11:32:38+00:00","dateModified":"2023-09-20T12:45:12+00:00","description":"During this weekend you can enjoy The Strokes, Interpol, James Blake, Sleater-Kinney, Damien Rice, Ride or Belle & Sebastian gigs at Catalan Festival.","breadcrumb":{"@id":"https:\/\/www.indieofilo.com\/en\/news\/enjoy-primavera-sound-2015-from-your-sofa-with-live-stream#breadcrumb"},"inLanguage":"en-US","potentialAction":[{"@type":"ReadAction","target":["https:\/\/www.indieofilo.com\/en\/news\/enjoy-primavera-sound-2015-from-your-sofa-with-live-stream"]}]},{"@type":"ImageObject","inLanguage":"en-US","@id":"https:\/\/www.indieofilo.com\/en\/news\/enjoy-primavera-sound-2015-from-your-sofa-with-live-stream#primaryimage","url":"https:\/\/www.indieofilo.com\/wp-content\/uploads\/2015\/05\/horarios-streaming-Primavera-Sound-2015.jpg","contentUrl":"https:\/\/www.indieofilo.com\/wp-content\/uploads\/2015\/05\/horarios-streaming-Primavera-Sound-2015.jpg","width":570,"height":600,"caption":"horarios streaming Primavera Sound 2015"},{"@type":"BreadcrumbList","@id":"https:\/\/www.indieofilo.com\/en\/news\/enjoy-primavera-sound-2015-from-your-sofa-with-live-stream#breadcrumb","itemListElement":[{"@type":"ListItem","position":1,"name":"Portada","item":"https:\/\/www.indieofilo.com\/en"},{"@type":"ListItem","position":2,"name":"Enjoy Primavera Sound 2015 from your sofa with live stream"}]},{"@type":"WebSite","@id":"https:\/\/www.indieofilo.com\/#website","url":"https:\/\/www.indieofilo.com\/","name":"Indie\u00f3filo","description":"Magazine online de la cultura independiente","publisher":{"@id":"https:\/\/www.indieofilo.com\/#organization"},"potentialAction":[{"@type":"SearchAction","target":{"@type":"EntryPoint","urlTemplate":"https:\/\/www.indieofilo.com\/?s={search_term_string}"},"query-input":{"@type":"PropertyValueSpecification","valueRequired":true,"valueName":"search_term_string"}}],"inLanguage":"en-US"},{"@type":"Organization","@id":"https:\/\/www.indieofilo.com\/#organization","name":"Indie\u00f3filo Web","url":"https:\/\/www.indieofilo.com\/","logo":{"@type":"ImageObject","inLanguage":"en-US","@id":"https:\/\/www.indieofilo.com\/#\/schema\/logo\/image\/","url":"https:\/\/www.indieofilo.com\/wp-content\/uploads\/2015\/02\/logo-alta-resolucion.png","contentUrl":"https:\/\/www.indieofilo.com\/wp-content\/uploads\/2015\/02\/logo-alta-resolucion.png","width":544,"height":185,"caption":"Indie\u00f3filo Web"},"image":{"@id":"https:\/\/www.indieofilo.com\/#\/schema\/logo\/image\/"},"sameAs":["https:\/\/www.facebook.com\/Indieofilo\/","https:\/\/x.com\/indieofilo","https:\/\/www.instagram.com\/indieofilo\/"]},{"@type":"Person","@id":"https:\/\/www.indieofilo.com\/#\/schema\/person\/595334d38590e4ce5a09f83cbf2fca90","name":"Victor","image":{"@type":"ImageObject","inLanguage":"en-US","@id":"https:\/\/www.indieofilo.com\/#\/schema\/person\/image\/","url":"https:\/\/secure.gravatar.com\/avatar\/682b8c6ea3e94b6cffec683b25f1797d?s=96&d=mm&r=g","contentUrl":"https:\/\/secure.gravatar.com\/avatar\/682b8c6ea3e94b6cffec683b25f1797d?s=96&d=mm&r=g","caption":"Victor"},"description":"Fan\u00e1tico de la m\u00fasica desde que mis padres me pon\u00edan a Eydie Gorme y Los Panchos o el Discotuna por la A2. Intent\u00e9 tocar varios instrumentos, pero soy muy torpe con la mano izquierda, as\u00ed que ya sab\u00e9is el resultado final. Fan del britpop, Post-punk, el rugby y el baloncesto...","sameAs":["http:\/\/indieofilo.com"],"url":"https:\/\/www.indieofilo.com\/en\/author\/victor"}]}},"_links":{"self":[{"href":"https:\/\/www.indieofilo.com\/en\/wp-json\/wp\/v2\/posts\/2048","targetHints":{"allow":["GET"]}}],"collection":[{"href":"https:\/\/www.indieofilo.com\/en\/wp-json\/wp\/v2\/posts"}],"about":[{"href":"https:\/\/www.indieofilo.com\/en\/wp-json\/wp\/v2\/types\/post"}],"author":[{"embeddable":true,"href":"https:\/\/www.indieofilo.com\/en\/wp-json\/wp\/v2\/users\/1"}],"replies":[{"embeddable":true,"href":"https:\/\/www.indieofilo.com\/en\/wp-json\/wp\/v2\/comments?post=2048"}],"version-history":[{"count":0,"href":"https:\/\/www.indieofilo.com\/en\/wp-json\/wp\/v2\/posts\/2048\/revisions"}],"wp:featuredmedia":[{"embeddable":true,"href":"https:\/\/www.indieofilo.com\/en\/wp-json\/wp\/v2\/media\/2045"}],"wp:attachment":[{"href":"https:\/\/www.indieofilo.com\/en\/wp-json\/wp\/v2\/media?parent=2048"}],"wp:term":[{"taxonomy":"category","embeddable":true,"href":"https:\/\/www.indieofilo.com\/en\/wp-json\/wp\/v2\/categories?post=2048"},{"taxonomy":"post_tag","embeddable":true,"href":"https:\/\/www.indieofilo.com\/en\/wp-json\/wp\/v2\/tags?post=2048"}],"curies":[{"name":"wp","href":"https:\/\/api.w.org\/{rel}","templated":true}]}}