{"id":1633,"date":"2015-04-15T18:56:38","date_gmt":"2015-04-15T16:56:38","guid":{"rendered":"http:\/\/indieofilo.com\/?p=1633"},"modified":"2023-11-21T14:36:05","modified_gmt":"2023-11-21T13:36:05","slug":"kingsday-festival-2015-announces-its-timetable","status":"publish","type":"post","link":"https:\/\/www.indieofilo.com\/en\/short-news\/kingsday-festival-2015-announces-its-timetable","title":{"rendered":"Kingsday Festival 2015 announces its timetable"},"content":{"rendered":"<p style=\"text-align: justify;\"><strong>Kingsday Festival 2015<\/strong>, the festival that will be held on 27th April at Olympic Stadium in Amsterdam has just announced the timetable. With <strong>Skrillex<\/strong> and <strong>Diplo<\/strong> (<strong>Jack \u00dc<\/strong>) or <strong>Knife Party<\/strong>\u00a0as main names, the festival also includes other big names as\u00a0<strong>Kygo, Carnage, Robin Schulz or\u00a0Mightyfools<\/strong>. Tickets are yet available with a price of \u20ac34.50 on <a href=\"http:\/\/www.kingsdayfestival.nl\">it&#8217;s offical website<\/a>.<\/p>\n<p style=\"text-align: center;\"><img fetchpriority=\"high\" decoding=\"async\" src=\"\/wp-content\/uploads\/2015\/04\/Kingsday-festival-2015-Timetable.jpg\" alt=\" Kingsday festival 2015 - Timetable\" width=\"600\" height=\"600\" \/><\/p>\n","protected":false},"excerpt":{"rendered":"<p>Kingsday Festival 2015, the festival that will be held on 27th April at Olympic Stadium in Amsterdam has just announced the timetable. With Skrillex and Diplo (Jack \u00dc) or Knife Party\u00a0as main names, the festival also includes other big names as\u00a0Kygo, Carnage, Robin Schulz or\u00a0Mightyfools. Tickets are yet available with a price of \u20ac34.50 on [&hellip;]<\/p>\n","protected":false},"author":1,"featured_media":18308,"comment_status":"closed","ping_status":"closed","sticky":false,"template":"","format":"standard","meta":{"footnotes":""},"categories":[18],"tags":[6394,6395],"class_list":["post-1633","post","type-post","status-publish","format-standard","has-post-thumbnail","hentry","category-short-news","tag-kingsday-festival-en","tag-kingsday-festival-2015-en"],"yoast_head":"<!-- This site is optimized with the Yoast SEO Premium plugin v23.9 (Yoast SEO v26.6) - https:\/\/yoast.com\/wordpress\/plugins\/seo\/ -->\n<title>Kingsday Festival 2015 announces its timetable - Indie\u00f3filo<\/title>\n<meta name=\"description\" content=\"Kingsday Festival 2015, the festival that will be held on 27th April at Olympic Stadium with Jack \u00dc in Amsterdam has just announced the timetable\" \/>\n<meta name=\"robots\" content=\"index, follow, max-snippet:-1, max-image-preview:large, max-video-preview:-1\" \/>\n<link rel=\"canonical\" href=\"https:\/\/www.indieofilo.com\/en\/short-news\/kingsday-festival-2015-announces-its-timetable\" \/>\n<meta property=\"og:locale\" content=\"en_US\" \/>\n<meta property=\"og:type\" content=\"article\" \/>\n<meta property=\"og:title\" content=\"Kingsday Festival 2015 announces its timetable\" \/>\n<meta property=\"og:description\" content=\"Kingsday Festival 2015, the festival that will be held on 27th April at Olympic Stadium with Jack \u00dc in Amsterdam has just announced the timetable\" \/>\n<meta property=\"og:url\" content=\"https:\/\/www.indieofilo.com\/en\/short-news\/kingsday-festival-2015-announces-its-timetable\" \/>\n<meta property=\"og:site_name\" content=\"Indie\u00f3filo\" \/>\n<meta property=\"article:publisher\" content=\"https:\/\/www.facebook.com\/Indieofilo\/\" \/>\n<meta property=\"article:published_time\" content=\"2015-04-15T16:56:38+00:00\" \/>\n<meta property=\"article:modified_time\" content=\"2023-11-21T13:36:05+00:00\" \/>\n<meta property=\"og:image\" content=\"https:\/\/www.indieofilo.com\/wp-content\/uploads\/2015\/04\/Kingsday-festival-2015-Timetable.jpg\" \/>\n\t<meta property=\"og:image:width\" content=\"600\" \/>\n\t<meta property=\"og:image:height\" content=\"600\" \/>\n\t<meta property=\"og:image:type\" content=\"image\/jpeg\" \/>\n<meta name=\"author\" content=\"Victor\" \/>\n<meta name=\"twitter:card\" content=\"summary_large_image\" \/>\n<meta name=\"twitter:creator\" content=\"@indieofilo\" \/>\n<meta name=\"twitter:site\" content=\"@indieofilo\" \/>\n<meta name=\"twitter:label1\" content=\"Written by\" \/>\n\t<meta name=\"twitter:data1\" content=\"Victor\" \/>\n\t<meta name=\"twitter:label2\" content=\"Est. reading time\" \/>\n\t<meta name=\"twitter:data2\" content=\"1 minute\" \/>\n<script type=\"application\/ld+json\" class=\"yoast-schema-graph\">{\"@context\":\"https:\/\/schema.org\",\"@graph\":[{\"@type\":\"Article\",\"@id\":\"https:\/\/www.indieofilo.com\/en\/short-news\/kingsday-festival-2015-announces-its-timetable#article\",\"isPartOf\":{\"@id\":\"https:\/\/www.indieofilo.com\/en\/short-news\/kingsday-festival-2015-announces-its-timetable\"},\"author\":{\"name\":\"Victor\",\"@id\":\"https:\/\/www.indieofilo.com\/#\/schema\/person\/595334d38590e4ce5a09f83cbf2fca90\"},\"headline\":\"Kingsday Festival 2015 announces its timetable\",\"datePublished\":\"2015-04-15T16:56:38+00:00\",\"dateModified\":\"2023-11-21T13:36:05+00:00\",\"mainEntityOfPage\":{\"@id\":\"https:\/\/www.indieofilo.com\/en\/short-news\/kingsday-festival-2015-announces-its-timetable\"},\"wordCount\":63,\"publisher\":{\"@id\":\"https:\/\/www.indieofilo.com\/#organization\"},\"image\":{\"@id\":\"https:\/\/www.indieofilo.com\/en\/short-news\/kingsday-festival-2015-announces-its-timetable#primaryimage\"},\"thumbnailUrl\":\"https:\/\/www.indieofilo.com\/wp-content\/uploads\/2015\/04\/Kingsday-festival-2015-Timetable.jpg\",\"keywords\":[\"Kingsday Festival\",\"Kingsday Festival 2015\"],\"articleSection\":[\"Short news\"],\"inLanguage\":\"en-US\"},{\"@type\":\"WebPage\",\"@id\":\"https:\/\/www.indieofilo.com\/en\/short-news\/kingsday-festival-2015-announces-its-timetable\",\"url\":\"https:\/\/www.indieofilo.com\/en\/short-news\/kingsday-festival-2015-announces-its-timetable\",\"name\":\"Kingsday Festival 2015 announces its timetable - Indie\u00f3filo\",\"isPartOf\":{\"@id\":\"https:\/\/www.indieofilo.com\/#website\"},\"primaryImageOfPage\":{\"@id\":\"https:\/\/www.indieofilo.com\/en\/short-news\/kingsday-festival-2015-announces-its-timetable#primaryimage\"},\"image\":{\"@id\":\"https:\/\/www.indieofilo.com\/en\/short-news\/kingsday-festival-2015-announces-its-timetable#primaryimage\"},\"thumbnailUrl\":\"https:\/\/www.indieofilo.com\/wp-content\/uploads\/2015\/04\/Kingsday-festival-2015-Timetable.jpg\",\"datePublished\":\"2015-04-15T16:56:38+00:00\",\"dateModified\":\"2023-11-21T13:36:05+00:00\",\"description\":\"Kingsday Festival 2015, the festival that will be held on 27th April at Olympic Stadium with Jack \u00dc in Amsterdam has just announced the timetable\",\"breadcrumb\":{\"@id\":\"https:\/\/www.indieofilo.com\/en\/short-news\/kingsday-festival-2015-announces-its-timetable#breadcrumb\"},\"inLanguage\":\"en-US\",\"potentialAction\":[{\"@type\":\"ReadAction\",\"target\":[\"https:\/\/www.indieofilo.com\/en\/short-news\/kingsday-festival-2015-announces-its-timetable\"]}]},{\"@type\":\"ImageObject\",\"inLanguage\":\"en-US\",\"@id\":\"https:\/\/www.indieofilo.com\/en\/short-news\/kingsday-festival-2015-announces-its-timetable#primaryimage\",\"url\":\"https:\/\/www.indieofilo.com\/wp-content\/uploads\/2015\/04\/Kingsday-festival-2015-Timetable.jpg\",\"contentUrl\":\"https:\/\/www.indieofilo.com\/wp-content\/uploads\/2015\/04\/Kingsday-festival-2015-Timetable.jpg\",\"width\":600,\"height\":600},{\"@type\":\"BreadcrumbList\",\"@id\":\"https:\/\/www.indieofilo.com\/en\/short-news\/kingsday-festival-2015-announces-its-timetable#breadcrumb\",\"itemListElement\":[{\"@type\":\"ListItem\",\"position\":1,\"name\":\"Portada\",\"item\":\"https:\/\/www.indieofilo.com\/en\"},{\"@type\":\"ListItem\",\"position\":2,\"name\":\"Kingsday Festival 2015 announces its timetable\"}]},{\"@type\":\"WebSite\",\"@id\":\"https:\/\/www.indieofilo.com\/#website\",\"url\":\"https:\/\/www.indieofilo.com\/\",\"name\":\"Indie\u00f3filo\",\"description\":\"Magazine online de la cultura independiente\",\"publisher\":{\"@id\":\"https:\/\/www.indieofilo.com\/#organization\"},\"potentialAction\":[{\"@type\":\"SearchAction\",\"target\":{\"@type\":\"EntryPoint\",\"urlTemplate\":\"https:\/\/www.indieofilo.com\/?s={search_term_string}\"},\"query-input\":{\"@type\":\"PropertyValueSpecification\",\"valueRequired\":true,\"valueName\":\"search_term_string\"}}],\"inLanguage\":\"en-US\"},{\"@type\":\"Organization\",\"@id\":\"https:\/\/www.indieofilo.com\/#organization\",\"name\":\"Indie\u00f3filo Web\",\"url\":\"https:\/\/www.indieofilo.com\/\",\"logo\":{\"@type\":\"ImageObject\",\"inLanguage\":\"en-US\",\"@id\":\"https:\/\/www.indieofilo.com\/#\/schema\/logo\/image\/\",\"url\":\"https:\/\/www.indieofilo.com\/wp-content\/uploads\/2015\/02\/logo-alta-resolucion.png\",\"contentUrl\":\"https:\/\/www.indieofilo.com\/wp-content\/uploads\/2015\/02\/logo-alta-resolucion.png\",\"width\":544,\"height\":185,\"caption\":\"Indie\u00f3filo Web\"},\"image\":{\"@id\":\"https:\/\/www.indieofilo.com\/#\/schema\/logo\/image\/\"},\"sameAs\":[\"https:\/\/www.facebook.com\/Indieofilo\/\",\"https:\/\/x.com\/indieofilo\",\"https:\/\/www.instagram.com\/indieofilo\/\"]},{\"@type\":\"Person\",\"@id\":\"https:\/\/www.indieofilo.com\/#\/schema\/person\/595334d38590e4ce5a09f83cbf2fca90\",\"name\":\"Victor\",\"image\":{\"@type\":\"ImageObject\",\"inLanguage\":\"en-US\",\"@id\":\"https:\/\/www.indieofilo.com\/#\/schema\/person\/image\/\",\"url\":\"https:\/\/secure.gravatar.com\/avatar\/682b8c6ea3e94b6cffec683b25f1797d?s=96&d=mm&r=g\",\"contentUrl\":\"https:\/\/secure.gravatar.com\/avatar\/682b8c6ea3e94b6cffec683b25f1797d?s=96&d=mm&r=g\",\"caption\":\"Victor\"},\"description\":\"Fan\u00e1tico de la m\u00fasica desde que mis padres me pon\u00edan a Eydie Gorme y Los Panchos o el Discotuna por la A2. Intent\u00e9 tocar varios instrumentos, pero soy muy torpe con la mano izquierda, as\u00ed que ya sab\u00e9is el resultado final. Fan del britpop, Post-punk, el rugby y el baloncesto...\",\"sameAs\":[\"http:\/\/indieofilo.com\"],\"url\":\"https:\/\/www.indieofilo.com\/en\/author\/victor\"}]}<\/script>\n<!-- \/ Yoast SEO Premium plugin. -->","yoast_head_json":{"title":"Kingsday Festival 2015 announces its timetable - Indie\u00f3filo","description":"Kingsday Festival 2015, the festival that will be held on 27th April at Olympic Stadium with Jack \u00dc in Amsterdam has just announced the timetable","robots":{"index":"index","follow":"follow","max-snippet":"max-snippet:-1","max-image-preview":"max-image-preview:large","max-video-preview":"max-video-preview:-1"},"canonical":"https:\/\/www.indieofilo.com\/en\/short-news\/kingsday-festival-2015-announces-its-timetable","og_locale":"en_US","og_type":"article","og_title":"Kingsday Festival 2015 announces its timetable","og_description":"Kingsday Festival 2015, the festival that will be held on 27th April at Olympic Stadium with Jack \u00dc in Amsterdam has just announced the timetable","og_url":"https:\/\/www.indieofilo.com\/en\/short-news\/kingsday-festival-2015-announces-its-timetable","og_site_name":"Indie\u00f3filo","article_publisher":"https:\/\/www.facebook.com\/Indieofilo\/","article_published_time":"2015-04-15T16:56:38+00:00","article_modified_time":"2023-11-21T13:36:05+00:00","og_image":[{"width":600,"height":600,"url":"https:\/\/www.indieofilo.com\/wp-content\/uploads\/2015\/04\/Kingsday-festival-2015-Timetable.jpg","type":"image\/jpeg"}],"author":"Victor","twitter_card":"summary_large_image","twitter_creator":"@indieofilo","twitter_site":"@indieofilo","twitter_misc":{"Written by":"Victor","Est. reading time":"1 minute"},"schema":{"@context":"https:\/\/schema.org","@graph":[{"@type":"Article","@id":"https:\/\/www.indieofilo.com\/en\/short-news\/kingsday-festival-2015-announces-its-timetable#article","isPartOf":{"@id":"https:\/\/www.indieofilo.com\/en\/short-news\/kingsday-festival-2015-announces-its-timetable"},"author":{"name":"Victor","@id":"https:\/\/www.indieofilo.com\/#\/schema\/person\/595334d38590e4ce5a09f83cbf2fca90"},"headline":"Kingsday Festival 2015 announces its timetable","datePublished":"2015-04-15T16:56:38+00:00","dateModified":"2023-11-21T13:36:05+00:00","mainEntityOfPage":{"@id":"https:\/\/www.indieofilo.com\/en\/short-news\/kingsday-festival-2015-announces-its-timetable"},"wordCount":63,"publisher":{"@id":"https:\/\/www.indieofilo.com\/#organization"},"image":{"@id":"https:\/\/www.indieofilo.com\/en\/short-news\/kingsday-festival-2015-announces-its-timetable#primaryimage"},"thumbnailUrl":"https:\/\/www.indieofilo.com\/wp-content\/uploads\/2015\/04\/Kingsday-festival-2015-Timetable.jpg","keywords":["Kingsday Festival","Kingsday Festival 2015"],"articleSection":["Short news"],"inLanguage":"en-US"},{"@type":"WebPage","@id":"https:\/\/www.indieofilo.com\/en\/short-news\/kingsday-festival-2015-announces-its-timetable","url":"https:\/\/www.indieofilo.com\/en\/short-news\/kingsday-festival-2015-announces-its-timetable","name":"Kingsday Festival 2015 announces its timetable - Indie\u00f3filo","isPartOf":{"@id":"https:\/\/www.indieofilo.com\/#website"},"primaryImageOfPage":{"@id":"https:\/\/www.indieofilo.com\/en\/short-news\/kingsday-festival-2015-announces-its-timetable#primaryimage"},"image":{"@id":"https:\/\/www.indieofilo.com\/en\/short-news\/kingsday-festival-2015-announces-its-timetable#primaryimage"},"thumbnailUrl":"https:\/\/www.indieofilo.com\/wp-content\/uploads\/2015\/04\/Kingsday-festival-2015-Timetable.jpg","datePublished":"2015-04-15T16:56:38+00:00","dateModified":"2023-11-21T13:36:05+00:00","description":"Kingsday Festival 2015, the festival that will be held on 27th April at Olympic Stadium with Jack \u00dc in Amsterdam has just announced the timetable","breadcrumb":{"@id":"https:\/\/www.indieofilo.com\/en\/short-news\/kingsday-festival-2015-announces-its-timetable#breadcrumb"},"inLanguage":"en-US","potentialAction":[{"@type":"ReadAction","target":["https:\/\/www.indieofilo.com\/en\/short-news\/kingsday-festival-2015-announces-its-timetable"]}]},{"@type":"ImageObject","inLanguage":"en-US","@id":"https:\/\/www.indieofilo.com\/en\/short-news\/kingsday-festival-2015-announces-its-timetable#primaryimage","url":"https:\/\/www.indieofilo.com\/wp-content\/uploads\/2015\/04\/Kingsday-festival-2015-Timetable.jpg","contentUrl":"https:\/\/www.indieofilo.com\/wp-content\/uploads\/2015\/04\/Kingsday-festival-2015-Timetable.jpg","width":600,"height":600},{"@type":"BreadcrumbList","@id":"https:\/\/www.indieofilo.com\/en\/short-news\/kingsday-festival-2015-announces-its-timetable#breadcrumb","itemListElement":[{"@type":"ListItem","position":1,"name":"Portada","item":"https:\/\/www.indieofilo.com\/en"},{"@type":"ListItem","position":2,"name":"Kingsday Festival 2015 announces its timetable"}]},{"@type":"WebSite","@id":"https:\/\/www.indieofilo.com\/#website","url":"https:\/\/www.indieofilo.com\/","name":"Indie\u00f3filo","description":"Magazine online de la cultura independiente","publisher":{"@id":"https:\/\/www.indieofilo.com\/#organization"},"potentialAction":[{"@type":"SearchAction","target":{"@type":"EntryPoint","urlTemplate":"https:\/\/www.indieofilo.com\/?s={search_term_string}"},"query-input":{"@type":"PropertyValueSpecification","valueRequired":true,"valueName":"search_term_string"}}],"inLanguage":"en-US"},{"@type":"Organization","@id":"https:\/\/www.indieofilo.com\/#organization","name":"Indie\u00f3filo Web","url":"https:\/\/www.indieofilo.com\/","logo":{"@type":"ImageObject","inLanguage":"en-US","@id":"https:\/\/www.indieofilo.com\/#\/schema\/logo\/image\/","url":"https:\/\/www.indieofilo.com\/wp-content\/uploads\/2015\/02\/logo-alta-resolucion.png","contentUrl":"https:\/\/www.indieofilo.com\/wp-content\/uploads\/2015\/02\/logo-alta-resolucion.png","width":544,"height":185,"caption":"Indie\u00f3filo Web"},"image":{"@id":"https:\/\/www.indieofilo.com\/#\/schema\/logo\/image\/"},"sameAs":["https:\/\/www.facebook.com\/Indieofilo\/","https:\/\/x.com\/indieofilo","https:\/\/www.instagram.com\/indieofilo\/"]},{"@type":"Person","@id":"https:\/\/www.indieofilo.com\/#\/schema\/person\/595334d38590e4ce5a09f83cbf2fca90","name":"Victor","image":{"@type":"ImageObject","inLanguage":"en-US","@id":"https:\/\/www.indieofilo.com\/#\/schema\/person\/image\/","url":"https:\/\/secure.gravatar.com\/avatar\/682b8c6ea3e94b6cffec683b25f1797d?s=96&d=mm&r=g","contentUrl":"https:\/\/secure.gravatar.com\/avatar\/682b8c6ea3e94b6cffec683b25f1797d?s=96&d=mm&r=g","caption":"Victor"},"description":"Fan\u00e1tico de la m\u00fasica desde que mis padres me pon\u00edan a Eydie Gorme y Los Panchos o el Discotuna por la A2. Intent\u00e9 tocar varios instrumentos, pero soy muy torpe con la mano izquierda, as\u00ed que ya sab\u00e9is el resultado final. Fan del britpop, Post-punk, el rugby y el baloncesto...","sameAs":["http:\/\/indieofilo.com"],"url":"https:\/\/www.indieofilo.com\/en\/author\/victor"}]}},"_links":{"self":[{"href":"https:\/\/www.indieofilo.com\/en\/wp-json\/wp\/v2\/posts\/1633","targetHints":{"allow":["GET"]}}],"collection":[{"href":"https:\/\/www.indieofilo.com\/en\/wp-json\/wp\/v2\/posts"}],"about":[{"href":"https:\/\/www.indieofilo.com\/en\/wp-json\/wp\/v2\/types\/post"}],"author":[{"embeddable":true,"href":"https:\/\/www.indieofilo.com\/en\/wp-json\/wp\/v2\/users\/1"}],"replies":[{"embeddable":true,"href":"https:\/\/www.indieofilo.com\/en\/wp-json\/wp\/v2\/comments?post=1633"}],"version-history":[{"count":0,"href":"https:\/\/www.indieofilo.com\/en\/wp-json\/wp\/v2\/posts\/1633\/revisions"}],"wp:featuredmedia":[{"embeddable":true,"href":"https:\/\/www.indieofilo.com\/en\/wp-json\/wp\/v2\/media\/18308"}],"wp:attachment":[{"href":"https:\/\/www.indieofilo.com\/en\/wp-json\/wp\/v2\/media?parent=1633"}],"wp:term":[{"taxonomy":"category","embeddable":true,"href":"https:\/\/www.indieofilo.com\/en\/wp-json\/wp\/v2\/categories?post=1633"},{"taxonomy":"post_tag","embeddable":true,"href":"https:\/\/www.indieofilo.com\/en\/wp-json\/wp\/v2\/tags?post=1633"}],"curies":[{"name":"wp","href":"https:\/\/api.w.org\/{rel}","templated":true}]}}