{"id":1575,"date":"2015-02-20T21:14:56","date_gmt":"2015-02-20T20:14:56","guid":{"rendered":"http:\/\/indieofilo.com\/?p=1575"},"modified":"2023-11-21T14:41:27","modified_gmt":"2023-11-21T13:41:27","slug":"jack-u-and-knife-party-main-names-of-kingsday-festival-2015","status":"publish","type":"post","link":"https:\/\/www.indieofilo.com\/en\/news\/live-shows\/jack-u-and-knife-party-main-names-of-kingsday-festival-2015","title":{"rendered":"Jack \u00dc and Knife Party, main names of Kingsday Festival 2015"},"content":{"rendered":"<p style=\"text-align: justify;\"><strong>Kingsday Festival 2015<\/strong>, the festival that will be held on 27th April at Olympic Stadium\u00a0in Amsterdam has just confirmed the main batch of names for its line-up. In the day where the whole Netherlands wear orange and celebrate the birthday of their King, on the Olympic Stadium will be possible to enjoy the best\u00a0EDM, techno\u00a0and house with the duo project\u00a0of <strong>Skrillex<\/strong> and <strong>Diplo<\/strong> (<strong>Jack \u00dc<\/strong>) or\u00a0<strong>Knife Party<\/strong> on the main stage. The other names confirmed are\u00a0<strong>Kygo,\u00a0Diplo (solo show),\u00a0Carnage, Robin Schulz,\u00a0Joris Voorn, Yellow Claw, Bakermat, Klingande, Gabriel Ananda &amp; Dominik Eulberg, FeestDJRuud, Girls Love DJs, Mightyfools, Fur Coat, Mike Mago, Snails, Dirtcaps, Anton Pieete, LNY TNZ,\u00a0Ici Sans Merci, Cesqeaux, Boehmer, Kris Kross Amsterdam,\u00a0Cat Carpenters <\/strong>and\u00a0<strong>Les Deuxx<\/strong>.<\/p>\n<p style=\"text-align: justify;\">Tickets will be available with a promotional price of\u00a0\u20ac24.50\u00a0since next 27th february at\u00a012:00 on <a href=\"http:\/\/www.kingsdayfestival.nl\">it&#8217;s offical website<\/a>.<\/p>\n<p style=\"text-align: center;\"><img fetchpriority=\"high\" decoding=\"async\" src=\"\/wp-content\/uploads\/2015\/02\/Kingsday-Festival-2015-Jack-U-Diplo-Knife-Party.jpg\" alt=\"Kingsday Festival 2015 - Jack U Diplo Knife Party\" width=\"424\" height=\"600\" \/><\/p>\n","protected":false},"excerpt":{"rendered":"<p>Kingsday Festival 2015, the festival that will be held on 27th April at Olympic Stadium\u00a0in Amsterdam has just confirmed the main batch of names for its line-up. In the day where the whole Netherlands wear orange and celebrate the birthday of their King, on the Olympic Stadium will be possible to enjoy the best\u00a0EDM, techno\u00a0and [&hellip;]<\/p>\n","protected":false},"author":1,"featured_media":18297,"comment_status":"closed","ping_status":"closed","sticky":false,"template":"","format":"standard","meta":{"footnotes":""},"categories":[41,8],"tags":[6489,6490,6491,6492,6493,6494,5230,6495,6496,6497,6498,6499,6500,5937,6501,6394,6395,6502,6503,6504,5181,6505,6506,6507,6508,6092,6472,6509,6510],"class_list":["post-1575","post","type-post","status-publish","format-standard","has-post-thumbnail","hentry","category-live-shows","category-news","tag-anton-pieete-en","tag-bakermat-en","tag-boehmer-en","tag-carnage-en","tag-cat-carpenters-en","tag-cesqeaux-en","tag-diplo-en","tag-dirtcaps-en","tag-feestdjruud-en","tag-fur-coat-en","tag-gabriel-ananda-dominik-eulberg-en","tag-girls-love-djs-en","tag-ici-sans-merci-en","tag-jack-u-en","tag-joris-voorn-en","tag-kingsday-festival-en","tag-kingsday-festival-2015-en","tag-klingande-en","tag-knife-party-en","tag-kris-kross-amsterdam-en","tag-kygo-en","tag-les-deuxx-en","tag-lny-tnz-en","tag-mightyfools-en","tag-mike-mago-en","tag-robin-schulz-en","tag-skrillex-en","tag-snails-en","tag-yellow-claw-en"],"yoast_head":"<!-- This site is optimized with the Yoast SEO Premium plugin v23.9 (Yoast SEO v26.6) - https:\/\/yoast.com\/wordpress\/plugins\/seo\/ -->\n<title>Jack \u00dc &amp; Knife Party, main names for Kingsday Festival 2015<\/title>\n<meta name=\"description\" content=\"Kingsday Festival 2015, the festival that will be held on the next 27th of April@Amsterdam has confirmed its line up with Jack \u00dc &amp; Knife Party as main names\" \/>\n<meta name=\"robots\" content=\"index, follow, max-snippet:-1, max-image-preview:large, max-video-preview:-1\" \/>\n<link rel=\"canonical\" href=\"https:\/\/www.indieofilo.com\/en\/news\/jack-u-and-knife-party-main-names-of-kingsday-festival-2015\" \/>\n<meta property=\"og:locale\" content=\"en_US\" \/>\n<meta property=\"og:type\" content=\"article\" \/>\n<meta property=\"og:title\" content=\"Jack \u00dc and Knife Party, main names of Kingsday Festival 2015\" \/>\n<meta property=\"og:description\" content=\"Kingsday Festival 2015, the festival that will be held on the next 27th of April@Amsterdam has confirmed its line up with Jack \u00dc &amp; Knife Party as main names\" \/>\n<meta property=\"og:url\" content=\"https:\/\/www.indieofilo.com\/en\/news\/jack-u-and-knife-party-main-names-of-kingsday-festival-2015\" \/>\n<meta property=\"og:site_name\" content=\"Indie\u00f3filo\" \/>\n<meta property=\"article:publisher\" content=\"https:\/\/www.facebook.com\/Indieofilo\/\" \/>\n<meta property=\"article:published_time\" content=\"2015-02-20T20:14:56+00:00\" \/>\n<meta property=\"article:modified_time\" content=\"2023-11-21T13:41:27+00:00\" \/>\n<meta property=\"og:image\" content=\"https:\/\/www.indieofilo.com\/wp-content\/uploads\/2015\/02\/Kingsday-Festival-2015-Jack-U-Diplo-Knife-Party.jpg\" \/>\n\t<meta property=\"og:image:width\" content=\"424\" \/>\n\t<meta property=\"og:image:height\" content=\"600\" \/>\n\t<meta property=\"og:image:type\" content=\"image\/jpeg\" \/>\n<meta name=\"author\" content=\"Victor\" \/>\n<meta name=\"twitter:card\" content=\"summary_large_image\" \/>\n<meta name=\"twitter:creator\" content=\"@indieofilo\" \/>\n<meta name=\"twitter:site\" content=\"@indieofilo\" \/>\n<meta name=\"twitter:label1\" content=\"Written by\" \/>\n\t<meta name=\"twitter:data1\" content=\"Victor\" \/>\n\t<meta name=\"twitter:label2\" content=\"Est. reading time\" \/>\n\t<meta name=\"twitter:data2\" content=\"1 minute\" \/>\n<script type=\"application\/ld+json\" class=\"yoast-schema-graph\">{\"@context\":\"https:\/\/schema.org\",\"@graph\":[{\"@type\":\"Article\",\"@id\":\"https:\/\/www.indieofilo.com\/en\/news\/jack-u-and-knife-party-main-names-of-kingsday-festival-2015#article\",\"isPartOf\":{\"@id\":\"https:\/\/www.indieofilo.com\/en\/news\/jack-u-and-knife-party-main-names-of-kingsday-festival-2015\"},\"author\":{\"name\":\"Victor\",\"@id\":\"https:\/\/www.indieofilo.com\/#\/schema\/person\/595334d38590e4ce5a09f83cbf2fca90\"},\"headline\":\"Jack \u00dc and Knife Party, main names of Kingsday Festival 2015\",\"datePublished\":\"2015-02-20T20:14:56+00:00\",\"dateModified\":\"2023-11-21T13:41:27+00:00\",\"mainEntityOfPage\":{\"@id\":\"https:\/\/www.indieofilo.com\/en\/news\/jack-u-and-knife-party-main-names-of-kingsday-festival-2015\"},\"wordCount\":152,\"publisher\":{\"@id\":\"https:\/\/www.indieofilo.com\/#organization\"},\"image\":{\"@id\":\"https:\/\/www.indieofilo.com\/en\/news\/jack-u-and-knife-party-main-names-of-kingsday-festival-2015#primaryimage\"},\"thumbnailUrl\":\"https:\/\/www.indieofilo.com\/wp-content\/uploads\/2015\/02\/Kingsday-Festival-2015-Jack-U-Diplo-Knife-Party.jpg\",\"keywords\":[\"Anton Pieete\",\"Bakermat\",\"Boehmer\",\"Carnage\",\"Cat Carpenters\",\"Cesqeaux\",\"Diplo\",\"Dirtcaps\",\"FeestDJRuud\",\"Fur Coat\",\"Gabriel Ananda &amp; Dominik Eulberg\",\"Girls Love DJs\",\"Ici Sans Merci\",\"Jack \u00dc\",\"Joris Voorn\",\"Kingsday Festival\",\"Kingsday Festival 2015\",\"Klingande\",\"Knife Party\",\"Kris Kross Amsterdam\",\"Kygo\",\"Les Deuxx.\",\"LNY TNZ\",\"Mightyfools\",\"Mike Mago\",\"Robin Schulz\",\"Skrillex\",\"Snails\",\"Yellow Claw\"],\"articleSection\":[\"Live Shows\",\"News\"],\"inLanguage\":\"en-US\"},{\"@type\":\"WebPage\",\"@id\":\"https:\/\/www.indieofilo.com\/en\/news\/jack-u-and-knife-party-main-names-of-kingsday-festival-2015\",\"url\":\"https:\/\/www.indieofilo.com\/en\/news\/jack-u-and-knife-party-main-names-of-kingsday-festival-2015\",\"name\":\"Jack \u00dc & Knife Party, main names for Kingsday Festival 2015\",\"isPartOf\":{\"@id\":\"https:\/\/www.indieofilo.com\/#website\"},\"primaryImageOfPage\":{\"@id\":\"https:\/\/www.indieofilo.com\/en\/news\/jack-u-and-knife-party-main-names-of-kingsday-festival-2015#primaryimage\"},\"image\":{\"@id\":\"https:\/\/www.indieofilo.com\/en\/news\/jack-u-and-knife-party-main-names-of-kingsday-festival-2015#primaryimage\"},\"thumbnailUrl\":\"https:\/\/www.indieofilo.com\/wp-content\/uploads\/2015\/02\/Kingsday-Festival-2015-Jack-U-Diplo-Knife-Party.jpg\",\"datePublished\":\"2015-02-20T20:14:56+00:00\",\"dateModified\":\"2023-11-21T13:41:27+00:00\",\"description\":\"Kingsday Festival 2015, the festival that will be held on the next 27th of April@Amsterdam has confirmed its line up with Jack \u00dc & Knife Party as main names\",\"breadcrumb\":{\"@id\":\"https:\/\/www.indieofilo.com\/en\/news\/jack-u-and-knife-party-main-names-of-kingsday-festival-2015#breadcrumb\"},\"inLanguage\":\"en-US\",\"potentialAction\":[{\"@type\":\"ReadAction\",\"target\":[\"https:\/\/www.indieofilo.com\/en\/news\/jack-u-and-knife-party-main-names-of-kingsday-festival-2015\"]}]},{\"@type\":\"ImageObject\",\"inLanguage\":\"en-US\",\"@id\":\"https:\/\/www.indieofilo.com\/en\/news\/jack-u-and-knife-party-main-names-of-kingsday-festival-2015#primaryimage\",\"url\":\"https:\/\/www.indieofilo.com\/wp-content\/uploads\/2015\/02\/Kingsday-Festival-2015-Jack-U-Diplo-Knife-Party.jpg\",\"contentUrl\":\"https:\/\/www.indieofilo.com\/wp-content\/uploads\/2015\/02\/Kingsday-Festival-2015-Jack-U-Diplo-Knife-Party.jpg\",\"width\":424,\"height\":600},{\"@type\":\"BreadcrumbList\",\"@id\":\"https:\/\/www.indieofilo.com\/en\/news\/jack-u-and-knife-party-main-names-of-kingsday-festival-2015#breadcrumb\",\"itemListElement\":[{\"@type\":\"ListItem\",\"position\":1,\"name\":\"Portada\",\"item\":\"https:\/\/www.indieofilo.com\/en\"},{\"@type\":\"ListItem\",\"position\":2,\"name\":\"Jack \u00dc and Knife Party, main names of Kingsday Festival 2015\"}]},{\"@type\":\"WebSite\",\"@id\":\"https:\/\/www.indieofilo.com\/#website\",\"url\":\"https:\/\/www.indieofilo.com\/\",\"name\":\"Indie\u00f3filo\",\"description\":\"Magazine online de la cultura independiente\",\"publisher\":{\"@id\":\"https:\/\/www.indieofilo.com\/#organization\"},\"potentialAction\":[{\"@type\":\"SearchAction\",\"target\":{\"@type\":\"EntryPoint\",\"urlTemplate\":\"https:\/\/www.indieofilo.com\/?s={search_term_string}\"},\"query-input\":{\"@type\":\"PropertyValueSpecification\",\"valueRequired\":true,\"valueName\":\"search_term_string\"}}],\"inLanguage\":\"en-US\"},{\"@type\":\"Organization\",\"@id\":\"https:\/\/www.indieofilo.com\/#organization\",\"name\":\"Indie\u00f3filo Web\",\"url\":\"https:\/\/www.indieofilo.com\/\",\"logo\":{\"@type\":\"ImageObject\",\"inLanguage\":\"en-US\",\"@id\":\"https:\/\/www.indieofilo.com\/#\/schema\/logo\/image\/\",\"url\":\"https:\/\/www.indieofilo.com\/wp-content\/uploads\/2015\/02\/logo-alta-resolucion.png\",\"contentUrl\":\"https:\/\/www.indieofilo.com\/wp-content\/uploads\/2015\/02\/logo-alta-resolucion.png\",\"width\":544,\"height\":185,\"caption\":\"Indie\u00f3filo Web\"},\"image\":{\"@id\":\"https:\/\/www.indieofilo.com\/#\/schema\/logo\/image\/\"},\"sameAs\":[\"https:\/\/www.facebook.com\/Indieofilo\/\",\"https:\/\/x.com\/indieofilo\",\"https:\/\/www.instagram.com\/indieofilo\/\"]},{\"@type\":\"Person\",\"@id\":\"https:\/\/www.indieofilo.com\/#\/schema\/person\/595334d38590e4ce5a09f83cbf2fca90\",\"name\":\"Victor\",\"image\":{\"@type\":\"ImageObject\",\"inLanguage\":\"en-US\",\"@id\":\"https:\/\/www.indieofilo.com\/#\/schema\/person\/image\/\",\"url\":\"https:\/\/secure.gravatar.com\/avatar\/682b8c6ea3e94b6cffec683b25f1797d?s=96&d=mm&r=g\",\"contentUrl\":\"https:\/\/secure.gravatar.com\/avatar\/682b8c6ea3e94b6cffec683b25f1797d?s=96&d=mm&r=g\",\"caption\":\"Victor\"},\"description\":\"Fan\u00e1tico de la m\u00fasica desde que mis padres me pon\u00edan a Eydie Gorme y Los Panchos o el Discotuna por la A2. Intent\u00e9 tocar varios instrumentos, pero soy muy torpe con la mano izquierda, as\u00ed que ya sab\u00e9is el resultado final. Fan del britpop, Post-punk, el rugby y el baloncesto...\",\"sameAs\":[\"http:\/\/indieofilo.com\"],\"url\":\"https:\/\/www.indieofilo.com\/en\/author\/victor\"}]}<\/script>\n<!-- \/ Yoast SEO Premium plugin. -->","yoast_head_json":{"title":"Jack \u00dc & Knife Party, main names for Kingsday Festival 2015","description":"Kingsday Festival 2015, the festival that will be held on the next 27th of April@Amsterdam has confirmed its line up with Jack \u00dc & Knife Party as main names","robots":{"index":"index","follow":"follow","max-snippet":"max-snippet:-1","max-image-preview":"max-image-preview:large","max-video-preview":"max-video-preview:-1"},"canonical":"https:\/\/www.indieofilo.com\/en\/news\/jack-u-and-knife-party-main-names-of-kingsday-festival-2015","og_locale":"en_US","og_type":"article","og_title":"Jack \u00dc and Knife Party, main names of Kingsday Festival 2015","og_description":"Kingsday Festival 2015, the festival that will be held on the next 27th of April@Amsterdam has confirmed its line up with Jack \u00dc & Knife Party as main names","og_url":"https:\/\/www.indieofilo.com\/en\/news\/jack-u-and-knife-party-main-names-of-kingsday-festival-2015","og_site_name":"Indie\u00f3filo","article_publisher":"https:\/\/www.facebook.com\/Indieofilo\/","article_published_time":"2015-02-20T20:14:56+00:00","article_modified_time":"2023-11-21T13:41:27+00:00","og_image":[{"width":424,"height":600,"url":"https:\/\/www.indieofilo.com\/wp-content\/uploads\/2015\/02\/Kingsday-Festival-2015-Jack-U-Diplo-Knife-Party.jpg","type":"image\/jpeg"}],"author":"Victor","twitter_card":"summary_large_image","twitter_creator":"@indieofilo","twitter_site":"@indieofilo","twitter_misc":{"Written by":"Victor","Est. reading time":"1 minute"},"schema":{"@context":"https:\/\/schema.org","@graph":[{"@type":"Article","@id":"https:\/\/www.indieofilo.com\/en\/news\/jack-u-and-knife-party-main-names-of-kingsday-festival-2015#article","isPartOf":{"@id":"https:\/\/www.indieofilo.com\/en\/news\/jack-u-and-knife-party-main-names-of-kingsday-festival-2015"},"author":{"name":"Victor","@id":"https:\/\/www.indieofilo.com\/#\/schema\/person\/595334d38590e4ce5a09f83cbf2fca90"},"headline":"Jack \u00dc and Knife Party, main names of Kingsday Festival 2015","datePublished":"2015-02-20T20:14:56+00:00","dateModified":"2023-11-21T13:41:27+00:00","mainEntityOfPage":{"@id":"https:\/\/www.indieofilo.com\/en\/news\/jack-u-and-knife-party-main-names-of-kingsday-festival-2015"},"wordCount":152,"publisher":{"@id":"https:\/\/www.indieofilo.com\/#organization"},"image":{"@id":"https:\/\/www.indieofilo.com\/en\/news\/jack-u-and-knife-party-main-names-of-kingsday-festival-2015#primaryimage"},"thumbnailUrl":"https:\/\/www.indieofilo.com\/wp-content\/uploads\/2015\/02\/Kingsday-Festival-2015-Jack-U-Diplo-Knife-Party.jpg","keywords":["Anton Pieete","Bakermat","Boehmer","Carnage","Cat Carpenters","Cesqeaux","Diplo","Dirtcaps","FeestDJRuud","Fur Coat","Gabriel Ananda &amp; Dominik Eulberg","Girls Love DJs","Ici Sans Merci","Jack \u00dc","Joris Voorn","Kingsday Festival","Kingsday Festival 2015","Klingande","Knife Party","Kris Kross Amsterdam","Kygo","Les Deuxx.","LNY TNZ","Mightyfools","Mike Mago","Robin Schulz","Skrillex","Snails","Yellow Claw"],"articleSection":["Live Shows","News"],"inLanguage":"en-US"},{"@type":"WebPage","@id":"https:\/\/www.indieofilo.com\/en\/news\/jack-u-and-knife-party-main-names-of-kingsday-festival-2015","url":"https:\/\/www.indieofilo.com\/en\/news\/jack-u-and-knife-party-main-names-of-kingsday-festival-2015","name":"Jack \u00dc & Knife Party, main names for Kingsday Festival 2015","isPartOf":{"@id":"https:\/\/www.indieofilo.com\/#website"},"primaryImageOfPage":{"@id":"https:\/\/www.indieofilo.com\/en\/news\/jack-u-and-knife-party-main-names-of-kingsday-festival-2015#primaryimage"},"image":{"@id":"https:\/\/www.indieofilo.com\/en\/news\/jack-u-and-knife-party-main-names-of-kingsday-festival-2015#primaryimage"},"thumbnailUrl":"https:\/\/www.indieofilo.com\/wp-content\/uploads\/2015\/02\/Kingsday-Festival-2015-Jack-U-Diplo-Knife-Party.jpg","datePublished":"2015-02-20T20:14:56+00:00","dateModified":"2023-11-21T13:41:27+00:00","description":"Kingsday Festival 2015, the festival that will be held on the next 27th of April@Amsterdam has confirmed its line up with Jack \u00dc & Knife Party as main names","breadcrumb":{"@id":"https:\/\/www.indieofilo.com\/en\/news\/jack-u-and-knife-party-main-names-of-kingsday-festival-2015#breadcrumb"},"inLanguage":"en-US","potentialAction":[{"@type":"ReadAction","target":["https:\/\/www.indieofilo.com\/en\/news\/jack-u-and-knife-party-main-names-of-kingsday-festival-2015"]}]},{"@type":"ImageObject","inLanguage":"en-US","@id":"https:\/\/www.indieofilo.com\/en\/news\/jack-u-and-knife-party-main-names-of-kingsday-festival-2015#primaryimage","url":"https:\/\/www.indieofilo.com\/wp-content\/uploads\/2015\/02\/Kingsday-Festival-2015-Jack-U-Diplo-Knife-Party.jpg","contentUrl":"https:\/\/www.indieofilo.com\/wp-content\/uploads\/2015\/02\/Kingsday-Festival-2015-Jack-U-Diplo-Knife-Party.jpg","width":424,"height":600},{"@type":"BreadcrumbList","@id":"https:\/\/www.indieofilo.com\/en\/news\/jack-u-and-knife-party-main-names-of-kingsday-festival-2015#breadcrumb","itemListElement":[{"@type":"ListItem","position":1,"name":"Portada","item":"https:\/\/www.indieofilo.com\/en"},{"@type":"ListItem","position":2,"name":"Jack \u00dc and Knife Party, main names of Kingsday Festival 2015"}]},{"@type":"WebSite","@id":"https:\/\/www.indieofilo.com\/#website","url":"https:\/\/www.indieofilo.com\/","name":"Indie\u00f3filo","description":"Magazine online de la cultura independiente","publisher":{"@id":"https:\/\/www.indieofilo.com\/#organization"},"potentialAction":[{"@type":"SearchAction","target":{"@type":"EntryPoint","urlTemplate":"https:\/\/www.indieofilo.com\/?s={search_term_string}"},"query-input":{"@type":"PropertyValueSpecification","valueRequired":true,"valueName":"search_term_string"}}],"inLanguage":"en-US"},{"@type":"Organization","@id":"https:\/\/www.indieofilo.com\/#organization","name":"Indie\u00f3filo Web","url":"https:\/\/www.indieofilo.com\/","logo":{"@type":"ImageObject","inLanguage":"en-US","@id":"https:\/\/www.indieofilo.com\/#\/schema\/logo\/image\/","url":"https:\/\/www.indieofilo.com\/wp-content\/uploads\/2015\/02\/logo-alta-resolucion.png","contentUrl":"https:\/\/www.indieofilo.com\/wp-content\/uploads\/2015\/02\/logo-alta-resolucion.png","width":544,"height":185,"caption":"Indie\u00f3filo Web"},"image":{"@id":"https:\/\/www.indieofilo.com\/#\/schema\/logo\/image\/"},"sameAs":["https:\/\/www.facebook.com\/Indieofilo\/","https:\/\/x.com\/indieofilo","https:\/\/www.instagram.com\/indieofilo\/"]},{"@type":"Person","@id":"https:\/\/www.indieofilo.com\/#\/schema\/person\/595334d38590e4ce5a09f83cbf2fca90","name":"Victor","image":{"@type":"ImageObject","inLanguage":"en-US","@id":"https:\/\/www.indieofilo.com\/#\/schema\/person\/image\/","url":"https:\/\/secure.gravatar.com\/avatar\/682b8c6ea3e94b6cffec683b25f1797d?s=96&d=mm&r=g","contentUrl":"https:\/\/secure.gravatar.com\/avatar\/682b8c6ea3e94b6cffec683b25f1797d?s=96&d=mm&r=g","caption":"Victor"},"description":"Fan\u00e1tico de la m\u00fasica desde que mis padres me pon\u00edan a Eydie Gorme y Los Panchos o el Discotuna por la A2. Intent\u00e9 tocar varios instrumentos, pero soy muy torpe con la mano izquierda, as\u00ed que ya sab\u00e9is el resultado final. Fan del britpop, Post-punk, el rugby y el baloncesto...","sameAs":["http:\/\/indieofilo.com"],"url":"https:\/\/www.indieofilo.com\/en\/author\/victor"}]}},"_links":{"self":[{"href":"https:\/\/www.indieofilo.com\/en\/wp-json\/wp\/v2\/posts\/1575","targetHints":{"allow":["GET"]}}],"collection":[{"href":"https:\/\/www.indieofilo.com\/en\/wp-json\/wp\/v2\/posts"}],"about":[{"href":"https:\/\/www.indieofilo.com\/en\/wp-json\/wp\/v2\/types\/post"}],"author":[{"embeddable":true,"href":"https:\/\/www.indieofilo.com\/en\/wp-json\/wp\/v2\/users\/1"}],"replies":[{"embeddable":true,"href":"https:\/\/www.indieofilo.com\/en\/wp-json\/wp\/v2\/comments?post=1575"}],"version-history":[{"count":0,"href":"https:\/\/www.indieofilo.com\/en\/wp-json\/wp\/v2\/posts\/1575\/revisions"}],"wp:featuredmedia":[{"embeddable":true,"href":"https:\/\/www.indieofilo.com\/en\/wp-json\/wp\/v2\/media\/18297"}],"wp:attachment":[{"href":"https:\/\/www.indieofilo.com\/en\/wp-json\/wp\/v2\/media?parent=1575"}],"wp:term":[{"taxonomy":"category","embeddable":true,"href":"https:\/\/www.indieofilo.com\/en\/wp-json\/wp\/v2\/categories?post=1575"},{"taxonomy":"post_tag","embeddable":true,"href":"https:\/\/www.indieofilo.com\/en\/wp-json\/wp\/v2\/tags?post=1575"}],"curies":[{"name":"wp","href":"https:\/\/api.w.org\/{rel}","templated":true}]}}