{"id":1425,"date":"2012-11-23T21:25:27","date_gmt":"2012-11-23T20:25:27","guid":{"rendered":"http:\/\/www.testing.indieofilo.com\/?p=1425"},"modified":"2023-09-26T10:42:09","modified_gmt":"2023-09-26T08:42:09","slug":"groovettes","status":"publish","type":"post","link":"https:\/\/www.indieofilo.com\/en\/others\/groovettes","title":{"rendered":"Groovettes"},"content":{"rendered":"<p style=\"text-align: justify;\">Today we wanted to speak about a group of Valencia called <strong>Groovettes<\/strong>. The quartet formed by <strong><em>Santi Mique<\/em>l<\/strong> (vocals and bass), <em><strong>Quique Ros<\/strong><\/em> (guitars and vocals), <em><strong>Gerard Martinez<\/strong><\/em> (guitars and keyboards) and <em><strong>Robert Martinez<\/strong><\/em> (drums and percussion) published in June its first LP <em>El circo de las marionetas<\/em><span style=\"line-height: 1.6;\">\u00a0edited by\u00a0<\/span>Maldito Digital label<span style=\"line-height: 1.6;\">, after released in 2011 their EP &#8220;<\/span>Peque\u00f1a ma\u00f1ana de gloria<span style=\"line-height: 1.6;\">&#8220;. \u00a0LP is produced by the band along with help in mixtures of\u00a0<\/span><em style=\"line-height: 1.6;\">Vicente Sabater<\/em><span style=\"line-height: 1.6;\">\u00a0<\/span><em style=\"line-height: 1.6;\">(Piratas, Presuntos Implicados, Seguridad Social&#8230;)<\/em><span style=\"line-height: 1.6;\">\u00a0and\u00a0<\/span><em style=\"line-height: 1.6;\">Pau Paredes<\/em><span style=\"line-height: 1.6;\">\u00a0in a recording made \u200b\u200bat Millenia estudios between January and February 2012.<\/span><\/p>\n<p><img fetchpriority=\"high\" decoding=\"async\" style=\"display: block; margin-left: auto; margin-right: auto;\" src=\"http:\/\/images.theorchard.com\/artist\/20142\/201422\/40771.jpg\" alt=\"\" width=\"482\" height=\"264\" \/><\/p>\n<p style=\"text-align: justify;\"><em>El Circo de las Marionetas<\/em>\u00a0contains eleven songs with a revival and psychedelic accent clearly influenced by British bands like <strong>Oasis, Beatles, The Small Faces,<\/strong> etc. &#8230; On their sound surprise powerful rock style, which include distorted guitars close to <strong>The Who<\/strong> or <strong>The Monkees<\/strong><em>, <\/em>or the mix of<em>\u00a0Hendrix&#8217;s<\/em> psychedelia with a very distinctive nasal voice, which brings to mind even the best <strong>The Jam<\/strong>, as well as the logical comparisons with the last group of <strong>Liam Gallagher Beady Eye<\/strong>. A good example about that are songs as &#8220;<em>Hotel<\/em>,\u00a0<em>Marionetas&#8221;<\/em><span style=\"line-height: 1.6;\">\u00a0or the song that opens the album, &#8220;<\/span><em><strong style=\"line-height: 1.6;\">Otra Vuelta&#8221;<\/strong><\/em><span style=\"line-height: 1.6;\">. However, we can also enjoy some more melodic songs, reminiscent of the early <strong>Beatles<\/strong>, who reappears in this great song with catchy chorus as &#8220;<\/span><em>Ma\u00f1ana no va a llover&#8221;<\/em><span style=\"line-height: 1.6;\">\u00a0or theme that closes the album &#8220;<\/span><em>L.U.C.D.A<\/em>&#8220;<span style=\"line-height: 1.6;\">.<\/span><\/p>\n<p><center><br \/>\n<iframe style=\"position: relative; display: block; width: 300px; height: 410px;\" src=\"http:\/\/bandcamp.com\/EmbeddedPlayer\/v=2\/album=2612721792\/size=grande3\/bgcol=FFFFFF\/linkcol=4285BB\/\" width=\"300\" height=\"410\" frameborder=\"0\">&amp;amp;amp;amp;amp;amp;lt;a href=&amp;amp;quot;http:\/\/groovettes.bandcamp.com\/album\/el-circo-de-las-marionetas&amp;amp;quot;&amp;amp;amp;amp;amp;amp;gt;El Circo de las Marionetas by GROOVETTES&amp;amp;amp;amp;amp;amp;lt;\/a&amp;amp;amp;amp;amp;amp;gt;<\/iframe><\/center><\/p>\n<p style=\"text-align: center;\">Enjoy the first video of this album, <strong>&#8220;Bombillas&#8221;<\/strong><\/p>\n<p style=\"text-align: center;\"><strong>For more info : <a href=\"http:\/\/www.groovettes.com\/\">http:\/\/www.groovettes.com\/<\/a><\/strong><\/p>\n","protected":false},"excerpt":{"rendered":"<p>Today we wanted to speak about a group of Valencia called Groovettes. The quartet formed by Santi Miquel (vocals and bass), Quique Ros (guitars and vocals), Gerard Martinez (guitars and keyboards) and Robert Martinez (drums and percussion) published in June its first LP El circo de las marionetas\u00a0edited by\u00a0Maldito Digital label, after released in 2011 [&hellip;]<\/p>\n","protected":false},"author":1,"featured_media":36543,"comment_status":"closed","ping_status":"closed","sticky":false,"template":"","format":"video","meta":{"footnotes":""},"categories":[44,12],"tags":[6815],"class_list":["post-1425","post","type-post","status-publish","format-video","has-post-thumbnail","hentry","category-new-bands","category-others","tag-groovettes-en","post_format-post-format-video"],"yoast_head":"<!-- This site is optimized with the Yoast SEO Premium plugin v23.9 (Yoast SEO v26.6) - https:\/\/yoast.com\/wordpress\/plugins\/seo\/ -->\n<title>Groovettes - Indie\u00f3filo<\/title>\n<meta name=\"description\" content=\"We present you Groovettes, young band from Valencia that will launch next week their first album &quot;El Circo de las Marionetas&quot; edited by Maldito Records.\" \/>\n<meta name=\"robots\" content=\"index, follow, max-snippet:-1, max-image-preview:large, max-video-preview:-1\" \/>\n<link rel=\"canonical\" href=\"https:\/\/www.indieofilo.com\/en\/others\/groovettes\" \/>\n<meta property=\"og:locale\" content=\"en_US\" \/>\n<meta property=\"og:type\" content=\"article\" \/>\n<meta property=\"og:title\" content=\"Groovettes\" \/>\n<meta property=\"og:description\" content=\"We present you Groovettes, young band from Valencia that will launch next week their first album &quot;El Circo de las Marionetas&quot; edited by Maldito Records.\" \/>\n<meta property=\"og:url\" content=\"https:\/\/www.indieofilo.com\/en\/others\/groovettes\" \/>\n<meta property=\"og:site_name\" content=\"Indie\u00f3filo\" \/>\n<meta property=\"article:publisher\" content=\"https:\/\/www.facebook.com\/Indieofilo\/\" \/>\n<meta property=\"article:published_time\" content=\"2012-11-23T20:25:27+00:00\" \/>\n<meta property=\"article:modified_time\" content=\"2023-09-26T08:42:09+00:00\" \/>\n<meta property=\"og:image\" content=\"https:\/\/www.indieofilo.com\/wp-content\/uploads\/2023\/11\/groovettes.jpg\" \/>\n\t<meta property=\"og:image:width\" content=\"1280\" \/>\n\t<meta property=\"og:image:height\" content=\"720\" \/>\n\t<meta property=\"og:image:type\" content=\"image\/jpeg\" \/>\n<meta name=\"author\" content=\"Victor\" \/>\n<meta name=\"twitter:card\" content=\"summary_large_image\" \/>\n<meta name=\"twitter:creator\" content=\"@indieofilo\" \/>\n<meta name=\"twitter:site\" content=\"@indieofilo\" \/>\n<meta name=\"twitter:label1\" content=\"Written by\" \/>\n\t<meta name=\"twitter:data1\" content=\"Victor\" \/>\n\t<meta name=\"twitter:label2\" content=\"Est. reading time\" \/>\n\t<meta name=\"twitter:data2\" content=\"2 minutes\" \/>\n<script type=\"application\/ld+json\" class=\"yoast-schema-graph\">{\"@context\":\"https:\/\/schema.org\",\"@graph\":[{\"@type\":\"Article\",\"@id\":\"https:\/\/www.indieofilo.com\/en\/others\/groovettes#article\",\"isPartOf\":{\"@id\":\"https:\/\/www.indieofilo.com\/en\/others\/groovettes\"},\"author\":{\"name\":\"Victor\",\"@id\":\"https:\/\/www.indieofilo.com\/#\/schema\/person\/595334d38590e4ce5a09f83cbf2fca90\"},\"headline\":\"Groovettes\",\"datePublished\":\"2012-11-23T20:25:27+00:00\",\"dateModified\":\"2023-09-26T08:42:09+00:00\",\"mainEntityOfPage\":{\"@id\":\"https:\/\/www.indieofilo.com\/en\/others\/groovettes\"},\"wordCount\":303,\"publisher\":{\"@id\":\"https:\/\/www.indieofilo.com\/#organization\"},\"image\":{\"@id\":\"https:\/\/www.indieofilo.com\/en\/others\/groovettes#primaryimage\"},\"thumbnailUrl\":\"https:\/\/www.indieofilo.com\/wp-content\/uploads\/2023\/11\/groovettes.jpg\",\"keywords\":[\"Groovettes\"],\"articleSection\":[\"New bands\",\"Others\"],\"inLanguage\":\"en-US\"},{\"@type\":\"WebPage\",\"@id\":\"https:\/\/www.indieofilo.com\/en\/others\/groovettes\",\"url\":\"https:\/\/www.indieofilo.com\/en\/others\/groovettes\",\"name\":\"Groovettes - Indie\u00f3filo\",\"isPartOf\":{\"@id\":\"https:\/\/www.indieofilo.com\/#website\"},\"primaryImageOfPage\":{\"@id\":\"https:\/\/www.indieofilo.com\/en\/others\/groovettes#primaryimage\"},\"image\":{\"@id\":\"https:\/\/www.indieofilo.com\/en\/others\/groovettes#primaryimage\"},\"thumbnailUrl\":\"https:\/\/www.indieofilo.com\/wp-content\/uploads\/2023\/11\/groovettes.jpg\",\"datePublished\":\"2012-11-23T20:25:27+00:00\",\"dateModified\":\"2023-09-26T08:42:09+00:00\",\"description\":\"We present you Groovettes, young band from Valencia that will launch next week their first album \\\"El Circo de las Marionetas\\\" edited by Maldito Records.\",\"breadcrumb\":{\"@id\":\"https:\/\/www.indieofilo.com\/en\/others\/groovettes#breadcrumb\"},\"inLanguage\":\"en-US\",\"potentialAction\":[{\"@type\":\"ReadAction\",\"target\":[\"https:\/\/www.indieofilo.com\/en\/others\/groovettes\"]}]},{\"@type\":\"ImageObject\",\"inLanguage\":\"en-US\",\"@id\":\"https:\/\/www.indieofilo.com\/en\/others\/groovettes#primaryimage\",\"url\":\"https:\/\/www.indieofilo.com\/wp-content\/uploads\/2023\/11\/groovettes.jpg\",\"contentUrl\":\"https:\/\/www.indieofilo.com\/wp-content\/uploads\/2023\/11\/groovettes.jpg\",\"width\":1280,\"height\":720},{\"@type\":\"BreadcrumbList\",\"@id\":\"https:\/\/www.indieofilo.com\/en\/others\/groovettes#breadcrumb\",\"itemListElement\":[{\"@type\":\"ListItem\",\"position\":1,\"name\":\"Portada\",\"item\":\"https:\/\/www.indieofilo.com\/en\"},{\"@type\":\"ListItem\",\"position\":2,\"name\":\"Groovettes\"}]},{\"@type\":\"WebSite\",\"@id\":\"https:\/\/www.indieofilo.com\/#website\",\"url\":\"https:\/\/www.indieofilo.com\/\",\"name\":\"Indie\u00f3filo\",\"description\":\"Magazine online de la cultura independiente\",\"publisher\":{\"@id\":\"https:\/\/www.indieofilo.com\/#organization\"},\"potentialAction\":[{\"@type\":\"SearchAction\",\"target\":{\"@type\":\"EntryPoint\",\"urlTemplate\":\"https:\/\/www.indieofilo.com\/?s={search_term_string}\"},\"query-input\":{\"@type\":\"PropertyValueSpecification\",\"valueRequired\":true,\"valueName\":\"search_term_string\"}}],\"inLanguage\":\"en-US\"},{\"@type\":\"Organization\",\"@id\":\"https:\/\/www.indieofilo.com\/#organization\",\"name\":\"Indie\u00f3filo Web\",\"url\":\"https:\/\/www.indieofilo.com\/\",\"logo\":{\"@type\":\"ImageObject\",\"inLanguage\":\"en-US\",\"@id\":\"https:\/\/www.indieofilo.com\/#\/schema\/logo\/image\/\",\"url\":\"https:\/\/www.indieofilo.com\/wp-content\/uploads\/2015\/02\/logo-alta-resolucion.png\",\"contentUrl\":\"https:\/\/www.indieofilo.com\/wp-content\/uploads\/2015\/02\/logo-alta-resolucion.png\",\"width\":544,\"height\":185,\"caption\":\"Indie\u00f3filo Web\"},\"image\":{\"@id\":\"https:\/\/www.indieofilo.com\/#\/schema\/logo\/image\/\"},\"sameAs\":[\"https:\/\/www.facebook.com\/Indieofilo\/\",\"https:\/\/x.com\/indieofilo\",\"https:\/\/www.instagram.com\/indieofilo\/\"]},{\"@type\":\"Person\",\"@id\":\"https:\/\/www.indieofilo.com\/#\/schema\/person\/595334d38590e4ce5a09f83cbf2fca90\",\"name\":\"Victor\",\"image\":{\"@type\":\"ImageObject\",\"inLanguage\":\"en-US\",\"@id\":\"https:\/\/www.indieofilo.com\/#\/schema\/person\/image\/\",\"url\":\"https:\/\/secure.gravatar.com\/avatar\/682b8c6ea3e94b6cffec683b25f1797d?s=96&d=mm&r=g\",\"contentUrl\":\"https:\/\/secure.gravatar.com\/avatar\/682b8c6ea3e94b6cffec683b25f1797d?s=96&d=mm&r=g\",\"caption\":\"Victor\"},\"description\":\"Fan\u00e1tico de la m\u00fasica desde que mis padres me pon\u00edan a Eydie Gorme y Los Panchos o el Discotuna por la A2. Intent\u00e9 tocar varios instrumentos, pero soy muy torpe con la mano izquierda, as\u00ed que ya sab\u00e9is el resultado final. Fan del britpop, Post-punk, el rugby y el baloncesto...\",\"sameAs\":[\"http:\/\/indieofilo.com\"],\"url\":\"https:\/\/www.indieofilo.com\/en\/author\/victor\"}]}<\/script>\n<!-- \/ Yoast SEO Premium plugin. -->","yoast_head_json":{"title":"Groovettes - Indie\u00f3filo","description":"We present you Groovettes, young band from Valencia that will launch next week their first album \"El Circo de las Marionetas\" edited by Maldito Records.","robots":{"index":"index","follow":"follow","max-snippet":"max-snippet:-1","max-image-preview":"max-image-preview:large","max-video-preview":"max-video-preview:-1"},"canonical":"https:\/\/www.indieofilo.com\/en\/others\/groovettes","og_locale":"en_US","og_type":"article","og_title":"Groovettes","og_description":"We present you Groovettes, young band from Valencia that will launch next week their first album \"El Circo de las Marionetas\" edited by Maldito Records.","og_url":"https:\/\/www.indieofilo.com\/en\/others\/groovettes","og_site_name":"Indie\u00f3filo","article_publisher":"https:\/\/www.facebook.com\/Indieofilo\/","article_published_time":"2012-11-23T20:25:27+00:00","article_modified_time":"2023-09-26T08:42:09+00:00","og_image":[{"width":1280,"height":720,"url":"https:\/\/www.indieofilo.com\/wp-content\/uploads\/2023\/11\/groovettes.jpg","type":"image\/jpeg"}],"author":"Victor","twitter_card":"summary_large_image","twitter_creator":"@indieofilo","twitter_site":"@indieofilo","twitter_misc":{"Written by":"Victor","Est. reading time":"2 minutes"},"schema":{"@context":"https:\/\/schema.org","@graph":[{"@type":"Article","@id":"https:\/\/www.indieofilo.com\/en\/others\/groovettes#article","isPartOf":{"@id":"https:\/\/www.indieofilo.com\/en\/others\/groovettes"},"author":{"name":"Victor","@id":"https:\/\/www.indieofilo.com\/#\/schema\/person\/595334d38590e4ce5a09f83cbf2fca90"},"headline":"Groovettes","datePublished":"2012-11-23T20:25:27+00:00","dateModified":"2023-09-26T08:42:09+00:00","mainEntityOfPage":{"@id":"https:\/\/www.indieofilo.com\/en\/others\/groovettes"},"wordCount":303,"publisher":{"@id":"https:\/\/www.indieofilo.com\/#organization"},"image":{"@id":"https:\/\/www.indieofilo.com\/en\/others\/groovettes#primaryimage"},"thumbnailUrl":"https:\/\/www.indieofilo.com\/wp-content\/uploads\/2023\/11\/groovettes.jpg","keywords":["Groovettes"],"articleSection":["New bands","Others"],"inLanguage":"en-US"},{"@type":"WebPage","@id":"https:\/\/www.indieofilo.com\/en\/others\/groovettes","url":"https:\/\/www.indieofilo.com\/en\/others\/groovettes","name":"Groovettes - Indie\u00f3filo","isPartOf":{"@id":"https:\/\/www.indieofilo.com\/#website"},"primaryImageOfPage":{"@id":"https:\/\/www.indieofilo.com\/en\/others\/groovettes#primaryimage"},"image":{"@id":"https:\/\/www.indieofilo.com\/en\/others\/groovettes#primaryimage"},"thumbnailUrl":"https:\/\/www.indieofilo.com\/wp-content\/uploads\/2023\/11\/groovettes.jpg","datePublished":"2012-11-23T20:25:27+00:00","dateModified":"2023-09-26T08:42:09+00:00","description":"We present you Groovettes, young band from Valencia that will launch next week their first album \"El Circo de las Marionetas\" edited by Maldito Records.","breadcrumb":{"@id":"https:\/\/www.indieofilo.com\/en\/others\/groovettes#breadcrumb"},"inLanguage":"en-US","potentialAction":[{"@type":"ReadAction","target":["https:\/\/www.indieofilo.com\/en\/others\/groovettes"]}]},{"@type":"ImageObject","inLanguage":"en-US","@id":"https:\/\/www.indieofilo.com\/en\/others\/groovettes#primaryimage","url":"https:\/\/www.indieofilo.com\/wp-content\/uploads\/2023\/11\/groovettes.jpg","contentUrl":"https:\/\/www.indieofilo.com\/wp-content\/uploads\/2023\/11\/groovettes.jpg","width":1280,"height":720},{"@type":"BreadcrumbList","@id":"https:\/\/www.indieofilo.com\/en\/others\/groovettes#breadcrumb","itemListElement":[{"@type":"ListItem","position":1,"name":"Portada","item":"https:\/\/www.indieofilo.com\/en"},{"@type":"ListItem","position":2,"name":"Groovettes"}]},{"@type":"WebSite","@id":"https:\/\/www.indieofilo.com\/#website","url":"https:\/\/www.indieofilo.com\/","name":"Indie\u00f3filo","description":"Magazine online de la cultura independiente","publisher":{"@id":"https:\/\/www.indieofilo.com\/#organization"},"potentialAction":[{"@type":"SearchAction","target":{"@type":"EntryPoint","urlTemplate":"https:\/\/www.indieofilo.com\/?s={search_term_string}"},"query-input":{"@type":"PropertyValueSpecification","valueRequired":true,"valueName":"search_term_string"}}],"inLanguage":"en-US"},{"@type":"Organization","@id":"https:\/\/www.indieofilo.com\/#organization","name":"Indie\u00f3filo Web","url":"https:\/\/www.indieofilo.com\/","logo":{"@type":"ImageObject","inLanguage":"en-US","@id":"https:\/\/www.indieofilo.com\/#\/schema\/logo\/image\/","url":"https:\/\/www.indieofilo.com\/wp-content\/uploads\/2015\/02\/logo-alta-resolucion.png","contentUrl":"https:\/\/www.indieofilo.com\/wp-content\/uploads\/2015\/02\/logo-alta-resolucion.png","width":544,"height":185,"caption":"Indie\u00f3filo Web"},"image":{"@id":"https:\/\/www.indieofilo.com\/#\/schema\/logo\/image\/"},"sameAs":["https:\/\/www.facebook.com\/Indieofilo\/","https:\/\/x.com\/indieofilo","https:\/\/www.instagram.com\/indieofilo\/"]},{"@type":"Person","@id":"https:\/\/www.indieofilo.com\/#\/schema\/person\/595334d38590e4ce5a09f83cbf2fca90","name":"Victor","image":{"@type":"ImageObject","inLanguage":"en-US","@id":"https:\/\/www.indieofilo.com\/#\/schema\/person\/image\/","url":"https:\/\/secure.gravatar.com\/avatar\/682b8c6ea3e94b6cffec683b25f1797d?s=96&d=mm&r=g","contentUrl":"https:\/\/secure.gravatar.com\/avatar\/682b8c6ea3e94b6cffec683b25f1797d?s=96&d=mm&r=g","caption":"Victor"},"description":"Fan\u00e1tico de la m\u00fasica desde que mis padres me pon\u00edan a Eydie Gorme y Los Panchos o el Discotuna por la A2. Intent\u00e9 tocar varios instrumentos, pero soy muy torpe con la mano izquierda, as\u00ed que ya sab\u00e9is el resultado final. Fan del britpop, Post-punk, el rugby y el baloncesto...","sameAs":["http:\/\/indieofilo.com"],"url":"https:\/\/www.indieofilo.com\/en\/author\/victor"}]}},"_links":{"self":[{"href":"https:\/\/www.indieofilo.com\/en\/wp-json\/wp\/v2\/posts\/1425","targetHints":{"allow":["GET"]}}],"collection":[{"href":"https:\/\/www.indieofilo.com\/en\/wp-json\/wp\/v2\/posts"}],"about":[{"href":"https:\/\/www.indieofilo.com\/en\/wp-json\/wp\/v2\/types\/post"}],"author":[{"embeddable":true,"href":"https:\/\/www.indieofilo.com\/en\/wp-json\/wp\/v2\/users\/1"}],"replies":[{"embeddable":true,"href":"https:\/\/www.indieofilo.com\/en\/wp-json\/wp\/v2\/comments?post=1425"}],"version-history":[{"count":0,"href":"https:\/\/www.indieofilo.com\/en\/wp-json\/wp\/v2\/posts\/1425\/revisions"}],"wp:featuredmedia":[{"embeddable":true,"href":"https:\/\/www.indieofilo.com\/en\/wp-json\/wp\/v2\/media\/36543"}],"wp:attachment":[{"href":"https:\/\/www.indieofilo.com\/en\/wp-json\/wp\/v2\/media?parent=1425"}],"wp:term":[{"taxonomy":"category","embeddable":true,"href":"https:\/\/www.indieofilo.com\/en\/wp-json\/wp\/v2\/categories?post=1425"},{"taxonomy":"post_tag","embeddable":true,"href":"https:\/\/www.indieofilo.com\/en\/wp-json\/wp\/v2\/tags?post=1425"}],"curies":[{"name":"wp","href":"https:\/\/api.w.org\/{rel}","templated":true}]}}