{"id":1375,"date":"2015-02-11T13:53:28","date_gmt":"2015-02-11T12:53:28","guid":{"rendered":"http:\/\/testing.indieofilo.com\/?p=1375"},"modified":"2023-11-21T14:44:16","modified_gmt":"2023-11-21T13:44:16","slug":"new-festival-to-celebrate-60-years-of-concerto-record-store","status":"publish","type":"post","link":"https:\/\/www.indieofilo.com\/en\/news\/live-shows\/new-festival-to-celebrate-60-years-of-concerto-record-store","title":{"rendered":"New festival to celebrate 60 years of Concerto record store"},"content":{"rendered":"<p style=\"text-align: justify;\">Today, organizers of <strong>London Calling<\/strong> festival in Amsterdam have\u00a0confirmed that a they will manage a new festival to celebrate the 60 anniversary of the most famous record store on Dutch capital, <strong>Concerto<\/strong>. The festival, which name is <strong>London Calling loves Concerto<\/strong> will be held on 16th and 17th of May at Tolhuistuin (Amsterdam Noord) and the first names confirmed are British classics <strong>The Undertones (Famous for their hit &#8220;<em>Teenage Kicks<\/em>&#8220;), Sol\u00e9y, Nadine Shah, Eaves, Pauw, Tobias Jesso jr, Kill It Kid, Nothing But Thieves, Aurora, JP Cooper<\/strong> en <strong>Kevin Morby<\/strong>. Tickets, that can be found <a href=\"http:\/\/londoncallinglovesconcerto.tumblr.com\/kaartverkoop\" target=\"_blank\" rel=\"noopener\">at its official Website<\/a>,\u00a0will be available since 13th February with a price of \u20ac20 for day tickets and\u00a0\u20ac40 for two days tickets.<\/p>\n<p style=\"text-align: center;\"><img fetchpriority=\"high\" decoding=\"async\" src=\"\/wp-content\/uploads\/2015\/02\/London-Calling-Concerto-The-Undertones.jpg\" alt=\"London Calling Concerto - The Undertones\" width=\"425\" height=\"600\" \/><\/p>\n","protected":false},"excerpt":{"rendered":"<p>Today, organizers of London Calling festival in Amsterdam have\u00a0confirmed that a they will manage a new festival to celebrate the 60 anniversary of the most famous record store on Dutch capital, Concerto. The festival, which name is London Calling loves Concerto will be held on 16th and 17th of May at Tolhuistuin (Amsterdam Noord) and [&hellip;]<\/p>\n","protected":false},"author":1,"featured_media":18173,"comment_status":"closed","ping_status":"closed","sticky":false,"template":"","format":"standard","meta":{"footnotes":""},"categories":[41,8],"tags":[5735,5635,6380,6539,6461,6540,5823,6407,6541,5225,5726,6542,6543,6544,6412],"class_list":["post-1375","post","type-post","status-publish","format-standard","has-post-thumbnail","hentry","category-live-shows","category-news","tag-amsterdam-en","tag-aurora-en","tag-eaves-en","tag-jp-cooper-en","tag-kevin-morby-en","tag-kill-it-kid-en","tag-london-calling-en","tag-london-calling-loves-concerto-en","tag-nadine-shah-en","tag-nothing-but-thieves-en","tag-pauw-en","tag-soley-en","tag-the-undertones-en","tag-tobias-jesso-jr-en","tag-tolhuistuin-en"],"yoast_head":"<!-- This site is optimized with the Yoast SEO Premium plugin v23.9 (Yoast SEO v26.6) - https:\/\/yoast.com\/wordpress\/plugins\/seo\/ -->\n<title>New festival to celebrate 60 years of Concerto record store<\/title>\n<meta name=\"description\" content=\"London Calling loves Concerto will be held at Tolhuistuin on the 16th and 17th of May and as first names includes The Undertones or Sol\u00e9y, among others\" \/>\n<meta name=\"robots\" content=\"index, follow, max-snippet:-1, max-image-preview:large, max-video-preview:-1\" \/>\n<link rel=\"canonical\" href=\"https:\/\/www.indieofilo.com\/en\/news\/new-festival-to-celebrate-60-years-of-concerto-record-store\" \/>\n<meta property=\"og:locale\" content=\"en_US\" \/>\n<meta property=\"og:type\" content=\"article\" \/>\n<meta property=\"og:title\" content=\"New festival to celebrate 60 years of Concerto record store\" \/>\n<meta property=\"og:description\" content=\"London Calling loves Concerto will be held at Tolhuistuin on the 16th and 17th of May and as first names includes The Undertones or Sol\u00e9y, among others\" \/>\n<meta property=\"og:url\" content=\"https:\/\/www.indieofilo.com\/en\/news\/new-festival-to-celebrate-60-years-of-concerto-record-store\" \/>\n<meta property=\"og:site_name\" content=\"Indie\u00f3filo\" \/>\n<meta property=\"article:publisher\" content=\"https:\/\/www.facebook.com\/Indieofilo\/\" \/>\n<meta property=\"article:published_time\" content=\"2015-02-11T12:53:28+00:00\" \/>\n<meta property=\"article:modified_time\" content=\"2023-11-21T13:44:16+00:00\" \/>\n<meta property=\"og:image\" content=\"https:\/\/www.indieofilo.com\/wp-content\/uploads\/2015\/02\/London-Calling-Concerto-The-Undertones.jpg\" \/>\n\t<meta property=\"og:image:width\" content=\"425\" \/>\n\t<meta property=\"og:image:height\" content=\"600\" \/>\n\t<meta property=\"og:image:type\" content=\"image\/jpeg\" \/>\n<meta name=\"author\" content=\"Victor\" \/>\n<meta name=\"twitter:card\" content=\"summary_large_image\" \/>\n<meta name=\"twitter:creator\" content=\"@indieofilo\" \/>\n<meta name=\"twitter:site\" content=\"@indieofilo\" \/>\n<meta name=\"twitter:label1\" content=\"Written by\" \/>\n\t<meta name=\"twitter:data1\" content=\"Victor\" \/>\n\t<meta name=\"twitter:label2\" content=\"Est. reading time\" \/>\n\t<meta name=\"twitter:data2\" content=\"1 minute\" \/>\n<script type=\"application\/ld+json\" class=\"yoast-schema-graph\">{\"@context\":\"https:\/\/schema.org\",\"@graph\":[{\"@type\":\"Article\",\"@id\":\"https:\/\/www.indieofilo.com\/en\/news\/new-festival-to-celebrate-60-years-of-concerto-record-store#article\",\"isPartOf\":{\"@id\":\"https:\/\/www.indieofilo.com\/en\/news\/new-festival-to-celebrate-60-years-of-concerto-record-store\"},\"author\":{\"name\":\"Victor\",\"@id\":\"https:\/\/www.indieofilo.com\/#\/schema\/person\/595334d38590e4ce5a09f83cbf2fca90\"},\"headline\":\"New festival to celebrate 60 years of Concerto record store\",\"datePublished\":\"2015-02-11T12:53:28+00:00\",\"dateModified\":\"2023-11-21T13:44:16+00:00\",\"mainEntityOfPage\":{\"@id\":\"https:\/\/www.indieofilo.com\/en\/news\/new-festival-to-celebrate-60-years-of-concerto-record-store\"},\"wordCount\":127,\"publisher\":{\"@id\":\"https:\/\/www.indieofilo.com\/#organization\"},\"image\":{\"@id\":\"https:\/\/www.indieofilo.com\/en\/news\/new-festival-to-celebrate-60-years-of-concerto-record-store#primaryimage\"},\"thumbnailUrl\":\"https:\/\/www.indieofilo.com\/wp-content\/uploads\/2015\/02\/London-Calling-Concerto-The-Undertones.jpg\",\"keywords\":[\"Amsterdam\",\"Aurora\",\"Eaves\",\"JP Cooper\",\"Kevin Morby\",\"Kill It Kid\",\"London Calling\",\"London Calling loves Concerto\",\"Nadine Shah\",\"Nothing But Thieves\",\"Pauw\",\"Sol\u00e9y\",\"The Undertones\",\"Tobias Jesso jr\",\"Tolhuistuin\"],\"articleSection\":[\"Live Shows\",\"News\"],\"inLanguage\":\"en-US\"},{\"@type\":\"WebPage\",\"@id\":\"https:\/\/www.indieofilo.com\/en\/news\/new-festival-to-celebrate-60-years-of-concerto-record-store\",\"url\":\"https:\/\/www.indieofilo.com\/en\/news\/new-festival-to-celebrate-60-years-of-concerto-record-store\",\"name\":\"New festival to celebrate 60 years of Concerto record store\",\"isPartOf\":{\"@id\":\"https:\/\/www.indieofilo.com\/#website\"},\"primaryImageOfPage\":{\"@id\":\"https:\/\/www.indieofilo.com\/en\/news\/new-festival-to-celebrate-60-years-of-concerto-record-store#primaryimage\"},\"image\":{\"@id\":\"https:\/\/www.indieofilo.com\/en\/news\/new-festival-to-celebrate-60-years-of-concerto-record-store#primaryimage\"},\"thumbnailUrl\":\"https:\/\/www.indieofilo.com\/wp-content\/uploads\/2015\/02\/London-Calling-Concerto-The-Undertones.jpg\",\"datePublished\":\"2015-02-11T12:53:28+00:00\",\"dateModified\":\"2023-11-21T13:44:16+00:00\",\"description\":\"London Calling loves Concerto will be held at Tolhuistuin on the 16th and 17th of May and as first names includes The Undertones or Sol\u00e9y, among others\",\"breadcrumb\":{\"@id\":\"https:\/\/www.indieofilo.com\/en\/news\/new-festival-to-celebrate-60-years-of-concerto-record-store#breadcrumb\"},\"inLanguage\":\"en-US\",\"potentialAction\":[{\"@type\":\"ReadAction\",\"target\":[\"https:\/\/www.indieofilo.com\/en\/news\/new-festival-to-celebrate-60-years-of-concerto-record-store\"]}]},{\"@type\":\"ImageObject\",\"inLanguage\":\"en-US\",\"@id\":\"https:\/\/www.indieofilo.com\/en\/news\/new-festival-to-celebrate-60-years-of-concerto-record-store#primaryimage\",\"url\":\"https:\/\/www.indieofilo.com\/wp-content\/uploads\/2015\/02\/London-Calling-Concerto-The-Undertones.jpg\",\"contentUrl\":\"https:\/\/www.indieofilo.com\/wp-content\/uploads\/2015\/02\/London-Calling-Concerto-The-Undertones.jpg\",\"width\":425,\"height\":600},{\"@type\":\"BreadcrumbList\",\"@id\":\"https:\/\/www.indieofilo.com\/en\/news\/new-festival-to-celebrate-60-years-of-concerto-record-store#breadcrumb\",\"itemListElement\":[{\"@type\":\"ListItem\",\"position\":1,\"name\":\"Portada\",\"item\":\"https:\/\/www.indieofilo.com\/en\"},{\"@type\":\"ListItem\",\"position\":2,\"name\":\"New festival to celebrate 60 years of Concerto record store\"}]},{\"@type\":\"WebSite\",\"@id\":\"https:\/\/www.indieofilo.com\/#website\",\"url\":\"https:\/\/www.indieofilo.com\/\",\"name\":\"Indie\u00f3filo\",\"description\":\"Magazine online de la cultura independiente\",\"publisher\":{\"@id\":\"https:\/\/www.indieofilo.com\/#organization\"},\"potentialAction\":[{\"@type\":\"SearchAction\",\"target\":{\"@type\":\"EntryPoint\",\"urlTemplate\":\"https:\/\/www.indieofilo.com\/?s={search_term_string}\"},\"query-input\":{\"@type\":\"PropertyValueSpecification\",\"valueRequired\":true,\"valueName\":\"search_term_string\"}}],\"inLanguage\":\"en-US\"},{\"@type\":\"Organization\",\"@id\":\"https:\/\/www.indieofilo.com\/#organization\",\"name\":\"Indie\u00f3filo Web\",\"url\":\"https:\/\/www.indieofilo.com\/\",\"logo\":{\"@type\":\"ImageObject\",\"inLanguage\":\"en-US\",\"@id\":\"https:\/\/www.indieofilo.com\/#\/schema\/logo\/image\/\",\"url\":\"https:\/\/www.indieofilo.com\/wp-content\/uploads\/2015\/02\/logo-alta-resolucion.png\",\"contentUrl\":\"https:\/\/www.indieofilo.com\/wp-content\/uploads\/2015\/02\/logo-alta-resolucion.png\",\"width\":544,\"height\":185,\"caption\":\"Indie\u00f3filo Web\"},\"image\":{\"@id\":\"https:\/\/www.indieofilo.com\/#\/schema\/logo\/image\/\"},\"sameAs\":[\"https:\/\/www.facebook.com\/Indieofilo\/\",\"https:\/\/x.com\/indieofilo\",\"https:\/\/www.instagram.com\/indieofilo\/\"]},{\"@type\":\"Person\",\"@id\":\"https:\/\/www.indieofilo.com\/#\/schema\/person\/595334d38590e4ce5a09f83cbf2fca90\",\"name\":\"Victor\",\"image\":{\"@type\":\"ImageObject\",\"inLanguage\":\"en-US\",\"@id\":\"https:\/\/www.indieofilo.com\/#\/schema\/person\/image\/\",\"url\":\"https:\/\/secure.gravatar.com\/avatar\/682b8c6ea3e94b6cffec683b25f1797d?s=96&d=mm&r=g\",\"contentUrl\":\"https:\/\/secure.gravatar.com\/avatar\/682b8c6ea3e94b6cffec683b25f1797d?s=96&d=mm&r=g\",\"caption\":\"Victor\"},\"description\":\"Fan\u00e1tico de la m\u00fasica desde que mis padres me pon\u00edan a Eydie Gorme y Los Panchos o el Discotuna por la A2. Intent\u00e9 tocar varios instrumentos, pero soy muy torpe con la mano izquierda, as\u00ed que ya sab\u00e9is el resultado final. Fan del britpop, Post-punk, el rugby y el baloncesto...\",\"sameAs\":[\"http:\/\/indieofilo.com\"],\"url\":\"https:\/\/www.indieofilo.com\/en\/author\/victor\"}]}<\/script>\n<!-- \/ Yoast SEO Premium plugin. -->","yoast_head_json":{"title":"New festival to celebrate 60 years of Concerto record store","description":"London Calling loves Concerto will be held at Tolhuistuin on the 16th and 17th of May and as first names includes The Undertones or Sol\u00e9y, among others","robots":{"index":"index","follow":"follow","max-snippet":"max-snippet:-1","max-image-preview":"max-image-preview:large","max-video-preview":"max-video-preview:-1"},"canonical":"https:\/\/www.indieofilo.com\/en\/news\/new-festival-to-celebrate-60-years-of-concerto-record-store","og_locale":"en_US","og_type":"article","og_title":"New festival to celebrate 60 years of Concerto record store","og_description":"London Calling loves Concerto will be held at Tolhuistuin on the 16th and 17th of May and as first names includes The Undertones or Sol\u00e9y, among others","og_url":"https:\/\/www.indieofilo.com\/en\/news\/new-festival-to-celebrate-60-years-of-concerto-record-store","og_site_name":"Indie\u00f3filo","article_publisher":"https:\/\/www.facebook.com\/Indieofilo\/","article_published_time":"2015-02-11T12:53:28+00:00","article_modified_time":"2023-11-21T13:44:16+00:00","og_image":[{"width":425,"height":600,"url":"https:\/\/www.indieofilo.com\/wp-content\/uploads\/2015\/02\/London-Calling-Concerto-The-Undertones.jpg","type":"image\/jpeg"}],"author":"Victor","twitter_card":"summary_large_image","twitter_creator":"@indieofilo","twitter_site":"@indieofilo","twitter_misc":{"Written by":"Victor","Est. reading time":"1 minute"},"schema":{"@context":"https:\/\/schema.org","@graph":[{"@type":"Article","@id":"https:\/\/www.indieofilo.com\/en\/news\/new-festival-to-celebrate-60-years-of-concerto-record-store#article","isPartOf":{"@id":"https:\/\/www.indieofilo.com\/en\/news\/new-festival-to-celebrate-60-years-of-concerto-record-store"},"author":{"name":"Victor","@id":"https:\/\/www.indieofilo.com\/#\/schema\/person\/595334d38590e4ce5a09f83cbf2fca90"},"headline":"New festival to celebrate 60 years of Concerto record store","datePublished":"2015-02-11T12:53:28+00:00","dateModified":"2023-11-21T13:44:16+00:00","mainEntityOfPage":{"@id":"https:\/\/www.indieofilo.com\/en\/news\/new-festival-to-celebrate-60-years-of-concerto-record-store"},"wordCount":127,"publisher":{"@id":"https:\/\/www.indieofilo.com\/#organization"},"image":{"@id":"https:\/\/www.indieofilo.com\/en\/news\/new-festival-to-celebrate-60-years-of-concerto-record-store#primaryimage"},"thumbnailUrl":"https:\/\/www.indieofilo.com\/wp-content\/uploads\/2015\/02\/London-Calling-Concerto-The-Undertones.jpg","keywords":["Amsterdam","Aurora","Eaves","JP Cooper","Kevin Morby","Kill It Kid","London Calling","London Calling loves Concerto","Nadine Shah","Nothing But Thieves","Pauw","Sol\u00e9y","The Undertones","Tobias Jesso jr","Tolhuistuin"],"articleSection":["Live Shows","News"],"inLanguage":"en-US"},{"@type":"WebPage","@id":"https:\/\/www.indieofilo.com\/en\/news\/new-festival-to-celebrate-60-years-of-concerto-record-store","url":"https:\/\/www.indieofilo.com\/en\/news\/new-festival-to-celebrate-60-years-of-concerto-record-store","name":"New festival to celebrate 60 years of Concerto record store","isPartOf":{"@id":"https:\/\/www.indieofilo.com\/#website"},"primaryImageOfPage":{"@id":"https:\/\/www.indieofilo.com\/en\/news\/new-festival-to-celebrate-60-years-of-concerto-record-store#primaryimage"},"image":{"@id":"https:\/\/www.indieofilo.com\/en\/news\/new-festival-to-celebrate-60-years-of-concerto-record-store#primaryimage"},"thumbnailUrl":"https:\/\/www.indieofilo.com\/wp-content\/uploads\/2015\/02\/London-Calling-Concerto-The-Undertones.jpg","datePublished":"2015-02-11T12:53:28+00:00","dateModified":"2023-11-21T13:44:16+00:00","description":"London Calling loves Concerto will be held at Tolhuistuin on the 16th and 17th of May and as first names includes The Undertones or Sol\u00e9y, among others","breadcrumb":{"@id":"https:\/\/www.indieofilo.com\/en\/news\/new-festival-to-celebrate-60-years-of-concerto-record-store#breadcrumb"},"inLanguage":"en-US","potentialAction":[{"@type":"ReadAction","target":["https:\/\/www.indieofilo.com\/en\/news\/new-festival-to-celebrate-60-years-of-concerto-record-store"]}]},{"@type":"ImageObject","inLanguage":"en-US","@id":"https:\/\/www.indieofilo.com\/en\/news\/new-festival-to-celebrate-60-years-of-concerto-record-store#primaryimage","url":"https:\/\/www.indieofilo.com\/wp-content\/uploads\/2015\/02\/London-Calling-Concerto-The-Undertones.jpg","contentUrl":"https:\/\/www.indieofilo.com\/wp-content\/uploads\/2015\/02\/London-Calling-Concerto-The-Undertones.jpg","width":425,"height":600},{"@type":"BreadcrumbList","@id":"https:\/\/www.indieofilo.com\/en\/news\/new-festival-to-celebrate-60-years-of-concerto-record-store#breadcrumb","itemListElement":[{"@type":"ListItem","position":1,"name":"Portada","item":"https:\/\/www.indieofilo.com\/en"},{"@type":"ListItem","position":2,"name":"New festival to celebrate 60 years of Concerto record store"}]},{"@type":"WebSite","@id":"https:\/\/www.indieofilo.com\/#website","url":"https:\/\/www.indieofilo.com\/","name":"Indie\u00f3filo","description":"Magazine online de la cultura independiente","publisher":{"@id":"https:\/\/www.indieofilo.com\/#organization"},"potentialAction":[{"@type":"SearchAction","target":{"@type":"EntryPoint","urlTemplate":"https:\/\/www.indieofilo.com\/?s={search_term_string}"},"query-input":{"@type":"PropertyValueSpecification","valueRequired":true,"valueName":"search_term_string"}}],"inLanguage":"en-US"},{"@type":"Organization","@id":"https:\/\/www.indieofilo.com\/#organization","name":"Indie\u00f3filo Web","url":"https:\/\/www.indieofilo.com\/","logo":{"@type":"ImageObject","inLanguage":"en-US","@id":"https:\/\/www.indieofilo.com\/#\/schema\/logo\/image\/","url":"https:\/\/www.indieofilo.com\/wp-content\/uploads\/2015\/02\/logo-alta-resolucion.png","contentUrl":"https:\/\/www.indieofilo.com\/wp-content\/uploads\/2015\/02\/logo-alta-resolucion.png","width":544,"height":185,"caption":"Indie\u00f3filo Web"},"image":{"@id":"https:\/\/www.indieofilo.com\/#\/schema\/logo\/image\/"},"sameAs":["https:\/\/www.facebook.com\/Indieofilo\/","https:\/\/x.com\/indieofilo","https:\/\/www.instagram.com\/indieofilo\/"]},{"@type":"Person","@id":"https:\/\/www.indieofilo.com\/#\/schema\/person\/595334d38590e4ce5a09f83cbf2fca90","name":"Victor","image":{"@type":"ImageObject","inLanguage":"en-US","@id":"https:\/\/www.indieofilo.com\/#\/schema\/person\/image\/","url":"https:\/\/secure.gravatar.com\/avatar\/682b8c6ea3e94b6cffec683b25f1797d?s=96&d=mm&r=g","contentUrl":"https:\/\/secure.gravatar.com\/avatar\/682b8c6ea3e94b6cffec683b25f1797d?s=96&d=mm&r=g","caption":"Victor"},"description":"Fan\u00e1tico de la m\u00fasica desde que mis padres me pon\u00edan a Eydie Gorme y Los Panchos o el Discotuna por la A2. Intent\u00e9 tocar varios instrumentos, pero soy muy torpe con la mano izquierda, as\u00ed que ya sab\u00e9is el resultado final. Fan del britpop, Post-punk, el rugby y el baloncesto...","sameAs":["http:\/\/indieofilo.com"],"url":"https:\/\/www.indieofilo.com\/en\/author\/victor"}]}},"_links":{"self":[{"href":"https:\/\/www.indieofilo.com\/en\/wp-json\/wp\/v2\/posts\/1375","targetHints":{"allow":["GET"]}}],"collection":[{"href":"https:\/\/www.indieofilo.com\/en\/wp-json\/wp\/v2\/posts"}],"about":[{"href":"https:\/\/www.indieofilo.com\/en\/wp-json\/wp\/v2\/types\/post"}],"author":[{"embeddable":true,"href":"https:\/\/www.indieofilo.com\/en\/wp-json\/wp\/v2\/users\/1"}],"replies":[{"embeddable":true,"href":"https:\/\/www.indieofilo.com\/en\/wp-json\/wp\/v2\/comments?post=1375"}],"version-history":[{"count":0,"href":"https:\/\/www.indieofilo.com\/en\/wp-json\/wp\/v2\/posts\/1375\/revisions"}],"wp:featuredmedia":[{"embeddable":true,"href":"https:\/\/www.indieofilo.com\/en\/wp-json\/wp\/v2\/media\/18173"}],"wp:attachment":[{"href":"https:\/\/www.indieofilo.com\/en\/wp-json\/wp\/v2\/media?parent=1375"}],"wp:term":[{"taxonomy":"category","embeddable":true,"href":"https:\/\/www.indieofilo.com\/en\/wp-json\/wp\/v2\/categories?post=1375"},{"taxonomy":"post_tag","embeddable":true,"href":"https:\/\/www.indieofilo.com\/en\/wp-json\/wp\/v2\/tags?post=1375"}],"curies":[{"name":"wp","href":"https:\/\/api.w.org\/{rel}","templated":true}]}}