{"id":12900,"date":"2018-10-05T10:20:14","date_gmt":"2018-10-05T08:20:14","guid":{"rendered":"http:\/\/indieofilo.com\/?p=12900"},"modified":"2023-10-22T02:24:29","modified_gmt":"2023-10-22T00:24:29","slug":"mumford-and-sons-announce-delta-world-tour","status":"publish","type":"post","link":"https:\/\/www.indieofilo.com\/en\/news\/mumford-and-sons-announce-delta-world-tour","title":{"rendered":"Mumford &#038; Sons announce Delta World Tour for 2018-2019"},"content":{"rendered":"<p style=\"text-align: justify;\">\n\t<img fetchpriority=\"high\" decoding=\"async\" alt=\"Mumford and Sons Delta Tour\" class=\"aligncenter size-full wp-image-12902\" height=\"200\" src=\"http:\/\/indieofilo.com\/wp-content\/uploads\/2018\/10\/Mumford-And-Sons-Delta-Tour.jpg\" width=\"600\" srcset=\"https:\/\/www.indieofilo.com\/wp-content\/uploads\/2018\/10\/Mumford-And-Sons-Delta-Tour.jpg 600w, https:\/\/www.indieofilo.com\/wp-content\/uploads\/2018\/10\/Mumford-And-Sons-Delta-Tour-300x100.jpg 300w\" sizes=\"(max-width: 600px) 100vw, 600px\" \/><\/p>\n<p style=\"text-align: justify;\">\n\tBritish rock band <strong>Mumford and Sons<\/strong> have announced their plans for a world tour in support of their new album <em>Delta<\/em> (2018), that will go on sale next November 16. The international &ldquo;<em>Delta Tour<\/em>&rdquo; will begin in <strong>Dublin next November 16, and after visiting up to 20 countries, will end in Sweden in mid May 2019<\/strong>. Important dates will be the band&#39;s debut at New York&rsquo;s Madison Square Garden on Dec. 10, as well as shows in Australia, Europe or maybe the expected shows at Coachella, as the band have left the two weekends of Coachella 2019 open on the schedule.<\/p>\n<p>\tTickets go on general sale across the world next Friday, Oct. 12 at 9 a.m. local time and can be purchased ay the <a href=\"https:\/\/www.mumfordandsons.com\/\" target=\"_blank\" rel=\"noopener\">official website of the band<\/a>.<\/p>\n<p style=\"text-align: center;\">\n\t<em><u><strong>Mumford &amp; Sons Delta World Tour 2018-2019<\/strong><\/u><\/em><br \/>\nOct. 26&ndash;28 &#8211; New Orleans, LA &#8211; Voodoo Festival<br \/>\nNov. 16 &#8211; Dublin, Ireland &#8211; 3 Arena<br \/>\nNov. 18 &#8211; Belfast, Northern Ireland &#8211; SSE Arena<br \/>\nNov. 20 &#8211; Glasgow, UK &#8211; SSE Hydro<br \/>\nNov. 21 &#8211; Manchester, UK &#8211; Manchester Arena<br \/>\nNov. 23 &#8211; Birmingham, UK &#8211; Genting Arena<br \/>\nNov. 24 &#8211; Sheffield, UK &#8211; Fly DSA Arena<br \/>\nNov. 25 &#8211; Newcastle, UK &#8211; Metro Radio Arena<br \/>\nNov. 27 &#8211; Nottingham, UK &#8211; Motorpoint Arena<br \/>\nNov. 28 &#8211; Cardiff, UK &#8211; Motorpoint Arena<br \/>\nNov. 29 &#8211; London, UK &#8211; O2 Arena (Tickets)<br \/>\nDec. 1 &#8211; Leeds, UK &#8211; First Direct Arena<br \/>\nDec. 2 &#8211; Liverpool, UK &#8211; Echo Arena<br \/>\nDec. 7 &#8211; Philadelphia, PA &#8211; Wells Fargo Center<br \/>\nDec. 9 &#8211; Boston, MA &#8211; TD Garden*<br \/>\nDec. 10 &#8211; New York, NY &#8211; Madison Square Garden* (Tickets)<br \/>\nDec. 14 &#8211; Washington, DC &#8211; Capital One Arena<br \/>\nDec. 17 &#8211; Toronto, ON &#8211; Scotiabank Arena<br \/>\nJan 12 &#8211; Auckland, NZ &#8211; The Outer Fields at Western Springs<br \/>\nJan. 15 &#8211; Brisbane Australia &#8211; Entertainment Centre<br \/>\nJan. 18 &#8211; Sydney, Australia, Qudos Bank Arena<br \/>\nJan. 22 &#8211; Melbourne, Australia &#8211; Sidney Myer Music Bowl<br \/>\nJan. 24 &#8211; Adelaide, Australia &#8211; Entertainment Centre<br \/>\nJan. 27 &#8211; Perth, Australia &#8211; RAC Arena<br \/>\nFeb. 27 &#8211; Providence, RI &#8211; Dunkin Donuts Center<br \/>\nFeb. 28 &#8211; Hartford, CT &#8211; XL Center<br \/>\nMarch 2 &#8211; Albany, NY &#8211; Times Union Center<br \/>\nMarch 4 &#8211; Montreal, QC &#8211; Bell Centre<br \/>\nMarch 5 &#8211; Ottawa, ON &#8211; Canadian Tire Center<br \/>\nMarch 8 &#8211; Buffalo, NY &#8211; Keybank Center<br \/>\nMarch 9 &#8211; Cleveland, OH &#8211; Quicken Loans Arena<br \/>\nMarch 11 &#8211; Columbus, OH &#8211; Nationwide Arena<br \/>\nMarch 12 &#8211; Lexington, KY &#8211; Rupp Arena<br \/>\nMarch 14 &#8211; Pittsburgh, PA &#8211; PPG Paints Arena<br \/>\nMarch 16 &#8211; Charlottesville, VA &#8211; John Paul Jones Arena<br \/>\nMarch 17 &#8211; Raleigh, NC &#8211; PNC Arena<br \/>\nMarch 18 &#8211; Charleston, SC &#8211; North Charleston Coliseum<br \/>\nMarch 20 &#8211; Atlanta, GA &#8211; State Farm Arena<br \/>\nMarch 22 &#8211; Nashville, TN &#8211; Bridgestone Arena<br \/>\nMarch 23 &#8211; Birmingham, AL &#8211; Legacy Arena at The BJCC<br \/>\nMarch 25 &#8211; Indianapolis, IN &#8211; Bankers Life Field House<br \/>\nMarch 27 &#8211; Detroit, MI &#8211; Little Caesars Arena<br \/>\nMarch 29 &#8211; Chicago, IL &#8211; United Center<br \/>\nMarch 30 &#8211; Madison, WI &#8211; Kohl Center<br \/>\nMarch 31 &#8211; Milwaukee, WI &#8211; Fiserv Forum<br \/>\nApril 25 &#8211; Lisbon, Portugal &#8211; Altice Arena<br \/>\nApril 27 &#8211; Barcelona, Spain &#8211; Palau Sant Jordi<br \/>\nApril 29 &#8211; Milan, Italy &#8211; Medialanum Forum<br \/>\nMay 1 &#8211; Munich, Germany &#8211; Olympiahalle<br \/>\nMay 3 &#8211; Vienna, Austria &#8211; Stadthalle<br \/>\nMay 5 &#8211; Basel, Switzerland &#8211; St. Jakobshalle<br \/>\nMay 7 &#8211; Paris, France &#8211; Zenith<br \/>\nMay 8 &#8211; Luxembourg, Luxembourg &#8211; Rockhal<br \/>\nMay 9 &#8211; Amsterdam, Netherlands &#8211; Ziggo Dome<br \/>\nMay 11 &#8211; Berlin, Germany &#8211; Mercedes Benz Arena<br \/>\nMay 13 &#8211; Frankfurt, Germany &#8211; Festhalle<br \/>\nMay 15 &#8211; Cologne, Germany &#8211; Lanxess Arena<br \/>\nMay 17 &#8211; Copenhagen, Denmark &#8211; Royal Arena<br \/>\nMay 18 &#8211; Gothenburg, Sweden &#8211; Scandinavium<br \/>\nMay 19 &#8211; Oslo, Norway &#8211; Spektrum<br \/>\nMay 21 &#8211; Stockholm, Sweden &#8211; Ericsson Globe<\/p>\n","protected":false},"excerpt":{"rendered":"<p>British rock band Mumford and Sons have announced their plans for a world tour in support of their new album Delta (2018), that will go on sale next November 16. The international &ldquo;Delta Tour&rdquo; will begin in Dublin next November 16, and after visiting up to 20 countries, will end in Sweden in mid May [&hellip;]<\/p>\n","protected":false},"author":1,"featured_media":25454,"comment_status":"open","ping_status":"closed","sticky":false,"template":"","format":"standard","meta":{"footnotes":""},"categories":[41,8],"tags":[4961,4980,5685],"class_list":["post-12900","post","type-post","status-publish","format-standard","has-post-thumbnail","hentry","category-live-shows","category-news","tag-barcelona-en","tag-live-nation-en","tag-mumford-sons-en"],"yoast_head":"<!-- This site is optimized with the Yoast SEO Premium plugin v23.9 (Yoast SEO v26.6) - https:\/\/yoast.com\/wordpress\/plugins\/seo\/ -->\n<title>Mumford &amp; Sons announce Delta World Tour for 2018-2019 - Indie\u00f3filo<\/title>\n<meta name=\"description\" content=\"British rock band Mumford and Sons have announced a world tour in support of their new album Delta (2018), that will go on sale next November 16.\" \/>\n<meta name=\"robots\" content=\"index, follow, max-snippet:-1, max-image-preview:large, max-video-preview:-1\" \/>\n<link rel=\"canonical\" href=\"https:\/\/www.indieofilo.com\/en\/news\/mumford-and-sons-announce-delta-world-tour\" \/>\n<meta property=\"og:locale\" content=\"en_US\" \/>\n<meta property=\"og:type\" content=\"article\" \/>\n<meta property=\"og:title\" content=\"Mumford &amp; Sons announce Delta World Tour for 2018-2019\" \/>\n<meta property=\"og:description\" content=\"British rock band Mumford and Sons have announced a world tour in support of their new album Delta (2018), that will go on sale next November 16.\" \/>\n<meta property=\"og:url\" content=\"https:\/\/www.indieofilo.com\/en\/news\/mumford-and-sons-announce-delta-world-tour\" \/>\n<meta property=\"og:site_name\" content=\"Indie\u00f3filo\" \/>\n<meta property=\"article:publisher\" content=\"https:\/\/www.facebook.com\/Indieofilo\/\" \/>\n<meta property=\"article:published_time\" content=\"2018-10-05T08:20:14+00:00\" \/>\n<meta property=\"article:modified_time\" content=\"2023-10-22T00:24:29+00:00\" \/>\n<meta property=\"og:image\" content=\"https:\/\/www.indieofilo.com\/wp-content\/uploads\/2018\/10\/Mumford_Barcelona_2019.jpg\" \/>\n\t<meta property=\"og:image:width\" content=\"700\" \/>\n\t<meta property=\"og:image:height\" content=\"394\" \/>\n\t<meta property=\"og:image:type\" content=\"image\/jpeg\" \/>\n<meta name=\"author\" content=\"Victor\" \/>\n<meta name=\"twitter:card\" content=\"summary_large_image\" \/>\n<meta name=\"twitter:creator\" content=\"@indieofilo\" \/>\n<meta name=\"twitter:site\" content=\"@indieofilo\" \/>\n<meta name=\"twitter:label1\" content=\"Written by\" \/>\n\t<meta name=\"twitter:data1\" content=\"Victor\" \/>\n\t<meta name=\"twitter:label2\" content=\"Est. reading time\" \/>\n\t<meta name=\"twitter:data2\" content=\"3 minutes\" \/>\n<script type=\"application\/ld+json\" class=\"yoast-schema-graph\">{\"@context\":\"https:\/\/schema.org\",\"@graph\":[{\"@type\":\"Article\",\"@id\":\"https:\/\/www.indieofilo.com\/en\/news\/mumford-and-sons-announce-delta-world-tour#article\",\"isPartOf\":{\"@id\":\"https:\/\/www.indieofilo.com\/en\/news\/mumford-and-sons-announce-delta-world-tour\"},\"author\":{\"name\":\"Victor\",\"@id\":\"https:\/\/www.indieofilo.com\/#\/schema\/person\/595334d38590e4ce5a09f83cbf2fca90\"},\"headline\":\"Mumford &#038; Sons announce Delta World Tour for 2018-2019\",\"datePublished\":\"2018-10-05T08:20:14+00:00\",\"dateModified\":\"2023-10-22T00:24:29+00:00\",\"mainEntityOfPage\":{\"@id\":\"https:\/\/www.indieofilo.com\/en\/news\/mumford-and-sons-announce-delta-world-tour\"},\"wordCount\":595,\"commentCount\":0,\"publisher\":{\"@id\":\"https:\/\/www.indieofilo.com\/#organization\"},\"image\":{\"@id\":\"https:\/\/www.indieofilo.com\/en\/news\/mumford-and-sons-announce-delta-world-tour#primaryimage\"},\"thumbnailUrl\":\"https:\/\/www.indieofilo.com\/wp-content\/uploads\/2018\/10\/Mumford_Barcelona_2019.jpg\",\"keywords\":[\"Barcelona\",\"Live Nation\",\"Mumford &amp; Sons\"],\"articleSection\":[\"Live Shows\",\"News\"],\"inLanguage\":\"en-US\",\"potentialAction\":[{\"@type\":\"CommentAction\",\"name\":\"Comment\",\"target\":[\"https:\/\/www.indieofilo.com\/en\/news\/mumford-and-sons-announce-delta-world-tour#respond\"]}]},{\"@type\":\"WebPage\",\"@id\":\"https:\/\/www.indieofilo.com\/en\/news\/mumford-and-sons-announce-delta-world-tour\",\"url\":\"https:\/\/www.indieofilo.com\/en\/news\/mumford-and-sons-announce-delta-world-tour\",\"name\":\"Mumford & Sons announce Delta World Tour for 2018-2019 - Indie\u00f3filo\",\"isPartOf\":{\"@id\":\"https:\/\/www.indieofilo.com\/#website\"},\"primaryImageOfPage\":{\"@id\":\"https:\/\/www.indieofilo.com\/en\/news\/mumford-and-sons-announce-delta-world-tour#primaryimage\"},\"image\":{\"@id\":\"https:\/\/www.indieofilo.com\/en\/news\/mumford-and-sons-announce-delta-world-tour#primaryimage\"},\"thumbnailUrl\":\"https:\/\/www.indieofilo.com\/wp-content\/uploads\/2018\/10\/Mumford_Barcelona_2019.jpg\",\"datePublished\":\"2018-10-05T08:20:14+00:00\",\"dateModified\":\"2023-10-22T00:24:29+00:00\",\"description\":\"British rock band Mumford and Sons have announced a world tour in support of their new album Delta (2018), that will go on sale next November 16.\",\"breadcrumb\":{\"@id\":\"https:\/\/www.indieofilo.com\/en\/news\/mumford-and-sons-announce-delta-world-tour#breadcrumb\"},\"inLanguage\":\"en-US\",\"potentialAction\":[{\"@type\":\"ReadAction\",\"target\":[\"https:\/\/www.indieofilo.com\/en\/news\/mumford-and-sons-announce-delta-world-tour\"]}]},{\"@type\":\"ImageObject\",\"inLanguage\":\"en-US\",\"@id\":\"https:\/\/www.indieofilo.com\/en\/news\/mumford-and-sons-announce-delta-world-tour#primaryimage\",\"url\":\"https:\/\/www.indieofilo.com\/wp-content\/uploads\/2018\/10\/Mumford_Barcelona_2019.jpg\",\"contentUrl\":\"https:\/\/www.indieofilo.com\/wp-content\/uploads\/2018\/10\/Mumford_Barcelona_2019.jpg\",\"width\":700,\"height\":394},{\"@type\":\"BreadcrumbList\",\"@id\":\"https:\/\/www.indieofilo.com\/en\/news\/mumford-and-sons-announce-delta-world-tour#breadcrumb\",\"itemListElement\":[{\"@type\":\"ListItem\",\"position\":1,\"name\":\"Portada\",\"item\":\"https:\/\/www.indieofilo.com\/en\"},{\"@type\":\"ListItem\",\"position\":2,\"name\":\"Mumford &#038; Sons announce Delta World Tour for 2018-2019\"}]},{\"@type\":\"WebSite\",\"@id\":\"https:\/\/www.indieofilo.com\/#website\",\"url\":\"https:\/\/www.indieofilo.com\/\",\"name\":\"Indie\u00f3filo\",\"description\":\"Magazine online de la cultura independiente\",\"publisher\":{\"@id\":\"https:\/\/www.indieofilo.com\/#organization\"},\"potentialAction\":[{\"@type\":\"SearchAction\",\"target\":{\"@type\":\"EntryPoint\",\"urlTemplate\":\"https:\/\/www.indieofilo.com\/?s={search_term_string}\"},\"query-input\":{\"@type\":\"PropertyValueSpecification\",\"valueRequired\":true,\"valueName\":\"search_term_string\"}}],\"inLanguage\":\"en-US\"},{\"@type\":\"Organization\",\"@id\":\"https:\/\/www.indieofilo.com\/#organization\",\"name\":\"Indie\u00f3filo Web\",\"url\":\"https:\/\/www.indieofilo.com\/\",\"logo\":{\"@type\":\"ImageObject\",\"inLanguage\":\"en-US\",\"@id\":\"https:\/\/www.indieofilo.com\/#\/schema\/logo\/image\/\",\"url\":\"https:\/\/www.indieofilo.com\/wp-content\/uploads\/2015\/02\/logo-alta-resolucion.png\",\"contentUrl\":\"https:\/\/www.indieofilo.com\/wp-content\/uploads\/2015\/02\/logo-alta-resolucion.png\",\"width\":544,\"height\":185,\"caption\":\"Indie\u00f3filo Web\"},\"image\":{\"@id\":\"https:\/\/www.indieofilo.com\/#\/schema\/logo\/image\/\"},\"sameAs\":[\"https:\/\/www.facebook.com\/Indieofilo\/\",\"https:\/\/x.com\/indieofilo\",\"https:\/\/www.instagram.com\/indieofilo\/\"]},{\"@type\":\"Person\",\"@id\":\"https:\/\/www.indieofilo.com\/#\/schema\/person\/595334d38590e4ce5a09f83cbf2fca90\",\"name\":\"Victor\",\"image\":{\"@type\":\"ImageObject\",\"inLanguage\":\"en-US\",\"@id\":\"https:\/\/www.indieofilo.com\/#\/schema\/person\/image\/\",\"url\":\"https:\/\/secure.gravatar.com\/avatar\/682b8c6ea3e94b6cffec683b25f1797d?s=96&d=mm&r=g\",\"contentUrl\":\"https:\/\/secure.gravatar.com\/avatar\/682b8c6ea3e94b6cffec683b25f1797d?s=96&d=mm&r=g\",\"caption\":\"Victor\"},\"description\":\"Fan\u00e1tico de la m\u00fasica desde que mis padres me pon\u00edan a Eydie Gorme y Los Panchos o el Discotuna por la A2. Intent\u00e9 tocar varios instrumentos, pero soy muy torpe con la mano izquierda, as\u00ed que ya sab\u00e9is el resultado final. Fan del britpop, Post-punk, el rugby y el baloncesto...\",\"sameAs\":[\"http:\/\/indieofilo.com\"],\"url\":\"https:\/\/www.indieofilo.com\/en\/author\/victor\"}]}<\/script>\n<!-- \/ Yoast SEO Premium plugin. -->","yoast_head_json":{"title":"Mumford & Sons announce Delta World Tour for 2018-2019 - Indie\u00f3filo","description":"British rock band Mumford and Sons have announced a world tour in support of their new album Delta (2018), that will go on sale next November 16.","robots":{"index":"index","follow":"follow","max-snippet":"max-snippet:-1","max-image-preview":"max-image-preview:large","max-video-preview":"max-video-preview:-1"},"canonical":"https:\/\/www.indieofilo.com\/en\/news\/mumford-and-sons-announce-delta-world-tour","og_locale":"en_US","og_type":"article","og_title":"Mumford & Sons announce Delta World Tour for 2018-2019","og_description":"British rock band Mumford and Sons have announced a world tour in support of their new album Delta (2018), that will go on sale next November 16.","og_url":"https:\/\/www.indieofilo.com\/en\/news\/mumford-and-sons-announce-delta-world-tour","og_site_name":"Indie\u00f3filo","article_publisher":"https:\/\/www.facebook.com\/Indieofilo\/","article_published_time":"2018-10-05T08:20:14+00:00","article_modified_time":"2023-10-22T00:24:29+00:00","og_image":[{"width":700,"height":394,"url":"https:\/\/www.indieofilo.com\/wp-content\/uploads\/2018\/10\/Mumford_Barcelona_2019.jpg","type":"image\/jpeg"}],"author":"Victor","twitter_card":"summary_large_image","twitter_creator":"@indieofilo","twitter_site":"@indieofilo","twitter_misc":{"Written by":"Victor","Est. reading time":"3 minutes"},"schema":{"@context":"https:\/\/schema.org","@graph":[{"@type":"Article","@id":"https:\/\/www.indieofilo.com\/en\/news\/mumford-and-sons-announce-delta-world-tour#article","isPartOf":{"@id":"https:\/\/www.indieofilo.com\/en\/news\/mumford-and-sons-announce-delta-world-tour"},"author":{"name":"Victor","@id":"https:\/\/www.indieofilo.com\/#\/schema\/person\/595334d38590e4ce5a09f83cbf2fca90"},"headline":"Mumford &#038; Sons announce Delta World Tour for 2018-2019","datePublished":"2018-10-05T08:20:14+00:00","dateModified":"2023-10-22T00:24:29+00:00","mainEntityOfPage":{"@id":"https:\/\/www.indieofilo.com\/en\/news\/mumford-and-sons-announce-delta-world-tour"},"wordCount":595,"commentCount":0,"publisher":{"@id":"https:\/\/www.indieofilo.com\/#organization"},"image":{"@id":"https:\/\/www.indieofilo.com\/en\/news\/mumford-and-sons-announce-delta-world-tour#primaryimage"},"thumbnailUrl":"https:\/\/www.indieofilo.com\/wp-content\/uploads\/2018\/10\/Mumford_Barcelona_2019.jpg","keywords":["Barcelona","Live Nation","Mumford &amp; Sons"],"articleSection":["Live Shows","News"],"inLanguage":"en-US","potentialAction":[{"@type":"CommentAction","name":"Comment","target":["https:\/\/www.indieofilo.com\/en\/news\/mumford-and-sons-announce-delta-world-tour#respond"]}]},{"@type":"WebPage","@id":"https:\/\/www.indieofilo.com\/en\/news\/mumford-and-sons-announce-delta-world-tour","url":"https:\/\/www.indieofilo.com\/en\/news\/mumford-and-sons-announce-delta-world-tour","name":"Mumford & Sons announce Delta World Tour for 2018-2019 - Indie\u00f3filo","isPartOf":{"@id":"https:\/\/www.indieofilo.com\/#website"},"primaryImageOfPage":{"@id":"https:\/\/www.indieofilo.com\/en\/news\/mumford-and-sons-announce-delta-world-tour#primaryimage"},"image":{"@id":"https:\/\/www.indieofilo.com\/en\/news\/mumford-and-sons-announce-delta-world-tour#primaryimage"},"thumbnailUrl":"https:\/\/www.indieofilo.com\/wp-content\/uploads\/2018\/10\/Mumford_Barcelona_2019.jpg","datePublished":"2018-10-05T08:20:14+00:00","dateModified":"2023-10-22T00:24:29+00:00","description":"British rock band Mumford and Sons have announced a world tour in support of their new album Delta (2018), that will go on sale next November 16.","breadcrumb":{"@id":"https:\/\/www.indieofilo.com\/en\/news\/mumford-and-sons-announce-delta-world-tour#breadcrumb"},"inLanguage":"en-US","potentialAction":[{"@type":"ReadAction","target":["https:\/\/www.indieofilo.com\/en\/news\/mumford-and-sons-announce-delta-world-tour"]}]},{"@type":"ImageObject","inLanguage":"en-US","@id":"https:\/\/www.indieofilo.com\/en\/news\/mumford-and-sons-announce-delta-world-tour#primaryimage","url":"https:\/\/www.indieofilo.com\/wp-content\/uploads\/2018\/10\/Mumford_Barcelona_2019.jpg","contentUrl":"https:\/\/www.indieofilo.com\/wp-content\/uploads\/2018\/10\/Mumford_Barcelona_2019.jpg","width":700,"height":394},{"@type":"BreadcrumbList","@id":"https:\/\/www.indieofilo.com\/en\/news\/mumford-and-sons-announce-delta-world-tour#breadcrumb","itemListElement":[{"@type":"ListItem","position":1,"name":"Portada","item":"https:\/\/www.indieofilo.com\/en"},{"@type":"ListItem","position":2,"name":"Mumford &#038; Sons announce Delta World Tour for 2018-2019"}]},{"@type":"WebSite","@id":"https:\/\/www.indieofilo.com\/#website","url":"https:\/\/www.indieofilo.com\/","name":"Indie\u00f3filo","description":"Magazine online de la cultura independiente","publisher":{"@id":"https:\/\/www.indieofilo.com\/#organization"},"potentialAction":[{"@type":"SearchAction","target":{"@type":"EntryPoint","urlTemplate":"https:\/\/www.indieofilo.com\/?s={search_term_string}"},"query-input":{"@type":"PropertyValueSpecification","valueRequired":true,"valueName":"search_term_string"}}],"inLanguage":"en-US"},{"@type":"Organization","@id":"https:\/\/www.indieofilo.com\/#organization","name":"Indie\u00f3filo Web","url":"https:\/\/www.indieofilo.com\/","logo":{"@type":"ImageObject","inLanguage":"en-US","@id":"https:\/\/www.indieofilo.com\/#\/schema\/logo\/image\/","url":"https:\/\/www.indieofilo.com\/wp-content\/uploads\/2015\/02\/logo-alta-resolucion.png","contentUrl":"https:\/\/www.indieofilo.com\/wp-content\/uploads\/2015\/02\/logo-alta-resolucion.png","width":544,"height":185,"caption":"Indie\u00f3filo Web"},"image":{"@id":"https:\/\/www.indieofilo.com\/#\/schema\/logo\/image\/"},"sameAs":["https:\/\/www.facebook.com\/Indieofilo\/","https:\/\/x.com\/indieofilo","https:\/\/www.instagram.com\/indieofilo\/"]},{"@type":"Person","@id":"https:\/\/www.indieofilo.com\/#\/schema\/person\/595334d38590e4ce5a09f83cbf2fca90","name":"Victor","image":{"@type":"ImageObject","inLanguage":"en-US","@id":"https:\/\/www.indieofilo.com\/#\/schema\/person\/image\/","url":"https:\/\/secure.gravatar.com\/avatar\/682b8c6ea3e94b6cffec683b25f1797d?s=96&d=mm&r=g","contentUrl":"https:\/\/secure.gravatar.com\/avatar\/682b8c6ea3e94b6cffec683b25f1797d?s=96&d=mm&r=g","caption":"Victor"},"description":"Fan\u00e1tico de la m\u00fasica desde que mis padres me pon\u00edan a Eydie Gorme y Los Panchos o el Discotuna por la A2. Intent\u00e9 tocar varios instrumentos, pero soy muy torpe con la mano izquierda, as\u00ed que ya sab\u00e9is el resultado final. Fan del britpop, Post-punk, el rugby y el baloncesto...","sameAs":["http:\/\/indieofilo.com"],"url":"https:\/\/www.indieofilo.com\/en\/author\/victor"}]}},"_links":{"self":[{"href":"https:\/\/www.indieofilo.com\/en\/wp-json\/wp\/v2\/posts\/12900","targetHints":{"allow":["GET"]}}],"collection":[{"href":"https:\/\/www.indieofilo.com\/en\/wp-json\/wp\/v2\/posts"}],"about":[{"href":"https:\/\/www.indieofilo.com\/en\/wp-json\/wp\/v2\/types\/post"}],"author":[{"embeddable":true,"href":"https:\/\/www.indieofilo.com\/en\/wp-json\/wp\/v2\/users\/1"}],"replies":[{"embeddable":true,"href":"https:\/\/www.indieofilo.com\/en\/wp-json\/wp\/v2\/comments?post=12900"}],"version-history":[{"count":0,"href":"https:\/\/www.indieofilo.com\/en\/wp-json\/wp\/v2\/posts\/12900\/revisions"}],"wp:featuredmedia":[{"embeddable":true,"href":"https:\/\/www.indieofilo.com\/en\/wp-json\/wp\/v2\/media\/25454"}],"wp:attachment":[{"href":"https:\/\/www.indieofilo.com\/en\/wp-json\/wp\/v2\/media?parent=12900"}],"wp:term":[{"taxonomy":"category","embeddable":true,"href":"https:\/\/www.indieofilo.com\/en\/wp-json\/wp\/v2\/categories?post=12900"},{"taxonomy":"post_tag","embeddable":true,"href":"https:\/\/www.indieofilo.com\/en\/wp-json\/wp\/v2\/tags?post=12900"}],"curies":[{"name":"wp","href":"https:\/\/api.w.org\/{rel}","templated":true}]}}