{"id":12756,"date":"2018-07-16T11:45:37","date_gmt":"2018-07-16T09:45:37","guid":{"rendered":"http:\/\/indieofilo.com\/?p=12756"},"modified":"2023-08-30T22:57:05","modified_gmt":"2023-08-30T20:57:05","slug":"florence-the-machine-announces-two-concerts-in-spain-in-2019","status":"publish","type":"post","link":"https:\/\/www.indieofilo.com\/en\/news\/florence-the-machine-announces-two-concerts-in-spain-in-2019","title":{"rendered":"Florence + The Machine announces two concerts in Spain in 2019"},"content":{"rendered":"<p style=\"text-align: justify;\">\n\t<img fetchpriority=\"high\" decoding=\"async\" alt=\"Florence + the machine Espa\u00f1a 2019\" class=\"aligncenter size-full wp-image-12754\" height=\"600\" src=\"http:\/\/indieofilo.com\/wp-content\/uploads\/2018\/07\/Florencethe-machine-espana-2019.jpg\" width=\"424\" srcset=\"https:\/\/www.indieofilo.com\/wp-content\/uploads\/2018\/07\/Florencethe-machine-espana-2019.jpg 424w, https:\/\/www.indieofilo.com\/wp-content\/uploads\/2018\/07\/Florencethe-machine-espana-2019-212x300.jpg 212w\" sizes=\"(max-width: 424px) 100vw, 424px\" \/><\/p>\n<p style=\"text-align: justify;\">\n\tust one week after her concert at the BBK Live 2018, <strong>Florence Welch<\/strong> has confirmed two new shows in Spain for March 2019. On Saturday, on the screens of the main stages of Mad Cool 2018, it was announced that the British artist would return to Spain, and today Live Nation has confirmed that the concerts of <strong>Florence + The Machine<\/strong> will take place on <strong>March 20 at Palau Sant Jordi in Barcelona, and a day later, on March 21 at WiZink Center in Madrid<\/strong>,&nbsp; with <strong>Young Fathers<\/strong> as supporting band presenting their new album Cocoa Sugar (2018) in both shows.<\/p>\n<p>\tTickets are available at <a href=\"http:\/\/livenation.es\" target=\"_blank\" rel=\"noopener\">Live Nation<\/a>, <a href=\"http:\/\/ticketmaster.es\" target=\"_blank\" rel=\"noopener\">Ticketmaster<\/a> and ticketmaster network (FNAC + Carrefour + Halc&oacute;n Viajes) from &euro;46, &euro;68.5 stand tickets and up to &euro;90.5 for the golde ring ones, in all cases with fees included.<\/p>\n","protected":false},"excerpt":{"rendered":"<p>ust one week after her concert at the BBK Live 2018, Florence Welch has confirmed two new shows in Spain for March 2019. On Saturday, on the screens of the main stages of Mad Cool 2018, it was announced that the British artist would return to Spain, and today Live Nation has confirmed that the [&hellip;]<\/p>\n","protected":false},"author":1,"featured_media":25355,"comment_status":"open","ping_status":"closed","sticky":false,"template":"","format":"standard","meta":{"footnotes":""},"categories":[41,8],"tags":[4961,4986,4980],"class_list":["post-12756","post","type-post","status-publish","format-standard","has-post-thumbnail","hentry","category-live-shows","category-news","tag-barcelona-en","tag-florence-the-machine-en","tag-live-nation-en"],"yoast_head":"<!-- This site is optimized with the Yoast SEO Premium plugin v23.9 (Yoast SEO v26.6) - https:\/\/yoast.com\/wordpress\/plugins\/seo\/ -->\n<title>Florence + The Machine announces two concerts in Spain in 2019 - Indie\u00f3filo<\/title>\n<meta name=\"description\" content=\"Florence + The Machine will play on March 20 at Palau Sant Jordi in Barcelona, and a day later, on March 21 at WiZink Center in Madrid.\" \/>\n<meta name=\"robots\" content=\"index, follow, max-snippet:-1, max-image-preview:large, max-video-preview:-1\" \/>\n<link rel=\"canonical\" href=\"https:\/\/www.indieofilo.com\/en\/news\/florence-the-machine-announces-two-concerts-in-spain-in-2019\" \/>\n<meta property=\"og:locale\" content=\"en_US\" \/>\n<meta property=\"og:type\" content=\"article\" \/>\n<meta property=\"og:title\" content=\"Florence + The Machine announces two concerts in Spain in 2019\" \/>\n<meta property=\"og:description\" content=\"Florence + The Machine will play on March 20 at Palau Sant Jordi in Barcelona, and a day later, on March 21 at WiZink Center in Madrid.\" \/>\n<meta property=\"og:url\" content=\"https:\/\/www.indieofilo.com\/en\/news\/florence-the-machine-announces-two-concerts-in-spain-in-2019\" \/>\n<meta property=\"og:site_name\" content=\"Indie\u00f3filo\" \/>\n<meta property=\"article:publisher\" content=\"https:\/\/www.facebook.com\/Indieofilo\/\" \/>\n<meta property=\"article:published_time\" content=\"2018-07-16T09:45:37+00:00\" \/>\n<meta property=\"article:modified_time\" content=\"2023-08-30T20:57:05+00:00\" \/>\n<meta property=\"og:image\" content=\"https:\/\/www.indieofilo.com\/wp-content\/uploads\/2018\/07\/Florencethe-machine-espana-2019.jpg\" \/>\n\t<meta property=\"og:image:width\" content=\"424\" \/>\n\t<meta property=\"og:image:height\" content=\"600\" \/>\n\t<meta property=\"og:image:type\" content=\"image\/jpeg\" \/>\n<meta name=\"author\" content=\"Victor\" \/>\n<meta name=\"twitter:card\" content=\"summary_large_image\" \/>\n<meta name=\"twitter:creator\" content=\"@indieofilo\" \/>\n<meta name=\"twitter:site\" content=\"@indieofilo\" \/>\n<meta name=\"twitter:label1\" content=\"Written by\" \/>\n\t<meta name=\"twitter:data1\" content=\"Victor\" \/>\n\t<meta name=\"twitter:label2\" content=\"Est. reading time\" \/>\n\t<meta name=\"twitter:data2\" content=\"1 minute\" \/>\n<script type=\"application\/ld+json\" class=\"yoast-schema-graph\">{\"@context\":\"https:\/\/schema.org\",\"@graph\":[{\"@type\":\"Article\",\"@id\":\"https:\/\/www.indieofilo.com\/en\/news\/florence-the-machine-announces-two-concerts-in-spain-in-2019#article\",\"isPartOf\":{\"@id\":\"https:\/\/www.indieofilo.com\/en\/news\/florence-the-machine-announces-two-concerts-in-spain-in-2019\"},\"author\":{\"name\":\"Victor\",\"@id\":\"https:\/\/www.indieofilo.com\/#\/schema\/person\/595334d38590e4ce5a09f83cbf2fca90\"},\"headline\":\"Florence + The Machine announces two concerts in Spain in 2019\",\"datePublished\":\"2018-07-16T09:45:37+00:00\",\"dateModified\":\"2023-08-30T20:57:05+00:00\",\"mainEntityOfPage\":{\"@id\":\"https:\/\/www.indieofilo.com\/en\/news\/florence-the-machine-announces-two-concerts-in-spain-in-2019\"},\"wordCount\":140,\"commentCount\":0,\"publisher\":{\"@id\":\"https:\/\/www.indieofilo.com\/#organization\"},\"image\":{\"@id\":\"https:\/\/www.indieofilo.com\/en\/news\/florence-the-machine-announces-two-concerts-in-spain-in-2019#primaryimage\"},\"thumbnailUrl\":\"https:\/\/www.indieofilo.com\/wp-content\/uploads\/2018\/07\/Florencethe-machine-espana-2019.jpg\",\"keywords\":[\"Barcelona\",\"Florence + the Machine\",\"Live Nation\"],\"articleSection\":[\"Live Shows\",\"News\"],\"inLanguage\":\"en-US\",\"potentialAction\":[{\"@type\":\"CommentAction\",\"name\":\"Comment\",\"target\":[\"https:\/\/www.indieofilo.com\/en\/news\/florence-the-machine-announces-two-concerts-in-spain-in-2019#respond\"]}]},{\"@type\":\"WebPage\",\"@id\":\"https:\/\/www.indieofilo.com\/en\/news\/florence-the-machine-announces-two-concerts-in-spain-in-2019\",\"url\":\"https:\/\/www.indieofilo.com\/en\/news\/florence-the-machine-announces-two-concerts-in-spain-in-2019\",\"name\":\"Florence + The Machine announces two concerts in Spain in 2019 - Indie\u00f3filo\",\"isPartOf\":{\"@id\":\"https:\/\/www.indieofilo.com\/#website\"},\"primaryImageOfPage\":{\"@id\":\"https:\/\/www.indieofilo.com\/en\/news\/florence-the-machine-announces-two-concerts-in-spain-in-2019#primaryimage\"},\"image\":{\"@id\":\"https:\/\/www.indieofilo.com\/en\/news\/florence-the-machine-announces-two-concerts-in-spain-in-2019#primaryimage\"},\"thumbnailUrl\":\"https:\/\/www.indieofilo.com\/wp-content\/uploads\/2018\/07\/Florencethe-machine-espana-2019.jpg\",\"datePublished\":\"2018-07-16T09:45:37+00:00\",\"dateModified\":\"2023-08-30T20:57:05+00:00\",\"description\":\"Florence + The Machine will play on March 20 at Palau Sant Jordi in Barcelona, and a day later, on March 21 at WiZink Center in Madrid.\",\"breadcrumb\":{\"@id\":\"https:\/\/www.indieofilo.com\/en\/news\/florence-the-machine-announces-two-concerts-in-spain-in-2019#breadcrumb\"},\"inLanguage\":\"en-US\",\"potentialAction\":[{\"@type\":\"ReadAction\",\"target\":[\"https:\/\/www.indieofilo.com\/en\/news\/florence-the-machine-announces-two-concerts-in-spain-in-2019\"]}]},{\"@type\":\"ImageObject\",\"inLanguage\":\"en-US\",\"@id\":\"https:\/\/www.indieofilo.com\/en\/news\/florence-the-machine-announces-two-concerts-in-spain-in-2019#primaryimage\",\"url\":\"https:\/\/www.indieofilo.com\/wp-content\/uploads\/2018\/07\/Florencethe-machine-espana-2019.jpg\",\"contentUrl\":\"https:\/\/www.indieofilo.com\/wp-content\/uploads\/2018\/07\/Florencethe-machine-espana-2019.jpg\",\"width\":424,\"height\":600},{\"@type\":\"BreadcrumbList\",\"@id\":\"https:\/\/www.indieofilo.com\/en\/news\/florence-the-machine-announces-two-concerts-in-spain-in-2019#breadcrumb\",\"itemListElement\":[{\"@type\":\"ListItem\",\"position\":1,\"name\":\"Portada\",\"item\":\"https:\/\/www.indieofilo.com\/en\"},{\"@type\":\"ListItem\",\"position\":2,\"name\":\"Florence + The Machine announces two concerts in Spain in 2019\"}]},{\"@type\":\"WebSite\",\"@id\":\"https:\/\/www.indieofilo.com\/#website\",\"url\":\"https:\/\/www.indieofilo.com\/\",\"name\":\"Indie\u00f3filo\",\"description\":\"Magazine online de la cultura independiente\",\"publisher\":{\"@id\":\"https:\/\/www.indieofilo.com\/#organization\"},\"potentialAction\":[{\"@type\":\"SearchAction\",\"target\":{\"@type\":\"EntryPoint\",\"urlTemplate\":\"https:\/\/www.indieofilo.com\/?s={search_term_string}\"},\"query-input\":{\"@type\":\"PropertyValueSpecification\",\"valueRequired\":true,\"valueName\":\"search_term_string\"}}],\"inLanguage\":\"en-US\"},{\"@type\":\"Organization\",\"@id\":\"https:\/\/www.indieofilo.com\/#organization\",\"name\":\"Indie\u00f3filo Web\",\"url\":\"https:\/\/www.indieofilo.com\/\",\"logo\":{\"@type\":\"ImageObject\",\"inLanguage\":\"en-US\",\"@id\":\"https:\/\/www.indieofilo.com\/#\/schema\/logo\/image\/\",\"url\":\"https:\/\/www.indieofilo.com\/wp-content\/uploads\/2015\/02\/logo-alta-resolucion.png\",\"contentUrl\":\"https:\/\/www.indieofilo.com\/wp-content\/uploads\/2015\/02\/logo-alta-resolucion.png\",\"width\":544,\"height\":185,\"caption\":\"Indie\u00f3filo Web\"},\"image\":{\"@id\":\"https:\/\/www.indieofilo.com\/#\/schema\/logo\/image\/\"},\"sameAs\":[\"https:\/\/www.facebook.com\/Indieofilo\/\",\"https:\/\/x.com\/indieofilo\",\"https:\/\/www.instagram.com\/indieofilo\/\"]},{\"@type\":\"Person\",\"@id\":\"https:\/\/www.indieofilo.com\/#\/schema\/person\/595334d38590e4ce5a09f83cbf2fca90\",\"name\":\"Victor\",\"image\":{\"@type\":\"ImageObject\",\"inLanguage\":\"en-US\",\"@id\":\"https:\/\/www.indieofilo.com\/#\/schema\/person\/image\/\",\"url\":\"https:\/\/secure.gravatar.com\/avatar\/682b8c6ea3e94b6cffec683b25f1797d?s=96&d=mm&r=g\",\"contentUrl\":\"https:\/\/secure.gravatar.com\/avatar\/682b8c6ea3e94b6cffec683b25f1797d?s=96&d=mm&r=g\",\"caption\":\"Victor\"},\"description\":\"Fan\u00e1tico de la m\u00fasica desde que mis padres me pon\u00edan a Eydie Gorme y Los Panchos o el Discotuna por la A2. Intent\u00e9 tocar varios instrumentos, pero soy muy torpe con la mano izquierda, as\u00ed que ya sab\u00e9is el resultado final. Fan del britpop, Post-punk, el rugby y el baloncesto...\",\"sameAs\":[\"http:\/\/indieofilo.com\"],\"url\":\"https:\/\/www.indieofilo.com\/en\/author\/victor\"}]}<\/script>\n<!-- \/ Yoast SEO Premium plugin. -->","yoast_head_json":{"title":"Florence + The Machine announces two concerts in Spain in 2019 - Indie\u00f3filo","description":"Florence + The Machine will play on March 20 at Palau Sant Jordi in Barcelona, and a day later, on March 21 at WiZink Center in Madrid.","robots":{"index":"index","follow":"follow","max-snippet":"max-snippet:-1","max-image-preview":"max-image-preview:large","max-video-preview":"max-video-preview:-1"},"canonical":"https:\/\/www.indieofilo.com\/en\/news\/florence-the-machine-announces-two-concerts-in-spain-in-2019","og_locale":"en_US","og_type":"article","og_title":"Florence + The Machine announces two concerts in Spain in 2019","og_description":"Florence + The Machine will play on March 20 at Palau Sant Jordi in Barcelona, and a day later, on March 21 at WiZink Center in Madrid.","og_url":"https:\/\/www.indieofilo.com\/en\/news\/florence-the-machine-announces-two-concerts-in-spain-in-2019","og_site_name":"Indie\u00f3filo","article_publisher":"https:\/\/www.facebook.com\/Indieofilo\/","article_published_time":"2018-07-16T09:45:37+00:00","article_modified_time":"2023-08-30T20:57:05+00:00","og_image":[{"width":424,"height":600,"url":"https:\/\/www.indieofilo.com\/wp-content\/uploads\/2018\/07\/Florencethe-machine-espana-2019.jpg","type":"image\/jpeg"}],"author":"Victor","twitter_card":"summary_large_image","twitter_creator":"@indieofilo","twitter_site":"@indieofilo","twitter_misc":{"Written by":"Victor","Est. reading time":"1 minute"},"schema":{"@context":"https:\/\/schema.org","@graph":[{"@type":"Article","@id":"https:\/\/www.indieofilo.com\/en\/news\/florence-the-machine-announces-two-concerts-in-spain-in-2019#article","isPartOf":{"@id":"https:\/\/www.indieofilo.com\/en\/news\/florence-the-machine-announces-two-concerts-in-spain-in-2019"},"author":{"name":"Victor","@id":"https:\/\/www.indieofilo.com\/#\/schema\/person\/595334d38590e4ce5a09f83cbf2fca90"},"headline":"Florence + The Machine announces two concerts in Spain in 2019","datePublished":"2018-07-16T09:45:37+00:00","dateModified":"2023-08-30T20:57:05+00:00","mainEntityOfPage":{"@id":"https:\/\/www.indieofilo.com\/en\/news\/florence-the-machine-announces-two-concerts-in-spain-in-2019"},"wordCount":140,"commentCount":0,"publisher":{"@id":"https:\/\/www.indieofilo.com\/#organization"},"image":{"@id":"https:\/\/www.indieofilo.com\/en\/news\/florence-the-machine-announces-two-concerts-in-spain-in-2019#primaryimage"},"thumbnailUrl":"https:\/\/www.indieofilo.com\/wp-content\/uploads\/2018\/07\/Florencethe-machine-espana-2019.jpg","keywords":["Barcelona","Florence + the Machine","Live Nation"],"articleSection":["Live Shows","News"],"inLanguage":"en-US","potentialAction":[{"@type":"CommentAction","name":"Comment","target":["https:\/\/www.indieofilo.com\/en\/news\/florence-the-machine-announces-two-concerts-in-spain-in-2019#respond"]}]},{"@type":"WebPage","@id":"https:\/\/www.indieofilo.com\/en\/news\/florence-the-machine-announces-two-concerts-in-spain-in-2019","url":"https:\/\/www.indieofilo.com\/en\/news\/florence-the-machine-announces-two-concerts-in-spain-in-2019","name":"Florence + The Machine announces two concerts in Spain in 2019 - Indie\u00f3filo","isPartOf":{"@id":"https:\/\/www.indieofilo.com\/#website"},"primaryImageOfPage":{"@id":"https:\/\/www.indieofilo.com\/en\/news\/florence-the-machine-announces-two-concerts-in-spain-in-2019#primaryimage"},"image":{"@id":"https:\/\/www.indieofilo.com\/en\/news\/florence-the-machine-announces-two-concerts-in-spain-in-2019#primaryimage"},"thumbnailUrl":"https:\/\/www.indieofilo.com\/wp-content\/uploads\/2018\/07\/Florencethe-machine-espana-2019.jpg","datePublished":"2018-07-16T09:45:37+00:00","dateModified":"2023-08-30T20:57:05+00:00","description":"Florence + The Machine will play on March 20 at Palau Sant Jordi in Barcelona, and a day later, on March 21 at WiZink Center in Madrid.","breadcrumb":{"@id":"https:\/\/www.indieofilo.com\/en\/news\/florence-the-machine-announces-two-concerts-in-spain-in-2019#breadcrumb"},"inLanguage":"en-US","potentialAction":[{"@type":"ReadAction","target":["https:\/\/www.indieofilo.com\/en\/news\/florence-the-machine-announces-two-concerts-in-spain-in-2019"]}]},{"@type":"ImageObject","inLanguage":"en-US","@id":"https:\/\/www.indieofilo.com\/en\/news\/florence-the-machine-announces-two-concerts-in-spain-in-2019#primaryimage","url":"https:\/\/www.indieofilo.com\/wp-content\/uploads\/2018\/07\/Florencethe-machine-espana-2019.jpg","contentUrl":"https:\/\/www.indieofilo.com\/wp-content\/uploads\/2018\/07\/Florencethe-machine-espana-2019.jpg","width":424,"height":600},{"@type":"BreadcrumbList","@id":"https:\/\/www.indieofilo.com\/en\/news\/florence-the-machine-announces-two-concerts-in-spain-in-2019#breadcrumb","itemListElement":[{"@type":"ListItem","position":1,"name":"Portada","item":"https:\/\/www.indieofilo.com\/en"},{"@type":"ListItem","position":2,"name":"Florence + The Machine announces two concerts in Spain in 2019"}]},{"@type":"WebSite","@id":"https:\/\/www.indieofilo.com\/#website","url":"https:\/\/www.indieofilo.com\/","name":"Indie\u00f3filo","description":"Magazine online de la cultura independiente","publisher":{"@id":"https:\/\/www.indieofilo.com\/#organization"},"potentialAction":[{"@type":"SearchAction","target":{"@type":"EntryPoint","urlTemplate":"https:\/\/www.indieofilo.com\/?s={search_term_string}"},"query-input":{"@type":"PropertyValueSpecification","valueRequired":true,"valueName":"search_term_string"}}],"inLanguage":"en-US"},{"@type":"Organization","@id":"https:\/\/www.indieofilo.com\/#organization","name":"Indie\u00f3filo Web","url":"https:\/\/www.indieofilo.com\/","logo":{"@type":"ImageObject","inLanguage":"en-US","@id":"https:\/\/www.indieofilo.com\/#\/schema\/logo\/image\/","url":"https:\/\/www.indieofilo.com\/wp-content\/uploads\/2015\/02\/logo-alta-resolucion.png","contentUrl":"https:\/\/www.indieofilo.com\/wp-content\/uploads\/2015\/02\/logo-alta-resolucion.png","width":544,"height":185,"caption":"Indie\u00f3filo Web"},"image":{"@id":"https:\/\/www.indieofilo.com\/#\/schema\/logo\/image\/"},"sameAs":["https:\/\/www.facebook.com\/Indieofilo\/","https:\/\/x.com\/indieofilo","https:\/\/www.instagram.com\/indieofilo\/"]},{"@type":"Person","@id":"https:\/\/www.indieofilo.com\/#\/schema\/person\/595334d38590e4ce5a09f83cbf2fca90","name":"Victor","image":{"@type":"ImageObject","inLanguage":"en-US","@id":"https:\/\/www.indieofilo.com\/#\/schema\/person\/image\/","url":"https:\/\/secure.gravatar.com\/avatar\/682b8c6ea3e94b6cffec683b25f1797d?s=96&d=mm&r=g","contentUrl":"https:\/\/secure.gravatar.com\/avatar\/682b8c6ea3e94b6cffec683b25f1797d?s=96&d=mm&r=g","caption":"Victor"},"description":"Fan\u00e1tico de la m\u00fasica desde que mis padres me pon\u00edan a Eydie Gorme y Los Panchos o el Discotuna por la A2. Intent\u00e9 tocar varios instrumentos, pero soy muy torpe con la mano izquierda, as\u00ed que ya sab\u00e9is el resultado final. Fan del britpop, Post-punk, el rugby y el baloncesto...","sameAs":["http:\/\/indieofilo.com"],"url":"https:\/\/www.indieofilo.com\/en\/author\/victor"}]}},"_links":{"self":[{"href":"https:\/\/www.indieofilo.com\/en\/wp-json\/wp\/v2\/posts\/12756","targetHints":{"allow":["GET"]}}],"collection":[{"href":"https:\/\/www.indieofilo.com\/en\/wp-json\/wp\/v2\/posts"}],"about":[{"href":"https:\/\/www.indieofilo.com\/en\/wp-json\/wp\/v2\/types\/post"}],"author":[{"embeddable":true,"href":"https:\/\/www.indieofilo.com\/en\/wp-json\/wp\/v2\/users\/1"}],"replies":[{"embeddable":true,"href":"https:\/\/www.indieofilo.com\/en\/wp-json\/wp\/v2\/comments?post=12756"}],"version-history":[{"count":0,"href":"https:\/\/www.indieofilo.com\/en\/wp-json\/wp\/v2\/posts\/12756\/revisions"}],"wp:featuredmedia":[{"embeddable":true,"href":"https:\/\/www.indieofilo.com\/en\/wp-json\/wp\/v2\/media\/25355"}],"wp:attachment":[{"href":"https:\/\/www.indieofilo.com\/en\/wp-json\/wp\/v2\/media?parent=12756"}],"wp:term":[{"taxonomy":"category","embeddable":true,"href":"https:\/\/www.indieofilo.com\/en\/wp-json\/wp\/v2\/categories?post=12756"},{"taxonomy":"post_tag","embeddable":true,"href":"https:\/\/www.indieofilo.com\/en\/wp-json\/wp\/v2\/tags?post=12756"}],"curies":[{"name":"wp","href":"https:\/\/api.w.org\/{rel}","templated":true}]}}