{"id":1251,"date":"2015-02-25T15:22:23","date_gmt":"2015-02-25T14:22:23","guid":{"rendered":"http:\/\/testing.indieofilo.com\/?p=1251"},"modified":"2023-11-21T14:40:41","modified_gmt":"2023-11-21T13:40:41","slug":"pinkpop-2015-confirms-its-line-up","status":"publish","type":"post","link":"https:\/\/www.indieofilo.com\/en\/news\/live-shows\/pinkpop-2015-confirms-its-line-up","title":{"rendered":"Pinkpop 2015 confirms its line up"},"content":{"rendered":"<p style=\"text-align: center;\"><img fetchpriority=\"high\" decoding=\"async\" src=\"\/wp-content\/uploads\/2015\/03\/Pinkpop-2015-Line-up.jpg\" alt=\"Pinkpop 2015 - Line up\" width=\"600\" height=\"600\" \/><\/p>\n<p style=\"text-align: justify;\">In an incredible press conference done at mythical Paradiso room in Amsterdam, the organisation of <strong>Pinkpop 2015<\/strong> has just confirmed almost 90% of the line-up for its line up, that already includes big names as Muse, Foo Fighters, Pharrel Wiliams or Robbie Williams. More than 30 new names has been announced, but the big names of the list are <strong>Avicii, Sam Smith, The Script,\u00a0Elbow, Faith No More, George Ezra, The Womba<\/strong>ts or <strong>OneRepublic<\/strong>, among others. For all the bands confirmed till now, please take a look to the image up this lines.<\/p>\n<p style=\"text-align: justify;\">The tickets for the festival, that will be held from 12th to 14th of June in Landgraaf (Limburg), will be on sale since next 28th of February with a starting price of 185\u20ac for three days ticket and 95\u20ac for daily tickets. If you are interested on the festival, review <a href=\"http:\/\/www.pinkpop.nl\/2015\/english\/festival-information\/tickets\/\" target=\"_blank\" rel=\"noopener\">their official Website<\/a> for more news.<\/p>\n","protected":false},"excerpt":{"rendered":"<p>In an incredible press conference done at mythical Paradiso room in Amsterdam, the organisation of Pinkpop 2015 has just confirmed almost 90% of the line-up for its line up, that already includes big names as Muse, Foo Fighters, Pharrel Wiliams or Robbie Williams. More than 30 new names has been announced, but the big names [&hellip;]<\/p>\n","protected":false},"author":1,"featured_media":18150,"comment_status":"closed","ping_status":"closed","sticky":false,"template":"","format":"standard","meta":{"footnotes":""},"categories":[41,8],"tags":[5990,5683,6473,5379,6474,5282,6437,5287,6475,6476],"class_list":["post-1251","post","type-post","status-publish","format-standard","has-post-thumbnail","hentry","category-live-shows","category-news","tag-avicii-en","tag-elbow-en","tag-faith-no-more-en","tag-george-ezra-en","tag-onerepublic-en","tag-pinkpop-en","tag-pinkpop-2015-en","tag-sam-smith-en","tag-the-script-en","tag-the-wombats-en"],"yoast_head":"<!-- This site is optimized with the Yoast SEO Premium plugin v23.9 (Yoast SEO v26.6) - https:\/\/yoast.com\/wordpress\/plugins\/seo\/ -->\n<title>Pinkpop 2015 confirms its line up - Indie\u00f3filo<\/title>\n<meta name=\"description\" content=\"Avicii, Sam Smith, The Script, Elbow, Faith No More, George Ezra or The Wombats among the names confirmed on the press conference held today at Paradiso.\" \/>\n<meta name=\"robots\" content=\"index, follow, max-snippet:-1, max-image-preview:large, max-video-preview:-1\" \/>\n<link rel=\"canonical\" href=\"https:\/\/www.indieofilo.com\/en\/news\/pinkpop-2015-confirms-its-line-up\" \/>\n<meta property=\"og:locale\" content=\"en_US\" \/>\n<meta property=\"og:type\" content=\"article\" \/>\n<meta property=\"og:title\" content=\"Pinkpop 2015 confirms its line up\" \/>\n<meta property=\"og:description\" content=\"Avicii, Sam Smith, The Script, Elbow, Faith No More, George Ezra or The Wombats among the names confirmed on the press conference held today at Paradiso.\" \/>\n<meta property=\"og:url\" content=\"https:\/\/www.indieofilo.com\/en\/news\/pinkpop-2015-confirms-its-line-up\" \/>\n<meta property=\"og:site_name\" content=\"Indie\u00f3filo\" \/>\n<meta property=\"article:publisher\" content=\"https:\/\/www.facebook.com\/Indieofilo\/\" \/>\n<meta property=\"article:published_time\" content=\"2015-02-25T14:22:23+00:00\" \/>\n<meta property=\"article:modified_time\" content=\"2023-11-21T13:40:41+00:00\" \/>\n<meta property=\"og:image\" content=\"https:\/\/www.indieofilo.com\/wp-content\/uploads\/2015\/03\/Pinkpop-2015-Line-up.jpg\" \/>\n\t<meta property=\"og:image:width\" content=\"600\" \/>\n\t<meta property=\"og:image:height\" content=\"600\" \/>\n\t<meta property=\"og:image:type\" content=\"image\/jpeg\" \/>\n<meta name=\"author\" content=\"Victor\" \/>\n<meta name=\"twitter:card\" content=\"summary_large_image\" \/>\n<meta name=\"twitter:creator\" content=\"@indieofilo\" \/>\n<meta name=\"twitter:site\" content=\"@indieofilo\" \/>\n<meta name=\"twitter:label1\" content=\"Written by\" \/>\n\t<meta name=\"twitter:data1\" content=\"Victor\" \/>\n\t<meta name=\"twitter:label2\" content=\"Est. reading time\" \/>\n\t<meta name=\"twitter:data2\" content=\"1 minute\" \/>\n<script type=\"application\/ld+json\" class=\"yoast-schema-graph\">{\"@context\":\"https:\/\/schema.org\",\"@graph\":[{\"@type\":\"Article\",\"@id\":\"https:\/\/www.indieofilo.com\/en\/news\/pinkpop-2015-confirms-its-line-up#article\",\"isPartOf\":{\"@id\":\"https:\/\/www.indieofilo.com\/en\/news\/pinkpop-2015-confirms-its-line-up\"},\"author\":{\"name\":\"Victor\",\"@id\":\"https:\/\/www.indieofilo.com\/#\/schema\/person\/595334d38590e4ce5a09f83cbf2fca90\"},\"headline\":\"Pinkpop 2015 confirms its line up\",\"datePublished\":\"2015-02-25T14:22:23+00:00\",\"dateModified\":\"2023-11-21T13:40:41+00:00\",\"mainEntityOfPage\":{\"@id\":\"https:\/\/www.indieofilo.com\/en\/news\/pinkpop-2015-confirms-its-line-up\"},\"wordCount\":149,\"publisher\":{\"@id\":\"https:\/\/www.indieofilo.com\/#organization\"},\"image\":{\"@id\":\"https:\/\/www.indieofilo.com\/en\/news\/pinkpop-2015-confirms-its-line-up#primaryimage\"},\"thumbnailUrl\":\"https:\/\/www.indieofilo.com\/wp-content\/uploads\/2015\/03\/Pinkpop-2015-Line-up.jpg\",\"keywords\":[\"Avicii\",\"Elbow\",\"Faith No More\",\"George Ezra\",\"OneRepublic\",\"Pinkpop\",\"Pinkpop 2015\",\"Sam Smith\",\"The Script\",\"The Wombats\"],\"articleSection\":[\"Live Shows\",\"News\"],\"inLanguage\":\"en-US\"},{\"@type\":\"WebPage\",\"@id\":\"https:\/\/www.indieofilo.com\/en\/news\/pinkpop-2015-confirms-its-line-up\",\"url\":\"https:\/\/www.indieofilo.com\/en\/news\/pinkpop-2015-confirms-its-line-up\",\"name\":\"Pinkpop 2015 confirms its line up - Indie\u00f3filo\",\"isPartOf\":{\"@id\":\"https:\/\/www.indieofilo.com\/#website\"},\"primaryImageOfPage\":{\"@id\":\"https:\/\/www.indieofilo.com\/en\/news\/pinkpop-2015-confirms-its-line-up#primaryimage\"},\"image\":{\"@id\":\"https:\/\/www.indieofilo.com\/en\/news\/pinkpop-2015-confirms-its-line-up#primaryimage\"},\"thumbnailUrl\":\"https:\/\/www.indieofilo.com\/wp-content\/uploads\/2015\/03\/Pinkpop-2015-Line-up.jpg\",\"datePublished\":\"2015-02-25T14:22:23+00:00\",\"dateModified\":\"2023-11-21T13:40:41+00:00\",\"description\":\"Avicii, Sam Smith, The Script, Elbow, Faith No More, George Ezra or The Wombats among the names confirmed on the press conference held today at Paradiso.\",\"breadcrumb\":{\"@id\":\"https:\/\/www.indieofilo.com\/en\/news\/pinkpop-2015-confirms-its-line-up#breadcrumb\"},\"inLanguage\":\"en-US\",\"potentialAction\":[{\"@type\":\"ReadAction\",\"target\":[\"https:\/\/www.indieofilo.com\/en\/news\/pinkpop-2015-confirms-its-line-up\"]}]},{\"@type\":\"ImageObject\",\"inLanguage\":\"en-US\",\"@id\":\"https:\/\/www.indieofilo.com\/en\/news\/pinkpop-2015-confirms-its-line-up#primaryimage\",\"url\":\"https:\/\/www.indieofilo.com\/wp-content\/uploads\/2015\/03\/Pinkpop-2015-Line-up.jpg\",\"contentUrl\":\"https:\/\/www.indieofilo.com\/wp-content\/uploads\/2015\/03\/Pinkpop-2015-Line-up.jpg\",\"width\":600,\"height\":600},{\"@type\":\"BreadcrumbList\",\"@id\":\"https:\/\/www.indieofilo.com\/en\/news\/pinkpop-2015-confirms-its-line-up#breadcrumb\",\"itemListElement\":[{\"@type\":\"ListItem\",\"position\":1,\"name\":\"Portada\",\"item\":\"https:\/\/www.indieofilo.com\/en\"},{\"@type\":\"ListItem\",\"position\":2,\"name\":\"Pinkpop 2015 confirms its line up\"}]},{\"@type\":\"WebSite\",\"@id\":\"https:\/\/www.indieofilo.com\/#website\",\"url\":\"https:\/\/www.indieofilo.com\/\",\"name\":\"Indie\u00f3filo\",\"description\":\"Magazine online de la cultura independiente\",\"publisher\":{\"@id\":\"https:\/\/www.indieofilo.com\/#organization\"},\"potentialAction\":[{\"@type\":\"SearchAction\",\"target\":{\"@type\":\"EntryPoint\",\"urlTemplate\":\"https:\/\/www.indieofilo.com\/?s={search_term_string}\"},\"query-input\":{\"@type\":\"PropertyValueSpecification\",\"valueRequired\":true,\"valueName\":\"search_term_string\"}}],\"inLanguage\":\"en-US\"},{\"@type\":\"Organization\",\"@id\":\"https:\/\/www.indieofilo.com\/#organization\",\"name\":\"Indie\u00f3filo Web\",\"url\":\"https:\/\/www.indieofilo.com\/\",\"logo\":{\"@type\":\"ImageObject\",\"inLanguage\":\"en-US\",\"@id\":\"https:\/\/www.indieofilo.com\/#\/schema\/logo\/image\/\",\"url\":\"https:\/\/www.indieofilo.com\/wp-content\/uploads\/2015\/02\/logo-alta-resolucion.png\",\"contentUrl\":\"https:\/\/www.indieofilo.com\/wp-content\/uploads\/2015\/02\/logo-alta-resolucion.png\",\"width\":544,\"height\":185,\"caption\":\"Indie\u00f3filo Web\"},\"image\":{\"@id\":\"https:\/\/www.indieofilo.com\/#\/schema\/logo\/image\/\"},\"sameAs\":[\"https:\/\/www.facebook.com\/Indieofilo\/\",\"https:\/\/x.com\/indieofilo\",\"https:\/\/www.instagram.com\/indieofilo\/\"]},{\"@type\":\"Person\",\"@id\":\"https:\/\/www.indieofilo.com\/#\/schema\/person\/595334d38590e4ce5a09f83cbf2fca90\",\"name\":\"Victor\",\"image\":{\"@type\":\"ImageObject\",\"inLanguage\":\"en-US\",\"@id\":\"https:\/\/www.indieofilo.com\/#\/schema\/person\/image\/\",\"url\":\"https:\/\/secure.gravatar.com\/avatar\/682b8c6ea3e94b6cffec683b25f1797d?s=96&d=mm&r=g\",\"contentUrl\":\"https:\/\/secure.gravatar.com\/avatar\/682b8c6ea3e94b6cffec683b25f1797d?s=96&d=mm&r=g\",\"caption\":\"Victor\"},\"description\":\"Fan\u00e1tico de la m\u00fasica desde que mis padres me pon\u00edan a Eydie Gorme y Los Panchos o el Discotuna por la A2. Intent\u00e9 tocar varios instrumentos, pero soy muy torpe con la mano izquierda, as\u00ed que ya sab\u00e9is el resultado final. Fan del britpop, Post-punk, el rugby y el baloncesto...\",\"sameAs\":[\"http:\/\/indieofilo.com\"],\"url\":\"https:\/\/www.indieofilo.com\/en\/author\/victor\"}]}<\/script>\n<!-- \/ Yoast SEO Premium plugin. -->","yoast_head_json":{"title":"Pinkpop 2015 confirms its line up - Indie\u00f3filo","description":"Avicii, Sam Smith, The Script, Elbow, Faith No More, George Ezra or The Wombats among the names confirmed on the press conference held today at Paradiso.","robots":{"index":"index","follow":"follow","max-snippet":"max-snippet:-1","max-image-preview":"max-image-preview:large","max-video-preview":"max-video-preview:-1"},"canonical":"https:\/\/www.indieofilo.com\/en\/news\/pinkpop-2015-confirms-its-line-up","og_locale":"en_US","og_type":"article","og_title":"Pinkpop 2015 confirms its line up","og_description":"Avicii, Sam Smith, The Script, Elbow, Faith No More, George Ezra or The Wombats among the names confirmed on the press conference held today at Paradiso.","og_url":"https:\/\/www.indieofilo.com\/en\/news\/pinkpop-2015-confirms-its-line-up","og_site_name":"Indie\u00f3filo","article_publisher":"https:\/\/www.facebook.com\/Indieofilo\/","article_published_time":"2015-02-25T14:22:23+00:00","article_modified_time":"2023-11-21T13:40:41+00:00","og_image":[{"width":600,"height":600,"url":"https:\/\/www.indieofilo.com\/wp-content\/uploads\/2015\/03\/Pinkpop-2015-Line-up.jpg","type":"image\/jpeg"}],"author":"Victor","twitter_card":"summary_large_image","twitter_creator":"@indieofilo","twitter_site":"@indieofilo","twitter_misc":{"Written by":"Victor","Est. reading time":"1 minute"},"schema":{"@context":"https:\/\/schema.org","@graph":[{"@type":"Article","@id":"https:\/\/www.indieofilo.com\/en\/news\/pinkpop-2015-confirms-its-line-up#article","isPartOf":{"@id":"https:\/\/www.indieofilo.com\/en\/news\/pinkpop-2015-confirms-its-line-up"},"author":{"name":"Victor","@id":"https:\/\/www.indieofilo.com\/#\/schema\/person\/595334d38590e4ce5a09f83cbf2fca90"},"headline":"Pinkpop 2015 confirms its line up","datePublished":"2015-02-25T14:22:23+00:00","dateModified":"2023-11-21T13:40:41+00:00","mainEntityOfPage":{"@id":"https:\/\/www.indieofilo.com\/en\/news\/pinkpop-2015-confirms-its-line-up"},"wordCount":149,"publisher":{"@id":"https:\/\/www.indieofilo.com\/#organization"},"image":{"@id":"https:\/\/www.indieofilo.com\/en\/news\/pinkpop-2015-confirms-its-line-up#primaryimage"},"thumbnailUrl":"https:\/\/www.indieofilo.com\/wp-content\/uploads\/2015\/03\/Pinkpop-2015-Line-up.jpg","keywords":["Avicii","Elbow","Faith No More","George Ezra","OneRepublic","Pinkpop","Pinkpop 2015","Sam Smith","The Script","The Wombats"],"articleSection":["Live Shows","News"],"inLanguage":"en-US"},{"@type":"WebPage","@id":"https:\/\/www.indieofilo.com\/en\/news\/pinkpop-2015-confirms-its-line-up","url":"https:\/\/www.indieofilo.com\/en\/news\/pinkpop-2015-confirms-its-line-up","name":"Pinkpop 2015 confirms its line up - Indie\u00f3filo","isPartOf":{"@id":"https:\/\/www.indieofilo.com\/#website"},"primaryImageOfPage":{"@id":"https:\/\/www.indieofilo.com\/en\/news\/pinkpop-2015-confirms-its-line-up#primaryimage"},"image":{"@id":"https:\/\/www.indieofilo.com\/en\/news\/pinkpop-2015-confirms-its-line-up#primaryimage"},"thumbnailUrl":"https:\/\/www.indieofilo.com\/wp-content\/uploads\/2015\/03\/Pinkpop-2015-Line-up.jpg","datePublished":"2015-02-25T14:22:23+00:00","dateModified":"2023-11-21T13:40:41+00:00","description":"Avicii, Sam Smith, The Script, Elbow, Faith No More, George Ezra or The Wombats among the names confirmed on the press conference held today at Paradiso.","breadcrumb":{"@id":"https:\/\/www.indieofilo.com\/en\/news\/pinkpop-2015-confirms-its-line-up#breadcrumb"},"inLanguage":"en-US","potentialAction":[{"@type":"ReadAction","target":["https:\/\/www.indieofilo.com\/en\/news\/pinkpop-2015-confirms-its-line-up"]}]},{"@type":"ImageObject","inLanguage":"en-US","@id":"https:\/\/www.indieofilo.com\/en\/news\/pinkpop-2015-confirms-its-line-up#primaryimage","url":"https:\/\/www.indieofilo.com\/wp-content\/uploads\/2015\/03\/Pinkpop-2015-Line-up.jpg","contentUrl":"https:\/\/www.indieofilo.com\/wp-content\/uploads\/2015\/03\/Pinkpop-2015-Line-up.jpg","width":600,"height":600},{"@type":"BreadcrumbList","@id":"https:\/\/www.indieofilo.com\/en\/news\/pinkpop-2015-confirms-its-line-up#breadcrumb","itemListElement":[{"@type":"ListItem","position":1,"name":"Portada","item":"https:\/\/www.indieofilo.com\/en"},{"@type":"ListItem","position":2,"name":"Pinkpop 2015 confirms its line up"}]},{"@type":"WebSite","@id":"https:\/\/www.indieofilo.com\/#website","url":"https:\/\/www.indieofilo.com\/","name":"Indie\u00f3filo","description":"Magazine online de la cultura independiente","publisher":{"@id":"https:\/\/www.indieofilo.com\/#organization"},"potentialAction":[{"@type":"SearchAction","target":{"@type":"EntryPoint","urlTemplate":"https:\/\/www.indieofilo.com\/?s={search_term_string}"},"query-input":{"@type":"PropertyValueSpecification","valueRequired":true,"valueName":"search_term_string"}}],"inLanguage":"en-US"},{"@type":"Organization","@id":"https:\/\/www.indieofilo.com\/#organization","name":"Indie\u00f3filo Web","url":"https:\/\/www.indieofilo.com\/","logo":{"@type":"ImageObject","inLanguage":"en-US","@id":"https:\/\/www.indieofilo.com\/#\/schema\/logo\/image\/","url":"https:\/\/www.indieofilo.com\/wp-content\/uploads\/2015\/02\/logo-alta-resolucion.png","contentUrl":"https:\/\/www.indieofilo.com\/wp-content\/uploads\/2015\/02\/logo-alta-resolucion.png","width":544,"height":185,"caption":"Indie\u00f3filo Web"},"image":{"@id":"https:\/\/www.indieofilo.com\/#\/schema\/logo\/image\/"},"sameAs":["https:\/\/www.facebook.com\/Indieofilo\/","https:\/\/x.com\/indieofilo","https:\/\/www.instagram.com\/indieofilo\/"]},{"@type":"Person","@id":"https:\/\/www.indieofilo.com\/#\/schema\/person\/595334d38590e4ce5a09f83cbf2fca90","name":"Victor","image":{"@type":"ImageObject","inLanguage":"en-US","@id":"https:\/\/www.indieofilo.com\/#\/schema\/person\/image\/","url":"https:\/\/secure.gravatar.com\/avatar\/682b8c6ea3e94b6cffec683b25f1797d?s=96&d=mm&r=g","contentUrl":"https:\/\/secure.gravatar.com\/avatar\/682b8c6ea3e94b6cffec683b25f1797d?s=96&d=mm&r=g","caption":"Victor"},"description":"Fan\u00e1tico de la m\u00fasica desde que mis padres me pon\u00edan a Eydie Gorme y Los Panchos o el Discotuna por la A2. Intent\u00e9 tocar varios instrumentos, pero soy muy torpe con la mano izquierda, as\u00ed que ya sab\u00e9is el resultado final. Fan del britpop, Post-punk, el rugby y el baloncesto...","sameAs":["http:\/\/indieofilo.com"],"url":"https:\/\/www.indieofilo.com\/en\/author\/victor"}]}},"_links":{"self":[{"href":"https:\/\/www.indieofilo.com\/en\/wp-json\/wp\/v2\/posts\/1251","targetHints":{"allow":["GET"]}}],"collection":[{"href":"https:\/\/www.indieofilo.com\/en\/wp-json\/wp\/v2\/posts"}],"about":[{"href":"https:\/\/www.indieofilo.com\/en\/wp-json\/wp\/v2\/types\/post"}],"author":[{"embeddable":true,"href":"https:\/\/www.indieofilo.com\/en\/wp-json\/wp\/v2\/users\/1"}],"replies":[{"embeddable":true,"href":"https:\/\/www.indieofilo.com\/en\/wp-json\/wp\/v2\/comments?post=1251"}],"version-history":[{"count":0,"href":"https:\/\/www.indieofilo.com\/en\/wp-json\/wp\/v2\/posts\/1251\/revisions"}],"wp:featuredmedia":[{"embeddable":true,"href":"https:\/\/www.indieofilo.com\/en\/wp-json\/wp\/v2\/media\/18150"}],"wp:attachment":[{"href":"https:\/\/www.indieofilo.com\/en\/wp-json\/wp\/v2\/media?parent=1251"}],"wp:term":[{"taxonomy":"category","embeddable":true,"href":"https:\/\/www.indieofilo.com\/en\/wp-json\/wp\/v2\/categories?post=1251"},{"taxonomy":"post_tag","embeddable":true,"href":"https:\/\/www.indieofilo.com\/en\/wp-json\/wp\/v2\/tags?post=1251"}],"curies":[{"name":"wp","href":"https:\/\/api.w.org\/{rel}","templated":true}]}}