{"id":1248,"date":"2015-01-26T21:45:10","date_gmt":"2015-01-26T20:45:10","guid":{"rendered":"http:\/\/testing.indieofilo.com\/?p=1248"},"modified":"2023-11-21T14:46:01","modified_gmt":"2023-11-21T13:46:01","slug":"pharrel-williams-confirmed-for-pinkpop-2015","status":"publish","type":"post","link":"https:\/\/www.indieofilo.com\/en\/news\/live-shows\/pharrel-williams-confirmed-for-pinkpop-2015","title":{"rendered":"Pharrell Williams confirmed for Pinkpop 2015"},"content":{"rendered":"<p style=\"text-align: center;\"><img fetchpriority=\"high\" decoding=\"async\" src=\"\/wp-content\/uploads\/2015\/03\/Pinkpop-2015-Pharrel-Williams.jpg\" alt=\"Pinkpop 2015 - Pharrel Williams\" width=\"600\" height=\"600\" \/><\/p>\n<p style=\"text-align: justify;\"><strong>Pinkpop 2015<\/strong> has just confirmed a new big name for the incredible line up of its 46th edition. After an amazing 2013-2004, the mainstage of Pinkpop will receive on Saturday American\u00a0<strong>Pharrell Williams <\/strong>and will join Muse, Foo Fighters and Robbie Williams as main names for this year. The organisation has also confirmed Belgium popband <strong>Oscar &amp; the Wolf<\/strong> as another band that will on stage for Pinkpop 2015, which this year will be held from 12th to 14th of June in Landgraaf (Tilburg).<\/p>\n<p style=\"text-align: justify;\">The presale is schedule for February 28th, with a starting price of 185\u20ac for the three days ticket. If you are interested on the festival, review <a href=\"http:\/\/www.pinkpop.nl\/2015\/english\/festival-information\/tickets\/\" target=\"_blank\" rel=\"noopener\">their official Website<\/a> for more news.<\/p>\n","protected":false},"excerpt":{"rendered":"<p>Pinkpop 2015 has just confirmed a new big name for the incredible line up of its 46th edition. After an amazing 2013-2004, the mainstage of Pinkpop will receive on Saturday American\u00a0Pharrell Williams and will join Muse, Foo Fighters and Robbie Williams as main names for this year. The organisation has also confirmed Belgium popband Oscar [&hellip;]<\/p>\n","protected":false},"author":1,"featured_media":18149,"comment_status":"closed","ping_status":"closed","sticky":false,"template":"","format":"standard","meta":{"footnotes":""},"categories":[41,8],"tags":[6152,5106,5282,6437],"class_list":["post-1248","post","type-post","status-publish","format-standard","has-post-thumbnail","hentry","category-live-shows","category-news","tag-oscar-and-the-wolf-en","tag-pharrell-williams-en","tag-pinkpop-en","tag-pinkpop-2015-en"],"yoast_head":"<!-- This site is optimized with the Yoast SEO Premium plugin v23.9 (Yoast SEO v26.6) - https:\/\/yoast.com\/wordpress\/plugins\/seo\/ -->\n<title>Pharrell Williams confirmed for Pinkpop 2015 - Indie\u00f3filo<\/title>\n<meta name=\"description\" content=\"The singer of N.E.R.D or Get Lucky confirmed with Oscar &amp; the Wolf for Pinkpop 2015, that will be held from 12-14th June in Landgraaf.\" \/>\n<meta name=\"robots\" content=\"index, follow, max-snippet:-1, max-image-preview:large, max-video-preview:-1\" \/>\n<link rel=\"canonical\" href=\"https:\/\/www.indieofilo.com\/en\/news\/pharrel-williams-confirmed-for-pinkpop-2015\" \/>\n<meta property=\"og:locale\" content=\"en_US\" \/>\n<meta property=\"og:type\" content=\"article\" \/>\n<meta property=\"og:title\" content=\"Pharrell Williams confirmed for Pinkpop 2015\" \/>\n<meta property=\"og:description\" content=\"The singer of N.E.R.D or Get Lucky confirmed with Oscar &amp; the Wolf for Pinkpop 2015, that will be held from 12-14th June in Landgraaf.\" \/>\n<meta property=\"og:url\" content=\"https:\/\/www.indieofilo.com\/en\/news\/pharrel-williams-confirmed-for-pinkpop-2015\" \/>\n<meta property=\"og:site_name\" content=\"Indie\u00f3filo\" \/>\n<meta property=\"article:publisher\" content=\"https:\/\/www.facebook.com\/Indieofilo\/\" \/>\n<meta property=\"article:published_time\" content=\"2015-01-26T20:45:10+00:00\" \/>\n<meta property=\"article:modified_time\" content=\"2023-11-21T13:46:01+00:00\" \/>\n<meta property=\"og:image\" content=\"https:\/\/www.indieofilo.com\/wp-content\/uploads\/2015\/03\/Pinkpop-2015-Pharrel-Williams.jpg\" \/>\n\t<meta property=\"og:image:width\" content=\"600\" \/>\n\t<meta property=\"og:image:height\" content=\"600\" \/>\n\t<meta property=\"og:image:type\" content=\"image\/jpeg\" \/>\n<meta name=\"author\" content=\"Victor\" \/>\n<meta name=\"twitter:card\" content=\"summary_large_image\" \/>\n<meta name=\"twitter:creator\" content=\"@indieofilo\" \/>\n<meta name=\"twitter:site\" content=\"@indieofilo\" \/>\n<meta name=\"twitter:label1\" content=\"Written by\" \/>\n\t<meta name=\"twitter:data1\" content=\"Victor\" \/>\n\t<meta name=\"twitter:label2\" content=\"Est. reading time\" \/>\n\t<meta name=\"twitter:data2\" content=\"1 minute\" \/>\n<script type=\"application\/ld+json\" class=\"yoast-schema-graph\">{\"@context\":\"https:\/\/schema.org\",\"@graph\":[{\"@type\":\"Article\",\"@id\":\"https:\/\/www.indieofilo.com\/en\/news\/pharrel-williams-confirmed-for-pinkpop-2015#article\",\"isPartOf\":{\"@id\":\"https:\/\/www.indieofilo.com\/en\/news\/pharrel-williams-confirmed-for-pinkpop-2015\"},\"author\":{\"name\":\"Victor\",\"@id\":\"https:\/\/www.indieofilo.com\/#\/schema\/person\/595334d38590e4ce5a09f83cbf2fca90\"},\"headline\":\"Pharrell Williams confirmed for Pinkpop 2015\",\"datePublished\":\"2015-01-26T20:45:10+00:00\",\"dateModified\":\"2023-11-21T13:46:01+00:00\",\"mainEntityOfPage\":{\"@id\":\"https:\/\/www.indieofilo.com\/en\/news\/pharrel-williams-confirmed-for-pinkpop-2015\"},\"wordCount\":118,\"publisher\":{\"@id\":\"https:\/\/www.indieofilo.com\/#organization\"},\"image\":{\"@id\":\"https:\/\/www.indieofilo.com\/en\/news\/pharrel-williams-confirmed-for-pinkpop-2015#primaryimage\"},\"thumbnailUrl\":\"https:\/\/www.indieofilo.com\/wp-content\/uploads\/2015\/03\/Pinkpop-2015-Pharrel-Williams.jpg\",\"keywords\":[\"Oscar and the Wolf\",\"Pharrell Williams\",\"Pinkpop\",\"Pinkpop 2015\"],\"articleSection\":[\"Live Shows\",\"News\"],\"inLanguage\":\"en-US\"},{\"@type\":\"WebPage\",\"@id\":\"https:\/\/www.indieofilo.com\/en\/news\/pharrel-williams-confirmed-for-pinkpop-2015\",\"url\":\"https:\/\/www.indieofilo.com\/en\/news\/pharrel-williams-confirmed-for-pinkpop-2015\",\"name\":\"Pharrell Williams confirmed for Pinkpop 2015 - Indie\u00f3filo\",\"isPartOf\":{\"@id\":\"https:\/\/www.indieofilo.com\/#website\"},\"primaryImageOfPage\":{\"@id\":\"https:\/\/www.indieofilo.com\/en\/news\/pharrel-williams-confirmed-for-pinkpop-2015#primaryimage\"},\"image\":{\"@id\":\"https:\/\/www.indieofilo.com\/en\/news\/pharrel-williams-confirmed-for-pinkpop-2015#primaryimage\"},\"thumbnailUrl\":\"https:\/\/www.indieofilo.com\/wp-content\/uploads\/2015\/03\/Pinkpop-2015-Pharrel-Williams.jpg\",\"datePublished\":\"2015-01-26T20:45:10+00:00\",\"dateModified\":\"2023-11-21T13:46:01+00:00\",\"description\":\"The singer of N.E.R.D or Get Lucky confirmed with Oscar & the Wolf for Pinkpop 2015, that will be held from 12-14th June in Landgraaf.\",\"breadcrumb\":{\"@id\":\"https:\/\/www.indieofilo.com\/en\/news\/pharrel-williams-confirmed-for-pinkpop-2015#breadcrumb\"},\"inLanguage\":\"en-US\",\"potentialAction\":[{\"@type\":\"ReadAction\",\"target\":[\"https:\/\/www.indieofilo.com\/en\/news\/pharrel-williams-confirmed-for-pinkpop-2015\"]}]},{\"@type\":\"ImageObject\",\"inLanguage\":\"en-US\",\"@id\":\"https:\/\/www.indieofilo.com\/en\/news\/pharrel-williams-confirmed-for-pinkpop-2015#primaryimage\",\"url\":\"https:\/\/www.indieofilo.com\/wp-content\/uploads\/2015\/03\/Pinkpop-2015-Pharrel-Williams.jpg\",\"contentUrl\":\"https:\/\/www.indieofilo.com\/wp-content\/uploads\/2015\/03\/Pinkpop-2015-Pharrel-Williams.jpg\",\"width\":600,\"height\":600},{\"@type\":\"BreadcrumbList\",\"@id\":\"https:\/\/www.indieofilo.com\/en\/news\/pharrel-williams-confirmed-for-pinkpop-2015#breadcrumb\",\"itemListElement\":[{\"@type\":\"ListItem\",\"position\":1,\"name\":\"Portada\",\"item\":\"https:\/\/www.indieofilo.com\/en\"},{\"@type\":\"ListItem\",\"position\":2,\"name\":\"Pharrell Williams confirmed for Pinkpop 2015\"}]},{\"@type\":\"WebSite\",\"@id\":\"https:\/\/www.indieofilo.com\/#website\",\"url\":\"https:\/\/www.indieofilo.com\/\",\"name\":\"Indie\u00f3filo\",\"description\":\"Magazine online de la cultura independiente\",\"publisher\":{\"@id\":\"https:\/\/www.indieofilo.com\/#organization\"},\"potentialAction\":[{\"@type\":\"SearchAction\",\"target\":{\"@type\":\"EntryPoint\",\"urlTemplate\":\"https:\/\/www.indieofilo.com\/?s={search_term_string}\"},\"query-input\":{\"@type\":\"PropertyValueSpecification\",\"valueRequired\":true,\"valueName\":\"search_term_string\"}}],\"inLanguage\":\"en-US\"},{\"@type\":\"Organization\",\"@id\":\"https:\/\/www.indieofilo.com\/#organization\",\"name\":\"Indie\u00f3filo Web\",\"url\":\"https:\/\/www.indieofilo.com\/\",\"logo\":{\"@type\":\"ImageObject\",\"inLanguage\":\"en-US\",\"@id\":\"https:\/\/www.indieofilo.com\/#\/schema\/logo\/image\/\",\"url\":\"https:\/\/www.indieofilo.com\/wp-content\/uploads\/2015\/02\/logo-alta-resolucion.png\",\"contentUrl\":\"https:\/\/www.indieofilo.com\/wp-content\/uploads\/2015\/02\/logo-alta-resolucion.png\",\"width\":544,\"height\":185,\"caption\":\"Indie\u00f3filo Web\"},\"image\":{\"@id\":\"https:\/\/www.indieofilo.com\/#\/schema\/logo\/image\/\"},\"sameAs\":[\"https:\/\/www.facebook.com\/Indieofilo\/\",\"https:\/\/x.com\/indieofilo\",\"https:\/\/www.instagram.com\/indieofilo\/\"]},{\"@type\":\"Person\",\"@id\":\"https:\/\/www.indieofilo.com\/#\/schema\/person\/595334d38590e4ce5a09f83cbf2fca90\",\"name\":\"Victor\",\"image\":{\"@type\":\"ImageObject\",\"inLanguage\":\"en-US\",\"@id\":\"https:\/\/www.indieofilo.com\/#\/schema\/person\/image\/\",\"url\":\"https:\/\/secure.gravatar.com\/avatar\/682b8c6ea3e94b6cffec683b25f1797d?s=96&d=mm&r=g\",\"contentUrl\":\"https:\/\/secure.gravatar.com\/avatar\/682b8c6ea3e94b6cffec683b25f1797d?s=96&d=mm&r=g\",\"caption\":\"Victor\"},\"description\":\"Fan\u00e1tico de la m\u00fasica desde que mis padres me pon\u00edan a Eydie Gorme y Los Panchos o el Discotuna por la A2. Intent\u00e9 tocar varios instrumentos, pero soy muy torpe con la mano izquierda, as\u00ed que ya sab\u00e9is el resultado final. Fan del britpop, Post-punk, el rugby y el baloncesto...\",\"sameAs\":[\"http:\/\/indieofilo.com\"],\"url\":\"https:\/\/www.indieofilo.com\/en\/author\/victor\"}]}<\/script>\n<!-- \/ Yoast SEO Premium plugin. -->","yoast_head_json":{"title":"Pharrell Williams confirmed for Pinkpop 2015 - Indie\u00f3filo","description":"The singer of N.E.R.D or Get Lucky confirmed with Oscar & the Wolf for Pinkpop 2015, that will be held from 12-14th June in Landgraaf.","robots":{"index":"index","follow":"follow","max-snippet":"max-snippet:-1","max-image-preview":"max-image-preview:large","max-video-preview":"max-video-preview:-1"},"canonical":"https:\/\/www.indieofilo.com\/en\/news\/pharrel-williams-confirmed-for-pinkpop-2015","og_locale":"en_US","og_type":"article","og_title":"Pharrell Williams confirmed for Pinkpop 2015","og_description":"The singer of N.E.R.D or Get Lucky confirmed with Oscar & the Wolf for Pinkpop 2015, that will be held from 12-14th June in Landgraaf.","og_url":"https:\/\/www.indieofilo.com\/en\/news\/pharrel-williams-confirmed-for-pinkpop-2015","og_site_name":"Indie\u00f3filo","article_publisher":"https:\/\/www.facebook.com\/Indieofilo\/","article_published_time":"2015-01-26T20:45:10+00:00","article_modified_time":"2023-11-21T13:46:01+00:00","og_image":[{"width":600,"height":600,"url":"https:\/\/www.indieofilo.com\/wp-content\/uploads\/2015\/03\/Pinkpop-2015-Pharrel-Williams.jpg","type":"image\/jpeg"}],"author":"Victor","twitter_card":"summary_large_image","twitter_creator":"@indieofilo","twitter_site":"@indieofilo","twitter_misc":{"Written by":"Victor","Est. reading time":"1 minute"},"schema":{"@context":"https:\/\/schema.org","@graph":[{"@type":"Article","@id":"https:\/\/www.indieofilo.com\/en\/news\/pharrel-williams-confirmed-for-pinkpop-2015#article","isPartOf":{"@id":"https:\/\/www.indieofilo.com\/en\/news\/pharrel-williams-confirmed-for-pinkpop-2015"},"author":{"name":"Victor","@id":"https:\/\/www.indieofilo.com\/#\/schema\/person\/595334d38590e4ce5a09f83cbf2fca90"},"headline":"Pharrell Williams confirmed for Pinkpop 2015","datePublished":"2015-01-26T20:45:10+00:00","dateModified":"2023-11-21T13:46:01+00:00","mainEntityOfPage":{"@id":"https:\/\/www.indieofilo.com\/en\/news\/pharrel-williams-confirmed-for-pinkpop-2015"},"wordCount":118,"publisher":{"@id":"https:\/\/www.indieofilo.com\/#organization"},"image":{"@id":"https:\/\/www.indieofilo.com\/en\/news\/pharrel-williams-confirmed-for-pinkpop-2015#primaryimage"},"thumbnailUrl":"https:\/\/www.indieofilo.com\/wp-content\/uploads\/2015\/03\/Pinkpop-2015-Pharrel-Williams.jpg","keywords":["Oscar and the Wolf","Pharrell Williams","Pinkpop","Pinkpop 2015"],"articleSection":["Live Shows","News"],"inLanguage":"en-US"},{"@type":"WebPage","@id":"https:\/\/www.indieofilo.com\/en\/news\/pharrel-williams-confirmed-for-pinkpop-2015","url":"https:\/\/www.indieofilo.com\/en\/news\/pharrel-williams-confirmed-for-pinkpop-2015","name":"Pharrell Williams confirmed for Pinkpop 2015 - Indie\u00f3filo","isPartOf":{"@id":"https:\/\/www.indieofilo.com\/#website"},"primaryImageOfPage":{"@id":"https:\/\/www.indieofilo.com\/en\/news\/pharrel-williams-confirmed-for-pinkpop-2015#primaryimage"},"image":{"@id":"https:\/\/www.indieofilo.com\/en\/news\/pharrel-williams-confirmed-for-pinkpop-2015#primaryimage"},"thumbnailUrl":"https:\/\/www.indieofilo.com\/wp-content\/uploads\/2015\/03\/Pinkpop-2015-Pharrel-Williams.jpg","datePublished":"2015-01-26T20:45:10+00:00","dateModified":"2023-11-21T13:46:01+00:00","description":"The singer of N.E.R.D or Get Lucky confirmed with Oscar & the Wolf for Pinkpop 2015, that will be held from 12-14th June in Landgraaf.","breadcrumb":{"@id":"https:\/\/www.indieofilo.com\/en\/news\/pharrel-williams-confirmed-for-pinkpop-2015#breadcrumb"},"inLanguage":"en-US","potentialAction":[{"@type":"ReadAction","target":["https:\/\/www.indieofilo.com\/en\/news\/pharrel-williams-confirmed-for-pinkpop-2015"]}]},{"@type":"ImageObject","inLanguage":"en-US","@id":"https:\/\/www.indieofilo.com\/en\/news\/pharrel-williams-confirmed-for-pinkpop-2015#primaryimage","url":"https:\/\/www.indieofilo.com\/wp-content\/uploads\/2015\/03\/Pinkpop-2015-Pharrel-Williams.jpg","contentUrl":"https:\/\/www.indieofilo.com\/wp-content\/uploads\/2015\/03\/Pinkpop-2015-Pharrel-Williams.jpg","width":600,"height":600},{"@type":"BreadcrumbList","@id":"https:\/\/www.indieofilo.com\/en\/news\/pharrel-williams-confirmed-for-pinkpop-2015#breadcrumb","itemListElement":[{"@type":"ListItem","position":1,"name":"Portada","item":"https:\/\/www.indieofilo.com\/en"},{"@type":"ListItem","position":2,"name":"Pharrell Williams confirmed for Pinkpop 2015"}]},{"@type":"WebSite","@id":"https:\/\/www.indieofilo.com\/#website","url":"https:\/\/www.indieofilo.com\/","name":"Indie\u00f3filo","description":"Magazine online de la cultura independiente","publisher":{"@id":"https:\/\/www.indieofilo.com\/#organization"},"potentialAction":[{"@type":"SearchAction","target":{"@type":"EntryPoint","urlTemplate":"https:\/\/www.indieofilo.com\/?s={search_term_string}"},"query-input":{"@type":"PropertyValueSpecification","valueRequired":true,"valueName":"search_term_string"}}],"inLanguage":"en-US"},{"@type":"Organization","@id":"https:\/\/www.indieofilo.com\/#organization","name":"Indie\u00f3filo Web","url":"https:\/\/www.indieofilo.com\/","logo":{"@type":"ImageObject","inLanguage":"en-US","@id":"https:\/\/www.indieofilo.com\/#\/schema\/logo\/image\/","url":"https:\/\/www.indieofilo.com\/wp-content\/uploads\/2015\/02\/logo-alta-resolucion.png","contentUrl":"https:\/\/www.indieofilo.com\/wp-content\/uploads\/2015\/02\/logo-alta-resolucion.png","width":544,"height":185,"caption":"Indie\u00f3filo Web"},"image":{"@id":"https:\/\/www.indieofilo.com\/#\/schema\/logo\/image\/"},"sameAs":["https:\/\/www.facebook.com\/Indieofilo\/","https:\/\/x.com\/indieofilo","https:\/\/www.instagram.com\/indieofilo\/"]},{"@type":"Person","@id":"https:\/\/www.indieofilo.com\/#\/schema\/person\/595334d38590e4ce5a09f83cbf2fca90","name":"Victor","image":{"@type":"ImageObject","inLanguage":"en-US","@id":"https:\/\/www.indieofilo.com\/#\/schema\/person\/image\/","url":"https:\/\/secure.gravatar.com\/avatar\/682b8c6ea3e94b6cffec683b25f1797d?s=96&d=mm&r=g","contentUrl":"https:\/\/secure.gravatar.com\/avatar\/682b8c6ea3e94b6cffec683b25f1797d?s=96&d=mm&r=g","caption":"Victor"},"description":"Fan\u00e1tico de la m\u00fasica desde que mis padres me pon\u00edan a Eydie Gorme y Los Panchos o el Discotuna por la A2. Intent\u00e9 tocar varios instrumentos, pero soy muy torpe con la mano izquierda, as\u00ed que ya sab\u00e9is el resultado final. Fan del britpop, Post-punk, el rugby y el baloncesto...","sameAs":["http:\/\/indieofilo.com"],"url":"https:\/\/www.indieofilo.com\/en\/author\/victor"}]}},"_links":{"self":[{"href":"https:\/\/www.indieofilo.com\/en\/wp-json\/wp\/v2\/posts\/1248","targetHints":{"allow":["GET"]}}],"collection":[{"href":"https:\/\/www.indieofilo.com\/en\/wp-json\/wp\/v2\/posts"}],"about":[{"href":"https:\/\/www.indieofilo.com\/en\/wp-json\/wp\/v2\/types\/post"}],"author":[{"embeddable":true,"href":"https:\/\/www.indieofilo.com\/en\/wp-json\/wp\/v2\/users\/1"}],"replies":[{"embeddable":true,"href":"https:\/\/www.indieofilo.com\/en\/wp-json\/wp\/v2\/comments?post=1248"}],"version-history":[{"count":0,"href":"https:\/\/www.indieofilo.com\/en\/wp-json\/wp\/v2\/posts\/1248\/revisions"}],"wp:featuredmedia":[{"embeddable":true,"href":"https:\/\/www.indieofilo.com\/en\/wp-json\/wp\/v2\/media\/18149"}],"wp:attachment":[{"href":"https:\/\/www.indieofilo.com\/en\/wp-json\/wp\/v2\/media?parent=1248"}],"wp:term":[{"taxonomy":"category","embeddable":true,"href":"https:\/\/www.indieofilo.com\/en\/wp-json\/wp\/v2\/categories?post=1248"},{"taxonomy":"post_tag","embeddable":true,"href":"https:\/\/www.indieofilo.com\/en\/wp-json\/wp\/v2\/tags?post=1248"}],"curies":[{"name":"wp","href":"https:\/\/api.w.org\/{rel}","templated":true}]}}