{"id":1243,"date":"2015-01-06T19:01:00","date_gmt":"2015-01-06T18:01:00","guid":{"rendered":"http:\/\/testing.indieofilo.com\/?p=1243"},"modified":"2023-11-21T14:46:16","modified_gmt":"2023-11-21T13:46:16","slug":"three-more-names-for-pinkpop-2015","status":"publish","type":"post","link":"https:\/\/www.indieofilo.com\/en\/news\/live-shows\/three-more-names-for-pinkpop-2015","title":{"rendered":"Three more names for Pinkpop 2015"},"content":{"rendered":"<p style=\"text-align: center;\"><img fetchpriority=\"high\" decoding=\"async\" src=\"\/wp-content\/uploads\/2015\/01\/pinkpop-2015-Slash.jpg\" alt=\"Pinkpop 2015 - Slash\" width=\"600\" height=\"600\" \/><\/p>\n<p style=\"text-align: justify;\">After more than a month without any news from <strong>Pinkpop 2015<\/strong>, the organisation has confirmed during last week 3 more names that join Muse, Foo Fighters and Robbie Williams on the line up of the dutch festival. The main name of this batch is <strong>Slash<\/strong>, Guns N&#8217; Roses&#8217; guitarist, that will be on stage featuring Myles Kennedy and the Conspirators, while the other names are Chicago&#8217;s punk band <strong>Rise Against<\/strong> and &#8220;Amsterdamse&#8221; songwriter <strong>Dotan<\/strong>.<\/p>\n<p style=\"text-align: justify;\">The presale is schedule for February 28th, but ticket price is not announced yet. If you are interested on the festival, review <a href=\"http:\/\/www.pinkpop.nl\/2015\/english\/festival-information\/tickets\/\" target=\"_blank\" rel=\"noopener\">their official Website<\/a> for more news.<\/p>\n","protected":false},"excerpt":{"rendered":"<p>After more than a month without any news from Pinkpop 2015, the organisation has confirmed during last week 3 more names that join Muse, Foo Fighters and Robbie Williams on the line up of the dutch festival. The main name of this batch is Slash, Guns N&#8217; Roses&#8217; guitarist, that will be on stage featuring [&hellip;]<\/p>\n","protected":false},"author":1,"featured_media":18148,"comment_status":"closed","ping_status":"closed","sticky":false,"template":"","format":"standard","meta":{"footnotes":""},"categories":[41,8],"tags":[6560,5282,6437,6561,6562],"class_list":["post-1243","post","type-post","status-publish","format-standard","has-post-thumbnail","hentry","category-live-shows","category-news","tag-dotan-en","tag-pinkpop-en","tag-pinkpop-2015-en","tag-rise-against-en","tag-slash-en"],"yoast_head":"<!-- This site is optimized with the Yoast SEO Premium plugin v23.9 (Yoast SEO v26.6) - https:\/\/yoast.com\/wordpress\/plugins\/seo\/ -->\n<title>Three more names for Pinkpop 2015 - Indie\u00f3filo<\/title>\n<meta name=\"description\" content=\"Slash featuring Myles Kennedy and the Conspirators, Chicago&#039;s punk band Rise Against and &quot;Amsterdamse&quot; songwriter Dotan are the names added to Pinkpop 2015.\" \/>\n<meta name=\"robots\" content=\"index, follow, max-snippet:-1, max-image-preview:large, max-video-preview:-1\" \/>\n<link rel=\"canonical\" href=\"https:\/\/www.indieofilo.com\/en\/news\/three-more-names-for-pinkpop-2015\" \/>\n<meta property=\"og:locale\" content=\"en_US\" \/>\n<meta property=\"og:type\" content=\"article\" \/>\n<meta property=\"og:title\" content=\"Three more names for Pinkpop 2015\" \/>\n<meta property=\"og:description\" content=\"Slash featuring Myles Kennedy and the Conspirators, Chicago&#039;s punk band Rise Against and &quot;Amsterdamse&quot; songwriter Dotan are the names added to Pinkpop 2015.\" \/>\n<meta property=\"og:url\" content=\"https:\/\/www.indieofilo.com\/en\/news\/three-more-names-for-pinkpop-2015\" \/>\n<meta property=\"og:site_name\" content=\"Indie\u00f3filo\" \/>\n<meta property=\"article:publisher\" content=\"https:\/\/www.facebook.com\/Indieofilo\/\" \/>\n<meta property=\"article:published_time\" content=\"2015-01-06T18:01:00+00:00\" \/>\n<meta property=\"article:modified_time\" content=\"2023-11-21T13:46:16+00:00\" \/>\n<meta property=\"og:image\" content=\"https:\/\/www.indieofilo.com\/wp-content\/uploads\/2015\/01\/pinkpop-2015-Slash.jpg\" \/>\n\t<meta property=\"og:image:width\" content=\"600\" \/>\n\t<meta property=\"og:image:height\" content=\"600\" \/>\n\t<meta property=\"og:image:type\" content=\"image\/jpeg\" \/>\n<meta name=\"author\" content=\"Victor\" \/>\n<meta name=\"twitter:card\" content=\"summary_large_image\" \/>\n<meta name=\"twitter:creator\" content=\"@indieofilo\" \/>\n<meta name=\"twitter:site\" content=\"@indieofilo\" \/>\n<meta name=\"twitter:label1\" content=\"Written by\" \/>\n\t<meta name=\"twitter:data1\" content=\"Victor\" \/>\n\t<meta name=\"twitter:label2\" content=\"Est. reading time\" \/>\n\t<meta name=\"twitter:data2\" content=\"1 minute\" \/>\n<script type=\"application\/ld+json\" class=\"yoast-schema-graph\">{\"@context\":\"https:\/\/schema.org\",\"@graph\":[{\"@type\":\"Article\",\"@id\":\"https:\/\/www.indieofilo.com\/en\/news\/three-more-names-for-pinkpop-2015#article\",\"isPartOf\":{\"@id\":\"https:\/\/www.indieofilo.com\/en\/news\/three-more-names-for-pinkpop-2015\"},\"author\":{\"name\":\"Victor\",\"@id\":\"https:\/\/www.indieofilo.com\/#\/schema\/person\/595334d38590e4ce5a09f83cbf2fca90\"},\"headline\":\"Three more names for Pinkpop 2015\",\"datePublished\":\"2015-01-06T18:01:00+00:00\",\"dateModified\":\"2023-11-21T13:46:16+00:00\",\"mainEntityOfPage\":{\"@id\":\"https:\/\/www.indieofilo.com\/en\/news\/three-more-names-for-pinkpop-2015\"},\"wordCount\":105,\"publisher\":{\"@id\":\"https:\/\/www.indieofilo.com\/#organization\"},\"image\":{\"@id\":\"https:\/\/www.indieofilo.com\/en\/news\/three-more-names-for-pinkpop-2015#primaryimage\"},\"thumbnailUrl\":\"https:\/\/www.indieofilo.com\/wp-content\/uploads\/2015\/01\/pinkpop-2015-Slash.jpg\",\"keywords\":[\"Dotan\",\"Pinkpop\",\"Pinkpop 2015\",\"Rise Against\",\"Slash\"],\"articleSection\":[\"Live Shows\",\"News\"],\"inLanguage\":\"en-US\"},{\"@type\":\"WebPage\",\"@id\":\"https:\/\/www.indieofilo.com\/en\/news\/three-more-names-for-pinkpop-2015\",\"url\":\"https:\/\/www.indieofilo.com\/en\/news\/three-more-names-for-pinkpop-2015\",\"name\":\"Three more names for Pinkpop 2015 - Indie\u00f3filo\",\"isPartOf\":{\"@id\":\"https:\/\/www.indieofilo.com\/#website\"},\"primaryImageOfPage\":{\"@id\":\"https:\/\/www.indieofilo.com\/en\/news\/three-more-names-for-pinkpop-2015#primaryimage\"},\"image\":{\"@id\":\"https:\/\/www.indieofilo.com\/en\/news\/three-more-names-for-pinkpop-2015#primaryimage\"},\"thumbnailUrl\":\"https:\/\/www.indieofilo.com\/wp-content\/uploads\/2015\/01\/pinkpop-2015-Slash.jpg\",\"datePublished\":\"2015-01-06T18:01:00+00:00\",\"dateModified\":\"2023-11-21T13:46:16+00:00\",\"description\":\"Slash featuring Myles Kennedy and the Conspirators, Chicago's punk band Rise Against and \\\"Amsterdamse\\\" songwriter Dotan are the names added to Pinkpop 2015.\",\"breadcrumb\":{\"@id\":\"https:\/\/www.indieofilo.com\/en\/news\/three-more-names-for-pinkpop-2015#breadcrumb\"},\"inLanguage\":\"en-US\",\"potentialAction\":[{\"@type\":\"ReadAction\",\"target\":[\"https:\/\/www.indieofilo.com\/en\/news\/three-more-names-for-pinkpop-2015\"]}]},{\"@type\":\"ImageObject\",\"inLanguage\":\"en-US\",\"@id\":\"https:\/\/www.indieofilo.com\/en\/news\/three-more-names-for-pinkpop-2015#primaryimage\",\"url\":\"https:\/\/www.indieofilo.com\/wp-content\/uploads\/2015\/01\/pinkpop-2015-Slash.jpg\",\"contentUrl\":\"https:\/\/www.indieofilo.com\/wp-content\/uploads\/2015\/01\/pinkpop-2015-Slash.jpg\",\"width\":600,\"height\":600},{\"@type\":\"BreadcrumbList\",\"@id\":\"https:\/\/www.indieofilo.com\/en\/news\/three-more-names-for-pinkpop-2015#breadcrumb\",\"itemListElement\":[{\"@type\":\"ListItem\",\"position\":1,\"name\":\"Portada\",\"item\":\"https:\/\/www.indieofilo.com\/en\"},{\"@type\":\"ListItem\",\"position\":2,\"name\":\"Three more names for Pinkpop 2015\"}]},{\"@type\":\"WebSite\",\"@id\":\"https:\/\/www.indieofilo.com\/#website\",\"url\":\"https:\/\/www.indieofilo.com\/\",\"name\":\"Indie\u00f3filo\",\"description\":\"Magazine online de la cultura independiente\",\"publisher\":{\"@id\":\"https:\/\/www.indieofilo.com\/#organization\"},\"potentialAction\":[{\"@type\":\"SearchAction\",\"target\":{\"@type\":\"EntryPoint\",\"urlTemplate\":\"https:\/\/www.indieofilo.com\/?s={search_term_string}\"},\"query-input\":{\"@type\":\"PropertyValueSpecification\",\"valueRequired\":true,\"valueName\":\"search_term_string\"}}],\"inLanguage\":\"en-US\"},{\"@type\":\"Organization\",\"@id\":\"https:\/\/www.indieofilo.com\/#organization\",\"name\":\"Indie\u00f3filo Web\",\"url\":\"https:\/\/www.indieofilo.com\/\",\"logo\":{\"@type\":\"ImageObject\",\"inLanguage\":\"en-US\",\"@id\":\"https:\/\/www.indieofilo.com\/#\/schema\/logo\/image\/\",\"url\":\"https:\/\/www.indieofilo.com\/wp-content\/uploads\/2015\/02\/logo-alta-resolucion.png\",\"contentUrl\":\"https:\/\/www.indieofilo.com\/wp-content\/uploads\/2015\/02\/logo-alta-resolucion.png\",\"width\":544,\"height\":185,\"caption\":\"Indie\u00f3filo Web\"},\"image\":{\"@id\":\"https:\/\/www.indieofilo.com\/#\/schema\/logo\/image\/\"},\"sameAs\":[\"https:\/\/www.facebook.com\/Indieofilo\/\",\"https:\/\/x.com\/indieofilo\",\"https:\/\/www.instagram.com\/indieofilo\/\"]},{\"@type\":\"Person\",\"@id\":\"https:\/\/www.indieofilo.com\/#\/schema\/person\/595334d38590e4ce5a09f83cbf2fca90\",\"name\":\"Victor\",\"image\":{\"@type\":\"ImageObject\",\"inLanguage\":\"en-US\",\"@id\":\"https:\/\/www.indieofilo.com\/#\/schema\/person\/image\/\",\"url\":\"https:\/\/secure.gravatar.com\/avatar\/682b8c6ea3e94b6cffec683b25f1797d?s=96&d=mm&r=g\",\"contentUrl\":\"https:\/\/secure.gravatar.com\/avatar\/682b8c6ea3e94b6cffec683b25f1797d?s=96&d=mm&r=g\",\"caption\":\"Victor\"},\"description\":\"Fan\u00e1tico de la m\u00fasica desde que mis padres me pon\u00edan a Eydie Gorme y Los Panchos o el Discotuna por la A2. Intent\u00e9 tocar varios instrumentos, pero soy muy torpe con la mano izquierda, as\u00ed que ya sab\u00e9is el resultado final. Fan del britpop, Post-punk, el rugby y el baloncesto...\",\"sameAs\":[\"http:\/\/indieofilo.com\"],\"url\":\"https:\/\/www.indieofilo.com\/en\/author\/victor\"}]}<\/script>\n<!-- \/ Yoast SEO Premium plugin. -->","yoast_head_json":{"title":"Three more names for Pinkpop 2015 - Indie\u00f3filo","description":"Slash featuring Myles Kennedy and the Conspirators, Chicago's punk band Rise Against and \"Amsterdamse\" songwriter Dotan are the names added to Pinkpop 2015.","robots":{"index":"index","follow":"follow","max-snippet":"max-snippet:-1","max-image-preview":"max-image-preview:large","max-video-preview":"max-video-preview:-1"},"canonical":"https:\/\/www.indieofilo.com\/en\/news\/three-more-names-for-pinkpop-2015","og_locale":"en_US","og_type":"article","og_title":"Three more names for Pinkpop 2015","og_description":"Slash featuring Myles Kennedy and the Conspirators, Chicago's punk band Rise Against and \"Amsterdamse\" songwriter Dotan are the names added to Pinkpop 2015.","og_url":"https:\/\/www.indieofilo.com\/en\/news\/three-more-names-for-pinkpop-2015","og_site_name":"Indie\u00f3filo","article_publisher":"https:\/\/www.facebook.com\/Indieofilo\/","article_published_time":"2015-01-06T18:01:00+00:00","article_modified_time":"2023-11-21T13:46:16+00:00","og_image":[{"width":600,"height":600,"url":"https:\/\/www.indieofilo.com\/wp-content\/uploads\/2015\/01\/pinkpop-2015-Slash.jpg","type":"image\/jpeg"}],"author":"Victor","twitter_card":"summary_large_image","twitter_creator":"@indieofilo","twitter_site":"@indieofilo","twitter_misc":{"Written by":"Victor","Est. reading time":"1 minute"},"schema":{"@context":"https:\/\/schema.org","@graph":[{"@type":"Article","@id":"https:\/\/www.indieofilo.com\/en\/news\/three-more-names-for-pinkpop-2015#article","isPartOf":{"@id":"https:\/\/www.indieofilo.com\/en\/news\/three-more-names-for-pinkpop-2015"},"author":{"name":"Victor","@id":"https:\/\/www.indieofilo.com\/#\/schema\/person\/595334d38590e4ce5a09f83cbf2fca90"},"headline":"Three more names for Pinkpop 2015","datePublished":"2015-01-06T18:01:00+00:00","dateModified":"2023-11-21T13:46:16+00:00","mainEntityOfPage":{"@id":"https:\/\/www.indieofilo.com\/en\/news\/three-more-names-for-pinkpop-2015"},"wordCount":105,"publisher":{"@id":"https:\/\/www.indieofilo.com\/#organization"},"image":{"@id":"https:\/\/www.indieofilo.com\/en\/news\/three-more-names-for-pinkpop-2015#primaryimage"},"thumbnailUrl":"https:\/\/www.indieofilo.com\/wp-content\/uploads\/2015\/01\/pinkpop-2015-Slash.jpg","keywords":["Dotan","Pinkpop","Pinkpop 2015","Rise Against","Slash"],"articleSection":["Live Shows","News"],"inLanguage":"en-US"},{"@type":"WebPage","@id":"https:\/\/www.indieofilo.com\/en\/news\/three-more-names-for-pinkpop-2015","url":"https:\/\/www.indieofilo.com\/en\/news\/three-more-names-for-pinkpop-2015","name":"Three more names for Pinkpop 2015 - Indie\u00f3filo","isPartOf":{"@id":"https:\/\/www.indieofilo.com\/#website"},"primaryImageOfPage":{"@id":"https:\/\/www.indieofilo.com\/en\/news\/three-more-names-for-pinkpop-2015#primaryimage"},"image":{"@id":"https:\/\/www.indieofilo.com\/en\/news\/three-more-names-for-pinkpop-2015#primaryimage"},"thumbnailUrl":"https:\/\/www.indieofilo.com\/wp-content\/uploads\/2015\/01\/pinkpop-2015-Slash.jpg","datePublished":"2015-01-06T18:01:00+00:00","dateModified":"2023-11-21T13:46:16+00:00","description":"Slash featuring Myles Kennedy and the Conspirators, Chicago's punk band Rise Against and \"Amsterdamse\" songwriter Dotan are the names added to Pinkpop 2015.","breadcrumb":{"@id":"https:\/\/www.indieofilo.com\/en\/news\/three-more-names-for-pinkpop-2015#breadcrumb"},"inLanguage":"en-US","potentialAction":[{"@type":"ReadAction","target":["https:\/\/www.indieofilo.com\/en\/news\/three-more-names-for-pinkpop-2015"]}]},{"@type":"ImageObject","inLanguage":"en-US","@id":"https:\/\/www.indieofilo.com\/en\/news\/three-more-names-for-pinkpop-2015#primaryimage","url":"https:\/\/www.indieofilo.com\/wp-content\/uploads\/2015\/01\/pinkpop-2015-Slash.jpg","contentUrl":"https:\/\/www.indieofilo.com\/wp-content\/uploads\/2015\/01\/pinkpop-2015-Slash.jpg","width":600,"height":600},{"@type":"BreadcrumbList","@id":"https:\/\/www.indieofilo.com\/en\/news\/three-more-names-for-pinkpop-2015#breadcrumb","itemListElement":[{"@type":"ListItem","position":1,"name":"Portada","item":"https:\/\/www.indieofilo.com\/en"},{"@type":"ListItem","position":2,"name":"Three more names for Pinkpop 2015"}]},{"@type":"WebSite","@id":"https:\/\/www.indieofilo.com\/#website","url":"https:\/\/www.indieofilo.com\/","name":"Indie\u00f3filo","description":"Magazine online de la cultura independiente","publisher":{"@id":"https:\/\/www.indieofilo.com\/#organization"},"potentialAction":[{"@type":"SearchAction","target":{"@type":"EntryPoint","urlTemplate":"https:\/\/www.indieofilo.com\/?s={search_term_string}"},"query-input":{"@type":"PropertyValueSpecification","valueRequired":true,"valueName":"search_term_string"}}],"inLanguage":"en-US"},{"@type":"Organization","@id":"https:\/\/www.indieofilo.com\/#organization","name":"Indie\u00f3filo Web","url":"https:\/\/www.indieofilo.com\/","logo":{"@type":"ImageObject","inLanguage":"en-US","@id":"https:\/\/www.indieofilo.com\/#\/schema\/logo\/image\/","url":"https:\/\/www.indieofilo.com\/wp-content\/uploads\/2015\/02\/logo-alta-resolucion.png","contentUrl":"https:\/\/www.indieofilo.com\/wp-content\/uploads\/2015\/02\/logo-alta-resolucion.png","width":544,"height":185,"caption":"Indie\u00f3filo Web"},"image":{"@id":"https:\/\/www.indieofilo.com\/#\/schema\/logo\/image\/"},"sameAs":["https:\/\/www.facebook.com\/Indieofilo\/","https:\/\/x.com\/indieofilo","https:\/\/www.instagram.com\/indieofilo\/"]},{"@type":"Person","@id":"https:\/\/www.indieofilo.com\/#\/schema\/person\/595334d38590e4ce5a09f83cbf2fca90","name":"Victor","image":{"@type":"ImageObject","inLanguage":"en-US","@id":"https:\/\/www.indieofilo.com\/#\/schema\/person\/image\/","url":"https:\/\/secure.gravatar.com\/avatar\/682b8c6ea3e94b6cffec683b25f1797d?s=96&d=mm&r=g","contentUrl":"https:\/\/secure.gravatar.com\/avatar\/682b8c6ea3e94b6cffec683b25f1797d?s=96&d=mm&r=g","caption":"Victor"},"description":"Fan\u00e1tico de la m\u00fasica desde que mis padres me pon\u00edan a Eydie Gorme y Los Panchos o el Discotuna por la A2. Intent\u00e9 tocar varios instrumentos, pero soy muy torpe con la mano izquierda, as\u00ed que ya sab\u00e9is el resultado final. Fan del britpop, Post-punk, el rugby y el baloncesto...","sameAs":["http:\/\/indieofilo.com"],"url":"https:\/\/www.indieofilo.com\/en\/author\/victor"}]}},"_links":{"self":[{"href":"https:\/\/www.indieofilo.com\/en\/wp-json\/wp\/v2\/posts\/1243","targetHints":{"allow":["GET"]}}],"collection":[{"href":"https:\/\/www.indieofilo.com\/en\/wp-json\/wp\/v2\/posts"}],"about":[{"href":"https:\/\/www.indieofilo.com\/en\/wp-json\/wp\/v2\/types\/post"}],"author":[{"embeddable":true,"href":"https:\/\/www.indieofilo.com\/en\/wp-json\/wp\/v2\/users\/1"}],"replies":[{"embeddable":true,"href":"https:\/\/www.indieofilo.com\/en\/wp-json\/wp\/v2\/comments?post=1243"}],"version-history":[{"count":0,"href":"https:\/\/www.indieofilo.com\/en\/wp-json\/wp\/v2\/posts\/1243\/revisions"}],"wp:featuredmedia":[{"embeddable":true,"href":"https:\/\/www.indieofilo.com\/en\/wp-json\/wp\/v2\/media\/18148"}],"wp:attachment":[{"href":"https:\/\/www.indieofilo.com\/en\/wp-json\/wp\/v2\/media?parent=1243"}],"wp:term":[{"taxonomy":"category","embeddable":true,"href":"https:\/\/www.indieofilo.com\/en\/wp-json\/wp\/v2\/categories?post=1243"},{"taxonomy":"post_tag","embeddable":true,"href":"https:\/\/www.indieofilo.com\/en\/wp-json\/wp\/v2\/tags?post=1243"}],"curies":[{"name":"wp","href":"https:\/\/api.w.org\/{rel}","templated":true}]}}