{"id":12412,"date":"2018-04-24T18:21:36","date_gmt":"2018-04-24T16:21:36","guid":{"rendered":"http:\/\/indieofilo.com\/?p=12412"},"modified":"2023-08-30T22:59:46","modified_gmt":"2023-08-30T20:59:46","slug":"kurt-vile-the-violators-spain-tour-2018","status":"publish","type":"post","link":"https:\/\/www.indieofilo.com\/en\/news\/kurt-vile-the-violators-spain-tour-2018","title":{"rendered":"Kurt Vile &#038; The Violators Spain Tour 2018"},"content":{"rendered":"<p style=\"text-align: justify;\">\n\t<img fetchpriority=\"high\" decoding=\"async\" alt=\"Kurt Vile - Barcelona 2018\" class=\"aligncenter size-full wp-image-12409\" height=\"314\" src=\"http:\/\/indieofilo.com\/wp-content\/uploads\/2018\/04\/Kurt_Vile_Barcelona_2018.jpg\" width=\"600\" srcset=\"https:\/\/www.indieofilo.com\/wp-content\/uploads\/2018\/04\/Kurt_Vile_Barcelona_2018.jpg 600w, https:\/\/www.indieofilo.com\/wp-content\/uploads\/2018\/04\/Kurt_Vile_Barcelona_2018-300x157.jpg 300w\" sizes=\"(max-width: 600px) 100vw, 600px\" \/><\/p>\n<p style=\"text-align: justify;\">\n\tAfter visiting Spain last year at Mad Cool Festival 2017, <strong>Kurt Vile<\/strong> will return to Spain with his usual band <strong>The Violators<\/strong> to present what will be their eagerly awaited new album, according to the rumours that have recently appeared in some US magazines. The promoter Primavera Sound has announced that <strong>Kurt Vile &amp; The Violators will give two concerts, one on Monday 22nd October at Sala Apolo in Barcelona, and one day later, on Tuesday 23rd October at Teatro Barcel&oacute; in Madrid<\/strong>.<\/p>\n<p style=\"text-align: justify;\">\n\tTickets for both concerts by Kurt Vile &amp; The Violators will go on sale next Friday 26th April at 11:00 at&nbsp;<a href=\"https:\/\/www.redtkt.com\/concerts\/kurt-vile-the-violators\" target=\"_blank\" rel=\"noopener\">Portal Primavera Sound<\/a>&nbsp;and&nbsp;<a href=\"https:\/\/www.ticketmaster.es\/artist\/kurt-vile-the-violators-entradas\/921806\" target=\"_blank\" rel=\"noopener\">Ticketmaster<\/a> with a price of &euro;24 + fees.<\/p>\n","protected":false},"excerpt":{"rendered":"<p>After visiting Spain last year at Mad Cool Festival 2017, Kurt Vile will return to Spain with his usual band The Violators to present what will be their eagerly awaited new album, according to the rumours that have recently appeared in some US magazines. The promoter Primavera Sound has announced that Kurt Vile &amp; The [&hellip;]<\/p>\n","protected":false},"author":1,"featured_media":25069,"comment_status":"open","ping_status":"closed","sticky":false,"template":"","format":"standard","meta":{"footnotes":""},"categories":[41,8],"tags":[4961,5142,5036],"class_list":["post-12412","post","type-post","status-publish","format-standard","has-post-thumbnail","hentry","category-live-shows","category-news","tag-barcelona-en","tag-kurt-vile-en","tag-kurt-vile-the-violators-en"],"yoast_head":"<!-- This site is optimized with the Yoast SEO Premium plugin v23.9 (Yoast SEO v26.6) - https:\/\/yoast.com\/wordpress\/plugins\/seo\/ -->\n<title>Kurt Vile &amp; The Violators Spain Tour 2018 - Indie\u00f3filo<\/title>\n<meta name=\"description\" content=\"Kurt Vile &amp; The Violators will give 2 concerts: Monday 22nd October at Sala Apolo in Barcelona and Tuesday 23rd October at Teatro Barcel\u00f3 in Madrid.\" \/>\n<meta name=\"robots\" content=\"index, follow, max-snippet:-1, max-image-preview:large, max-video-preview:-1\" \/>\n<link rel=\"canonical\" href=\"https:\/\/www.indieofilo.com\/en\/news\/kurt-vile-the-violators-spain-tour-2018\" \/>\n<meta property=\"og:locale\" content=\"en_US\" \/>\n<meta property=\"og:type\" content=\"article\" \/>\n<meta property=\"og:title\" content=\"Kurt Vile &amp; The Violators Spain Tour 2018\" \/>\n<meta property=\"og:description\" content=\"Kurt Vile &amp; The Violators will give 2 concerts: Monday 22nd October at Sala Apolo in Barcelona and Tuesday 23rd October at Teatro Barcel\u00f3 in Madrid.\" \/>\n<meta property=\"og:url\" content=\"https:\/\/www.indieofilo.com\/en\/news\/kurt-vile-the-violators-spain-tour-2018\" \/>\n<meta property=\"og:site_name\" content=\"Indie\u00f3filo\" \/>\n<meta property=\"article:publisher\" content=\"https:\/\/www.facebook.com\/Indieofilo\/\" \/>\n<meta property=\"article:published_time\" content=\"2018-04-24T16:21:36+00:00\" \/>\n<meta property=\"article:modified_time\" content=\"2023-08-30T20:59:46+00:00\" \/>\n<meta property=\"og:image\" content=\"https:\/\/www.indieofilo.com\/wp-content\/uploads\/2018\/04\/Kurt_Vile_Barcelona_2018.jpg\" \/>\n\t<meta property=\"og:image:width\" content=\"600\" \/>\n\t<meta property=\"og:image:height\" content=\"314\" \/>\n\t<meta property=\"og:image:type\" content=\"image\/jpeg\" \/>\n<meta name=\"author\" content=\"Victor\" \/>\n<meta name=\"twitter:card\" content=\"summary_large_image\" \/>\n<meta name=\"twitter:creator\" content=\"@indieofilo\" \/>\n<meta name=\"twitter:site\" content=\"@indieofilo\" \/>\n<meta name=\"twitter:label1\" content=\"Written by\" \/>\n\t<meta name=\"twitter:data1\" content=\"Victor\" \/>\n\t<meta name=\"twitter:label2\" content=\"Est. reading time\" \/>\n\t<meta name=\"twitter:data2\" content=\"1 minute\" \/>\n<script type=\"application\/ld+json\" class=\"yoast-schema-graph\">{\"@context\":\"https:\/\/schema.org\",\"@graph\":[{\"@type\":\"Article\",\"@id\":\"https:\/\/www.indieofilo.com\/en\/news\/kurt-vile-the-violators-spain-tour-2018#article\",\"isPartOf\":{\"@id\":\"https:\/\/www.indieofilo.com\/en\/news\/kurt-vile-the-violators-spain-tour-2018\"},\"author\":{\"name\":\"Victor\",\"@id\":\"https:\/\/www.indieofilo.com\/#\/schema\/person\/595334d38590e4ce5a09f83cbf2fca90\"},\"headline\":\"Kurt Vile &#038; The Violators Spain Tour 2018\",\"datePublished\":\"2018-04-24T16:21:36+00:00\",\"dateModified\":\"2023-08-30T20:59:46+00:00\",\"mainEntityOfPage\":{\"@id\":\"https:\/\/www.indieofilo.com\/en\/news\/kurt-vile-the-violators-spain-tour-2018\"},\"wordCount\":123,\"commentCount\":0,\"publisher\":{\"@id\":\"https:\/\/www.indieofilo.com\/#organization\"},\"image\":{\"@id\":\"https:\/\/www.indieofilo.com\/en\/news\/kurt-vile-the-violators-spain-tour-2018#primaryimage\"},\"thumbnailUrl\":\"https:\/\/www.indieofilo.com\/wp-content\/uploads\/2018\/04\/Kurt_Vile_Barcelona_2018.jpg\",\"keywords\":[\"Barcelona\",\"Kurt Vile\",\"Kurt Vile &amp; The Violators\"],\"articleSection\":[\"Live Shows\",\"News\"],\"inLanguage\":\"en-US\",\"potentialAction\":[{\"@type\":\"CommentAction\",\"name\":\"Comment\",\"target\":[\"https:\/\/www.indieofilo.com\/en\/news\/kurt-vile-the-violators-spain-tour-2018#respond\"]}]},{\"@type\":\"WebPage\",\"@id\":\"https:\/\/www.indieofilo.com\/en\/news\/kurt-vile-the-violators-spain-tour-2018\",\"url\":\"https:\/\/www.indieofilo.com\/en\/news\/kurt-vile-the-violators-spain-tour-2018\",\"name\":\"Kurt Vile & The Violators Spain Tour 2018 - Indie\u00f3filo\",\"isPartOf\":{\"@id\":\"https:\/\/www.indieofilo.com\/#website\"},\"primaryImageOfPage\":{\"@id\":\"https:\/\/www.indieofilo.com\/en\/news\/kurt-vile-the-violators-spain-tour-2018#primaryimage\"},\"image\":{\"@id\":\"https:\/\/www.indieofilo.com\/en\/news\/kurt-vile-the-violators-spain-tour-2018#primaryimage\"},\"thumbnailUrl\":\"https:\/\/www.indieofilo.com\/wp-content\/uploads\/2018\/04\/Kurt_Vile_Barcelona_2018.jpg\",\"datePublished\":\"2018-04-24T16:21:36+00:00\",\"dateModified\":\"2023-08-30T20:59:46+00:00\",\"description\":\"Kurt Vile & The Violators will give 2 concerts: Monday 22nd October at Sala Apolo in Barcelona and Tuesday 23rd October at Teatro Barcel\u00f3 in Madrid.\",\"breadcrumb\":{\"@id\":\"https:\/\/www.indieofilo.com\/en\/news\/kurt-vile-the-violators-spain-tour-2018#breadcrumb\"},\"inLanguage\":\"en-US\",\"potentialAction\":[{\"@type\":\"ReadAction\",\"target\":[\"https:\/\/www.indieofilo.com\/en\/news\/kurt-vile-the-violators-spain-tour-2018\"]}]},{\"@type\":\"ImageObject\",\"inLanguage\":\"en-US\",\"@id\":\"https:\/\/www.indieofilo.com\/en\/news\/kurt-vile-the-violators-spain-tour-2018#primaryimage\",\"url\":\"https:\/\/www.indieofilo.com\/wp-content\/uploads\/2018\/04\/Kurt_Vile_Barcelona_2018.jpg\",\"contentUrl\":\"https:\/\/www.indieofilo.com\/wp-content\/uploads\/2018\/04\/Kurt_Vile_Barcelona_2018.jpg\",\"width\":600,\"height\":314},{\"@type\":\"BreadcrumbList\",\"@id\":\"https:\/\/www.indieofilo.com\/en\/news\/kurt-vile-the-violators-spain-tour-2018#breadcrumb\",\"itemListElement\":[{\"@type\":\"ListItem\",\"position\":1,\"name\":\"Portada\",\"item\":\"https:\/\/www.indieofilo.com\/en\"},{\"@type\":\"ListItem\",\"position\":2,\"name\":\"Kurt Vile &#038; The Violators Spain Tour 2018\"}]},{\"@type\":\"WebSite\",\"@id\":\"https:\/\/www.indieofilo.com\/#website\",\"url\":\"https:\/\/www.indieofilo.com\/\",\"name\":\"Indie\u00f3filo\",\"description\":\"Magazine online de la cultura independiente\",\"publisher\":{\"@id\":\"https:\/\/www.indieofilo.com\/#organization\"},\"potentialAction\":[{\"@type\":\"SearchAction\",\"target\":{\"@type\":\"EntryPoint\",\"urlTemplate\":\"https:\/\/www.indieofilo.com\/?s={search_term_string}\"},\"query-input\":{\"@type\":\"PropertyValueSpecification\",\"valueRequired\":true,\"valueName\":\"search_term_string\"}}],\"inLanguage\":\"en-US\"},{\"@type\":\"Organization\",\"@id\":\"https:\/\/www.indieofilo.com\/#organization\",\"name\":\"Indie\u00f3filo Web\",\"url\":\"https:\/\/www.indieofilo.com\/\",\"logo\":{\"@type\":\"ImageObject\",\"inLanguage\":\"en-US\",\"@id\":\"https:\/\/www.indieofilo.com\/#\/schema\/logo\/image\/\",\"url\":\"https:\/\/www.indieofilo.com\/wp-content\/uploads\/2015\/02\/logo-alta-resolucion.png\",\"contentUrl\":\"https:\/\/www.indieofilo.com\/wp-content\/uploads\/2015\/02\/logo-alta-resolucion.png\",\"width\":544,\"height\":185,\"caption\":\"Indie\u00f3filo Web\"},\"image\":{\"@id\":\"https:\/\/www.indieofilo.com\/#\/schema\/logo\/image\/\"},\"sameAs\":[\"https:\/\/www.facebook.com\/Indieofilo\/\",\"https:\/\/x.com\/indieofilo\",\"https:\/\/www.instagram.com\/indieofilo\/\"]},{\"@type\":\"Person\",\"@id\":\"https:\/\/www.indieofilo.com\/#\/schema\/person\/595334d38590e4ce5a09f83cbf2fca90\",\"name\":\"Victor\",\"image\":{\"@type\":\"ImageObject\",\"inLanguage\":\"en-US\",\"@id\":\"https:\/\/www.indieofilo.com\/#\/schema\/person\/image\/\",\"url\":\"https:\/\/secure.gravatar.com\/avatar\/682b8c6ea3e94b6cffec683b25f1797d?s=96&d=mm&r=g\",\"contentUrl\":\"https:\/\/secure.gravatar.com\/avatar\/682b8c6ea3e94b6cffec683b25f1797d?s=96&d=mm&r=g\",\"caption\":\"Victor\"},\"description\":\"Fan\u00e1tico de la m\u00fasica desde que mis padres me pon\u00edan a Eydie Gorme y Los Panchos o el Discotuna por la A2. Intent\u00e9 tocar varios instrumentos, pero soy muy torpe con la mano izquierda, as\u00ed que ya sab\u00e9is el resultado final. Fan del britpop, Post-punk, el rugby y el baloncesto...\",\"sameAs\":[\"http:\/\/indieofilo.com\"],\"url\":\"https:\/\/www.indieofilo.com\/en\/author\/victor\"}]}<\/script>\n<!-- \/ Yoast SEO Premium plugin. -->","yoast_head_json":{"title":"Kurt Vile & The Violators Spain Tour 2018 - Indie\u00f3filo","description":"Kurt Vile & The Violators will give 2 concerts: Monday 22nd October at Sala Apolo in Barcelona and Tuesday 23rd October at Teatro Barcel\u00f3 in Madrid.","robots":{"index":"index","follow":"follow","max-snippet":"max-snippet:-1","max-image-preview":"max-image-preview:large","max-video-preview":"max-video-preview:-1"},"canonical":"https:\/\/www.indieofilo.com\/en\/news\/kurt-vile-the-violators-spain-tour-2018","og_locale":"en_US","og_type":"article","og_title":"Kurt Vile & The Violators Spain Tour 2018","og_description":"Kurt Vile & The Violators will give 2 concerts: Monday 22nd October at Sala Apolo in Barcelona and Tuesday 23rd October at Teatro Barcel\u00f3 in Madrid.","og_url":"https:\/\/www.indieofilo.com\/en\/news\/kurt-vile-the-violators-spain-tour-2018","og_site_name":"Indie\u00f3filo","article_publisher":"https:\/\/www.facebook.com\/Indieofilo\/","article_published_time":"2018-04-24T16:21:36+00:00","article_modified_time":"2023-08-30T20:59:46+00:00","og_image":[{"width":600,"height":314,"url":"https:\/\/www.indieofilo.com\/wp-content\/uploads\/2018\/04\/Kurt_Vile_Barcelona_2018.jpg","type":"image\/jpeg"}],"author":"Victor","twitter_card":"summary_large_image","twitter_creator":"@indieofilo","twitter_site":"@indieofilo","twitter_misc":{"Written by":"Victor","Est. reading time":"1 minute"},"schema":{"@context":"https:\/\/schema.org","@graph":[{"@type":"Article","@id":"https:\/\/www.indieofilo.com\/en\/news\/kurt-vile-the-violators-spain-tour-2018#article","isPartOf":{"@id":"https:\/\/www.indieofilo.com\/en\/news\/kurt-vile-the-violators-spain-tour-2018"},"author":{"name":"Victor","@id":"https:\/\/www.indieofilo.com\/#\/schema\/person\/595334d38590e4ce5a09f83cbf2fca90"},"headline":"Kurt Vile &#038; The Violators Spain Tour 2018","datePublished":"2018-04-24T16:21:36+00:00","dateModified":"2023-08-30T20:59:46+00:00","mainEntityOfPage":{"@id":"https:\/\/www.indieofilo.com\/en\/news\/kurt-vile-the-violators-spain-tour-2018"},"wordCount":123,"commentCount":0,"publisher":{"@id":"https:\/\/www.indieofilo.com\/#organization"},"image":{"@id":"https:\/\/www.indieofilo.com\/en\/news\/kurt-vile-the-violators-spain-tour-2018#primaryimage"},"thumbnailUrl":"https:\/\/www.indieofilo.com\/wp-content\/uploads\/2018\/04\/Kurt_Vile_Barcelona_2018.jpg","keywords":["Barcelona","Kurt Vile","Kurt Vile &amp; The Violators"],"articleSection":["Live Shows","News"],"inLanguage":"en-US","potentialAction":[{"@type":"CommentAction","name":"Comment","target":["https:\/\/www.indieofilo.com\/en\/news\/kurt-vile-the-violators-spain-tour-2018#respond"]}]},{"@type":"WebPage","@id":"https:\/\/www.indieofilo.com\/en\/news\/kurt-vile-the-violators-spain-tour-2018","url":"https:\/\/www.indieofilo.com\/en\/news\/kurt-vile-the-violators-spain-tour-2018","name":"Kurt Vile & The Violators Spain Tour 2018 - Indie\u00f3filo","isPartOf":{"@id":"https:\/\/www.indieofilo.com\/#website"},"primaryImageOfPage":{"@id":"https:\/\/www.indieofilo.com\/en\/news\/kurt-vile-the-violators-spain-tour-2018#primaryimage"},"image":{"@id":"https:\/\/www.indieofilo.com\/en\/news\/kurt-vile-the-violators-spain-tour-2018#primaryimage"},"thumbnailUrl":"https:\/\/www.indieofilo.com\/wp-content\/uploads\/2018\/04\/Kurt_Vile_Barcelona_2018.jpg","datePublished":"2018-04-24T16:21:36+00:00","dateModified":"2023-08-30T20:59:46+00:00","description":"Kurt Vile & The Violators will give 2 concerts: Monday 22nd October at Sala Apolo in Barcelona and Tuesday 23rd October at Teatro Barcel\u00f3 in Madrid.","breadcrumb":{"@id":"https:\/\/www.indieofilo.com\/en\/news\/kurt-vile-the-violators-spain-tour-2018#breadcrumb"},"inLanguage":"en-US","potentialAction":[{"@type":"ReadAction","target":["https:\/\/www.indieofilo.com\/en\/news\/kurt-vile-the-violators-spain-tour-2018"]}]},{"@type":"ImageObject","inLanguage":"en-US","@id":"https:\/\/www.indieofilo.com\/en\/news\/kurt-vile-the-violators-spain-tour-2018#primaryimage","url":"https:\/\/www.indieofilo.com\/wp-content\/uploads\/2018\/04\/Kurt_Vile_Barcelona_2018.jpg","contentUrl":"https:\/\/www.indieofilo.com\/wp-content\/uploads\/2018\/04\/Kurt_Vile_Barcelona_2018.jpg","width":600,"height":314},{"@type":"BreadcrumbList","@id":"https:\/\/www.indieofilo.com\/en\/news\/kurt-vile-the-violators-spain-tour-2018#breadcrumb","itemListElement":[{"@type":"ListItem","position":1,"name":"Portada","item":"https:\/\/www.indieofilo.com\/en"},{"@type":"ListItem","position":2,"name":"Kurt Vile &#038; The Violators Spain Tour 2018"}]},{"@type":"WebSite","@id":"https:\/\/www.indieofilo.com\/#website","url":"https:\/\/www.indieofilo.com\/","name":"Indie\u00f3filo","description":"Magazine online de la cultura independiente","publisher":{"@id":"https:\/\/www.indieofilo.com\/#organization"},"potentialAction":[{"@type":"SearchAction","target":{"@type":"EntryPoint","urlTemplate":"https:\/\/www.indieofilo.com\/?s={search_term_string}"},"query-input":{"@type":"PropertyValueSpecification","valueRequired":true,"valueName":"search_term_string"}}],"inLanguage":"en-US"},{"@type":"Organization","@id":"https:\/\/www.indieofilo.com\/#organization","name":"Indie\u00f3filo Web","url":"https:\/\/www.indieofilo.com\/","logo":{"@type":"ImageObject","inLanguage":"en-US","@id":"https:\/\/www.indieofilo.com\/#\/schema\/logo\/image\/","url":"https:\/\/www.indieofilo.com\/wp-content\/uploads\/2015\/02\/logo-alta-resolucion.png","contentUrl":"https:\/\/www.indieofilo.com\/wp-content\/uploads\/2015\/02\/logo-alta-resolucion.png","width":544,"height":185,"caption":"Indie\u00f3filo Web"},"image":{"@id":"https:\/\/www.indieofilo.com\/#\/schema\/logo\/image\/"},"sameAs":["https:\/\/www.facebook.com\/Indieofilo\/","https:\/\/x.com\/indieofilo","https:\/\/www.instagram.com\/indieofilo\/"]},{"@type":"Person","@id":"https:\/\/www.indieofilo.com\/#\/schema\/person\/595334d38590e4ce5a09f83cbf2fca90","name":"Victor","image":{"@type":"ImageObject","inLanguage":"en-US","@id":"https:\/\/www.indieofilo.com\/#\/schema\/person\/image\/","url":"https:\/\/secure.gravatar.com\/avatar\/682b8c6ea3e94b6cffec683b25f1797d?s=96&d=mm&r=g","contentUrl":"https:\/\/secure.gravatar.com\/avatar\/682b8c6ea3e94b6cffec683b25f1797d?s=96&d=mm&r=g","caption":"Victor"},"description":"Fan\u00e1tico de la m\u00fasica desde que mis padres me pon\u00edan a Eydie Gorme y Los Panchos o el Discotuna por la A2. Intent\u00e9 tocar varios instrumentos, pero soy muy torpe con la mano izquierda, as\u00ed que ya sab\u00e9is el resultado final. Fan del britpop, Post-punk, el rugby y el baloncesto...","sameAs":["http:\/\/indieofilo.com"],"url":"https:\/\/www.indieofilo.com\/en\/author\/victor"}]}},"_links":{"self":[{"href":"https:\/\/www.indieofilo.com\/en\/wp-json\/wp\/v2\/posts\/12412","targetHints":{"allow":["GET"]}}],"collection":[{"href":"https:\/\/www.indieofilo.com\/en\/wp-json\/wp\/v2\/posts"}],"about":[{"href":"https:\/\/www.indieofilo.com\/en\/wp-json\/wp\/v2\/types\/post"}],"author":[{"embeddable":true,"href":"https:\/\/www.indieofilo.com\/en\/wp-json\/wp\/v2\/users\/1"}],"replies":[{"embeddable":true,"href":"https:\/\/www.indieofilo.com\/en\/wp-json\/wp\/v2\/comments?post=12412"}],"version-history":[{"count":0,"href":"https:\/\/www.indieofilo.com\/en\/wp-json\/wp\/v2\/posts\/12412\/revisions"}],"wp:featuredmedia":[{"embeddable":true,"href":"https:\/\/www.indieofilo.com\/en\/wp-json\/wp\/v2\/media\/25069"}],"wp:attachment":[{"href":"https:\/\/www.indieofilo.com\/en\/wp-json\/wp\/v2\/media?parent=12412"}],"wp:term":[{"taxonomy":"category","embeddable":true,"href":"https:\/\/www.indieofilo.com\/en\/wp-json\/wp\/v2\/categories?post=12412"},{"taxonomy":"post_tag","embeddable":true,"href":"https:\/\/www.indieofilo.com\/en\/wp-json\/wp\/v2\/tags?post=12412"}],"curies":[{"name":"wp","href":"https:\/\/api.w.org\/{rel}","templated":true}]}}