{"id":1226,"date":"2015-02-13T09:45:46","date_gmt":"2015-02-13T08:45:46","guid":{"rendered":"http:\/\/testing.indieofilo.com\/?p=1226"},"modified":"2023-11-21T14:43:32","modified_gmt":"2023-11-21T13:43:32","slug":"first-names-for-pitch-festival-2015","status":"publish","type":"post","link":"https:\/\/www.indieofilo.com\/en\/news\/live-shows\/first-names-for-pitch-festival-2015","title":{"rendered":"First names for Pitch Festival 2015"},"content":{"rendered":"<p style=\"text-align: center;\"><img fetchpriority=\"high\" decoding=\"async\" src=\"\/wp-content\/uploads\/2015\/03\/Pitch-Festival-2015-James-Blake.jpg\" alt=\"Pitch Festival 2015 - James Blake\" width=\"424\" height=\"600\" \/><\/p>\n<p style=\"text-align: justify;\">One of the festivals that has grown in a quicker way in the last years in The Nederlands has just confirmed a new edition for this year, that will be held on 3rd &amp; 4th July on the Cultuurpark Westergasfabriek in Amsterdam. <strong>Pitch Festival 2015<\/strong> has also confirmed the first names for its line-up and they are <strong>James Blake, James Holden (live), Jungle, Siriusmodeselektor, Jon Hopkins, Flume, Kwabs, Jamie xx, John Talabot, Evian Christ, Kaytranada, Rustie, Gold Panda, Simian Mobile Disco (live), Lido, Antal, Ten Walls, Herbert, Bob Moses, Jack Garratt<\/strong> and<strong> Bea<\/strong>.<\/p>\n<p style=\"text-align: justify;\">Tickets are available since 80\u20ac at its <a href=\"http:\/\/pitchfestival.nl\/tickets\/\" target=\"_blank\" rel=\"noopener\">official Webiste<\/a>.<\/p>\n","protected":false},"excerpt":{"rendered":"<p>One of the festivals that has grown in a quicker way in the last years in The Nederlands has just confirmed a new edition for this year, that will be held on 3rd &amp; 4th July on the Cultuurpark Westergasfabriek in Amsterdam. Pitch Festival 2015 has also confirmed the first names for its line-up and [&hellip;]<\/p>\n","protected":false},"author":1,"featured_media":18144,"comment_status":"closed","ping_status":"closed","sticky":false,"template":"","format":"standard","meta":{"footnotes":""},"categories":[41,8],"tags":[6522,6523,6123,5458,5487,6524,6525,6019,5040,6526,5589,5206,6527,5035,6021,6528,6529,5806,6373,6530,6531,6532,6533],"class_list":["post-1226","post","type-post","status-publish","format-standard","has-post-thumbnail","hentry","category-live-shows","category-news","tag-antal-en","tag-bea-en","tag-bob-moses-en","tag-evian-christ-en","tag-flume-en","tag-gold-panda-en","tag-herbert-en","tag-jack-garratt-en","tag-james-blake-en","tag-james-holden-en","tag-jamie-xx-en","tag-john-talabot-en","tag-jon-hopkins-en","tag-jungle-en","tag-kaytranada-en","tag-kwabs-en","tag-lido-en","tag-pitch-festival-en","tag-pitch-festival-2015-en","tag-rustie-en","tag-simian-mobile-disco-en","tag-siriusmodeselektor-en","tag-ten-walls-en"],"yoast_head":"<!-- This site is optimized with the Yoast SEO Premium plugin v23.9 (Yoast SEO v26.6) - https:\/\/yoast.com\/wordpress\/plugins\/seo\/ -->\n<title>First names for Pitch Festival 2015 - Indie\u00f3filo<\/title>\n<meta name=\"description\" content=\"James Blake, James Holden (live), Jungle, Siriusmodeselektor or Jon Hopkins confirmed for Pitch Festival 2015, that will be held on July in Amsterdam\" \/>\n<meta name=\"robots\" content=\"index, follow, max-snippet:-1, max-image-preview:large, max-video-preview:-1\" \/>\n<link rel=\"canonical\" href=\"https:\/\/www.indieofilo.com\/en\/news\/first-names-for-pitch-festival-2015\" \/>\n<meta property=\"og:locale\" content=\"en_US\" \/>\n<meta property=\"og:type\" content=\"article\" \/>\n<meta property=\"og:title\" content=\"First names for Pitch Festival 2015\" \/>\n<meta property=\"og:description\" content=\"James Blake, James Holden (live), Jungle, Siriusmodeselektor or Jon Hopkins confirmed for Pitch Festival 2015, that will be held on July in Amsterdam\" \/>\n<meta property=\"og:url\" content=\"https:\/\/www.indieofilo.com\/en\/news\/first-names-for-pitch-festival-2015\" \/>\n<meta property=\"og:site_name\" content=\"Indie\u00f3filo\" \/>\n<meta property=\"article:publisher\" content=\"https:\/\/www.facebook.com\/Indieofilo\/\" \/>\n<meta property=\"article:published_time\" content=\"2015-02-13T08:45:46+00:00\" \/>\n<meta property=\"article:modified_time\" content=\"2023-11-21T13:43:32+00:00\" \/>\n<meta property=\"og:image\" content=\"https:\/\/www.indieofilo.com\/wp-content\/uploads\/2015\/03\/Pitch-Festival-2015-James-Blake.jpg\" \/>\n\t<meta property=\"og:image:width\" content=\"424\" \/>\n\t<meta property=\"og:image:height\" content=\"600\" \/>\n\t<meta property=\"og:image:type\" content=\"image\/jpeg\" \/>\n<meta name=\"author\" content=\"Victor\" \/>\n<meta name=\"twitter:card\" content=\"summary_large_image\" \/>\n<meta name=\"twitter:creator\" content=\"@indieofilo\" \/>\n<meta name=\"twitter:site\" content=\"@indieofilo\" \/>\n<meta name=\"twitter:label1\" content=\"Written by\" \/>\n\t<meta name=\"twitter:data1\" content=\"Victor\" \/>\n\t<meta name=\"twitter:label2\" content=\"Est. reading time\" \/>\n\t<meta name=\"twitter:data2\" content=\"1 minute\" \/>\n<script type=\"application\/ld+json\" class=\"yoast-schema-graph\">{\"@context\":\"https:\/\/schema.org\",\"@graph\":[{\"@type\":\"Article\",\"@id\":\"https:\/\/www.indieofilo.com\/en\/news\/first-names-for-pitch-festival-2015#article\",\"isPartOf\":{\"@id\":\"https:\/\/www.indieofilo.com\/en\/news\/first-names-for-pitch-festival-2015\"},\"author\":{\"name\":\"Victor\",\"@id\":\"https:\/\/www.indieofilo.com\/#\/schema\/person\/595334d38590e4ce5a09f83cbf2fca90\"},\"headline\":\"First names for Pitch Festival 2015\",\"datePublished\":\"2015-02-13T08:45:46+00:00\",\"dateModified\":\"2023-11-21T13:43:32+00:00\",\"mainEntityOfPage\":{\"@id\":\"https:\/\/www.indieofilo.com\/en\/news\/first-names-for-pitch-festival-2015\"},\"wordCount\":105,\"publisher\":{\"@id\":\"https:\/\/www.indieofilo.com\/#organization\"},\"image\":{\"@id\":\"https:\/\/www.indieofilo.com\/en\/news\/first-names-for-pitch-festival-2015#primaryimage\"},\"thumbnailUrl\":\"https:\/\/www.indieofilo.com\/wp-content\/uploads\/2015\/03\/Pitch-Festival-2015-James-Blake.jpg\",\"keywords\":[\"Antal\",\"Bea\",\"Bob Moses\",\"Evian Christ\",\"Flume\",\"Gold Panda\",\"Herbert\",\"Jack Garratt\",\"James Blake\",\"James Holden\",\"Jamie XX\",\"John Talabot\",\"Jon Hopkins\",\"Jungle\",\"Kaytranada\",\"Kwabs\",\"Lido\",\"Pitch Festival\",\"Pitch Festival 2015\",\"Rustie\",\"Simian Mobile Disco\",\"Siriusmodeselektor\",\"Ten Walls\"],\"articleSection\":[\"Live Shows\",\"News\"],\"inLanguage\":\"en-US\"},{\"@type\":\"WebPage\",\"@id\":\"https:\/\/www.indieofilo.com\/en\/news\/first-names-for-pitch-festival-2015\",\"url\":\"https:\/\/www.indieofilo.com\/en\/news\/first-names-for-pitch-festival-2015\",\"name\":\"First names for Pitch Festival 2015 - Indie\u00f3filo\",\"isPartOf\":{\"@id\":\"https:\/\/www.indieofilo.com\/#website\"},\"primaryImageOfPage\":{\"@id\":\"https:\/\/www.indieofilo.com\/en\/news\/first-names-for-pitch-festival-2015#primaryimage\"},\"image\":{\"@id\":\"https:\/\/www.indieofilo.com\/en\/news\/first-names-for-pitch-festival-2015#primaryimage\"},\"thumbnailUrl\":\"https:\/\/www.indieofilo.com\/wp-content\/uploads\/2015\/03\/Pitch-Festival-2015-James-Blake.jpg\",\"datePublished\":\"2015-02-13T08:45:46+00:00\",\"dateModified\":\"2023-11-21T13:43:32+00:00\",\"description\":\"James Blake, James Holden (live), Jungle, Siriusmodeselektor or Jon Hopkins confirmed for Pitch Festival 2015, that will be held on July in Amsterdam\",\"breadcrumb\":{\"@id\":\"https:\/\/www.indieofilo.com\/en\/news\/first-names-for-pitch-festival-2015#breadcrumb\"},\"inLanguage\":\"en-US\",\"potentialAction\":[{\"@type\":\"ReadAction\",\"target\":[\"https:\/\/www.indieofilo.com\/en\/news\/first-names-for-pitch-festival-2015\"]}]},{\"@type\":\"ImageObject\",\"inLanguage\":\"en-US\",\"@id\":\"https:\/\/www.indieofilo.com\/en\/news\/first-names-for-pitch-festival-2015#primaryimage\",\"url\":\"https:\/\/www.indieofilo.com\/wp-content\/uploads\/2015\/03\/Pitch-Festival-2015-James-Blake.jpg\",\"contentUrl\":\"https:\/\/www.indieofilo.com\/wp-content\/uploads\/2015\/03\/Pitch-Festival-2015-James-Blake.jpg\",\"width\":424,\"height\":600},{\"@type\":\"BreadcrumbList\",\"@id\":\"https:\/\/www.indieofilo.com\/en\/news\/first-names-for-pitch-festival-2015#breadcrumb\",\"itemListElement\":[{\"@type\":\"ListItem\",\"position\":1,\"name\":\"Portada\",\"item\":\"https:\/\/www.indieofilo.com\/en\"},{\"@type\":\"ListItem\",\"position\":2,\"name\":\"First names for Pitch Festival 2015\"}]},{\"@type\":\"WebSite\",\"@id\":\"https:\/\/www.indieofilo.com\/#website\",\"url\":\"https:\/\/www.indieofilo.com\/\",\"name\":\"Indie\u00f3filo\",\"description\":\"Magazine online de la cultura independiente\",\"publisher\":{\"@id\":\"https:\/\/www.indieofilo.com\/#organization\"},\"potentialAction\":[{\"@type\":\"SearchAction\",\"target\":{\"@type\":\"EntryPoint\",\"urlTemplate\":\"https:\/\/www.indieofilo.com\/?s={search_term_string}\"},\"query-input\":{\"@type\":\"PropertyValueSpecification\",\"valueRequired\":true,\"valueName\":\"search_term_string\"}}],\"inLanguage\":\"en-US\"},{\"@type\":\"Organization\",\"@id\":\"https:\/\/www.indieofilo.com\/#organization\",\"name\":\"Indie\u00f3filo Web\",\"url\":\"https:\/\/www.indieofilo.com\/\",\"logo\":{\"@type\":\"ImageObject\",\"inLanguage\":\"en-US\",\"@id\":\"https:\/\/www.indieofilo.com\/#\/schema\/logo\/image\/\",\"url\":\"https:\/\/www.indieofilo.com\/wp-content\/uploads\/2015\/02\/logo-alta-resolucion.png\",\"contentUrl\":\"https:\/\/www.indieofilo.com\/wp-content\/uploads\/2015\/02\/logo-alta-resolucion.png\",\"width\":544,\"height\":185,\"caption\":\"Indie\u00f3filo Web\"},\"image\":{\"@id\":\"https:\/\/www.indieofilo.com\/#\/schema\/logo\/image\/\"},\"sameAs\":[\"https:\/\/www.facebook.com\/Indieofilo\/\",\"https:\/\/x.com\/indieofilo\",\"https:\/\/www.instagram.com\/indieofilo\/\"]},{\"@type\":\"Person\",\"@id\":\"https:\/\/www.indieofilo.com\/#\/schema\/person\/595334d38590e4ce5a09f83cbf2fca90\",\"name\":\"Victor\",\"image\":{\"@type\":\"ImageObject\",\"inLanguage\":\"en-US\",\"@id\":\"https:\/\/www.indieofilo.com\/#\/schema\/person\/image\/\",\"url\":\"https:\/\/secure.gravatar.com\/avatar\/682b8c6ea3e94b6cffec683b25f1797d?s=96&d=mm&r=g\",\"contentUrl\":\"https:\/\/secure.gravatar.com\/avatar\/682b8c6ea3e94b6cffec683b25f1797d?s=96&d=mm&r=g\",\"caption\":\"Victor\"},\"description\":\"Fan\u00e1tico de la m\u00fasica desde que mis padres me pon\u00edan a Eydie Gorme y Los Panchos o el Discotuna por la A2. Intent\u00e9 tocar varios instrumentos, pero soy muy torpe con la mano izquierda, as\u00ed que ya sab\u00e9is el resultado final. Fan del britpop, Post-punk, el rugby y el baloncesto...\",\"sameAs\":[\"http:\/\/indieofilo.com\"],\"url\":\"https:\/\/www.indieofilo.com\/en\/author\/victor\"}]}<\/script>\n<!-- \/ Yoast SEO Premium plugin. -->","yoast_head_json":{"title":"First names for Pitch Festival 2015 - Indie\u00f3filo","description":"James Blake, James Holden (live), Jungle, Siriusmodeselektor or Jon Hopkins confirmed for Pitch Festival 2015, that will be held on July in Amsterdam","robots":{"index":"index","follow":"follow","max-snippet":"max-snippet:-1","max-image-preview":"max-image-preview:large","max-video-preview":"max-video-preview:-1"},"canonical":"https:\/\/www.indieofilo.com\/en\/news\/first-names-for-pitch-festival-2015","og_locale":"en_US","og_type":"article","og_title":"First names for Pitch Festival 2015","og_description":"James Blake, James Holden (live), Jungle, Siriusmodeselektor or Jon Hopkins confirmed for Pitch Festival 2015, that will be held on July in Amsterdam","og_url":"https:\/\/www.indieofilo.com\/en\/news\/first-names-for-pitch-festival-2015","og_site_name":"Indie\u00f3filo","article_publisher":"https:\/\/www.facebook.com\/Indieofilo\/","article_published_time":"2015-02-13T08:45:46+00:00","article_modified_time":"2023-11-21T13:43:32+00:00","og_image":[{"width":424,"height":600,"url":"https:\/\/www.indieofilo.com\/wp-content\/uploads\/2015\/03\/Pitch-Festival-2015-James-Blake.jpg","type":"image\/jpeg"}],"author":"Victor","twitter_card":"summary_large_image","twitter_creator":"@indieofilo","twitter_site":"@indieofilo","twitter_misc":{"Written by":"Victor","Est. reading time":"1 minute"},"schema":{"@context":"https:\/\/schema.org","@graph":[{"@type":"Article","@id":"https:\/\/www.indieofilo.com\/en\/news\/first-names-for-pitch-festival-2015#article","isPartOf":{"@id":"https:\/\/www.indieofilo.com\/en\/news\/first-names-for-pitch-festival-2015"},"author":{"name":"Victor","@id":"https:\/\/www.indieofilo.com\/#\/schema\/person\/595334d38590e4ce5a09f83cbf2fca90"},"headline":"First names for Pitch Festival 2015","datePublished":"2015-02-13T08:45:46+00:00","dateModified":"2023-11-21T13:43:32+00:00","mainEntityOfPage":{"@id":"https:\/\/www.indieofilo.com\/en\/news\/first-names-for-pitch-festival-2015"},"wordCount":105,"publisher":{"@id":"https:\/\/www.indieofilo.com\/#organization"},"image":{"@id":"https:\/\/www.indieofilo.com\/en\/news\/first-names-for-pitch-festival-2015#primaryimage"},"thumbnailUrl":"https:\/\/www.indieofilo.com\/wp-content\/uploads\/2015\/03\/Pitch-Festival-2015-James-Blake.jpg","keywords":["Antal","Bea","Bob Moses","Evian Christ","Flume","Gold Panda","Herbert","Jack Garratt","James Blake","James Holden","Jamie XX","John Talabot","Jon Hopkins","Jungle","Kaytranada","Kwabs","Lido","Pitch Festival","Pitch Festival 2015","Rustie","Simian Mobile Disco","Siriusmodeselektor","Ten Walls"],"articleSection":["Live Shows","News"],"inLanguage":"en-US"},{"@type":"WebPage","@id":"https:\/\/www.indieofilo.com\/en\/news\/first-names-for-pitch-festival-2015","url":"https:\/\/www.indieofilo.com\/en\/news\/first-names-for-pitch-festival-2015","name":"First names for Pitch Festival 2015 - Indie\u00f3filo","isPartOf":{"@id":"https:\/\/www.indieofilo.com\/#website"},"primaryImageOfPage":{"@id":"https:\/\/www.indieofilo.com\/en\/news\/first-names-for-pitch-festival-2015#primaryimage"},"image":{"@id":"https:\/\/www.indieofilo.com\/en\/news\/first-names-for-pitch-festival-2015#primaryimage"},"thumbnailUrl":"https:\/\/www.indieofilo.com\/wp-content\/uploads\/2015\/03\/Pitch-Festival-2015-James-Blake.jpg","datePublished":"2015-02-13T08:45:46+00:00","dateModified":"2023-11-21T13:43:32+00:00","description":"James Blake, James Holden (live), Jungle, Siriusmodeselektor or Jon Hopkins confirmed for Pitch Festival 2015, that will be held on July in Amsterdam","breadcrumb":{"@id":"https:\/\/www.indieofilo.com\/en\/news\/first-names-for-pitch-festival-2015#breadcrumb"},"inLanguage":"en-US","potentialAction":[{"@type":"ReadAction","target":["https:\/\/www.indieofilo.com\/en\/news\/first-names-for-pitch-festival-2015"]}]},{"@type":"ImageObject","inLanguage":"en-US","@id":"https:\/\/www.indieofilo.com\/en\/news\/first-names-for-pitch-festival-2015#primaryimage","url":"https:\/\/www.indieofilo.com\/wp-content\/uploads\/2015\/03\/Pitch-Festival-2015-James-Blake.jpg","contentUrl":"https:\/\/www.indieofilo.com\/wp-content\/uploads\/2015\/03\/Pitch-Festival-2015-James-Blake.jpg","width":424,"height":600},{"@type":"BreadcrumbList","@id":"https:\/\/www.indieofilo.com\/en\/news\/first-names-for-pitch-festival-2015#breadcrumb","itemListElement":[{"@type":"ListItem","position":1,"name":"Portada","item":"https:\/\/www.indieofilo.com\/en"},{"@type":"ListItem","position":2,"name":"First names for Pitch Festival 2015"}]},{"@type":"WebSite","@id":"https:\/\/www.indieofilo.com\/#website","url":"https:\/\/www.indieofilo.com\/","name":"Indie\u00f3filo","description":"Magazine online de la cultura independiente","publisher":{"@id":"https:\/\/www.indieofilo.com\/#organization"},"potentialAction":[{"@type":"SearchAction","target":{"@type":"EntryPoint","urlTemplate":"https:\/\/www.indieofilo.com\/?s={search_term_string}"},"query-input":{"@type":"PropertyValueSpecification","valueRequired":true,"valueName":"search_term_string"}}],"inLanguage":"en-US"},{"@type":"Organization","@id":"https:\/\/www.indieofilo.com\/#organization","name":"Indie\u00f3filo Web","url":"https:\/\/www.indieofilo.com\/","logo":{"@type":"ImageObject","inLanguage":"en-US","@id":"https:\/\/www.indieofilo.com\/#\/schema\/logo\/image\/","url":"https:\/\/www.indieofilo.com\/wp-content\/uploads\/2015\/02\/logo-alta-resolucion.png","contentUrl":"https:\/\/www.indieofilo.com\/wp-content\/uploads\/2015\/02\/logo-alta-resolucion.png","width":544,"height":185,"caption":"Indie\u00f3filo Web"},"image":{"@id":"https:\/\/www.indieofilo.com\/#\/schema\/logo\/image\/"},"sameAs":["https:\/\/www.facebook.com\/Indieofilo\/","https:\/\/x.com\/indieofilo","https:\/\/www.instagram.com\/indieofilo\/"]},{"@type":"Person","@id":"https:\/\/www.indieofilo.com\/#\/schema\/person\/595334d38590e4ce5a09f83cbf2fca90","name":"Victor","image":{"@type":"ImageObject","inLanguage":"en-US","@id":"https:\/\/www.indieofilo.com\/#\/schema\/person\/image\/","url":"https:\/\/secure.gravatar.com\/avatar\/682b8c6ea3e94b6cffec683b25f1797d?s=96&d=mm&r=g","contentUrl":"https:\/\/secure.gravatar.com\/avatar\/682b8c6ea3e94b6cffec683b25f1797d?s=96&d=mm&r=g","caption":"Victor"},"description":"Fan\u00e1tico de la m\u00fasica desde que mis padres me pon\u00edan a Eydie Gorme y Los Panchos o el Discotuna por la A2. Intent\u00e9 tocar varios instrumentos, pero soy muy torpe con la mano izquierda, as\u00ed que ya sab\u00e9is el resultado final. Fan del britpop, Post-punk, el rugby y el baloncesto...","sameAs":["http:\/\/indieofilo.com"],"url":"https:\/\/www.indieofilo.com\/en\/author\/victor"}]}},"_links":{"self":[{"href":"https:\/\/www.indieofilo.com\/en\/wp-json\/wp\/v2\/posts\/1226","targetHints":{"allow":["GET"]}}],"collection":[{"href":"https:\/\/www.indieofilo.com\/en\/wp-json\/wp\/v2\/posts"}],"about":[{"href":"https:\/\/www.indieofilo.com\/en\/wp-json\/wp\/v2\/types\/post"}],"author":[{"embeddable":true,"href":"https:\/\/www.indieofilo.com\/en\/wp-json\/wp\/v2\/users\/1"}],"replies":[{"embeddable":true,"href":"https:\/\/www.indieofilo.com\/en\/wp-json\/wp\/v2\/comments?post=1226"}],"version-history":[{"count":0,"href":"https:\/\/www.indieofilo.com\/en\/wp-json\/wp\/v2\/posts\/1226\/revisions"}],"wp:featuredmedia":[{"embeddable":true,"href":"https:\/\/www.indieofilo.com\/en\/wp-json\/wp\/v2\/media\/18144"}],"wp:attachment":[{"href":"https:\/\/www.indieofilo.com\/en\/wp-json\/wp\/v2\/media?parent=1226"}],"wp:term":[{"taxonomy":"category","embeddable":true,"href":"https:\/\/www.indieofilo.com\/en\/wp-json\/wp\/v2\/categories?post=1226"},{"taxonomy":"post_tag","embeddable":true,"href":"https:\/\/www.indieofilo.com\/en\/wp-json\/wp\/v2\/tags?post=1226"}],"curies":[{"name":"wp","href":"https:\/\/api.w.org\/{rel}","templated":true}]}}