{"id":12144,"date":"2018-07-14T18:45:29","date_gmt":"2018-07-14T16:45:29","guid":{"rendered":"http:\/\/indieofilo.com\/?p=12144"},"modified":"2023-08-30T22:57:11","modified_gmt":"2023-08-30T20:57:11","slug":"cruilla-2018-july-13-2018-parc-del-forum-barcelona","status":"publish","type":"post","link":"https:\/\/www.indieofilo.com\/en\/gig-reviews\/festivals\/cruilla-2018-july-13-2018-parc-del-forum-barcelona","title":{"rendered":"Cru\u00eflla 2018 \u2013 July, 13 2018 (Parc del Forum \u2013 Barcelona)"},"content":{"rendered":"<p style=\"text-align: justify;\">\n\tAfter a <a href=\"http:\/\/indieofilo.com\/gig-reviews\/festivals\/cruilla-2018-july-12-2018-parc-del-forum-barcelona?lang=en\" target=\"_self\" rel=\"noopener\">first warm up day that was clearly won by Enrique Bunbury<\/a>, Catalan&nbsp;<strong>Festival Cru&iuml;lla 2018<\/strong>&nbsp;open all the stages in&nbsp;a second day in which <strong>Prophets of Rage<\/strong>, <strong>N.E.R.D.<\/strong> or <strong>Lori Meyers<\/strong>, among others, stood out.<\/p>\n<p style=\"text-align: justify;\">\n\t<img fetchpriority=\"high\" decoding=\"async\" alt=\"Joan Daus\u00e0 Cru\u00eflla Barcelona 2018\" class=\"aligncenter size-full wp-image-12138\" height=\"533\" src=\"http:\/\/indieofilo.com\/wp-content\/uploads\/2018\/07\/Joan_Dausa_Cruilla_Barcelona_2018.jpg\" width=\"800\" srcset=\"https:\/\/www.indieofilo.com\/wp-content\/uploads\/2018\/07\/Joan_Dausa_Cruilla_Barcelona_2018.jpg 800w, https:\/\/www.indieofilo.com\/wp-content\/uploads\/2018\/07\/Joan_Dausa_Cruilla_Barcelona_2018-300x200.jpg 300w, https:\/\/www.indieofilo.com\/wp-content\/uploads\/2018\/07\/Joan_Dausa_Cruilla_Barcelona_2018-768x512.jpg 768w\" sizes=\"(max-width: 800px) 100vw, 800px\" \/><\/p>\n<p style=\"text-align: center;\">\n\t<span style=\"font-size:10px;\"><strong>Joan Daus&agrave;<\/strong>, Festival Cru&iuml;lla 2018, Barcelona (13\/07\/2018)&nbsp;&#8211; Photo provided by the&nbsp;media department of&nbsp;Festival&nbsp;Cru&iuml;lla<\/span><\/p>\n<p style=\"text-align: justify;\">\n\tThe day began with <strong>Joan Daus&agrave;<\/strong> on the stage of Cru&iuml;lla Enamora, where the Catalan&nbsp;played much of the discography of his group <strong>Joan Daus&agrave; i els Tipus d&#39;Inter&egrave;s<\/strong>. With a somewhat low volume in the voice on the first tracks, the concert gradually picked up pace as Joan himself interspersed the keyboards with the guitar and even a piano.&nbsp;In the final songs, and coinciding with the fact that from the main stage the people of <strong>N.E.R.D<\/strong>. decided to set&nbsp;songs at full volume, there was an annoying overlap of music that the Catalan resolved with mastery increasing the general volume of his show and leaving us with great moments like the performance of &quot;<em>Jo Mai Mai<\/em>&quot;.<\/p>\n<p style=\"text-align: justify;\">\n\t<img decoding=\"async\" alt=\"N.E.R.D. - Cru\u00eflla Barcelona 2018\" class=\"aligncenter size-large wp-image-12139\" height=\"532\" src=\"http:\/\/indieofilo.com\/wp-content\/uploads\/2018\/07\/N.E.R.D._Cruilla_Barcelona_2018-800x532.jpg\" width=\"800\" \/><\/p>\n<p style=\"text-align: center;\">\n\t<span style=\"font-size:10px;\"><strong>Pharrell Williams, N.E.R.D.<\/strong>, Festival Cru&iuml;lla 2018, Barcelona (13\/07\/2018)&nbsp;&#8211; Photo provided by the&nbsp;media department of&nbsp;Festival&nbsp;Cru&iuml;lla<\/span><\/p>\n<p style=\"text-align: justify;\">\n\tAs we said,&nbsp;North Americans <strong>N.E.R.D.<\/strong> led by famous&nbsp;<strong>Pharrell Williams<\/strong> were the ones in charge of opening the main stage, and they did it with a <strong>heterogeneous mix of hip hop, rock and R&amp;B<\/strong>.&nbsp;A big spectacle in which <strong>Pharrell<\/strong> and <strong>Shay Haley<\/strong>, together with the help of a group of dancers, <strong>managed to make a large majority of the audience jump and dance despite the general ignorance of their music<\/strong>&#8230;&nbsp;This shows <strong>Pharrell<\/strong>&#39;s high level of leadership as a true leader and that their&nbsp;concert was a pleasant surprise for a majority who wanted to have a good time at all costs. A good example of this is that songs such as &quot;<em>She Wants To Move<\/em>&quot;, &quot;<em>Rock Star<\/em>&quot; and &quot;<em>Spaz<\/em>&quot; were hardly sung by an audience that would go crazy with Pharell&#39;s own medley of collaborations with other artists, including &quot;<em>Hollaback Girl<\/em>&quot;, &quot;<em>Blurred Lines<\/em>&quot; and the well-known&nbsp;&quot;<em>Get Lucky<\/em>&quot;.<\/p>\n<p style=\"text-align: justify;\">\n\t<img decoding=\"async\" alt=\"Gilberto Gil - Cru\u00eflla Barcelona 2018\" class=\"aligncenter size-large wp-image-12140\" height=\"532\" src=\"http:\/\/indieofilo.com\/wp-content\/uploads\/2018\/07\/Gilberto_Gil_Cruilla_Barcelona_2018-800x532.jpg\" width=\"800\" \/><\/p>\n<p style=\"text-align: center;\">\n\t<span style=\"font-size:10px;\"><strong>Gilberto Gil<\/strong>, Festival Cru&iuml;lla 2018, Barcelona (13\/07\/2018)&nbsp;&#8211; Photo provided by the&nbsp;media department of&nbsp;Festival&nbsp;Cru&iuml;lla<\/span><\/p>\n<p style=\"text-align: justify;\">\n\tUnfortunately for us, and like in Joan Daus&agrave;&#39;s show, his thunderous sound would be heard during the first few minutes of the concert in which <strong>Gilberto Gil<\/strong> celebrated the 40th anniversary of one of his most famous albums, <em>Refavela<\/em> (1977).&nbsp;The <strong>Afro-Latin rhythms of the album flowed little by little with the help of exceptional collaborators<\/strong> such as his son <strong>Bem Gil<\/strong> (incredible, by the way, his version of &quot;<strong>Balafon<\/strong>&quot;), <strong>Mestrinho<\/strong> or the Italian <strong>Chiara Civello<\/strong>, giving&nbsp;us with great moments like &quot;<em>Aqui e Agora<\/em>&quot; or a great cover of &quot;<em>Three Little Birds<\/em>&quot; by <strong>Bob Marley &amp; The Wailers<\/strong>.&nbsp;In the final moments of the show, the greater presence of the Cape Verdean <strong>Mayra Andrade<\/strong>, who even performed a song native to her country, further raised the pace of a magical concert that <strong>served to a large part of the young audience that was at Cru&iuml;lla to discover the great Gilberto Gil<\/strong>.<\/p>\n<p style=\"text-align: justify;\">\n\t<img loading=\"lazy\" decoding=\"async\" alt=\"Prophets of Rage - Cru\u00eflla Barcelona 2018\" class=\"aligncenter size-full wp-image-12141\" height=\"533\" src=\"http:\/\/indieofilo.com\/wp-content\/uploads\/2018\/07\/Prophets_of_rage_Cruilla_Barcelona_2018.jpg\" width=\"800\" srcset=\"https:\/\/www.indieofilo.com\/wp-content\/uploads\/2018\/07\/Prophets_of_rage_Cruilla_Barcelona_2018.jpg 800w, https:\/\/www.indieofilo.com\/wp-content\/uploads\/2018\/07\/Prophets_of_rage_Cruilla_Barcelona_2018-300x200.jpg 300w, https:\/\/www.indieofilo.com\/wp-content\/uploads\/2018\/07\/Prophets_of_rage_Cruilla_Barcelona_2018-768x512.jpg 768w\" sizes=\"(max-width: 800px) 100vw, 800px\" \/><\/p>\n<p style=\"text-align: center;\">\n\t<span style=\"font-size:10px;\"><strong>Prophets of Rage<\/strong>, Festival Cru&iuml;lla 2018, Barcelona (13\/07\/2018)&nbsp;&#8211; Photo provided by the&nbsp;media department of&nbsp;Festival&nbsp;Cru&iuml;lla<\/span><\/p>\n<p style=\"text-align: justify;\">\n\tAfter enjoying the fire and light show that aquelarre de Cervera brought to the Time Out stage, the main stage was waiting for us with those who were going to be the great winners of the day, <strong>Prophets of Rage<\/strong>.&nbsp;The megaband with members of <strong>Rage Against the Machine<\/strong>, <strong>Public Enemy<\/strong> and <strong>Cypress Hill<\/strong> turned the festival upside down with rock and hip-hop, focusing much of their repertoire on the extensive discography of <strong>Rage Against the Machine<\/strong> and forgetting a little of their only album as a band.&nbsp;With the entire band wearing F.C. Barcelona t-shirts and T<strong>om Morello as their absolute master of ceremonies from their spectacular guitar riffs<\/strong>, the Americans went from worse to better in a concert that didn&#39;t get off the ground until Chuck D gave the starting gun with&nbsp;&quot;<em>Fight the Power<\/em>&quot; from his <strong>Public Enemy<\/strong>&#8230;&nbsp;From here on, only a few songs of rest on a setlist that included &quot;<em>Guerrilla Radio<\/em>&quot; or &quot;<em>Sleep Now in the Fire<\/em>&quot; by <strong>RATH<\/strong>, but also <strong>Cypress Hill<\/strong> hits like &quot;<em>Inside in the Brain<\/em>&quot;, &quot;<em>Yo Quiero Fumar<\/em>&quot; or &quot;<em>How I Could Just Kill a Man<\/em>&quot; by <strong>Public Enemy<\/strong> like &quot;<em>Bring the Noise<\/em>&quot; or &quot;<em>Welcome to the Terrordome<\/em>&quot; or a version of the mythical &quot;<em>Jump Around<\/em>&quot; by <strong>House of Pain<\/strong>.&nbsp;It&#39;s true that <strong>these songs are a bit dwarfed by the hits of Morello&#39;s band and company<\/strong>, but the strength of the final trio &quot;<em>Bulls on Parade<\/em>&quot;, &quot;<em>Freedom<\/em>&quot; and the brutal &quot;<em>Killing in the Name<\/em>&quot; makes it difficult to ask for more <strong>Cypress Hill<\/strong> or <strong>Public Enemy<\/strong> songs.&nbsp;After an hour and a half of madness in the form of jumps and flying beers, the activist band would say goodbye painting at the giant LED screen &quot;<em>Make Barcelona Rage Again<\/em>&quot; and making it clear that in the absence of <strong>Zach de la Rocha<\/strong>, <strong>B-Real is the perfect bet to replace him with both his nasal voice and his charisma<\/strong>.<\/p>\n<p style=\"text-align: justify;\">\n\t<img loading=\"lazy\" decoding=\"async\" alt=\"Lori Meyers - Cru\u00eflla Barcelona 2018\" class=\"aligncenter size-full wp-image-12142\" height=\"533\" src=\"http:\/\/indieofilo.com\/wp-content\/uploads\/2018\/07\/Lori_Meyers_Cruilla_Barcelona_2018.jpg\" width=\"800\" srcset=\"https:\/\/www.indieofilo.com\/wp-content\/uploads\/2018\/07\/Lori_Meyers_Cruilla_Barcelona_2018.jpg 800w, https:\/\/www.indieofilo.com\/wp-content\/uploads\/2018\/07\/Lori_Meyers_Cruilla_Barcelona_2018-300x200.jpg 300w, https:\/\/www.indieofilo.com\/wp-content\/uploads\/2018\/07\/Lori_Meyers_Cruilla_Barcelona_2018-768x512.jpg 768w\" sizes=\"(max-width: 800px) 100vw, 800px\" \/><\/p>\n<p style=\"text-align: center;\">\n\t<span style=\"font-size:10px;\"><strong>Lori Meyers<\/strong>, Festival Cru&iuml;lla 2018, Barcelona (13\/07\/2018)&nbsp;&#8211; Photo provided by the&nbsp;media department of&nbsp;Festival&nbsp;Cru&iuml;lla<\/span><\/p>\n<p style=\"text-align: justify;\">\n\tThe incredible concert of Prophets of Rage concert made it impossible for us to see the entire <strong>Lori Meyers<\/strong> show. The about 30 minutes we listened left us with a setlist and a show practically identical to the one we enjoyed&nbsp;at <a href=\"http:\/\/indieofilo.com\/gig-reviews\/festivals\/santander-music-2017-august-3-5-2017-santander?lang=en\" target=\"_self\" rel=\"noopener\">Santader Music 2017<\/a>, but this time with a <strong>weak&nbsp;overall strength in its sound<\/strong>. This loss of power meant that some songs like &quot;<em>Siempre Brilla el Sol<\/em>&quot; or &quot;<em>Mi Realidad<\/em>&quot; didn&#39;t have the clarity that <strong>Noni<\/strong> and his band are used to, <strong>but that didn&#39;t seem to matter much to an audience crazy about the band&#39;s greatest hits.<\/strong><\/p>\n","protected":false},"excerpt":{"rendered":"<p>After a first warm up day that was clearly won by Enrique Bunbury, Catalan&nbsp;Festival Cru&iuml;lla 2018&nbsp;open all the stages in&nbsp;a second day in which Prophets of Rage, N.E.R.D. or Lori Meyers, among others, stood out. Joan Daus&agrave;, Festival Cru&iuml;lla 2018, Barcelona (13\/07\/2018)&nbsp;&#8211; Photo provided by the&nbsp;media department of&nbsp;Festival&nbsp;Cru&iuml;lla The day began with Joan Daus&agrave; on [&hellip;]<\/p>\n","protected":false},"author":1,"featured_media":12141,"comment_status":"open","ping_status":"closed","sticky":false,"template":"","format":"standard","meta":{"footnotes":""},"categories":[33,7],"tags":[4961,5103,5101,5102,5108,5105,5104,5107,5100,5106,5109],"class_list":["post-12144","post","type-post","status-publish","format-standard","has-post-thumbnail","hentry","category-festivals","category-gig-reviews","tag-barcelona-en","tag-cruilla-en","tag-cruilla-2018-en","tag-festival-cruilla-en","tag-festival-cruilla-2018-en","tag-gilberto-gil-en","tag-joan-dausa-en","tag-lori-meyers-en","tag-n-e-r-d-en","tag-pharrell-williams-en","tag-prophets-of-rage-en"],"yoast_head":"<!-- This site is optimized with the Yoast SEO Premium plugin v23.9 (Yoast SEO v26.6) - https:\/\/yoast.com\/wordpress\/plugins\/seo\/ -->\n<title>Cru\u00eflla 2018 \u2013 July, 13 2018 (Parc del Forum \u2013 Barcelona) - Indie\u00f3filo<\/title>\n<meta name=\"description\" content=\"Live review of the second day of Spanish Festival Cru\u00eflla 2018 that had Prophets of Rage, N.E.R.D., Gilberto Gil, Kygo or Lori Meyers as main names.\" \/>\n<meta name=\"robots\" content=\"index, follow, max-snippet:-1, max-image-preview:large, max-video-preview:-1\" \/>\n<link rel=\"canonical\" href=\"https:\/\/www.indieofilo.com\/en\/gig-reviews\/cruilla-2018-july-13-2018-parc-del-forum-barcelona\" \/>\n<meta property=\"og:locale\" content=\"en_US\" \/>\n<meta property=\"og:type\" content=\"article\" \/>\n<meta property=\"og:title\" content=\"Cru\u00eflla 2018 \u2013 July, 13 2018 (Parc del Forum \u2013 Barcelona)\" \/>\n<meta property=\"og:description\" content=\"Live review of the second day of Spanish Festival Cru\u00eflla 2018 that had Prophets of Rage, N.E.R.D., Gilberto Gil, Kygo or Lori Meyers as main names.\" \/>\n<meta property=\"og:url\" content=\"https:\/\/www.indieofilo.com\/en\/gig-reviews\/cruilla-2018-july-13-2018-parc-del-forum-barcelona\" \/>\n<meta property=\"og:site_name\" content=\"Indie\u00f3filo\" \/>\n<meta property=\"article:publisher\" content=\"https:\/\/www.facebook.com\/Indieofilo\/\" \/>\n<meta property=\"article:published_time\" content=\"2018-07-14T16:45:29+00:00\" \/>\n<meta property=\"article:modified_time\" content=\"2023-08-30T20:57:11+00:00\" \/>\n<meta property=\"og:image\" content=\"https:\/\/www.indieofilo.com\/wp-content\/uploads\/2018\/07\/Prophets_of_rage_Cruilla_Barcelona_2018.jpg\" \/>\n\t<meta property=\"og:image:width\" content=\"800\" \/>\n\t<meta property=\"og:image:height\" content=\"533\" \/>\n\t<meta property=\"og:image:type\" content=\"image\/jpeg\" \/>\n<meta name=\"author\" content=\"Victor\" \/>\n<meta name=\"twitter:card\" content=\"summary_large_image\" \/>\n<meta name=\"twitter:creator\" content=\"@indieofilo\" \/>\n<meta name=\"twitter:site\" content=\"@indieofilo\" \/>\n<meta name=\"twitter:label1\" content=\"Written by\" \/>\n\t<meta name=\"twitter:data1\" content=\"Victor\" \/>\n\t<meta name=\"twitter:label2\" content=\"Est. reading time\" \/>\n\t<meta name=\"twitter:data2\" content=\"6 minutes\" \/>\n<script type=\"application\/ld+json\" class=\"yoast-schema-graph\">{\"@context\":\"https:\/\/schema.org\",\"@graph\":[{\"@type\":\"Article\",\"@id\":\"https:\/\/www.indieofilo.com\/en\/gig-reviews\/cruilla-2018-july-13-2018-parc-del-forum-barcelona#article\",\"isPartOf\":{\"@id\":\"https:\/\/www.indieofilo.com\/en\/gig-reviews\/cruilla-2018-july-13-2018-parc-del-forum-barcelona\"},\"author\":{\"name\":\"Victor\",\"@id\":\"https:\/\/www.indieofilo.com\/#\/schema\/person\/595334d38590e4ce5a09f83cbf2fca90\"},\"headline\":\"Cru\u00eflla 2018 \u2013 July, 13 2018 (Parc del Forum \u2013 Barcelona)\",\"datePublished\":\"2018-07-14T16:45:29+00:00\",\"dateModified\":\"2023-08-30T20:57:11+00:00\",\"mainEntityOfPage\":{\"@id\":\"https:\/\/www.indieofilo.com\/en\/gig-reviews\/cruilla-2018-july-13-2018-parc-del-forum-barcelona\"},\"wordCount\":1108,\"commentCount\":0,\"publisher\":{\"@id\":\"https:\/\/www.indieofilo.com\/#organization\"},\"image\":{\"@id\":\"https:\/\/www.indieofilo.com\/en\/gig-reviews\/cruilla-2018-july-13-2018-parc-del-forum-barcelona#primaryimage\"},\"thumbnailUrl\":\"https:\/\/www.indieofilo.com\/wp-content\/uploads\/2018\/07\/Prophets_of_rage_Cruilla_Barcelona_2018.jpg\",\"keywords\":[\"Barcelona\",\"Cru\u00eflla\",\"Cru\u00eflla 2018\",\"Festival Cru\u00eflla\",\"Festival Cru\u00eflla 2018\",\"Gilberto Gil\",\"Joan Daus\u00e0\",\"Lori Meyers\",\"N.E.R.D\",\"Pharrell Williams\",\"Prophets of Rage\"],\"articleSection\":[\"Festivals\",\"Gig Reviews\"],\"inLanguage\":\"en-US\",\"potentialAction\":[{\"@type\":\"CommentAction\",\"name\":\"Comment\",\"target\":[\"https:\/\/www.indieofilo.com\/en\/gig-reviews\/cruilla-2018-july-13-2018-parc-del-forum-barcelona#respond\"]}]},{\"@type\":\"WebPage\",\"@id\":\"https:\/\/www.indieofilo.com\/en\/gig-reviews\/cruilla-2018-july-13-2018-parc-del-forum-barcelona\",\"url\":\"https:\/\/www.indieofilo.com\/en\/gig-reviews\/cruilla-2018-july-13-2018-parc-del-forum-barcelona\",\"name\":\"Cru\u00eflla 2018 \u2013 July, 13 2018 (Parc del Forum \u2013 Barcelona) - Indie\u00f3filo\",\"isPartOf\":{\"@id\":\"https:\/\/www.indieofilo.com\/#website\"},\"primaryImageOfPage\":{\"@id\":\"https:\/\/www.indieofilo.com\/en\/gig-reviews\/cruilla-2018-july-13-2018-parc-del-forum-barcelona#primaryimage\"},\"image\":{\"@id\":\"https:\/\/www.indieofilo.com\/en\/gig-reviews\/cruilla-2018-july-13-2018-parc-del-forum-barcelona#primaryimage\"},\"thumbnailUrl\":\"https:\/\/www.indieofilo.com\/wp-content\/uploads\/2018\/07\/Prophets_of_rage_Cruilla_Barcelona_2018.jpg\",\"datePublished\":\"2018-07-14T16:45:29+00:00\",\"dateModified\":\"2023-08-30T20:57:11+00:00\",\"description\":\"Live review of the second day of Spanish Festival Cru\u00eflla 2018 that had Prophets of Rage, N.E.R.D., Gilberto Gil, Kygo or Lori Meyers as main names.\",\"breadcrumb\":{\"@id\":\"https:\/\/www.indieofilo.com\/en\/gig-reviews\/cruilla-2018-july-13-2018-parc-del-forum-barcelona#breadcrumb\"},\"inLanguage\":\"en-US\",\"potentialAction\":[{\"@type\":\"ReadAction\",\"target\":[\"https:\/\/www.indieofilo.com\/en\/gig-reviews\/cruilla-2018-july-13-2018-parc-del-forum-barcelona\"]}]},{\"@type\":\"ImageObject\",\"inLanguage\":\"en-US\",\"@id\":\"https:\/\/www.indieofilo.com\/en\/gig-reviews\/cruilla-2018-july-13-2018-parc-del-forum-barcelona#primaryimage\",\"url\":\"https:\/\/www.indieofilo.com\/wp-content\/uploads\/2018\/07\/Prophets_of_rage_Cruilla_Barcelona_2018.jpg\",\"contentUrl\":\"https:\/\/www.indieofilo.com\/wp-content\/uploads\/2018\/07\/Prophets_of_rage_Cruilla_Barcelona_2018.jpg\",\"width\":800,\"height\":533,\"caption\":\"Prophets of Rage - Cru\u00eflla Barcelona 2018\"},{\"@type\":\"BreadcrumbList\",\"@id\":\"https:\/\/www.indieofilo.com\/en\/gig-reviews\/cruilla-2018-july-13-2018-parc-del-forum-barcelona#breadcrumb\",\"itemListElement\":[{\"@type\":\"ListItem\",\"position\":1,\"name\":\"Portada\",\"item\":\"https:\/\/www.indieofilo.com\/en\"},{\"@type\":\"ListItem\",\"position\":2,\"name\":\"Cru\u00eflla 2018 \u2013 July, 13 2018 (Parc del Forum \u2013 Barcelona)\"}]},{\"@type\":\"WebSite\",\"@id\":\"https:\/\/www.indieofilo.com\/#website\",\"url\":\"https:\/\/www.indieofilo.com\/\",\"name\":\"Indie\u00f3filo\",\"description\":\"Magazine online de la cultura independiente\",\"publisher\":{\"@id\":\"https:\/\/www.indieofilo.com\/#organization\"},\"potentialAction\":[{\"@type\":\"SearchAction\",\"target\":{\"@type\":\"EntryPoint\",\"urlTemplate\":\"https:\/\/www.indieofilo.com\/?s={search_term_string}\"},\"query-input\":{\"@type\":\"PropertyValueSpecification\",\"valueRequired\":true,\"valueName\":\"search_term_string\"}}],\"inLanguage\":\"en-US\"},{\"@type\":\"Organization\",\"@id\":\"https:\/\/www.indieofilo.com\/#organization\",\"name\":\"Indie\u00f3filo Web\",\"url\":\"https:\/\/www.indieofilo.com\/\",\"logo\":{\"@type\":\"ImageObject\",\"inLanguage\":\"en-US\",\"@id\":\"https:\/\/www.indieofilo.com\/#\/schema\/logo\/image\/\",\"url\":\"https:\/\/www.indieofilo.com\/wp-content\/uploads\/2015\/02\/logo-alta-resolucion.png\",\"contentUrl\":\"https:\/\/www.indieofilo.com\/wp-content\/uploads\/2015\/02\/logo-alta-resolucion.png\",\"width\":544,\"height\":185,\"caption\":\"Indie\u00f3filo Web\"},\"image\":{\"@id\":\"https:\/\/www.indieofilo.com\/#\/schema\/logo\/image\/\"},\"sameAs\":[\"https:\/\/www.facebook.com\/Indieofilo\/\",\"https:\/\/x.com\/indieofilo\",\"https:\/\/www.instagram.com\/indieofilo\/\"]},{\"@type\":\"Person\",\"@id\":\"https:\/\/www.indieofilo.com\/#\/schema\/person\/595334d38590e4ce5a09f83cbf2fca90\",\"name\":\"Victor\",\"image\":{\"@type\":\"ImageObject\",\"inLanguage\":\"en-US\",\"@id\":\"https:\/\/www.indieofilo.com\/#\/schema\/person\/image\/\",\"url\":\"https:\/\/secure.gravatar.com\/avatar\/682b8c6ea3e94b6cffec683b25f1797d?s=96&d=mm&r=g\",\"contentUrl\":\"https:\/\/secure.gravatar.com\/avatar\/682b8c6ea3e94b6cffec683b25f1797d?s=96&d=mm&r=g\",\"caption\":\"Victor\"},\"description\":\"Fan\u00e1tico de la m\u00fasica desde que mis padres me pon\u00edan a Eydie Gorme y Los Panchos o el Discotuna por la A2. Intent\u00e9 tocar varios instrumentos, pero soy muy torpe con la mano izquierda, as\u00ed que ya sab\u00e9is el resultado final. Fan del britpop, Post-punk, el rugby y el baloncesto...\",\"sameAs\":[\"http:\/\/indieofilo.com\"],\"url\":\"https:\/\/www.indieofilo.com\/en\/author\/victor\"}]}<\/script>\n<!-- \/ Yoast SEO Premium plugin. -->","yoast_head_json":{"title":"Cru\u00eflla 2018 \u2013 July, 13 2018 (Parc del Forum \u2013 Barcelona) - Indie\u00f3filo","description":"Live review of the second day of Spanish Festival Cru\u00eflla 2018 that had Prophets of Rage, N.E.R.D., Gilberto Gil, Kygo or Lori Meyers as main names.","robots":{"index":"index","follow":"follow","max-snippet":"max-snippet:-1","max-image-preview":"max-image-preview:large","max-video-preview":"max-video-preview:-1"},"canonical":"https:\/\/www.indieofilo.com\/en\/gig-reviews\/cruilla-2018-july-13-2018-parc-del-forum-barcelona","og_locale":"en_US","og_type":"article","og_title":"Cru\u00eflla 2018 \u2013 July, 13 2018 (Parc del Forum \u2013 Barcelona)","og_description":"Live review of the second day of Spanish Festival Cru\u00eflla 2018 that had Prophets of Rage, N.E.R.D., Gilberto Gil, Kygo or Lori Meyers as main names.","og_url":"https:\/\/www.indieofilo.com\/en\/gig-reviews\/cruilla-2018-july-13-2018-parc-del-forum-barcelona","og_site_name":"Indie\u00f3filo","article_publisher":"https:\/\/www.facebook.com\/Indieofilo\/","article_published_time":"2018-07-14T16:45:29+00:00","article_modified_time":"2023-08-30T20:57:11+00:00","og_image":[{"width":800,"height":533,"url":"https:\/\/www.indieofilo.com\/wp-content\/uploads\/2018\/07\/Prophets_of_rage_Cruilla_Barcelona_2018.jpg","type":"image\/jpeg"}],"author":"Victor","twitter_card":"summary_large_image","twitter_creator":"@indieofilo","twitter_site":"@indieofilo","twitter_misc":{"Written by":"Victor","Est. reading time":"6 minutes"},"schema":{"@context":"https:\/\/schema.org","@graph":[{"@type":"Article","@id":"https:\/\/www.indieofilo.com\/en\/gig-reviews\/cruilla-2018-july-13-2018-parc-del-forum-barcelona#article","isPartOf":{"@id":"https:\/\/www.indieofilo.com\/en\/gig-reviews\/cruilla-2018-july-13-2018-parc-del-forum-barcelona"},"author":{"name":"Victor","@id":"https:\/\/www.indieofilo.com\/#\/schema\/person\/595334d38590e4ce5a09f83cbf2fca90"},"headline":"Cru\u00eflla 2018 \u2013 July, 13 2018 (Parc del Forum \u2013 Barcelona)","datePublished":"2018-07-14T16:45:29+00:00","dateModified":"2023-08-30T20:57:11+00:00","mainEntityOfPage":{"@id":"https:\/\/www.indieofilo.com\/en\/gig-reviews\/cruilla-2018-july-13-2018-parc-del-forum-barcelona"},"wordCount":1108,"commentCount":0,"publisher":{"@id":"https:\/\/www.indieofilo.com\/#organization"},"image":{"@id":"https:\/\/www.indieofilo.com\/en\/gig-reviews\/cruilla-2018-july-13-2018-parc-del-forum-barcelona#primaryimage"},"thumbnailUrl":"https:\/\/www.indieofilo.com\/wp-content\/uploads\/2018\/07\/Prophets_of_rage_Cruilla_Barcelona_2018.jpg","keywords":["Barcelona","Cru\u00eflla","Cru\u00eflla 2018","Festival Cru\u00eflla","Festival Cru\u00eflla 2018","Gilberto Gil","Joan Daus\u00e0","Lori Meyers","N.E.R.D","Pharrell Williams","Prophets of Rage"],"articleSection":["Festivals","Gig Reviews"],"inLanguage":"en-US","potentialAction":[{"@type":"CommentAction","name":"Comment","target":["https:\/\/www.indieofilo.com\/en\/gig-reviews\/cruilla-2018-july-13-2018-parc-del-forum-barcelona#respond"]}]},{"@type":"WebPage","@id":"https:\/\/www.indieofilo.com\/en\/gig-reviews\/cruilla-2018-july-13-2018-parc-del-forum-barcelona","url":"https:\/\/www.indieofilo.com\/en\/gig-reviews\/cruilla-2018-july-13-2018-parc-del-forum-barcelona","name":"Cru\u00eflla 2018 \u2013 July, 13 2018 (Parc del Forum \u2013 Barcelona) - Indie\u00f3filo","isPartOf":{"@id":"https:\/\/www.indieofilo.com\/#website"},"primaryImageOfPage":{"@id":"https:\/\/www.indieofilo.com\/en\/gig-reviews\/cruilla-2018-july-13-2018-parc-del-forum-barcelona#primaryimage"},"image":{"@id":"https:\/\/www.indieofilo.com\/en\/gig-reviews\/cruilla-2018-july-13-2018-parc-del-forum-barcelona#primaryimage"},"thumbnailUrl":"https:\/\/www.indieofilo.com\/wp-content\/uploads\/2018\/07\/Prophets_of_rage_Cruilla_Barcelona_2018.jpg","datePublished":"2018-07-14T16:45:29+00:00","dateModified":"2023-08-30T20:57:11+00:00","description":"Live review of the second day of Spanish Festival Cru\u00eflla 2018 that had Prophets of Rage, N.E.R.D., Gilberto Gil, Kygo or Lori Meyers as main names.","breadcrumb":{"@id":"https:\/\/www.indieofilo.com\/en\/gig-reviews\/cruilla-2018-july-13-2018-parc-del-forum-barcelona#breadcrumb"},"inLanguage":"en-US","potentialAction":[{"@type":"ReadAction","target":["https:\/\/www.indieofilo.com\/en\/gig-reviews\/cruilla-2018-july-13-2018-parc-del-forum-barcelona"]}]},{"@type":"ImageObject","inLanguage":"en-US","@id":"https:\/\/www.indieofilo.com\/en\/gig-reviews\/cruilla-2018-july-13-2018-parc-del-forum-barcelona#primaryimage","url":"https:\/\/www.indieofilo.com\/wp-content\/uploads\/2018\/07\/Prophets_of_rage_Cruilla_Barcelona_2018.jpg","contentUrl":"https:\/\/www.indieofilo.com\/wp-content\/uploads\/2018\/07\/Prophets_of_rage_Cruilla_Barcelona_2018.jpg","width":800,"height":533,"caption":"Prophets of Rage - Cru\u00eflla Barcelona 2018"},{"@type":"BreadcrumbList","@id":"https:\/\/www.indieofilo.com\/en\/gig-reviews\/cruilla-2018-july-13-2018-parc-del-forum-barcelona#breadcrumb","itemListElement":[{"@type":"ListItem","position":1,"name":"Portada","item":"https:\/\/www.indieofilo.com\/en"},{"@type":"ListItem","position":2,"name":"Cru\u00eflla 2018 \u2013 July, 13 2018 (Parc del Forum \u2013 Barcelona)"}]},{"@type":"WebSite","@id":"https:\/\/www.indieofilo.com\/#website","url":"https:\/\/www.indieofilo.com\/","name":"Indie\u00f3filo","description":"Magazine online de la cultura independiente","publisher":{"@id":"https:\/\/www.indieofilo.com\/#organization"},"potentialAction":[{"@type":"SearchAction","target":{"@type":"EntryPoint","urlTemplate":"https:\/\/www.indieofilo.com\/?s={search_term_string}"},"query-input":{"@type":"PropertyValueSpecification","valueRequired":true,"valueName":"search_term_string"}}],"inLanguage":"en-US"},{"@type":"Organization","@id":"https:\/\/www.indieofilo.com\/#organization","name":"Indie\u00f3filo Web","url":"https:\/\/www.indieofilo.com\/","logo":{"@type":"ImageObject","inLanguage":"en-US","@id":"https:\/\/www.indieofilo.com\/#\/schema\/logo\/image\/","url":"https:\/\/www.indieofilo.com\/wp-content\/uploads\/2015\/02\/logo-alta-resolucion.png","contentUrl":"https:\/\/www.indieofilo.com\/wp-content\/uploads\/2015\/02\/logo-alta-resolucion.png","width":544,"height":185,"caption":"Indie\u00f3filo Web"},"image":{"@id":"https:\/\/www.indieofilo.com\/#\/schema\/logo\/image\/"},"sameAs":["https:\/\/www.facebook.com\/Indieofilo\/","https:\/\/x.com\/indieofilo","https:\/\/www.instagram.com\/indieofilo\/"]},{"@type":"Person","@id":"https:\/\/www.indieofilo.com\/#\/schema\/person\/595334d38590e4ce5a09f83cbf2fca90","name":"Victor","image":{"@type":"ImageObject","inLanguage":"en-US","@id":"https:\/\/www.indieofilo.com\/#\/schema\/person\/image\/","url":"https:\/\/secure.gravatar.com\/avatar\/682b8c6ea3e94b6cffec683b25f1797d?s=96&d=mm&r=g","contentUrl":"https:\/\/secure.gravatar.com\/avatar\/682b8c6ea3e94b6cffec683b25f1797d?s=96&d=mm&r=g","caption":"Victor"},"description":"Fan\u00e1tico de la m\u00fasica desde que mis padres me pon\u00edan a Eydie Gorme y Los Panchos o el Discotuna por la A2. Intent\u00e9 tocar varios instrumentos, pero soy muy torpe con la mano izquierda, as\u00ed que ya sab\u00e9is el resultado final. Fan del britpop, Post-punk, el rugby y el baloncesto...","sameAs":["http:\/\/indieofilo.com"],"url":"https:\/\/www.indieofilo.com\/en\/author\/victor"}]}},"_links":{"self":[{"href":"https:\/\/www.indieofilo.com\/en\/wp-json\/wp\/v2\/posts\/12144","targetHints":{"allow":["GET"]}}],"collection":[{"href":"https:\/\/www.indieofilo.com\/en\/wp-json\/wp\/v2\/posts"}],"about":[{"href":"https:\/\/www.indieofilo.com\/en\/wp-json\/wp\/v2\/types\/post"}],"author":[{"embeddable":true,"href":"https:\/\/www.indieofilo.com\/en\/wp-json\/wp\/v2\/users\/1"}],"replies":[{"embeddable":true,"href":"https:\/\/www.indieofilo.com\/en\/wp-json\/wp\/v2\/comments?post=12144"}],"version-history":[{"count":0,"href":"https:\/\/www.indieofilo.com\/en\/wp-json\/wp\/v2\/posts\/12144\/revisions"}],"wp:featuredmedia":[{"embeddable":true,"href":"https:\/\/www.indieofilo.com\/en\/wp-json\/wp\/v2\/media\/12141"}],"wp:attachment":[{"href":"https:\/\/www.indieofilo.com\/en\/wp-json\/wp\/v2\/media?parent=12144"}],"wp:term":[{"taxonomy":"category","embeddable":true,"href":"https:\/\/www.indieofilo.com\/en\/wp-json\/wp\/v2\/categories?post=12144"},{"taxonomy":"post_tag","embeddable":true,"href":"https:\/\/www.indieofilo.com\/en\/wp-json\/wp\/v2\/tags?post=12144"}],"curies":[{"name":"wp","href":"https:\/\/api.w.org\/{rel}","templated":true}]}}