{"id":11760,"date":"2017-12-07T19:23:10","date_gmt":"2017-12-07T18:23:10","guid":{"rendered":"http:\/\/indieofilo.com\/?p=11760"},"modified":"2023-08-30T23:41:08","modified_gmt":"2023-08-30T21:41:08","slug":"the-killers-first-headliner-for-spanish-festival-fib-2018","status":"publish","type":"post","link":"https:\/\/www.indieofilo.com\/en\/news\/the-killers-first-headliner-for-spanish-festival-fib-2018","title":{"rendered":"The Killers, first headliner for Spanish Festival FIB 2018"},"content":{"rendered":"<p style=\"text-align: justify;\">\n\t<img fetchpriority=\"high\" decoding=\"async\" alt=\"FIB 2018 The Killers\" class=\"aligncenter size-full wp-image-11415\" height=\"600\" src=\"http:\/\/indieofilo.com\/wp-content\/uploads\/2017\/12\/FIB_2018_the_killers.jpg\" width=\"600\" srcset=\"https:\/\/www.indieofilo.com\/wp-content\/uploads\/2017\/12\/FIB_2018_the_killers.jpg 600w, https:\/\/www.indieofilo.com\/wp-content\/uploads\/2017\/12\/FIB_2018_the_killers-300x300.jpg 300w, https:\/\/www.indieofilo.com\/wp-content\/uploads\/2017\/12\/FIB_2018_the_killers-150x150.jpg 150w\" sizes=\"(max-width: 600px) 100vw, 600px\" \/><\/p>\n<p style=\"text-align: justify;\">\n\tAfter multiple confirmations by Mad Cool Festival, Bilbao BBK Live or Sonar, finally one of the bigger festivals in the history of Spain has announced the first name of its lineup. After a <a href=\"http:\/\/indieofilo.com\/gig-reviews\/festivals\/fib-2017-july-15th-2017-benicassim\">2017 edition in which we enjoyed Red Hot Chili Peppers, Foals, Biffy Clyro or Liam Gallagher<\/a>, thus returning to a glorious past, <strong>FIB 2018<\/strong> has just announced that the Americans <strong>The Killers<\/strong> will be the big headliner of this year&#39;s edition.<\/p>\n<p style=\"text-align: justify;\">\n\tTickets for the festival, which will be held from 19 to 22 July at the usual location at Benicassim, are on sale at a promotional price of 110&euro; + fees (including campsite expenses) until 14 December on the&nbsp;<a href=\"http:\/\/fiberfib.com\" target=\"_blank\" rel=\"noopener\">official website of the festival<\/a>.<\/p>\n","protected":false},"excerpt":{"rendered":"<p>After multiple confirmations by Mad Cool Festival, Bilbao BBK Live or Sonar, finally one of the bigger festivals in the history of Spain has announced the first name of its lineup. After a 2017 edition in which we enjoyed Red Hot Chili Peppers, Foals, Biffy Clyro or Liam Gallagher, thus returning to a glorious past, [&hellip;]<\/p>\n","protected":false},"author":1,"featured_media":24334,"comment_status":"open","ping_status":"closed","sticky":false,"template":"","format":"standard","meta":{"footnotes":""},"categories":[41,8],"tags":[5097,5085,5087],"class_list":["post-11760","post","type-post","status-publish","format-standard","has-post-thumbnail","hentry","category-live-shows","category-news","tag-fib-en","tag-fib-2018-en","tag-the-killers-en"],"yoast_head":"<!-- This site is optimized with the Yoast SEO Premium plugin v23.9 (Yoast SEO v26.6) - https:\/\/yoast.com\/wordpress\/plugins\/seo\/ -->\n<title>The Killers, first headliner for Spanish Festival FIB 2018 - Indie\u00f3filo<\/title>\n<meta name=\"description\" content=\"American band The Killers have just been announced as the big headliner of famous Spanish festival FIB 2018.\" \/>\n<meta name=\"robots\" content=\"index, follow, max-snippet:-1, max-image-preview:large, max-video-preview:-1\" \/>\n<link rel=\"canonical\" href=\"https:\/\/www.indieofilo.com\/en\/news\/the-killers-first-headliner-for-spanish-festival-fib-2018\" \/>\n<meta property=\"og:locale\" content=\"en_US\" \/>\n<meta property=\"og:type\" content=\"article\" \/>\n<meta property=\"og:title\" content=\"The Killers, first headliner for Spanish Festival FIB 2018\" \/>\n<meta property=\"og:description\" content=\"American band The Killers have just been announced as the big headliner of famous Spanish festival FIB 2018.\" \/>\n<meta property=\"og:url\" content=\"https:\/\/www.indieofilo.com\/en\/news\/the-killers-first-headliner-for-spanish-festival-fib-2018\" \/>\n<meta property=\"og:site_name\" content=\"Indie\u00f3filo\" \/>\n<meta property=\"article:publisher\" content=\"https:\/\/www.facebook.com\/Indieofilo\/\" \/>\n<meta property=\"article:published_time\" content=\"2017-12-07T18:23:10+00:00\" \/>\n<meta property=\"article:modified_time\" content=\"2023-08-30T21:41:08+00:00\" \/>\n<meta property=\"og:image\" content=\"https:\/\/www.indieofilo.com\/wp-content\/uploads\/2017\/12\/FIB_2018_the_killers.jpg\" \/>\n\t<meta property=\"og:image:width\" content=\"600\" \/>\n\t<meta property=\"og:image:height\" content=\"600\" \/>\n\t<meta property=\"og:image:type\" content=\"image\/jpeg\" \/>\n<meta name=\"author\" content=\"Victor\" \/>\n<meta name=\"twitter:card\" content=\"summary_large_image\" \/>\n<meta name=\"twitter:creator\" content=\"@indieofilo\" \/>\n<meta name=\"twitter:site\" content=\"@indieofilo\" \/>\n<meta name=\"twitter:label1\" content=\"Written by\" \/>\n\t<meta name=\"twitter:data1\" content=\"Victor\" \/>\n\t<meta name=\"twitter:label2\" content=\"Est. reading time\" \/>\n\t<meta name=\"twitter:data2\" content=\"1 minute\" \/>\n<script type=\"application\/ld+json\" class=\"yoast-schema-graph\">{\"@context\":\"https:\/\/schema.org\",\"@graph\":[{\"@type\":\"Article\",\"@id\":\"https:\/\/www.indieofilo.com\/en\/news\/the-killers-first-headliner-for-spanish-festival-fib-2018#article\",\"isPartOf\":{\"@id\":\"https:\/\/www.indieofilo.com\/en\/news\/the-killers-first-headliner-for-spanish-festival-fib-2018\"},\"author\":{\"name\":\"Victor\",\"@id\":\"https:\/\/www.indieofilo.com\/#\/schema\/person\/595334d38590e4ce5a09f83cbf2fca90\"},\"headline\":\"The Killers, first headliner for Spanish Festival FIB 2018\",\"datePublished\":\"2017-12-07T18:23:10+00:00\",\"dateModified\":\"2023-08-30T21:41:08+00:00\",\"mainEntityOfPage\":{\"@id\":\"https:\/\/www.indieofilo.com\/en\/news\/the-killers-first-headliner-for-spanish-festival-fib-2018\"},\"wordCount\":121,\"commentCount\":0,\"publisher\":{\"@id\":\"https:\/\/www.indieofilo.com\/#organization\"},\"image\":{\"@id\":\"https:\/\/www.indieofilo.com\/en\/news\/the-killers-first-headliner-for-spanish-festival-fib-2018#primaryimage\"},\"thumbnailUrl\":\"https:\/\/www.indieofilo.com\/wp-content\/uploads\/2017\/12\/FIB_2018_the_killers.jpg\",\"keywords\":[\"FIB\",\"FIB 2018\",\"The Killers\"],\"articleSection\":[\"Live Shows\",\"News\"],\"inLanguage\":\"en-US\",\"potentialAction\":[{\"@type\":\"CommentAction\",\"name\":\"Comment\",\"target\":[\"https:\/\/www.indieofilo.com\/en\/news\/the-killers-first-headliner-for-spanish-festival-fib-2018#respond\"]}]},{\"@type\":\"WebPage\",\"@id\":\"https:\/\/www.indieofilo.com\/en\/news\/the-killers-first-headliner-for-spanish-festival-fib-2018\",\"url\":\"https:\/\/www.indieofilo.com\/en\/news\/the-killers-first-headliner-for-spanish-festival-fib-2018\",\"name\":\"The Killers, first headliner for Spanish Festival FIB 2018 - Indie\u00f3filo\",\"isPartOf\":{\"@id\":\"https:\/\/www.indieofilo.com\/#website\"},\"primaryImageOfPage\":{\"@id\":\"https:\/\/www.indieofilo.com\/en\/news\/the-killers-first-headliner-for-spanish-festival-fib-2018#primaryimage\"},\"image\":{\"@id\":\"https:\/\/www.indieofilo.com\/en\/news\/the-killers-first-headliner-for-spanish-festival-fib-2018#primaryimage\"},\"thumbnailUrl\":\"https:\/\/www.indieofilo.com\/wp-content\/uploads\/2017\/12\/FIB_2018_the_killers.jpg\",\"datePublished\":\"2017-12-07T18:23:10+00:00\",\"dateModified\":\"2023-08-30T21:41:08+00:00\",\"description\":\"American band The Killers have just been announced as the big headliner of famous Spanish festival FIB 2018.\",\"breadcrumb\":{\"@id\":\"https:\/\/www.indieofilo.com\/en\/news\/the-killers-first-headliner-for-spanish-festival-fib-2018#breadcrumb\"},\"inLanguage\":\"en-US\",\"potentialAction\":[{\"@type\":\"ReadAction\",\"target\":[\"https:\/\/www.indieofilo.com\/en\/news\/the-killers-first-headliner-for-spanish-festival-fib-2018\"]}]},{\"@type\":\"ImageObject\",\"inLanguage\":\"en-US\",\"@id\":\"https:\/\/www.indieofilo.com\/en\/news\/the-killers-first-headliner-for-spanish-festival-fib-2018#primaryimage\",\"url\":\"https:\/\/www.indieofilo.com\/wp-content\/uploads\/2017\/12\/FIB_2018_the_killers.jpg\",\"contentUrl\":\"https:\/\/www.indieofilo.com\/wp-content\/uploads\/2017\/12\/FIB_2018_the_killers.jpg\",\"width\":600,\"height\":600},{\"@type\":\"BreadcrumbList\",\"@id\":\"https:\/\/www.indieofilo.com\/en\/news\/the-killers-first-headliner-for-spanish-festival-fib-2018#breadcrumb\",\"itemListElement\":[{\"@type\":\"ListItem\",\"position\":1,\"name\":\"Portada\",\"item\":\"https:\/\/www.indieofilo.com\/en\"},{\"@type\":\"ListItem\",\"position\":2,\"name\":\"The Killers, first headliner for Spanish Festival FIB 2018\"}]},{\"@type\":\"WebSite\",\"@id\":\"https:\/\/www.indieofilo.com\/#website\",\"url\":\"https:\/\/www.indieofilo.com\/\",\"name\":\"Indie\u00f3filo\",\"description\":\"Magazine online de la cultura independiente\",\"publisher\":{\"@id\":\"https:\/\/www.indieofilo.com\/#organization\"},\"potentialAction\":[{\"@type\":\"SearchAction\",\"target\":{\"@type\":\"EntryPoint\",\"urlTemplate\":\"https:\/\/www.indieofilo.com\/?s={search_term_string}\"},\"query-input\":{\"@type\":\"PropertyValueSpecification\",\"valueRequired\":true,\"valueName\":\"search_term_string\"}}],\"inLanguage\":\"en-US\"},{\"@type\":\"Organization\",\"@id\":\"https:\/\/www.indieofilo.com\/#organization\",\"name\":\"Indie\u00f3filo Web\",\"url\":\"https:\/\/www.indieofilo.com\/\",\"logo\":{\"@type\":\"ImageObject\",\"inLanguage\":\"en-US\",\"@id\":\"https:\/\/www.indieofilo.com\/#\/schema\/logo\/image\/\",\"url\":\"https:\/\/www.indieofilo.com\/wp-content\/uploads\/2015\/02\/logo-alta-resolucion.png\",\"contentUrl\":\"https:\/\/www.indieofilo.com\/wp-content\/uploads\/2015\/02\/logo-alta-resolucion.png\",\"width\":544,\"height\":185,\"caption\":\"Indie\u00f3filo Web\"},\"image\":{\"@id\":\"https:\/\/www.indieofilo.com\/#\/schema\/logo\/image\/\"},\"sameAs\":[\"https:\/\/www.facebook.com\/Indieofilo\/\",\"https:\/\/x.com\/indieofilo\",\"https:\/\/www.instagram.com\/indieofilo\/\"]},{\"@type\":\"Person\",\"@id\":\"https:\/\/www.indieofilo.com\/#\/schema\/person\/595334d38590e4ce5a09f83cbf2fca90\",\"name\":\"Victor\",\"image\":{\"@type\":\"ImageObject\",\"inLanguage\":\"en-US\",\"@id\":\"https:\/\/www.indieofilo.com\/#\/schema\/person\/image\/\",\"url\":\"https:\/\/secure.gravatar.com\/avatar\/682b8c6ea3e94b6cffec683b25f1797d?s=96&d=mm&r=g\",\"contentUrl\":\"https:\/\/secure.gravatar.com\/avatar\/682b8c6ea3e94b6cffec683b25f1797d?s=96&d=mm&r=g\",\"caption\":\"Victor\"},\"description\":\"Fan\u00e1tico de la m\u00fasica desde que mis padres me pon\u00edan a Eydie Gorme y Los Panchos o el Discotuna por la A2. Intent\u00e9 tocar varios instrumentos, pero soy muy torpe con la mano izquierda, as\u00ed que ya sab\u00e9is el resultado final. Fan del britpop, Post-punk, el rugby y el baloncesto...\",\"sameAs\":[\"http:\/\/indieofilo.com\"],\"url\":\"https:\/\/www.indieofilo.com\/en\/author\/victor\"}]}<\/script>\n<!-- \/ Yoast SEO Premium plugin. -->","yoast_head_json":{"title":"The Killers, first headliner for Spanish Festival FIB 2018 - Indie\u00f3filo","description":"American band The Killers have just been announced as the big headliner of famous Spanish festival FIB 2018.","robots":{"index":"index","follow":"follow","max-snippet":"max-snippet:-1","max-image-preview":"max-image-preview:large","max-video-preview":"max-video-preview:-1"},"canonical":"https:\/\/www.indieofilo.com\/en\/news\/the-killers-first-headliner-for-spanish-festival-fib-2018","og_locale":"en_US","og_type":"article","og_title":"The Killers, first headliner for Spanish Festival FIB 2018","og_description":"American band The Killers have just been announced as the big headliner of famous Spanish festival FIB 2018.","og_url":"https:\/\/www.indieofilo.com\/en\/news\/the-killers-first-headliner-for-spanish-festival-fib-2018","og_site_name":"Indie\u00f3filo","article_publisher":"https:\/\/www.facebook.com\/Indieofilo\/","article_published_time":"2017-12-07T18:23:10+00:00","article_modified_time":"2023-08-30T21:41:08+00:00","og_image":[{"width":600,"height":600,"url":"https:\/\/www.indieofilo.com\/wp-content\/uploads\/2017\/12\/FIB_2018_the_killers.jpg","type":"image\/jpeg"}],"author":"Victor","twitter_card":"summary_large_image","twitter_creator":"@indieofilo","twitter_site":"@indieofilo","twitter_misc":{"Written by":"Victor","Est. reading time":"1 minute"},"schema":{"@context":"https:\/\/schema.org","@graph":[{"@type":"Article","@id":"https:\/\/www.indieofilo.com\/en\/news\/the-killers-first-headliner-for-spanish-festival-fib-2018#article","isPartOf":{"@id":"https:\/\/www.indieofilo.com\/en\/news\/the-killers-first-headliner-for-spanish-festival-fib-2018"},"author":{"name":"Victor","@id":"https:\/\/www.indieofilo.com\/#\/schema\/person\/595334d38590e4ce5a09f83cbf2fca90"},"headline":"The Killers, first headliner for Spanish Festival FIB 2018","datePublished":"2017-12-07T18:23:10+00:00","dateModified":"2023-08-30T21:41:08+00:00","mainEntityOfPage":{"@id":"https:\/\/www.indieofilo.com\/en\/news\/the-killers-first-headliner-for-spanish-festival-fib-2018"},"wordCount":121,"commentCount":0,"publisher":{"@id":"https:\/\/www.indieofilo.com\/#organization"},"image":{"@id":"https:\/\/www.indieofilo.com\/en\/news\/the-killers-first-headliner-for-spanish-festival-fib-2018#primaryimage"},"thumbnailUrl":"https:\/\/www.indieofilo.com\/wp-content\/uploads\/2017\/12\/FIB_2018_the_killers.jpg","keywords":["FIB","FIB 2018","The Killers"],"articleSection":["Live Shows","News"],"inLanguage":"en-US","potentialAction":[{"@type":"CommentAction","name":"Comment","target":["https:\/\/www.indieofilo.com\/en\/news\/the-killers-first-headliner-for-spanish-festival-fib-2018#respond"]}]},{"@type":"WebPage","@id":"https:\/\/www.indieofilo.com\/en\/news\/the-killers-first-headliner-for-spanish-festival-fib-2018","url":"https:\/\/www.indieofilo.com\/en\/news\/the-killers-first-headliner-for-spanish-festival-fib-2018","name":"The Killers, first headliner for Spanish Festival FIB 2018 - Indie\u00f3filo","isPartOf":{"@id":"https:\/\/www.indieofilo.com\/#website"},"primaryImageOfPage":{"@id":"https:\/\/www.indieofilo.com\/en\/news\/the-killers-first-headliner-for-spanish-festival-fib-2018#primaryimage"},"image":{"@id":"https:\/\/www.indieofilo.com\/en\/news\/the-killers-first-headliner-for-spanish-festival-fib-2018#primaryimage"},"thumbnailUrl":"https:\/\/www.indieofilo.com\/wp-content\/uploads\/2017\/12\/FIB_2018_the_killers.jpg","datePublished":"2017-12-07T18:23:10+00:00","dateModified":"2023-08-30T21:41:08+00:00","description":"American band The Killers have just been announced as the big headliner of famous Spanish festival FIB 2018.","breadcrumb":{"@id":"https:\/\/www.indieofilo.com\/en\/news\/the-killers-first-headliner-for-spanish-festival-fib-2018#breadcrumb"},"inLanguage":"en-US","potentialAction":[{"@type":"ReadAction","target":["https:\/\/www.indieofilo.com\/en\/news\/the-killers-first-headliner-for-spanish-festival-fib-2018"]}]},{"@type":"ImageObject","inLanguage":"en-US","@id":"https:\/\/www.indieofilo.com\/en\/news\/the-killers-first-headliner-for-spanish-festival-fib-2018#primaryimage","url":"https:\/\/www.indieofilo.com\/wp-content\/uploads\/2017\/12\/FIB_2018_the_killers.jpg","contentUrl":"https:\/\/www.indieofilo.com\/wp-content\/uploads\/2017\/12\/FIB_2018_the_killers.jpg","width":600,"height":600},{"@type":"BreadcrumbList","@id":"https:\/\/www.indieofilo.com\/en\/news\/the-killers-first-headliner-for-spanish-festival-fib-2018#breadcrumb","itemListElement":[{"@type":"ListItem","position":1,"name":"Portada","item":"https:\/\/www.indieofilo.com\/en"},{"@type":"ListItem","position":2,"name":"The Killers, first headliner for Spanish Festival FIB 2018"}]},{"@type":"WebSite","@id":"https:\/\/www.indieofilo.com\/#website","url":"https:\/\/www.indieofilo.com\/","name":"Indie\u00f3filo","description":"Magazine online de la cultura independiente","publisher":{"@id":"https:\/\/www.indieofilo.com\/#organization"},"potentialAction":[{"@type":"SearchAction","target":{"@type":"EntryPoint","urlTemplate":"https:\/\/www.indieofilo.com\/?s={search_term_string}"},"query-input":{"@type":"PropertyValueSpecification","valueRequired":true,"valueName":"search_term_string"}}],"inLanguage":"en-US"},{"@type":"Organization","@id":"https:\/\/www.indieofilo.com\/#organization","name":"Indie\u00f3filo Web","url":"https:\/\/www.indieofilo.com\/","logo":{"@type":"ImageObject","inLanguage":"en-US","@id":"https:\/\/www.indieofilo.com\/#\/schema\/logo\/image\/","url":"https:\/\/www.indieofilo.com\/wp-content\/uploads\/2015\/02\/logo-alta-resolucion.png","contentUrl":"https:\/\/www.indieofilo.com\/wp-content\/uploads\/2015\/02\/logo-alta-resolucion.png","width":544,"height":185,"caption":"Indie\u00f3filo Web"},"image":{"@id":"https:\/\/www.indieofilo.com\/#\/schema\/logo\/image\/"},"sameAs":["https:\/\/www.facebook.com\/Indieofilo\/","https:\/\/x.com\/indieofilo","https:\/\/www.instagram.com\/indieofilo\/"]},{"@type":"Person","@id":"https:\/\/www.indieofilo.com\/#\/schema\/person\/595334d38590e4ce5a09f83cbf2fca90","name":"Victor","image":{"@type":"ImageObject","inLanguage":"en-US","@id":"https:\/\/www.indieofilo.com\/#\/schema\/person\/image\/","url":"https:\/\/secure.gravatar.com\/avatar\/682b8c6ea3e94b6cffec683b25f1797d?s=96&d=mm&r=g","contentUrl":"https:\/\/secure.gravatar.com\/avatar\/682b8c6ea3e94b6cffec683b25f1797d?s=96&d=mm&r=g","caption":"Victor"},"description":"Fan\u00e1tico de la m\u00fasica desde que mis padres me pon\u00edan a Eydie Gorme y Los Panchos o el Discotuna por la A2. Intent\u00e9 tocar varios instrumentos, pero soy muy torpe con la mano izquierda, as\u00ed que ya sab\u00e9is el resultado final. Fan del britpop, Post-punk, el rugby y el baloncesto...","sameAs":["http:\/\/indieofilo.com"],"url":"https:\/\/www.indieofilo.com\/en\/author\/victor"}]}},"_links":{"self":[{"href":"https:\/\/www.indieofilo.com\/en\/wp-json\/wp\/v2\/posts\/11760","targetHints":{"allow":["GET"]}}],"collection":[{"href":"https:\/\/www.indieofilo.com\/en\/wp-json\/wp\/v2\/posts"}],"about":[{"href":"https:\/\/www.indieofilo.com\/en\/wp-json\/wp\/v2\/types\/post"}],"author":[{"embeddable":true,"href":"https:\/\/www.indieofilo.com\/en\/wp-json\/wp\/v2\/users\/1"}],"replies":[{"embeddable":true,"href":"https:\/\/www.indieofilo.com\/en\/wp-json\/wp\/v2\/comments?post=11760"}],"version-history":[{"count":0,"href":"https:\/\/www.indieofilo.com\/en\/wp-json\/wp\/v2\/posts\/11760\/revisions"}],"wp:featuredmedia":[{"embeddable":true,"href":"https:\/\/www.indieofilo.com\/en\/wp-json\/wp\/v2\/media\/24334"}],"wp:attachment":[{"href":"https:\/\/www.indieofilo.com\/en\/wp-json\/wp\/v2\/media?parent=11760"}],"wp:term":[{"taxonomy":"category","embeddable":true,"href":"https:\/\/www.indieofilo.com\/en\/wp-json\/wp\/v2\/categories?post=11760"},{"taxonomy":"post_tag","embeddable":true,"href":"https:\/\/www.indieofilo.com\/en\/wp-json\/wp\/v2\/tags?post=11760"}],"curies":[{"name":"wp","href":"https:\/\/api.w.org\/{rel}","templated":true}]}}