{"id":11538,"date":"2018-04-22T12:19:44","date_gmt":"2018-04-22T10:19:44","guid":{"rendered":"http:\/\/indieofilo.com\/?p=11538"},"modified":"2023-08-30T22:59:51","modified_gmt":"2023-08-30T20:59:51","slug":"arcade-fire-april-21-2018-palau-sant-jordi-barcelona","status":"publish","type":"post","link":"https:\/\/www.indieofilo.com\/en\/gig-reviews\/rooms\/arcade-fire-april-21-2018-palau-sant-jordi-barcelona","title":{"rendered":"Arcade Fire \u2013 April 21, 2018 (Palau Sant Jordi \u2013 Barcelona)"},"content":{"rendered":"<p style=\"text-align: justify;\">\n\tCanadians <strong>Arcade Fire<\/strong> came back to Barcelona just <a href=\"http:\/\/indieofilo.com\/gig-reviews\/festivals\/primavera-sound-2017-june-3rd-2017-barcelona?lang=en\" target=\"_self\" rel=\"noopener\">one year after presenting worldwide their latest album <em>Everything Now<\/em> (2017) at Primavera Sound 2017 Festival<\/a>. If on that occasion the two shows at &nbsp;Barcelona&rsquo;s festival left us with a somewhat bitter aftertaste, <strong>the concert before a Palau Sant Jordi with almost 80% attendance from the band led by the brothers Butler and R&eacute;gine Chassagne was an absolute success that showed why Arcade Fire is the greatest band of the indie scene.<\/strong><\/p>\n<p>\t<img fetchpriority=\"high\" decoding=\"async\" alt=\"Arcade Fire Barcelona 2018\" class=\"aligncenter size-full wp-image-11536\" height=\"533\" src=\"http:\/\/indieofilo.com\/wp-content\/uploads\/2018\/04\/Arcade-Fire_Barcelona_2018.jpg\" width=\"800\" srcset=\"https:\/\/www.indieofilo.com\/wp-content\/uploads\/2018\/04\/Arcade-Fire_Barcelona_2018.jpg 800w, https:\/\/www.indieofilo.com\/wp-content\/uploads\/2018\/04\/Arcade-Fire_Barcelona_2018-300x200.jpg 300w, https:\/\/www.indieofilo.com\/wp-content\/uploads\/2018\/04\/Arcade-Fire_Barcelona_2018-768x512.jpg 768w\" sizes=\"(max-width: 800px) 100vw, 800px\" \/><\/p>\n<p style=\"text-align: center;\">\n\t<span style=\"font-size:10px;\"><strong>Arcade Fire<\/strong>, Barcelona April 21, 2018 &#8211; Photo made by Rosario Lopez provided by Live Nation Spain<\/span>&nbsp;<\/p>\n<p style=\"text-align: justify;\">\n\tWith an arrival in style, as if it were a great evening of boxing, the Montreal band went out through a side entrance of Sant Jordi Arena, after a walkabout crossing the ring, arriving at a square stage that simulated a boxing ring. <strong>With the help of spectacular lighting set and a staging that is accessible to a few (U2, Coldplay&#8230;) in which a part of the circular stage and the continuous changes of instruments among the members of the group stood out, the beginning of the concert take no prisoners with the concatenation of &quot;<em>Everything Now<\/em>&quot;, &quot;<em>Rebellion (Lies)<\/em>&quot;. &quot;<em>Here Comes the Night Time<\/em>&quot; or &quot;<em>No Cars Go<\/em>&quot;<\/strong>.<\/p>\n<p style=\"text-align: justify;\">\n\tAfter them, &quot;<em>Put Your Money on Me<\/em>&quot; stood out among the excessively slow &quot;<em>Electric Blue<\/em>&quot; and &quot;<em>It&#39;s Never Over (Oh Orpheus)<\/em>&quot;, although the madness would be unleashed again when were played &quot;<em>Neighborhood # 4 (7 Kettles)<\/em>&quot;, &quot;<em>Neighborhood # 2 (Laika)<\/em>&quot; and &quot;<em>Neighborhood # 1 (Tunnels)<\/em>&quot;. From here, there was no time for a new break, with <strong>R&eacute;gine Chassagne singing from the audience some themes, several members of the band playing instruments from the ring or a variety of lights<\/strong> that fit perfectly with songs of the caliber of &quot;<em>The Suburbs<\/em>&quot;, &quot;<em>Ready to Start<\/em>&quot;, &quot;<em>Sprawl II (Mountains Beyond Mountains)<\/em>&quot;, &quot;<em>Reflektor<\/em>&quot; or &quot;<em>Afterlife<\/em>&quot;, leaving as the only objection the low volume of <strong>Sarah Neufeld<\/strong>&#39;s violin, which disappeared continuously among the multiple sound layers proposed by the Canadians.<\/p>\n<p style=\"text-align: justify;\">\n\t&quot;<em>Creature Comfort<\/em>&quot; proved to be the strongest theme of their latest album, while &quot;<em>We Don&#39;t Deserve Love<\/em>&quot; was the biggest downfall of the concert as incomprehensible first encore. With the help of the <strong>Preservation Hall Jazz Band<\/strong>, &quot;<em>Everything Now<\/em>&quot; would reach new nuances just before closing the concert in style with the messianic &quot;<em>Wake Up<\/em>&quot;, choreographed in unison by an excited Sant Jordi Arena who said goodbye the artists with a sonorous applause after more than two hours of concert. The Canadians, in an all-night keynote, returned that gratitude as they left the arena walking until the same door where they had started the concert with a closeness and attention to the audience difficult to see today in a band of their importance.<\/p>\n<p style=\"text-align: justify;\">\n\tSo, <strong>sticking out concert of Arcade Fire, which cleared any doubt about their current level by offering a colorful show full of nuances both in the musical and in the scenography, after what is perhaps the weakness record of their discography<\/strong>. Despite a few small bumps in the setlist, it is difficult not to <strong>have the feeling of enjoying something unique<\/strong> for which it is worth paying the high price of entry, in addition to confirm that despite the criticism that <em>Everything Now<\/em> (2017) has received, the selection of tracks from this last album that they include in a already magnificent setlist is not out of place at all, providing even a bouncy dance touch.<\/p>\n","protected":false},"excerpt":{"rendered":"<p>Canadians Arcade Fire came back to Barcelona just one year after presenting worldwide their latest album Everything Now (2017) at Primavera Sound 2017 Festival. If on that occasion the two shows at &nbsp;Barcelona&rsquo;s festival left us with a somewhat bitter aftertaste, the concert before a Palau Sant Jordi with almost 80% attendance from the band [&hellip;]<\/p>\n","protected":false},"author":1,"featured_media":11536,"comment_status":"open","ping_status":"closed","sticky":false,"template":"","format":"standard","meta":{"footnotes":""},"categories":[7,15],"tags":[5143,4961,4980],"class_list":["post-11538","post","type-post","status-publish","format-standard","has-post-thumbnail","hentry","category-gig-reviews","category-rooms","tag-arcade-fire-en","tag-barcelona-en","tag-live-nation-en"],"yoast_head":"<!-- This site is optimized with the Yoast SEO Premium plugin v23.9 (Yoast SEO v26.6) - https:\/\/yoast.com\/wordpress\/plugins\/seo\/ -->\n<title>Arcade Fire \u2013 April 21, 2018 (Palau Sant Jordi \u2013 Barcelona) - Indie\u00f3filo<\/title>\n<meta name=\"description\" content=\"Live review of the concert that Arcade Fire gave at Palau Sant Jordi in Barcelona in April 2018 as part of &quot;Everything Now&quot; Tour.\" \/>\n<meta name=\"robots\" content=\"index, follow, max-snippet:-1, max-image-preview:large, max-video-preview:-1\" \/>\n<link rel=\"canonical\" href=\"https:\/\/www.indieofilo.com\/en\/gig-reviews\/arcade-fire-april-21-2018-palau-sant-jordi-barcelona\" \/>\n<meta property=\"og:locale\" content=\"en_US\" \/>\n<meta property=\"og:type\" content=\"article\" \/>\n<meta property=\"og:title\" content=\"Arcade Fire \u2013 April 21, 2018 (Palau Sant Jordi \u2013 Barcelona)\" \/>\n<meta property=\"og:description\" content=\"Live review of the concert that Arcade Fire gave at Palau Sant Jordi in Barcelona in April 2018 as part of &quot;Everything Now&quot; Tour.\" \/>\n<meta property=\"og:url\" content=\"https:\/\/www.indieofilo.com\/en\/gig-reviews\/arcade-fire-april-21-2018-palau-sant-jordi-barcelona\" \/>\n<meta property=\"og:site_name\" content=\"Indie\u00f3filo\" \/>\n<meta property=\"article:publisher\" content=\"https:\/\/www.facebook.com\/Indieofilo\/\" \/>\n<meta property=\"article:published_time\" content=\"2018-04-22T10:19:44+00:00\" \/>\n<meta property=\"article:modified_time\" content=\"2023-08-30T20:59:51+00:00\" \/>\n<meta property=\"og:image\" content=\"https:\/\/www.indieofilo.com\/wp-content\/uploads\/2018\/04\/Arcade-Fire_Barcelona_2018.jpg\" \/>\n\t<meta property=\"og:image:width\" content=\"800\" \/>\n\t<meta property=\"og:image:height\" content=\"533\" \/>\n\t<meta property=\"og:image:type\" content=\"image\/jpeg\" \/>\n<meta name=\"author\" content=\"Victor\" \/>\n<meta name=\"twitter:card\" content=\"summary_large_image\" \/>\n<meta name=\"twitter:creator\" content=\"@indieofilo\" \/>\n<meta name=\"twitter:site\" content=\"@indieofilo\" \/>\n<meta name=\"twitter:label1\" content=\"Written by\" \/>\n\t<meta name=\"twitter:data1\" content=\"Victor\" \/>\n\t<meta name=\"twitter:label2\" content=\"Est. reading time\" \/>\n\t<meta name=\"twitter:data2\" content=\"3 minutes\" \/>\n<script type=\"application\/ld+json\" class=\"yoast-schema-graph\">{\"@context\":\"https:\/\/schema.org\",\"@graph\":[{\"@type\":\"Article\",\"@id\":\"https:\/\/www.indieofilo.com\/en\/gig-reviews\/arcade-fire-april-21-2018-palau-sant-jordi-barcelona#article\",\"isPartOf\":{\"@id\":\"https:\/\/www.indieofilo.com\/en\/gig-reviews\/arcade-fire-april-21-2018-palau-sant-jordi-barcelona\"},\"author\":{\"name\":\"Victor\",\"@id\":\"https:\/\/www.indieofilo.com\/#\/schema\/person\/595334d38590e4ce5a09f83cbf2fca90\"},\"headline\":\"Arcade Fire \u2013 April 21, 2018 (Palau Sant Jordi \u2013 Barcelona)\",\"datePublished\":\"2018-04-22T10:19:44+00:00\",\"dateModified\":\"2023-08-30T20:59:51+00:00\",\"mainEntityOfPage\":{\"@id\":\"https:\/\/www.indieofilo.com\/en\/gig-reviews\/arcade-fire-april-21-2018-palau-sant-jordi-barcelona\"},\"wordCount\":611,\"commentCount\":0,\"publisher\":{\"@id\":\"https:\/\/www.indieofilo.com\/#organization\"},\"image\":{\"@id\":\"https:\/\/www.indieofilo.com\/en\/gig-reviews\/arcade-fire-april-21-2018-palau-sant-jordi-barcelona#primaryimage\"},\"thumbnailUrl\":\"https:\/\/www.indieofilo.com\/wp-content\/uploads\/2018\/04\/Arcade-Fire_Barcelona_2018.jpg\",\"keywords\":[\"Arcade Fire\",\"Barcelona\",\"Live Nation\"],\"articleSection\":[\"Gig Reviews\",\"Rooms\"],\"inLanguage\":\"en-US\",\"potentialAction\":[{\"@type\":\"CommentAction\",\"name\":\"Comment\",\"target\":[\"https:\/\/www.indieofilo.com\/en\/gig-reviews\/arcade-fire-april-21-2018-palau-sant-jordi-barcelona#respond\"]}]},{\"@type\":\"WebPage\",\"@id\":\"https:\/\/www.indieofilo.com\/en\/gig-reviews\/arcade-fire-april-21-2018-palau-sant-jordi-barcelona\",\"url\":\"https:\/\/www.indieofilo.com\/en\/gig-reviews\/arcade-fire-april-21-2018-palau-sant-jordi-barcelona\",\"name\":\"Arcade Fire \u2013 April 21, 2018 (Palau Sant Jordi \u2013 Barcelona) - Indie\u00f3filo\",\"isPartOf\":{\"@id\":\"https:\/\/www.indieofilo.com\/#website\"},\"primaryImageOfPage\":{\"@id\":\"https:\/\/www.indieofilo.com\/en\/gig-reviews\/arcade-fire-april-21-2018-palau-sant-jordi-barcelona#primaryimage\"},\"image\":{\"@id\":\"https:\/\/www.indieofilo.com\/en\/gig-reviews\/arcade-fire-april-21-2018-palau-sant-jordi-barcelona#primaryimage\"},\"thumbnailUrl\":\"https:\/\/www.indieofilo.com\/wp-content\/uploads\/2018\/04\/Arcade-Fire_Barcelona_2018.jpg\",\"datePublished\":\"2018-04-22T10:19:44+00:00\",\"dateModified\":\"2023-08-30T20:59:51+00:00\",\"description\":\"Live review of the concert that Arcade Fire gave at Palau Sant Jordi in Barcelona in April 2018 as part of \\\"Everything Now\\\" Tour.\",\"breadcrumb\":{\"@id\":\"https:\/\/www.indieofilo.com\/en\/gig-reviews\/arcade-fire-april-21-2018-palau-sant-jordi-barcelona#breadcrumb\"},\"inLanguage\":\"en-US\",\"potentialAction\":[{\"@type\":\"ReadAction\",\"target\":[\"https:\/\/www.indieofilo.com\/en\/gig-reviews\/arcade-fire-april-21-2018-palau-sant-jordi-barcelona\"]}]},{\"@type\":\"ImageObject\",\"inLanguage\":\"en-US\",\"@id\":\"https:\/\/www.indieofilo.com\/en\/gig-reviews\/arcade-fire-april-21-2018-palau-sant-jordi-barcelona#primaryimage\",\"url\":\"https:\/\/www.indieofilo.com\/wp-content\/uploads\/2018\/04\/Arcade-Fire_Barcelona_2018.jpg\",\"contentUrl\":\"https:\/\/www.indieofilo.com\/wp-content\/uploads\/2018\/04\/Arcade-Fire_Barcelona_2018.jpg\",\"width\":800,\"height\":533,\"caption\":\"Arcade Fire Barcelona 2018\"},{\"@type\":\"BreadcrumbList\",\"@id\":\"https:\/\/www.indieofilo.com\/en\/gig-reviews\/arcade-fire-april-21-2018-palau-sant-jordi-barcelona#breadcrumb\",\"itemListElement\":[{\"@type\":\"ListItem\",\"position\":1,\"name\":\"Portada\",\"item\":\"https:\/\/www.indieofilo.com\/en\"},{\"@type\":\"ListItem\",\"position\":2,\"name\":\"Arcade Fire \u2013 April 21, 2018 (Palau Sant Jordi \u2013 Barcelona)\"}]},{\"@type\":\"WebSite\",\"@id\":\"https:\/\/www.indieofilo.com\/#website\",\"url\":\"https:\/\/www.indieofilo.com\/\",\"name\":\"Indie\u00f3filo\",\"description\":\"Magazine online de la cultura independiente\",\"publisher\":{\"@id\":\"https:\/\/www.indieofilo.com\/#organization\"},\"potentialAction\":[{\"@type\":\"SearchAction\",\"target\":{\"@type\":\"EntryPoint\",\"urlTemplate\":\"https:\/\/www.indieofilo.com\/?s={search_term_string}\"},\"query-input\":{\"@type\":\"PropertyValueSpecification\",\"valueRequired\":true,\"valueName\":\"search_term_string\"}}],\"inLanguage\":\"en-US\"},{\"@type\":\"Organization\",\"@id\":\"https:\/\/www.indieofilo.com\/#organization\",\"name\":\"Indie\u00f3filo Web\",\"url\":\"https:\/\/www.indieofilo.com\/\",\"logo\":{\"@type\":\"ImageObject\",\"inLanguage\":\"en-US\",\"@id\":\"https:\/\/www.indieofilo.com\/#\/schema\/logo\/image\/\",\"url\":\"https:\/\/www.indieofilo.com\/wp-content\/uploads\/2015\/02\/logo-alta-resolucion.png\",\"contentUrl\":\"https:\/\/www.indieofilo.com\/wp-content\/uploads\/2015\/02\/logo-alta-resolucion.png\",\"width\":544,\"height\":185,\"caption\":\"Indie\u00f3filo Web\"},\"image\":{\"@id\":\"https:\/\/www.indieofilo.com\/#\/schema\/logo\/image\/\"},\"sameAs\":[\"https:\/\/www.facebook.com\/Indieofilo\/\",\"https:\/\/x.com\/indieofilo\",\"https:\/\/www.instagram.com\/indieofilo\/\"]},{\"@type\":\"Person\",\"@id\":\"https:\/\/www.indieofilo.com\/#\/schema\/person\/595334d38590e4ce5a09f83cbf2fca90\",\"name\":\"Victor\",\"image\":{\"@type\":\"ImageObject\",\"inLanguage\":\"en-US\",\"@id\":\"https:\/\/www.indieofilo.com\/#\/schema\/person\/image\/\",\"url\":\"https:\/\/secure.gravatar.com\/avatar\/682b8c6ea3e94b6cffec683b25f1797d?s=96&d=mm&r=g\",\"contentUrl\":\"https:\/\/secure.gravatar.com\/avatar\/682b8c6ea3e94b6cffec683b25f1797d?s=96&d=mm&r=g\",\"caption\":\"Victor\"},\"description\":\"Fan\u00e1tico de la m\u00fasica desde que mis padres me pon\u00edan a Eydie Gorme y Los Panchos o el Discotuna por la A2. Intent\u00e9 tocar varios instrumentos, pero soy muy torpe con la mano izquierda, as\u00ed que ya sab\u00e9is el resultado final. Fan del britpop, Post-punk, el rugby y el baloncesto...\",\"sameAs\":[\"http:\/\/indieofilo.com\"],\"url\":\"https:\/\/www.indieofilo.com\/en\/author\/victor\"}]}<\/script>\n<!-- \/ Yoast SEO Premium plugin. -->","yoast_head_json":{"title":"Arcade Fire \u2013 April 21, 2018 (Palau Sant Jordi \u2013 Barcelona) - Indie\u00f3filo","description":"Live review of the concert that Arcade Fire gave at Palau Sant Jordi in Barcelona in April 2018 as part of \"Everything Now\" Tour.","robots":{"index":"index","follow":"follow","max-snippet":"max-snippet:-1","max-image-preview":"max-image-preview:large","max-video-preview":"max-video-preview:-1"},"canonical":"https:\/\/www.indieofilo.com\/en\/gig-reviews\/arcade-fire-april-21-2018-palau-sant-jordi-barcelona","og_locale":"en_US","og_type":"article","og_title":"Arcade Fire \u2013 April 21, 2018 (Palau Sant Jordi \u2013 Barcelona)","og_description":"Live review of the concert that Arcade Fire gave at Palau Sant Jordi in Barcelona in April 2018 as part of \"Everything Now\" Tour.","og_url":"https:\/\/www.indieofilo.com\/en\/gig-reviews\/arcade-fire-april-21-2018-palau-sant-jordi-barcelona","og_site_name":"Indie\u00f3filo","article_publisher":"https:\/\/www.facebook.com\/Indieofilo\/","article_published_time":"2018-04-22T10:19:44+00:00","article_modified_time":"2023-08-30T20:59:51+00:00","og_image":[{"width":800,"height":533,"url":"https:\/\/www.indieofilo.com\/wp-content\/uploads\/2018\/04\/Arcade-Fire_Barcelona_2018.jpg","type":"image\/jpeg"}],"author":"Victor","twitter_card":"summary_large_image","twitter_creator":"@indieofilo","twitter_site":"@indieofilo","twitter_misc":{"Written by":"Victor","Est. reading time":"3 minutes"},"schema":{"@context":"https:\/\/schema.org","@graph":[{"@type":"Article","@id":"https:\/\/www.indieofilo.com\/en\/gig-reviews\/arcade-fire-april-21-2018-palau-sant-jordi-barcelona#article","isPartOf":{"@id":"https:\/\/www.indieofilo.com\/en\/gig-reviews\/arcade-fire-april-21-2018-palau-sant-jordi-barcelona"},"author":{"name":"Victor","@id":"https:\/\/www.indieofilo.com\/#\/schema\/person\/595334d38590e4ce5a09f83cbf2fca90"},"headline":"Arcade Fire \u2013 April 21, 2018 (Palau Sant Jordi \u2013 Barcelona)","datePublished":"2018-04-22T10:19:44+00:00","dateModified":"2023-08-30T20:59:51+00:00","mainEntityOfPage":{"@id":"https:\/\/www.indieofilo.com\/en\/gig-reviews\/arcade-fire-april-21-2018-palau-sant-jordi-barcelona"},"wordCount":611,"commentCount":0,"publisher":{"@id":"https:\/\/www.indieofilo.com\/#organization"},"image":{"@id":"https:\/\/www.indieofilo.com\/en\/gig-reviews\/arcade-fire-april-21-2018-palau-sant-jordi-barcelona#primaryimage"},"thumbnailUrl":"https:\/\/www.indieofilo.com\/wp-content\/uploads\/2018\/04\/Arcade-Fire_Barcelona_2018.jpg","keywords":["Arcade Fire","Barcelona","Live Nation"],"articleSection":["Gig Reviews","Rooms"],"inLanguage":"en-US","potentialAction":[{"@type":"CommentAction","name":"Comment","target":["https:\/\/www.indieofilo.com\/en\/gig-reviews\/arcade-fire-april-21-2018-palau-sant-jordi-barcelona#respond"]}]},{"@type":"WebPage","@id":"https:\/\/www.indieofilo.com\/en\/gig-reviews\/arcade-fire-april-21-2018-palau-sant-jordi-barcelona","url":"https:\/\/www.indieofilo.com\/en\/gig-reviews\/arcade-fire-april-21-2018-palau-sant-jordi-barcelona","name":"Arcade Fire \u2013 April 21, 2018 (Palau Sant Jordi \u2013 Barcelona) - Indie\u00f3filo","isPartOf":{"@id":"https:\/\/www.indieofilo.com\/#website"},"primaryImageOfPage":{"@id":"https:\/\/www.indieofilo.com\/en\/gig-reviews\/arcade-fire-april-21-2018-palau-sant-jordi-barcelona#primaryimage"},"image":{"@id":"https:\/\/www.indieofilo.com\/en\/gig-reviews\/arcade-fire-april-21-2018-palau-sant-jordi-barcelona#primaryimage"},"thumbnailUrl":"https:\/\/www.indieofilo.com\/wp-content\/uploads\/2018\/04\/Arcade-Fire_Barcelona_2018.jpg","datePublished":"2018-04-22T10:19:44+00:00","dateModified":"2023-08-30T20:59:51+00:00","description":"Live review of the concert that Arcade Fire gave at Palau Sant Jordi in Barcelona in April 2018 as part of \"Everything Now\" Tour.","breadcrumb":{"@id":"https:\/\/www.indieofilo.com\/en\/gig-reviews\/arcade-fire-april-21-2018-palau-sant-jordi-barcelona#breadcrumb"},"inLanguage":"en-US","potentialAction":[{"@type":"ReadAction","target":["https:\/\/www.indieofilo.com\/en\/gig-reviews\/arcade-fire-april-21-2018-palau-sant-jordi-barcelona"]}]},{"@type":"ImageObject","inLanguage":"en-US","@id":"https:\/\/www.indieofilo.com\/en\/gig-reviews\/arcade-fire-april-21-2018-palau-sant-jordi-barcelona#primaryimage","url":"https:\/\/www.indieofilo.com\/wp-content\/uploads\/2018\/04\/Arcade-Fire_Barcelona_2018.jpg","contentUrl":"https:\/\/www.indieofilo.com\/wp-content\/uploads\/2018\/04\/Arcade-Fire_Barcelona_2018.jpg","width":800,"height":533,"caption":"Arcade Fire Barcelona 2018"},{"@type":"BreadcrumbList","@id":"https:\/\/www.indieofilo.com\/en\/gig-reviews\/arcade-fire-april-21-2018-palau-sant-jordi-barcelona#breadcrumb","itemListElement":[{"@type":"ListItem","position":1,"name":"Portada","item":"https:\/\/www.indieofilo.com\/en"},{"@type":"ListItem","position":2,"name":"Arcade Fire \u2013 April 21, 2018 (Palau Sant Jordi \u2013 Barcelona)"}]},{"@type":"WebSite","@id":"https:\/\/www.indieofilo.com\/#website","url":"https:\/\/www.indieofilo.com\/","name":"Indie\u00f3filo","description":"Magazine online de la cultura independiente","publisher":{"@id":"https:\/\/www.indieofilo.com\/#organization"},"potentialAction":[{"@type":"SearchAction","target":{"@type":"EntryPoint","urlTemplate":"https:\/\/www.indieofilo.com\/?s={search_term_string}"},"query-input":{"@type":"PropertyValueSpecification","valueRequired":true,"valueName":"search_term_string"}}],"inLanguage":"en-US"},{"@type":"Organization","@id":"https:\/\/www.indieofilo.com\/#organization","name":"Indie\u00f3filo Web","url":"https:\/\/www.indieofilo.com\/","logo":{"@type":"ImageObject","inLanguage":"en-US","@id":"https:\/\/www.indieofilo.com\/#\/schema\/logo\/image\/","url":"https:\/\/www.indieofilo.com\/wp-content\/uploads\/2015\/02\/logo-alta-resolucion.png","contentUrl":"https:\/\/www.indieofilo.com\/wp-content\/uploads\/2015\/02\/logo-alta-resolucion.png","width":544,"height":185,"caption":"Indie\u00f3filo Web"},"image":{"@id":"https:\/\/www.indieofilo.com\/#\/schema\/logo\/image\/"},"sameAs":["https:\/\/www.facebook.com\/Indieofilo\/","https:\/\/x.com\/indieofilo","https:\/\/www.instagram.com\/indieofilo\/"]},{"@type":"Person","@id":"https:\/\/www.indieofilo.com\/#\/schema\/person\/595334d38590e4ce5a09f83cbf2fca90","name":"Victor","image":{"@type":"ImageObject","inLanguage":"en-US","@id":"https:\/\/www.indieofilo.com\/#\/schema\/person\/image\/","url":"https:\/\/secure.gravatar.com\/avatar\/682b8c6ea3e94b6cffec683b25f1797d?s=96&d=mm&r=g","contentUrl":"https:\/\/secure.gravatar.com\/avatar\/682b8c6ea3e94b6cffec683b25f1797d?s=96&d=mm&r=g","caption":"Victor"},"description":"Fan\u00e1tico de la m\u00fasica desde que mis padres me pon\u00edan a Eydie Gorme y Los Panchos o el Discotuna por la A2. Intent\u00e9 tocar varios instrumentos, pero soy muy torpe con la mano izquierda, as\u00ed que ya sab\u00e9is el resultado final. Fan del britpop, Post-punk, el rugby y el baloncesto...","sameAs":["http:\/\/indieofilo.com"],"url":"https:\/\/www.indieofilo.com\/en\/author\/victor"}]}},"_links":{"self":[{"href":"https:\/\/www.indieofilo.com\/en\/wp-json\/wp\/v2\/posts\/11538","targetHints":{"allow":["GET"]}}],"collection":[{"href":"https:\/\/www.indieofilo.com\/en\/wp-json\/wp\/v2\/posts"}],"about":[{"href":"https:\/\/www.indieofilo.com\/en\/wp-json\/wp\/v2\/types\/post"}],"author":[{"embeddable":true,"href":"https:\/\/www.indieofilo.com\/en\/wp-json\/wp\/v2\/users\/1"}],"replies":[{"embeddable":true,"href":"https:\/\/www.indieofilo.com\/en\/wp-json\/wp\/v2\/comments?post=11538"}],"version-history":[{"count":0,"href":"https:\/\/www.indieofilo.com\/en\/wp-json\/wp\/v2\/posts\/11538\/revisions"}],"wp:featuredmedia":[{"embeddable":true,"href":"https:\/\/www.indieofilo.com\/en\/wp-json\/wp\/v2\/media\/11536"}],"wp:attachment":[{"href":"https:\/\/www.indieofilo.com\/en\/wp-json\/wp\/v2\/media?parent=11538"}],"wp:term":[{"taxonomy":"category","embeddable":true,"href":"https:\/\/www.indieofilo.com\/en\/wp-json\/wp\/v2\/categories?post=11538"},{"taxonomy":"post_tag","embeddable":true,"href":"https:\/\/www.indieofilo.com\/en\/wp-json\/wp\/v2\/tags?post=11538"}],"curies":[{"name":"wp","href":"https:\/\/api.w.org\/{rel}","templated":true}]}}