{"id":11486,"date":"2018-01-29T14:25:36","date_gmt":"2018-01-29T13:25:36","guid":{"rendered":"http:\/\/indieofilo.com\/?p=11486"},"modified":"2023-10-25T22:06:44","modified_gmt":"2023-10-25T20:06:44","slug":"primavera-sound-2018-lineup-analysis","status":"publish","type":"post","link":"https:\/\/www.indieofilo.com\/en\/news\/primavera-sound-2018-lineup-analysis","title":{"rendered":"Primavera Sound 2018 lineup analysis"},"content":{"rendered":"<p style=\"text-align: justify;\">\n\t<img fetchpriority=\"high\" decoding=\"async\" alt=\"Primavera sound 2018 logo\" class=\"aligncenter size-full wp-image-11474\" height=\"400\" src=\"http:\/\/indieofilo.com\/wp-content\/uploads\/2018\/01\/Primavera_sound_2018.jpg\" width=\"800\" srcset=\"https:\/\/www.indieofilo.com\/wp-content\/uploads\/2018\/01\/Primavera_sound_2018.jpg 800w, https:\/\/www.indieofilo.com\/wp-content\/uploads\/2018\/01\/Primavera_sound_2018-300x150.jpg 300w, https:\/\/www.indieofilo.com\/wp-content\/uploads\/2018\/01\/Primavera_sound_2018-768x384.jpg 768w\" sizes=\"(max-width: 800px) 100vw, 800px\" \/><\/p>\n<p style=\"text-align: justify;\">\n\tA few hours after <a href=\"http:\/\/indieofilo.com\/news\/live-shows\/primavera-sound-2018-lineup-uncovered\">knowing by surprise the lineup of the Primavera Sound 2018<\/a>, from Indie&oacute;filo editorial office we&#39;ve decide to analyze the bulk of it to review the reasons why this year it is worth to go back to the festival that will be held at Parc del Forum in Barcelona. It is clear that many of the bands have played on previous editions of the Catalan festival,<strong> but it is still a delight to be able to enjoy the likes of Nick Cave &amp; The Bad Seeds, Bj&ouml;rk, The National, Mogwai, Beach House, Spiritualized, Belle &amp; Sebastian, The War On Drugs, Grizzly Bear, Deerhunter, Father John Misty, The Breeders, Slowdive <\/strong>or <strong>Cigarettes After Sex<\/strong>, whose musical styles seem linked to the history of the festival. Outside of that independent style who marks teh main part of the lineup, <strong>surprises for good the incursion<\/strong> as headliner of the British <strong>Arctic Monkeys<\/strong>, maybe with a new album, who will represent the badly called new brit-pop scene, one of the styles that had historically been left out of Primavera in the form of consecrated bands, but that from the stellar presence of Pulp and Blur at the beginning of the decade seems to have reconciled with the festival.<\/p>\n<p style=\"text-align: justify;\">\n\t<img decoding=\"async\" alt=\"Down The Rabbit Hole 2016 - The National (5)\" class=\"aligncenter size-full wp-image-7028\" height=\"533\" src=\"http:\/\/indieofilo.com\/wp-content\/uploads\/2016\/07\/Down-The-Rabbit-Hole-2016-The-National-5.jpg\" width=\"800\" srcset=\"https:\/\/www.indieofilo.com\/wp-content\/uploads\/2016\/07\/Down-The-Rabbit-Hole-2016-The-National-5.jpg 800w, https:\/\/www.indieofilo.com\/wp-content\/uploads\/2016\/07\/Down-The-Rabbit-Hole-2016-The-National-5-300x200.jpg 300w, https:\/\/www.indieofilo.com\/wp-content\/uploads\/2016\/07\/Down-The-Rabbit-Hole-2016-The-National-5-768x512.jpg 768w\" sizes=\"(max-width: 800px) 100vw, 800px\" \/><\/p>\n<p style=\"text-align: center;\">\n\t<span style=\"font-size:10px;\"><strong>Matt Berninger, The National<\/strong> &#8211; Down The Rabbit Hole 2016 &#8211; Photo made by&nbsp;<strong>Esther Vicente Garcia<\/strong>&nbsp;for&nbsp;<strong>Indie&oacute;filo<sup>&copy;<\/sup><\/strong><\/span><\/p>\n<p style=\"text-align: justify;\">\n\tIn the same way, <strong>Primavera Sound has been one of the few Spanish festivals that have always bet on Hip-Hop and black music trends coming from the United States<\/strong>. This year the big bet about this subject will be <strong>Migos<\/strong>, confirmed as one of the big headliners because of being one of the spearheads of the trap movement that is give people plenty to talk about around the world. Next to them highlight 3 world-wide figures of the last decade like <strong>Vince Staples, Tyler, The Creator<\/strong> and <strong>A$AP Rocky<\/strong>, although we don&rsquo;t have to forget other names not so well-known for the great public like <strong>The Internet, Madlib, Kelela<\/strong> or <strong>The Blaze<\/strong>, with sounds closer to pop that tend to dazzle the masses.<\/p>\n<p style=\"text-align: justify;\">\n\t<img decoding=\"async\" alt=\"ASAP Rocky - Best Kept Secret Festival 2015 (1)\" class=\"aligncenter size-full wp-image-2542\" height=\"533\" src=\"http:\/\/indieofilo.com\/wp-content\/uploads\/2015\/06\/ASAP-Rocky-Best-Kept-Secret-Festival-2015-1.jpg\" width=\"800\" srcset=\"https:\/\/www.indieofilo.com\/wp-content\/uploads\/2015\/06\/ASAP-Rocky-Best-Kept-Secret-Festival-2015-1.jpg 800w, https:\/\/www.indieofilo.com\/wp-content\/uploads\/2015\/06\/ASAP-Rocky-Best-Kept-Secret-Festival-2015-1-300x200.jpg 300w, https:\/\/www.indieofilo.com\/wp-content\/uploads\/2015\/06\/ASAP-Rocky-Best-Kept-Secret-Festival-2015-1-768x512.jpg 768w\" sizes=\"(max-width: 800px) 100vw, 800px\" \/><\/p>\n<p style=\"text-align: center;\">\n\t<span style=\"font-size:10px;\"><strong>A$AP Rocky<\/strong> &#8211; Best Kept Secret Festival&nbsp;2016 &#8211; Photo made by&nbsp;<strong>Esther Vicente Garcia<\/strong>&nbsp;for&nbsp;<strong>Indie&oacute;filo<sup>&copy;<\/sup><\/strong><\/span><\/p>\n<p style=\"text-align: justify;\">\n\tIn the year of <em>#Metoo<\/em>, the Catalan festival also takes a step forward in <strong>the visibility of women<\/strong> and its quota of female artists increases not only in number but also in quality. With the Icelandic <strong>Bj&ouml;rk<\/strong> as a great name, <strong>Lorde<\/strong> will be the great representative of a new generation that also includes <strong>Haim, Warpaint, Fever Ray, CVRCHES, Ibeyi, Lykke Li, Waxahatchee,<\/strong> the local <strong>Bad Gyal<\/strong> or the less known <strong>Jlin, Sevdaliza<\/strong> or <strong>Vagabon<\/strong>. But without a doubt, the great women&rsquo;s moment of this edition will be the tribute that a legend of the song like the British <strong>Jane Birkin<\/strong> will do to Serge Gainsbourg along with an orchestra of up to fifty musicians.<\/p>\n<p style=\"text-align: justify;\">\n\t<img loading=\"lazy\" decoding=\"async\" alt=\"Warpaint - Lowlands 2016 (2)\" class=\"aligncenter size-full wp-image-8912\" height=\"533\" src=\"http:\/\/indieofilo.com\/wp-content\/uploads\/2016\/08\/Warpaint-Lowlands-2016-2.jpg\" width=\"800\" srcset=\"https:\/\/www.indieofilo.com\/wp-content\/uploads\/2016\/08\/Warpaint-Lowlands-2016-2.jpg 800w, https:\/\/www.indieofilo.com\/wp-content\/uploads\/2016\/08\/Warpaint-Lowlands-2016-2-300x200.jpg 300w, https:\/\/www.indieofilo.com\/wp-content\/uploads\/2016\/08\/Warpaint-Lowlands-2016-2-768x512.jpg 768w\" sizes=\"(max-width: 800px) 100vw, 800px\" \/><\/p>\n<p style=\"text-align: center;\">\n\t<span style=\"font-size:10px;\"><strong>Warpaint<\/strong> &#8211; Lowlands 2016 &#8211; Photo made by&nbsp;<strong>Esther Vicente Garcia<\/strong>&nbsp;for&nbsp;<strong>Indie&oacute;filo<sup>&copy;<\/sup><\/strong><\/span><\/p>\n<p style=\"text-align: justify;\">\n\tAnd in the last of the big branches that usually sustain the Primavera Sound, <strong>we can&rsquo;t forget about electronic music<\/strong>, with an expansion of scenarios Primavera Bits and names throughout the lineup of the likes of <strong>Arca, Four Tet, Daphni , Dave P., Floating Points<\/strong> and his long-awaited six-hour dj set, <strong>John Talabot, Joe Goddard<\/strong> or <strong>Lindstrom<\/strong>, thus maintaining a clear commitment to electronic music in a festival that in its early years in Poble Espanyol left a little aside these type of proposals.<\/p>\n<p style=\"text-align: justify;\">\n\t<img loading=\"lazy\" decoding=\"async\" alt=\"Floating Points - Pitch Festival 2016\" class=\"aligncenter size-full wp-image-7320\" height=\"533\" src=\"http:\/\/indieofilo.com\/wp-content\/uploads\/2016\/07\/Floating-Points-Pitch-Festival-2016-1.jpg\" width=\"800\" srcset=\"https:\/\/www.indieofilo.com\/wp-content\/uploads\/2016\/07\/Floating-Points-Pitch-Festival-2016-1.jpg 800w, https:\/\/www.indieofilo.com\/wp-content\/uploads\/2016\/07\/Floating-Points-Pitch-Festival-2016-1-300x200.jpg 300w, https:\/\/www.indieofilo.com\/wp-content\/uploads\/2016\/07\/Floating-Points-Pitch-Festival-2016-1-768x512.jpg 768w\" sizes=\"(max-width: 800px) 100vw, 800px\" \/><\/p>\n<p style=\"text-align: center;\">\n\t<span style=\"font-size:10px;\"><strong>Floating Points<\/strong> &#8211; Pitch Festival 2016 &#8211; Photo made by&nbsp;<strong>Esther Vicente Garcia<\/strong>&nbsp;for&nbsp;<strong>Indie&oacute;filo<sup>&copy;<\/sup><\/strong><\/span><\/p>\n<p style=\"text-align: justify;\">\n\tFrom here,<strong> Primavera Sound remains firm in approaching new proposals<\/strong> that use not to have big letters in lineups of these days but that surely will do it in the not too distant future. Among the new bands that will visit the Catalan city, from Indie&oacute;filo we recommend not to miss the concerts of <strong>Car Seat Headrest<\/strong> and <strong>(Sandy) Alex G<\/strong>, in addition to the Spanish proposals of <strong>Maria Arnal i Marcel Bag&egrave;s<\/strong> or <strong>Oso Leone<\/strong>. Special mention deserves the batch of bands that already <a href=\"http:\/\/indieofilo.com\/gig-reviews\/festivals\/primavera-club-2017-october-20-22-2017-sala-apolo-barcelona\" target=\"_self\" rel=\"noopener\">amazed us past Primavera Club<\/a> and who will now defend their proposals in the big festival as <strong>Gabriel Garz&oacute;n-Montano, Superorganism, Yellow Days<\/strong> or the Basque band <strong>Vulk<\/strong>.<\/p>\n<p style=\"text-align: justify;\">\n\t<img loading=\"lazy\" decoding=\"async\" alt=\"Primavera Club 2017 - Superorganism\" class=\"aligncenter size-full wp-image-10975\" height=\"533\" src=\"http:\/\/indieofilo.com\/wp-content\/uploads\/2017\/10\/Primavera_Club_2017-Superorganism_6.jpg\" width=\"800\" srcset=\"https:\/\/www.indieofilo.com\/wp-content\/uploads\/2017\/10\/Primavera_Club_2017-Superorganism_6.jpg 800w, https:\/\/www.indieofilo.com\/wp-content\/uploads\/2017\/10\/Primavera_Club_2017-Superorganism_6-300x200.jpg 300w, https:\/\/www.indieofilo.com\/wp-content\/uploads\/2017\/10\/Primavera_Club_2017-Superorganism_6-768x512.jpg 768w\" sizes=\"(max-width: 800px) 100vw, 800px\" \/><\/p>\n<p style=\"text-align: center;\">\n\t<span style=\"font-size:10px;\"><strong>Superorganism<\/strong>&nbsp;&#8211; Primavera Club 2017&nbsp;&#8211; Photo made by&nbsp;<strong>Esther Vicente Garcia<\/strong>&nbsp;for&nbsp;<strong>Indie&oacute;filo<sup>&copy;<\/sup><\/strong><\/span><\/p>\n<p style=\"text-align: justify;\">\n\t<meta charset=\"utf-8\" \/><b id=\"docs-internal-guid-a300603d-d7ac-f20a-d503-0948f9f5314f\">So, a new edition of Primavera Sound that for the reasons that we have exposed previously is presented as winning from the start, very balanced in what to the different styles is concerned and, in which despite a lower risk in the lineup that in previous editions, has everything necessary to be one of the best editions of the history of the festival.<\/b><\/p>\n","protected":false},"excerpt":{"rendered":"<p>A few hours after knowing by surprise the lineup of the Primavera Sound 2018, from Indie&oacute;filo editorial office we&#39;ve decide to analyze the bulk of it to review the reasons why this year it is worth to go back to the festival that will be held at Parc del Forum in Barcelona. It is clear [&hellip;]<\/p>\n","protected":false},"author":1,"featured_media":24390,"comment_status":"open","ping_status":"closed","sticky":false,"template":"","format":"standard","meta":{"footnotes":""},"categories":[41,8],"tags":[5049,5190,5117,5191,5089,5192,5193,5219,5194,5196,5197,5198,5199,5051,5200,5201,5202,5203,5204,5205,5206,5207,5208,5209,5123,4982,5133,5210,5127,5211,5212,5213,5214,5215,5131,5216,5217,5218],"class_list":["post-11486","post","type-post","status-publish","format-standard","has-post-thumbnail","hentry","category-live-shows","category-news","tag-aap-rocky-en","tag-arca-en","tag-arctic-monkeys-en","tag-beach-house-en","tag-belle-and-sebastian","tag-bjork-en","tag-car-seat-headrest-en","tag-chvrches-en","tag-cigarettes-after-sex-en","tag-daphni-en","tag-deerhunter-en","tag-father-john-misty-en","tag-fever-ray-en","tag-floating-points-en","tag-four-tet-en","tag-gabriel-garzon-montano-en","tag-grizzly-bear-en","tag-haim-en","tag-ibeyi-en","tag-joe-goddard-en","tag-john-talabot-en","tag-lykke-li-en","tag-migos-en","tag-mogwai-en","tag-nick-cave-the-bad-seeds-en","tag-primavera-sound-en","tag-primavera-sound-2018-en","tag-slowdive-en","tag-spiritualized-en","tag-superorganism-en","tag-the-breeders-en","tag-the-national-en","tag-the-war-on-drugs-en","tag-vince-staples-en","tag-vulk-en","tag-warpaint-en","tag-waxahatchee-en","tag-yellow-days-en"],"yoast_head":"<!-- This site is optimized with the Yoast SEO Premium plugin v23.9 (Yoast SEO v26.6) - https:\/\/yoast.com\/wordpress\/plugins\/seo\/ -->\n<title>Primavera Sound 2018 lineup analysis - Indie\u00f3filo<\/title>\n<meta name=\"description\" content=\"From the editorial department of Indie\u00f3filo, we review the reasons why you can&#039;t miss Primavera Sound 2018 Festival, whose lineup was announced yesterday.\" \/>\n<meta name=\"robots\" content=\"index, follow, max-snippet:-1, max-image-preview:large, max-video-preview:-1\" \/>\n<link rel=\"canonical\" href=\"https:\/\/www.indieofilo.com\/en\/news\/primavera-sound-2018-lineup-analysis\" \/>\n<meta property=\"og:locale\" content=\"en_US\" \/>\n<meta property=\"og:type\" content=\"article\" \/>\n<meta property=\"og:title\" content=\"Primavera Sound 2018 lineup analysis\" \/>\n<meta property=\"og:description\" content=\"From the editorial department of Indie\u00f3filo, we review the reasons why you can&#039;t miss Primavera Sound 2018 Festival, whose lineup was announced yesterday.\" \/>\n<meta property=\"og:url\" content=\"https:\/\/www.indieofilo.com\/en\/news\/primavera-sound-2018-lineup-analysis\" \/>\n<meta property=\"og:site_name\" content=\"Indie\u00f3filo\" \/>\n<meta property=\"article:publisher\" content=\"https:\/\/www.facebook.com\/Indieofilo\/\" \/>\n<meta property=\"article:published_time\" content=\"2018-01-29T13:25:36+00:00\" \/>\n<meta property=\"article:modified_time\" content=\"2023-10-25T20:06:44+00:00\" \/>\n<meta property=\"og:image\" content=\"https:\/\/www.indieofilo.com\/wp-content\/uploads\/2018\/01\/Primavera_sound_2018.jpg\" \/>\n\t<meta property=\"og:image:width\" content=\"800\" \/>\n\t<meta property=\"og:image:height\" content=\"400\" \/>\n\t<meta property=\"og:image:type\" content=\"image\/jpeg\" \/>\n<meta name=\"author\" content=\"Victor\" \/>\n<meta name=\"twitter:card\" content=\"summary_large_image\" \/>\n<meta name=\"twitter:creator\" content=\"@indieofilo\" \/>\n<meta name=\"twitter:site\" content=\"@indieofilo\" \/>\n<meta name=\"twitter:label1\" content=\"Written by\" \/>\n\t<meta name=\"twitter:data1\" content=\"Victor\" \/>\n\t<meta name=\"twitter:label2\" content=\"Est. reading time\" \/>\n\t<meta name=\"twitter:data2\" content=\"5 minutes\" \/>\n<script type=\"application\/ld+json\" class=\"yoast-schema-graph\">{\"@context\":\"https:\/\/schema.org\",\"@graph\":[{\"@type\":\"Article\",\"@id\":\"https:\/\/www.indieofilo.com\/en\/news\/primavera-sound-2018-lineup-analysis#article\",\"isPartOf\":{\"@id\":\"https:\/\/www.indieofilo.com\/en\/news\/primavera-sound-2018-lineup-analysis\"},\"author\":{\"name\":\"Victor\",\"@id\":\"https:\/\/www.indieofilo.com\/#\/schema\/person\/595334d38590e4ce5a09f83cbf2fca90\"},\"headline\":\"Primavera Sound 2018 lineup analysis\",\"datePublished\":\"2018-01-29T13:25:36+00:00\",\"dateModified\":\"2023-10-25T20:06:44+00:00\",\"mainEntityOfPage\":{\"@id\":\"https:\/\/www.indieofilo.com\/en\/news\/primavera-sound-2018-lineup-analysis\"},\"wordCount\":832,\"commentCount\":0,\"publisher\":{\"@id\":\"https:\/\/www.indieofilo.com\/#organization\"},\"image\":{\"@id\":\"https:\/\/www.indieofilo.com\/en\/news\/primavera-sound-2018-lineup-analysis#primaryimage\"},\"thumbnailUrl\":\"https:\/\/www.indieofilo.com\/wp-content\/uploads\/2018\/01\/Primavera_sound_2018.jpg\",\"keywords\":[\"A$AP Rocky\",\"Arca\",\"Arctic Monkeys\",\"Beach House\",\"Belle &amp; Sebastian\",\"Bj\u00f6rk\",\"Car Seat Headrest\",\"Chvrches\",\"Cigarettes After Sex\",\"Daphni\",\"Deerhunter\",\"Father John Misty\",\"Fever Ray\",\"Floating Points\",\"Four Tet\",\"Gabriel Garz\u00f3n-Montano\",\"Grizzly Bear\",\"HAIM\",\"Ibeyi\",\"Joe Goddard\",\"John Talabot\",\"Lykke Li\",\"Migos\",\"Mogwai\",\"Nick Cave &amp; The Bad Seeds\",\"Primavera Sound\",\"Primavera Sound 2018\",\"Slowdive\",\"Spiritualized\",\"Superorganism\",\"The Breeders\",\"The National\",\"The War on Drugs\",\"Vince Staples\",\"Vulk\",\"Warpaint\",\"Waxahatchee\",\"Yellow Days\"],\"articleSection\":[\"Live Shows\",\"News\"],\"inLanguage\":\"en-US\",\"potentialAction\":[{\"@type\":\"CommentAction\",\"name\":\"Comment\",\"target\":[\"https:\/\/www.indieofilo.com\/en\/news\/primavera-sound-2018-lineup-analysis#respond\"]}]},{\"@type\":\"WebPage\",\"@id\":\"https:\/\/www.indieofilo.com\/en\/news\/primavera-sound-2018-lineup-analysis\",\"url\":\"https:\/\/www.indieofilo.com\/en\/news\/primavera-sound-2018-lineup-analysis\",\"name\":\"Primavera Sound 2018 lineup analysis - Indie\u00f3filo\",\"isPartOf\":{\"@id\":\"https:\/\/www.indieofilo.com\/#website\"},\"primaryImageOfPage\":{\"@id\":\"https:\/\/www.indieofilo.com\/en\/news\/primavera-sound-2018-lineup-analysis#primaryimage\"},\"image\":{\"@id\":\"https:\/\/www.indieofilo.com\/en\/news\/primavera-sound-2018-lineup-analysis#primaryimage\"},\"thumbnailUrl\":\"https:\/\/www.indieofilo.com\/wp-content\/uploads\/2018\/01\/Primavera_sound_2018.jpg\",\"datePublished\":\"2018-01-29T13:25:36+00:00\",\"dateModified\":\"2023-10-25T20:06:44+00:00\",\"description\":\"From the editorial department of Indie\u00f3filo, we review the reasons why you can't miss Primavera Sound 2018 Festival, whose lineup was announced yesterday.\",\"breadcrumb\":{\"@id\":\"https:\/\/www.indieofilo.com\/en\/news\/primavera-sound-2018-lineup-analysis#breadcrumb\"},\"inLanguage\":\"en-US\",\"potentialAction\":[{\"@type\":\"ReadAction\",\"target\":[\"https:\/\/www.indieofilo.com\/en\/news\/primavera-sound-2018-lineup-analysis\"]}]},{\"@type\":\"ImageObject\",\"inLanguage\":\"en-US\",\"@id\":\"https:\/\/www.indieofilo.com\/en\/news\/primavera-sound-2018-lineup-analysis#primaryimage\",\"url\":\"https:\/\/www.indieofilo.com\/wp-content\/uploads\/2018\/01\/Primavera_sound_2018.jpg\",\"contentUrl\":\"https:\/\/www.indieofilo.com\/wp-content\/uploads\/2018\/01\/Primavera_sound_2018.jpg\",\"width\":800,\"height\":400},{\"@type\":\"BreadcrumbList\",\"@id\":\"https:\/\/www.indieofilo.com\/en\/news\/primavera-sound-2018-lineup-analysis#breadcrumb\",\"itemListElement\":[{\"@type\":\"ListItem\",\"position\":1,\"name\":\"Portada\",\"item\":\"https:\/\/www.indieofilo.com\/en\"},{\"@type\":\"ListItem\",\"position\":2,\"name\":\"Primavera Sound 2018 lineup analysis\"}]},{\"@type\":\"WebSite\",\"@id\":\"https:\/\/www.indieofilo.com\/#website\",\"url\":\"https:\/\/www.indieofilo.com\/\",\"name\":\"Indie\u00f3filo\",\"description\":\"Magazine online de la cultura independiente\",\"publisher\":{\"@id\":\"https:\/\/www.indieofilo.com\/#organization\"},\"potentialAction\":[{\"@type\":\"SearchAction\",\"target\":{\"@type\":\"EntryPoint\",\"urlTemplate\":\"https:\/\/www.indieofilo.com\/?s={search_term_string}\"},\"query-input\":{\"@type\":\"PropertyValueSpecification\",\"valueRequired\":true,\"valueName\":\"search_term_string\"}}],\"inLanguage\":\"en-US\"},{\"@type\":\"Organization\",\"@id\":\"https:\/\/www.indieofilo.com\/#organization\",\"name\":\"Indie\u00f3filo Web\",\"url\":\"https:\/\/www.indieofilo.com\/\",\"logo\":{\"@type\":\"ImageObject\",\"inLanguage\":\"en-US\",\"@id\":\"https:\/\/www.indieofilo.com\/#\/schema\/logo\/image\/\",\"url\":\"https:\/\/www.indieofilo.com\/wp-content\/uploads\/2015\/02\/logo-alta-resolucion.png\",\"contentUrl\":\"https:\/\/www.indieofilo.com\/wp-content\/uploads\/2015\/02\/logo-alta-resolucion.png\",\"width\":544,\"height\":185,\"caption\":\"Indie\u00f3filo Web\"},\"image\":{\"@id\":\"https:\/\/www.indieofilo.com\/#\/schema\/logo\/image\/\"},\"sameAs\":[\"https:\/\/www.facebook.com\/Indieofilo\/\",\"https:\/\/x.com\/indieofilo\",\"https:\/\/www.instagram.com\/indieofilo\/\"]},{\"@type\":\"Person\",\"@id\":\"https:\/\/www.indieofilo.com\/#\/schema\/person\/595334d38590e4ce5a09f83cbf2fca90\",\"name\":\"Victor\",\"image\":{\"@type\":\"ImageObject\",\"inLanguage\":\"en-US\",\"@id\":\"https:\/\/www.indieofilo.com\/#\/schema\/person\/image\/\",\"url\":\"https:\/\/secure.gravatar.com\/avatar\/682b8c6ea3e94b6cffec683b25f1797d?s=96&d=mm&r=g\",\"contentUrl\":\"https:\/\/secure.gravatar.com\/avatar\/682b8c6ea3e94b6cffec683b25f1797d?s=96&d=mm&r=g\",\"caption\":\"Victor\"},\"description\":\"Fan\u00e1tico de la m\u00fasica desde que mis padres me pon\u00edan a Eydie Gorme y Los Panchos o el Discotuna por la A2. Intent\u00e9 tocar varios instrumentos, pero soy muy torpe con la mano izquierda, as\u00ed que ya sab\u00e9is el resultado final. Fan del britpop, Post-punk, el rugby y el baloncesto...\",\"sameAs\":[\"http:\/\/indieofilo.com\"],\"url\":\"https:\/\/www.indieofilo.com\/en\/author\/victor\"}]}<\/script>\n<!-- \/ Yoast SEO Premium plugin. -->","yoast_head_json":{"title":"Primavera Sound 2018 lineup analysis - Indie\u00f3filo","description":"From the editorial department of Indie\u00f3filo, we review the reasons why you can't miss Primavera Sound 2018 Festival, whose lineup was announced yesterday.","robots":{"index":"index","follow":"follow","max-snippet":"max-snippet:-1","max-image-preview":"max-image-preview:large","max-video-preview":"max-video-preview:-1"},"canonical":"https:\/\/www.indieofilo.com\/en\/news\/primavera-sound-2018-lineup-analysis","og_locale":"en_US","og_type":"article","og_title":"Primavera Sound 2018 lineup analysis","og_description":"From the editorial department of Indie\u00f3filo, we review the reasons why you can't miss Primavera Sound 2018 Festival, whose lineup was announced yesterday.","og_url":"https:\/\/www.indieofilo.com\/en\/news\/primavera-sound-2018-lineup-analysis","og_site_name":"Indie\u00f3filo","article_publisher":"https:\/\/www.facebook.com\/Indieofilo\/","article_published_time":"2018-01-29T13:25:36+00:00","article_modified_time":"2023-10-25T20:06:44+00:00","og_image":[{"width":800,"height":400,"url":"https:\/\/www.indieofilo.com\/wp-content\/uploads\/2018\/01\/Primavera_sound_2018.jpg","type":"image\/jpeg"}],"author":"Victor","twitter_card":"summary_large_image","twitter_creator":"@indieofilo","twitter_site":"@indieofilo","twitter_misc":{"Written by":"Victor","Est. reading time":"5 minutes"},"schema":{"@context":"https:\/\/schema.org","@graph":[{"@type":"Article","@id":"https:\/\/www.indieofilo.com\/en\/news\/primavera-sound-2018-lineup-analysis#article","isPartOf":{"@id":"https:\/\/www.indieofilo.com\/en\/news\/primavera-sound-2018-lineup-analysis"},"author":{"name":"Victor","@id":"https:\/\/www.indieofilo.com\/#\/schema\/person\/595334d38590e4ce5a09f83cbf2fca90"},"headline":"Primavera Sound 2018 lineup analysis","datePublished":"2018-01-29T13:25:36+00:00","dateModified":"2023-10-25T20:06:44+00:00","mainEntityOfPage":{"@id":"https:\/\/www.indieofilo.com\/en\/news\/primavera-sound-2018-lineup-analysis"},"wordCount":832,"commentCount":0,"publisher":{"@id":"https:\/\/www.indieofilo.com\/#organization"},"image":{"@id":"https:\/\/www.indieofilo.com\/en\/news\/primavera-sound-2018-lineup-analysis#primaryimage"},"thumbnailUrl":"https:\/\/www.indieofilo.com\/wp-content\/uploads\/2018\/01\/Primavera_sound_2018.jpg","keywords":["A$AP Rocky","Arca","Arctic Monkeys","Beach House","Belle &amp; Sebastian","Bj\u00f6rk","Car Seat Headrest","Chvrches","Cigarettes After Sex","Daphni","Deerhunter","Father John Misty","Fever Ray","Floating Points","Four Tet","Gabriel Garz\u00f3n-Montano","Grizzly Bear","HAIM","Ibeyi","Joe Goddard","John Talabot","Lykke Li","Migos","Mogwai","Nick Cave &amp; The Bad Seeds","Primavera Sound","Primavera Sound 2018","Slowdive","Spiritualized","Superorganism","The Breeders","The National","The War on Drugs","Vince Staples","Vulk","Warpaint","Waxahatchee","Yellow Days"],"articleSection":["Live Shows","News"],"inLanguage":"en-US","potentialAction":[{"@type":"CommentAction","name":"Comment","target":["https:\/\/www.indieofilo.com\/en\/news\/primavera-sound-2018-lineup-analysis#respond"]}]},{"@type":"WebPage","@id":"https:\/\/www.indieofilo.com\/en\/news\/primavera-sound-2018-lineup-analysis","url":"https:\/\/www.indieofilo.com\/en\/news\/primavera-sound-2018-lineup-analysis","name":"Primavera Sound 2018 lineup analysis - Indie\u00f3filo","isPartOf":{"@id":"https:\/\/www.indieofilo.com\/#website"},"primaryImageOfPage":{"@id":"https:\/\/www.indieofilo.com\/en\/news\/primavera-sound-2018-lineup-analysis#primaryimage"},"image":{"@id":"https:\/\/www.indieofilo.com\/en\/news\/primavera-sound-2018-lineup-analysis#primaryimage"},"thumbnailUrl":"https:\/\/www.indieofilo.com\/wp-content\/uploads\/2018\/01\/Primavera_sound_2018.jpg","datePublished":"2018-01-29T13:25:36+00:00","dateModified":"2023-10-25T20:06:44+00:00","description":"From the editorial department of Indie\u00f3filo, we review the reasons why you can't miss Primavera Sound 2018 Festival, whose lineup was announced yesterday.","breadcrumb":{"@id":"https:\/\/www.indieofilo.com\/en\/news\/primavera-sound-2018-lineup-analysis#breadcrumb"},"inLanguage":"en-US","potentialAction":[{"@type":"ReadAction","target":["https:\/\/www.indieofilo.com\/en\/news\/primavera-sound-2018-lineup-analysis"]}]},{"@type":"ImageObject","inLanguage":"en-US","@id":"https:\/\/www.indieofilo.com\/en\/news\/primavera-sound-2018-lineup-analysis#primaryimage","url":"https:\/\/www.indieofilo.com\/wp-content\/uploads\/2018\/01\/Primavera_sound_2018.jpg","contentUrl":"https:\/\/www.indieofilo.com\/wp-content\/uploads\/2018\/01\/Primavera_sound_2018.jpg","width":800,"height":400},{"@type":"BreadcrumbList","@id":"https:\/\/www.indieofilo.com\/en\/news\/primavera-sound-2018-lineup-analysis#breadcrumb","itemListElement":[{"@type":"ListItem","position":1,"name":"Portada","item":"https:\/\/www.indieofilo.com\/en"},{"@type":"ListItem","position":2,"name":"Primavera Sound 2018 lineup analysis"}]},{"@type":"WebSite","@id":"https:\/\/www.indieofilo.com\/#website","url":"https:\/\/www.indieofilo.com\/","name":"Indie\u00f3filo","description":"Magazine online de la cultura independiente","publisher":{"@id":"https:\/\/www.indieofilo.com\/#organization"},"potentialAction":[{"@type":"SearchAction","target":{"@type":"EntryPoint","urlTemplate":"https:\/\/www.indieofilo.com\/?s={search_term_string}"},"query-input":{"@type":"PropertyValueSpecification","valueRequired":true,"valueName":"search_term_string"}}],"inLanguage":"en-US"},{"@type":"Organization","@id":"https:\/\/www.indieofilo.com\/#organization","name":"Indie\u00f3filo Web","url":"https:\/\/www.indieofilo.com\/","logo":{"@type":"ImageObject","inLanguage":"en-US","@id":"https:\/\/www.indieofilo.com\/#\/schema\/logo\/image\/","url":"https:\/\/www.indieofilo.com\/wp-content\/uploads\/2015\/02\/logo-alta-resolucion.png","contentUrl":"https:\/\/www.indieofilo.com\/wp-content\/uploads\/2015\/02\/logo-alta-resolucion.png","width":544,"height":185,"caption":"Indie\u00f3filo Web"},"image":{"@id":"https:\/\/www.indieofilo.com\/#\/schema\/logo\/image\/"},"sameAs":["https:\/\/www.facebook.com\/Indieofilo\/","https:\/\/x.com\/indieofilo","https:\/\/www.instagram.com\/indieofilo\/"]},{"@type":"Person","@id":"https:\/\/www.indieofilo.com\/#\/schema\/person\/595334d38590e4ce5a09f83cbf2fca90","name":"Victor","image":{"@type":"ImageObject","inLanguage":"en-US","@id":"https:\/\/www.indieofilo.com\/#\/schema\/person\/image\/","url":"https:\/\/secure.gravatar.com\/avatar\/682b8c6ea3e94b6cffec683b25f1797d?s=96&d=mm&r=g","contentUrl":"https:\/\/secure.gravatar.com\/avatar\/682b8c6ea3e94b6cffec683b25f1797d?s=96&d=mm&r=g","caption":"Victor"},"description":"Fan\u00e1tico de la m\u00fasica desde que mis padres me pon\u00edan a Eydie Gorme y Los Panchos o el Discotuna por la A2. Intent\u00e9 tocar varios instrumentos, pero soy muy torpe con la mano izquierda, as\u00ed que ya sab\u00e9is el resultado final. Fan del britpop, Post-punk, el rugby y el baloncesto...","sameAs":["http:\/\/indieofilo.com"],"url":"https:\/\/www.indieofilo.com\/en\/author\/victor"}]}},"_links":{"self":[{"href":"https:\/\/www.indieofilo.com\/en\/wp-json\/wp\/v2\/posts\/11486","targetHints":{"allow":["GET"]}}],"collection":[{"href":"https:\/\/www.indieofilo.com\/en\/wp-json\/wp\/v2\/posts"}],"about":[{"href":"https:\/\/www.indieofilo.com\/en\/wp-json\/wp\/v2\/types\/post"}],"author":[{"embeddable":true,"href":"https:\/\/www.indieofilo.com\/en\/wp-json\/wp\/v2\/users\/1"}],"replies":[{"embeddable":true,"href":"https:\/\/www.indieofilo.com\/en\/wp-json\/wp\/v2\/comments?post=11486"}],"version-history":[{"count":0,"href":"https:\/\/www.indieofilo.com\/en\/wp-json\/wp\/v2\/posts\/11486\/revisions"}],"wp:featuredmedia":[{"embeddable":true,"href":"https:\/\/www.indieofilo.com\/en\/wp-json\/wp\/v2\/media\/24390"}],"wp:attachment":[{"href":"https:\/\/www.indieofilo.com\/en\/wp-json\/wp\/v2\/media?parent=11486"}],"wp:term":[{"taxonomy":"category","embeddable":true,"href":"https:\/\/www.indieofilo.com\/en\/wp-json\/wp\/v2\/categories?post=11486"},{"taxonomy":"post_tag","embeddable":true,"href":"https:\/\/www.indieofilo.com\/en\/wp-json\/wp\/v2\/tags?post=11486"}],"curies":[{"name":"wp","href":"https:\/\/api.w.org\/{rel}","templated":true}]}}