{"id":11166,"date":"2017-11-27T19:08:34","date_gmt":"2017-11-27T18:08:34","guid":{"rendered":"http:\/\/indieofilo.com\/?p=11166"},"modified":"2023-11-17T15:43:07","modified_gmt":"2023-11-17T14:43:07","slug":"perfume-genius-november-26-2017-sala-apolo-barcelona","status":"publish","type":"post","link":"https:\/\/www.indieofilo.com\/en\/gig-reviews\/perfume-genius-november-26-2017-sala-apolo-barcelona","title":{"rendered":"Perfume Genius \u2013 November 26, 2017 (Sala Apolo \u2013 Barcelona)"},"content":{"rendered":"<p style=\"text-align: justify;\">\n\tThe American <strong>Perfume Genius<\/strong> filled Sala Apolo in Barcelona in what was his first visit to a venue in Barcelona, two years after the excellent concert he gave at the Primavera Sound 2015. About 1 hour and a half of concert where <strong>Mike Hadreas conquered the audience from his emotional mix of pop and histrionics on stage<\/strong>, where we were able to enjoy an extensive tour through his discography and verify the maturity as an artist that he shows on his latest album.<\/p>\n<p style=\"text-align: justify;\">\n\t<img fetchpriority=\"high\" decoding=\"async\" alt=\"Perfume Genius - Barcelona 2017\" class=\"aligncenter size-full wp-image-11159\" height=\"533\" src=\"http:\/\/indieofilo.com\/wp-content\/uploads\/2017\/11\/Perfume_Genius-Barcelona_2017.jpg\" width=\"800\" srcset=\"https:\/\/www.indieofilo.com\/wp-content\/uploads\/2017\/11\/Perfume_Genius-Barcelona_2017.jpg 800w, https:\/\/www.indieofilo.com\/wp-content\/uploads\/2017\/11\/Perfume_Genius-Barcelona_2017-300x200.jpg 300w, https:\/\/www.indieofilo.com\/wp-content\/uploads\/2017\/11\/Perfume_Genius-Barcelona_2017-768x512.jpg 768w\" sizes=\"(max-width: 800px) 100vw, 800px\" \/><\/p>\n<p style=\"text-align: center;\">\n\t<span style=\"font-size:10px;\"><b>Mike Hadreas, Perfume Genius,&nbsp; <\/b>Sala Apolo Barcelona 26\/11\/2017&nbsp;&#8211; Photo made by&nbsp;<strong>V&iacute;ctor Ramos<\/strong>&nbsp;para <strong>Indieofilo<sup>&copy;<\/sup><\/strong><\/span><\/p>\n<p style=\"text-align: justify;\">\n\tAfter the publication this year of the excellent <em>No Shape<\/em> (2017), the musician of Greek descent seems to have left behind all the problems with alcohol and drugs he recounted in <em>Learning<\/em> (2010) and <em>Put Your Back N 2 It<\/em> (2012) to show a more sure version of himself, <strong>squeezing his body between turns and spasmodic dances<\/strong>, letting for example the instrumental weight to a superlative band where the drummer Herv&eacute; Picard stands out, which &quot;<em>forces<\/em>&quot; him to hide behind the keyboards only on rare occasions.. But before advancing events, <strong>the concert started with a strong presence of the mentioned <em>No Shape<\/em><\/strong> (2017), although we could also enjoy a couple of songs of <em>Too Bright<\/em> (2014) as &quot;<em>Longpig<\/em>&quot; and &quot;<em>Fool<\/em>&quot;, <strong>prevailing in this first part of the concert a hitherto unknown power in the live of Hadreas<\/strong> that had like strong point the almost tyrolean warbles of the American singer in &quot;<em>Wreath<\/em>&quot;.<\/p>\n<p style=\"text-align: justify;\">\n\t<img decoding=\"async\" alt=\"Alan Wyffels - Perfume Genius - Barcelona 2017\" class=\"aligncenter size-full wp-image-11160\" height=\"533\" src=\"http:\/\/indieofilo.com\/wp-content\/uploads\/2017\/11\/Perfume_Genius-Barcelona_2017_2.jpg\" width=\"800\" srcset=\"https:\/\/www.indieofilo.com\/wp-content\/uploads\/2017\/11\/Perfume_Genius-Barcelona_2017_2.jpg 800w, https:\/\/www.indieofilo.com\/wp-content\/uploads\/2017\/11\/Perfume_Genius-Barcelona_2017_2-300x200.jpg 300w, https:\/\/www.indieofilo.com\/wp-content\/uploads\/2017\/11\/Perfume_Genius-Barcelona_2017_2-768x512.jpg 768w\" sizes=\"(max-width: 800px) 100vw, 800px\" \/><\/p>\n<p style=\"text-align: center;\">\n\t<span style=\"font-size:10px;\"><b>Alan Wyffels <\/b>y<b> Mike Hadreas, Perfume Genius, <\/b>Sala Apolo Barcelona 26\/11\/2017&nbsp;&#8211; Photo made by&nbsp;<strong>V&iacute;ctor Ramos<\/strong>&nbsp;para <strong>Indieofilo<sup>&copy;<\/sup><\/strong><\/span><\/p>\n<p style=\"text-align: justify;\">\n\tFrom here on, <strong>the emotion and delicacy would become the common thread of the rest of the concert<\/strong>, coming almost chained &quot;<em>Valley<\/em>&quot;, &quot;<em>Normal Song<\/em>&quot; and &quot;<em>Dark Parts<\/em>&quot;, able to put the hair on end to a Marble statue by the tone in the voice of the American. <strong>With the rhythm of the concert going down<\/strong> despite sublime moments like <strong>Mary Margaret O&#39;Hara<\/strong>&#39;s cover of the song &quot;<em>Body&#39;s in Trouble<\/em>&quot;, the bass lines and shouts of &quot;<em>My Body<\/em>&quot; or the contained sensuality of &quot;<em>Die 4 U<\/em>&quot;, we would have to wait until almost the end of his concert to wake up suddenly with the incredible &quot;<em>Slip Away<\/em>&quot;, <strong>undoubtedly one of the themes of this 2017<\/strong> that turned upside down the main hall of Sala Apolo.<\/p>\n<p style=\"text-align: justify;\">\n\t<img decoding=\"async\" alt=\"Perfume Genius 2017 - Barcelona\" class=\"aligncenter size-full wp-image-11161\" height=\"533\" src=\"http:\/\/indieofilo.com\/wp-content\/uploads\/2017\/11\/Perfume_Genius-Barcelona_2017_3.jpg\" width=\"800\" srcset=\"https:\/\/www.indieofilo.com\/wp-content\/uploads\/2017\/11\/Perfume_Genius-Barcelona_2017_3.jpg 800w, https:\/\/www.indieofilo.com\/wp-content\/uploads\/2017\/11\/Perfume_Genius-Barcelona_2017_3-300x200.jpg 300w, https:\/\/www.indieofilo.com\/wp-content\/uploads\/2017\/11\/Perfume_Genius-Barcelona_2017_3-768x512.jpg 768w\" sizes=\"(max-width: 800px) 100vw, 800px\" \/><\/p>\n<p style=\"text-align: center;\">\n\t<span style=\"font-size:10px;\"><b>Mike Hadreas, Perfume Genius,&nbsp; <\/b>Sala Apolo Barcelona 26\/11\/2017&nbsp;&#8211; Photo made by&nbsp;<strong>V&iacute;ctor Ramos<\/strong>&nbsp;para <strong>Indieofilo<sup>&copy;<\/sup><\/strong><\/span><\/p>\n<p style=\"text-align: justify;\">\n\tHowever,<strong> the best was yet to come with some magnificent encores<\/strong> that started with him alone on stage playing the keyboard in &quot;<em>Alan<\/em>&quot;, dedicated to his partner and keyboardist of the band <strong>Alan Wyffels<\/strong>, who seconds later would join to play a four-hand keyboard in &quot;<em>Learning<\/em>&quot;. After a version of the &quot;<em>Kangaroo<\/em>&quot; of <strong>Big Star<\/strong> much closer to the cover of <strong>This Mortal Coil<\/strong> that the original of the Americans, the concert would end in style with &quot;<em>Queen<\/em>&quot;, great hit of his discography, whose chorus &quot;<em>No family is safe \/ When I sashay<\/em> &quot;was repeated several times <strong>by a public surrendered before the concert of the man from Seattle,being a grand finale for a concert almost perfect in which the American showed why he has earned a greater presence in the lineups of festivals around the world<\/strong>.<\/p>\n","protected":false},"excerpt":{"rendered":"<p>The American Perfume Genius filled Sala Apolo in Barcelona in what was his first visit to a venue in Barcelona, two years after the excellent concert he gave at the Primavera Sound 2015. About 1 hour and a half of concert where Mike Hadreas conquered the audience from his emotional mix of pop and histrionics [&hellip;]<\/p>\n","protected":false},"author":1,"featured_media":11159,"comment_status":"open","ping_status":"closed","sticky":false,"template":"","format":"gallery","meta":{"footnotes":""},"categories":[7,15],"tags":[4961,5252],"class_list":["post-11166","post","type-post","status-publish","format-gallery","has-post-thumbnail","hentry","category-gig-reviews","category-rooms","tag-barcelona-en","tag-perfume-genius-en","post_format-post-format-gallery"],"yoast_head":"<!-- This site is optimized with the Yoast SEO Premium plugin v23.9 (Yoast SEO v26.6) - https:\/\/yoast.com\/wordpress\/plugins\/seo\/ -->\n<title>Live Review: Perfume Genius \u2013 November 26, 2017 (Barcelona) -Indie\u00f3filo<\/title>\n<meta name=\"description\" content=\"Live review &amp; exclusive photo gallery of the concert that Perfume Genius gave at Sala Apolo in Barcelona in November 2017 to present No Shape (2017).\" \/>\n<meta name=\"robots\" content=\"index, follow, max-snippet:-1, max-image-preview:large, max-video-preview:-1\" \/>\n<link rel=\"canonical\" href=\"https:\/\/www.indieofilo.com\/en\/gig-reviews\/perfume-genius-november-26-2017-sala-apolo-barcelona\" \/>\n<meta property=\"og:locale\" content=\"en_US\" \/>\n<meta property=\"og:type\" content=\"article\" \/>\n<meta property=\"og:title\" content=\"Perfume Genius \u2013 November 26, 2017 (Sala Apolo \u2013 Barcelona)\" \/>\n<meta property=\"og:description\" content=\"Live review &amp; exclusive photo gallery of the concert that Perfume Genius gave at Sala Apolo in Barcelona in November 2017 to present No Shape (2017).\" \/>\n<meta property=\"og:url\" content=\"https:\/\/www.indieofilo.com\/en\/gig-reviews\/perfume-genius-november-26-2017-sala-apolo-barcelona\" \/>\n<meta property=\"og:site_name\" content=\"Indie\u00f3filo\" \/>\n<meta property=\"article:publisher\" content=\"https:\/\/www.facebook.com\/Indieofilo\/\" \/>\n<meta property=\"article:published_time\" content=\"2017-11-27T18:08:34+00:00\" \/>\n<meta property=\"article:modified_time\" content=\"2023-11-17T14:43:07+00:00\" \/>\n<meta property=\"og:image\" content=\"https:\/\/www.indieofilo.com\/wp-content\/uploads\/2017\/11\/Perfume_Genius-Barcelona_2017.jpg\" \/>\n\t<meta property=\"og:image:width\" content=\"800\" \/>\n\t<meta property=\"og:image:height\" content=\"533\" \/>\n\t<meta property=\"og:image:type\" content=\"image\/jpeg\" \/>\n<meta name=\"author\" content=\"Victor\" \/>\n<meta name=\"twitter:card\" content=\"summary_large_image\" \/>\n<meta name=\"twitter:creator\" content=\"@indieofilo\" \/>\n<meta name=\"twitter:site\" content=\"@indieofilo\" \/>\n<meta name=\"twitter:label1\" content=\"Written by\" \/>\n\t<meta name=\"twitter:data1\" content=\"Victor\" \/>\n\t<meta name=\"twitter:label2\" content=\"Est. reading time\" \/>\n\t<meta name=\"twitter:data2\" content=\"4 minutes\" \/>\n<script type=\"application\/ld+json\" class=\"yoast-schema-graph\">{\"@context\":\"https:\/\/schema.org\",\"@graph\":[{\"@type\":\"Article\",\"@id\":\"https:\/\/www.indieofilo.com\/en\/gig-reviews\/perfume-genius-november-26-2017-sala-apolo-barcelona#article\",\"isPartOf\":{\"@id\":\"https:\/\/www.indieofilo.com\/en\/gig-reviews\/perfume-genius-november-26-2017-sala-apolo-barcelona\"},\"author\":{\"name\":\"Victor\",\"@id\":\"https:\/\/www.indieofilo.com\/#\/schema\/person\/595334d38590e4ce5a09f83cbf2fca90\"},\"headline\":\"Perfume Genius \u2013 November 26, 2017 (Sala Apolo \u2013 Barcelona)\",\"datePublished\":\"2017-11-27T18:08:34+00:00\",\"dateModified\":\"2023-11-17T14:43:07+00:00\",\"mainEntityOfPage\":{\"@id\":\"https:\/\/www.indieofilo.com\/en\/gig-reviews\/perfume-genius-november-26-2017-sala-apolo-barcelona\"},\"wordCount\":596,\"commentCount\":0,\"publisher\":{\"@id\":\"https:\/\/www.indieofilo.com\/#organization\"},\"image\":{\"@id\":\"https:\/\/www.indieofilo.com\/en\/gig-reviews\/perfume-genius-november-26-2017-sala-apolo-barcelona#primaryimage\"},\"thumbnailUrl\":\"https:\/\/www.indieofilo.com\/wp-content\/uploads\/2017\/11\/Perfume_Genius-Barcelona_2017.jpg\",\"keywords\":[\"Barcelona\",\"Perfume Genius\"],\"articleSection\":[\"Gig Reviews\",\"Rooms\"],\"inLanguage\":\"en-US\",\"potentialAction\":[{\"@type\":\"CommentAction\",\"name\":\"Comment\",\"target\":[\"https:\/\/www.indieofilo.com\/en\/gig-reviews\/perfume-genius-november-26-2017-sala-apolo-barcelona#respond\"]}]},{\"@type\":\"WebPage\",\"@id\":\"https:\/\/www.indieofilo.com\/en\/gig-reviews\/perfume-genius-november-26-2017-sala-apolo-barcelona\",\"url\":\"https:\/\/www.indieofilo.com\/en\/gig-reviews\/perfume-genius-november-26-2017-sala-apolo-barcelona\",\"name\":\"Live Review: Perfume Genius \u2013 November 26, 2017 (Barcelona) -Indie\u00f3filo\",\"isPartOf\":{\"@id\":\"https:\/\/www.indieofilo.com\/#website\"},\"primaryImageOfPage\":{\"@id\":\"https:\/\/www.indieofilo.com\/en\/gig-reviews\/perfume-genius-november-26-2017-sala-apolo-barcelona#primaryimage\"},\"image\":{\"@id\":\"https:\/\/www.indieofilo.com\/en\/gig-reviews\/perfume-genius-november-26-2017-sala-apolo-barcelona#primaryimage\"},\"thumbnailUrl\":\"https:\/\/www.indieofilo.com\/wp-content\/uploads\/2017\/11\/Perfume_Genius-Barcelona_2017.jpg\",\"datePublished\":\"2017-11-27T18:08:34+00:00\",\"dateModified\":\"2023-11-17T14:43:07+00:00\",\"description\":\"Live review & exclusive photo gallery of the concert that Perfume Genius gave at Sala Apolo in Barcelona in November 2017 to present No Shape (2017).\",\"breadcrumb\":{\"@id\":\"https:\/\/www.indieofilo.com\/en\/gig-reviews\/perfume-genius-november-26-2017-sala-apolo-barcelona#breadcrumb\"},\"inLanguage\":\"en-US\",\"potentialAction\":[{\"@type\":\"ReadAction\",\"target\":[\"https:\/\/www.indieofilo.com\/en\/gig-reviews\/perfume-genius-november-26-2017-sala-apolo-barcelona\"]}]},{\"@type\":\"ImageObject\",\"inLanguage\":\"en-US\",\"@id\":\"https:\/\/www.indieofilo.com\/en\/gig-reviews\/perfume-genius-november-26-2017-sala-apolo-barcelona#primaryimage\",\"url\":\"https:\/\/www.indieofilo.com\/wp-content\/uploads\/2017\/11\/Perfume_Genius-Barcelona_2017.jpg\",\"contentUrl\":\"https:\/\/www.indieofilo.com\/wp-content\/uploads\/2017\/11\/Perfume_Genius-Barcelona_2017.jpg\",\"width\":800,\"height\":533,\"caption\":\"Perfume Genius - Barcelona 2017\"},{\"@type\":\"BreadcrumbList\",\"@id\":\"https:\/\/www.indieofilo.com\/en\/gig-reviews\/perfume-genius-november-26-2017-sala-apolo-barcelona#breadcrumb\",\"itemListElement\":[{\"@type\":\"ListItem\",\"position\":1,\"name\":\"Portada\",\"item\":\"https:\/\/www.indieofilo.com\/en\"},{\"@type\":\"ListItem\",\"position\":2,\"name\":\"Perfume Genius \u2013 November 26, 2017 (Sala Apolo \u2013 Barcelona)\"}]},{\"@type\":\"WebSite\",\"@id\":\"https:\/\/www.indieofilo.com\/#website\",\"url\":\"https:\/\/www.indieofilo.com\/\",\"name\":\"Indie\u00f3filo\",\"description\":\"Magazine online de la cultura independiente\",\"publisher\":{\"@id\":\"https:\/\/www.indieofilo.com\/#organization\"},\"potentialAction\":[{\"@type\":\"SearchAction\",\"target\":{\"@type\":\"EntryPoint\",\"urlTemplate\":\"https:\/\/www.indieofilo.com\/?s={search_term_string}\"},\"query-input\":{\"@type\":\"PropertyValueSpecification\",\"valueRequired\":true,\"valueName\":\"search_term_string\"}}],\"inLanguage\":\"en-US\"},{\"@type\":\"Organization\",\"@id\":\"https:\/\/www.indieofilo.com\/#organization\",\"name\":\"Indie\u00f3filo Web\",\"url\":\"https:\/\/www.indieofilo.com\/\",\"logo\":{\"@type\":\"ImageObject\",\"inLanguage\":\"en-US\",\"@id\":\"https:\/\/www.indieofilo.com\/#\/schema\/logo\/image\/\",\"url\":\"https:\/\/www.indieofilo.com\/wp-content\/uploads\/2015\/02\/logo-alta-resolucion.png\",\"contentUrl\":\"https:\/\/www.indieofilo.com\/wp-content\/uploads\/2015\/02\/logo-alta-resolucion.png\",\"width\":544,\"height\":185,\"caption\":\"Indie\u00f3filo Web\"},\"image\":{\"@id\":\"https:\/\/www.indieofilo.com\/#\/schema\/logo\/image\/\"},\"sameAs\":[\"https:\/\/www.facebook.com\/Indieofilo\/\",\"https:\/\/x.com\/indieofilo\",\"https:\/\/www.instagram.com\/indieofilo\/\"]},{\"@type\":\"Person\",\"@id\":\"https:\/\/www.indieofilo.com\/#\/schema\/person\/595334d38590e4ce5a09f83cbf2fca90\",\"name\":\"Victor\",\"image\":{\"@type\":\"ImageObject\",\"inLanguage\":\"en-US\",\"@id\":\"https:\/\/www.indieofilo.com\/#\/schema\/person\/image\/\",\"url\":\"https:\/\/secure.gravatar.com\/avatar\/682b8c6ea3e94b6cffec683b25f1797d?s=96&d=mm&r=g\",\"contentUrl\":\"https:\/\/secure.gravatar.com\/avatar\/682b8c6ea3e94b6cffec683b25f1797d?s=96&d=mm&r=g\",\"caption\":\"Victor\"},\"description\":\"Fan\u00e1tico de la m\u00fasica desde que mis padres me pon\u00edan a Eydie Gorme y Los Panchos o el Discotuna por la A2. Intent\u00e9 tocar varios instrumentos, pero soy muy torpe con la mano izquierda, as\u00ed que ya sab\u00e9is el resultado final. Fan del britpop, Post-punk, el rugby y el baloncesto...\",\"sameAs\":[\"http:\/\/indieofilo.com\"],\"url\":\"https:\/\/www.indieofilo.com\/en\/author\/victor\"}]}<\/script>\n<!-- \/ Yoast SEO Premium plugin. -->","yoast_head_json":{"title":"Live Review: Perfume Genius \u2013 November 26, 2017 (Barcelona) -Indie\u00f3filo","description":"Live review & exclusive photo gallery of the concert that Perfume Genius gave at Sala Apolo in Barcelona in November 2017 to present No Shape (2017).","robots":{"index":"index","follow":"follow","max-snippet":"max-snippet:-1","max-image-preview":"max-image-preview:large","max-video-preview":"max-video-preview:-1"},"canonical":"https:\/\/www.indieofilo.com\/en\/gig-reviews\/perfume-genius-november-26-2017-sala-apolo-barcelona","og_locale":"en_US","og_type":"article","og_title":"Perfume Genius \u2013 November 26, 2017 (Sala Apolo \u2013 Barcelona)","og_description":"Live review & exclusive photo gallery of the concert that Perfume Genius gave at Sala Apolo in Barcelona in November 2017 to present No Shape (2017).","og_url":"https:\/\/www.indieofilo.com\/en\/gig-reviews\/perfume-genius-november-26-2017-sala-apolo-barcelona","og_site_name":"Indie\u00f3filo","article_publisher":"https:\/\/www.facebook.com\/Indieofilo\/","article_published_time":"2017-11-27T18:08:34+00:00","article_modified_time":"2023-11-17T14:43:07+00:00","og_image":[{"width":800,"height":533,"url":"https:\/\/www.indieofilo.com\/wp-content\/uploads\/2017\/11\/Perfume_Genius-Barcelona_2017.jpg","type":"image\/jpeg"}],"author":"Victor","twitter_card":"summary_large_image","twitter_creator":"@indieofilo","twitter_site":"@indieofilo","twitter_misc":{"Written by":"Victor","Est. reading time":"4 minutes"},"schema":{"@context":"https:\/\/schema.org","@graph":[{"@type":"Article","@id":"https:\/\/www.indieofilo.com\/en\/gig-reviews\/perfume-genius-november-26-2017-sala-apolo-barcelona#article","isPartOf":{"@id":"https:\/\/www.indieofilo.com\/en\/gig-reviews\/perfume-genius-november-26-2017-sala-apolo-barcelona"},"author":{"name":"Victor","@id":"https:\/\/www.indieofilo.com\/#\/schema\/person\/595334d38590e4ce5a09f83cbf2fca90"},"headline":"Perfume Genius \u2013 November 26, 2017 (Sala Apolo \u2013 Barcelona)","datePublished":"2017-11-27T18:08:34+00:00","dateModified":"2023-11-17T14:43:07+00:00","mainEntityOfPage":{"@id":"https:\/\/www.indieofilo.com\/en\/gig-reviews\/perfume-genius-november-26-2017-sala-apolo-barcelona"},"wordCount":596,"commentCount":0,"publisher":{"@id":"https:\/\/www.indieofilo.com\/#organization"},"image":{"@id":"https:\/\/www.indieofilo.com\/en\/gig-reviews\/perfume-genius-november-26-2017-sala-apolo-barcelona#primaryimage"},"thumbnailUrl":"https:\/\/www.indieofilo.com\/wp-content\/uploads\/2017\/11\/Perfume_Genius-Barcelona_2017.jpg","keywords":["Barcelona","Perfume Genius"],"articleSection":["Gig Reviews","Rooms"],"inLanguage":"en-US","potentialAction":[{"@type":"CommentAction","name":"Comment","target":["https:\/\/www.indieofilo.com\/en\/gig-reviews\/perfume-genius-november-26-2017-sala-apolo-barcelona#respond"]}]},{"@type":"WebPage","@id":"https:\/\/www.indieofilo.com\/en\/gig-reviews\/perfume-genius-november-26-2017-sala-apolo-barcelona","url":"https:\/\/www.indieofilo.com\/en\/gig-reviews\/perfume-genius-november-26-2017-sala-apolo-barcelona","name":"Live Review: Perfume Genius \u2013 November 26, 2017 (Barcelona) -Indie\u00f3filo","isPartOf":{"@id":"https:\/\/www.indieofilo.com\/#website"},"primaryImageOfPage":{"@id":"https:\/\/www.indieofilo.com\/en\/gig-reviews\/perfume-genius-november-26-2017-sala-apolo-barcelona#primaryimage"},"image":{"@id":"https:\/\/www.indieofilo.com\/en\/gig-reviews\/perfume-genius-november-26-2017-sala-apolo-barcelona#primaryimage"},"thumbnailUrl":"https:\/\/www.indieofilo.com\/wp-content\/uploads\/2017\/11\/Perfume_Genius-Barcelona_2017.jpg","datePublished":"2017-11-27T18:08:34+00:00","dateModified":"2023-11-17T14:43:07+00:00","description":"Live review & exclusive photo gallery of the concert that Perfume Genius gave at Sala Apolo in Barcelona in November 2017 to present No Shape (2017).","breadcrumb":{"@id":"https:\/\/www.indieofilo.com\/en\/gig-reviews\/perfume-genius-november-26-2017-sala-apolo-barcelona#breadcrumb"},"inLanguage":"en-US","potentialAction":[{"@type":"ReadAction","target":["https:\/\/www.indieofilo.com\/en\/gig-reviews\/perfume-genius-november-26-2017-sala-apolo-barcelona"]}]},{"@type":"ImageObject","inLanguage":"en-US","@id":"https:\/\/www.indieofilo.com\/en\/gig-reviews\/perfume-genius-november-26-2017-sala-apolo-barcelona#primaryimage","url":"https:\/\/www.indieofilo.com\/wp-content\/uploads\/2017\/11\/Perfume_Genius-Barcelona_2017.jpg","contentUrl":"https:\/\/www.indieofilo.com\/wp-content\/uploads\/2017\/11\/Perfume_Genius-Barcelona_2017.jpg","width":800,"height":533,"caption":"Perfume Genius - Barcelona 2017"},{"@type":"BreadcrumbList","@id":"https:\/\/www.indieofilo.com\/en\/gig-reviews\/perfume-genius-november-26-2017-sala-apolo-barcelona#breadcrumb","itemListElement":[{"@type":"ListItem","position":1,"name":"Portada","item":"https:\/\/www.indieofilo.com\/en"},{"@type":"ListItem","position":2,"name":"Perfume Genius \u2013 November 26, 2017 (Sala Apolo \u2013 Barcelona)"}]},{"@type":"WebSite","@id":"https:\/\/www.indieofilo.com\/#website","url":"https:\/\/www.indieofilo.com\/","name":"Indie\u00f3filo","description":"Magazine online de la cultura independiente","publisher":{"@id":"https:\/\/www.indieofilo.com\/#organization"},"potentialAction":[{"@type":"SearchAction","target":{"@type":"EntryPoint","urlTemplate":"https:\/\/www.indieofilo.com\/?s={search_term_string}"},"query-input":{"@type":"PropertyValueSpecification","valueRequired":true,"valueName":"search_term_string"}}],"inLanguage":"en-US"},{"@type":"Organization","@id":"https:\/\/www.indieofilo.com\/#organization","name":"Indie\u00f3filo Web","url":"https:\/\/www.indieofilo.com\/","logo":{"@type":"ImageObject","inLanguage":"en-US","@id":"https:\/\/www.indieofilo.com\/#\/schema\/logo\/image\/","url":"https:\/\/www.indieofilo.com\/wp-content\/uploads\/2015\/02\/logo-alta-resolucion.png","contentUrl":"https:\/\/www.indieofilo.com\/wp-content\/uploads\/2015\/02\/logo-alta-resolucion.png","width":544,"height":185,"caption":"Indie\u00f3filo Web"},"image":{"@id":"https:\/\/www.indieofilo.com\/#\/schema\/logo\/image\/"},"sameAs":["https:\/\/www.facebook.com\/Indieofilo\/","https:\/\/x.com\/indieofilo","https:\/\/www.instagram.com\/indieofilo\/"]},{"@type":"Person","@id":"https:\/\/www.indieofilo.com\/#\/schema\/person\/595334d38590e4ce5a09f83cbf2fca90","name":"Victor","image":{"@type":"ImageObject","inLanguage":"en-US","@id":"https:\/\/www.indieofilo.com\/#\/schema\/person\/image\/","url":"https:\/\/secure.gravatar.com\/avatar\/682b8c6ea3e94b6cffec683b25f1797d?s=96&d=mm&r=g","contentUrl":"https:\/\/secure.gravatar.com\/avatar\/682b8c6ea3e94b6cffec683b25f1797d?s=96&d=mm&r=g","caption":"Victor"},"description":"Fan\u00e1tico de la m\u00fasica desde que mis padres me pon\u00edan a Eydie Gorme y Los Panchos o el Discotuna por la A2. Intent\u00e9 tocar varios instrumentos, pero soy muy torpe con la mano izquierda, as\u00ed que ya sab\u00e9is el resultado final. Fan del britpop, Post-punk, el rugby y el baloncesto...","sameAs":["http:\/\/indieofilo.com"],"url":"https:\/\/www.indieofilo.com\/en\/author\/victor"}]}},"_links":{"self":[{"href":"https:\/\/www.indieofilo.com\/en\/wp-json\/wp\/v2\/posts\/11166","targetHints":{"allow":["GET"]}}],"collection":[{"href":"https:\/\/www.indieofilo.com\/en\/wp-json\/wp\/v2\/posts"}],"about":[{"href":"https:\/\/www.indieofilo.com\/en\/wp-json\/wp\/v2\/types\/post"}],"author":[{"embeddable":true,"href":"https:\/\/www.indieofilo.com\/en\/wp-json\/wp\/v2\/users\/1"}],"replies":[{"embeddable":true,"href":"https:\/\/www.indieofilo.com\/en\/wp-json\/wp\/v2\/comments?post=11166"}],"version-history":[{"count":0,"href":"https:\/\/www.indieofilo.com\/en\/wp-json\/wp\/v2\/posts\/11166\/revisions"}],"wp:featuredmedia":[{"embeddable":true,"href":"https:\/\/www.indieofilo.com\/en\/wp-json\/wp\/v2\/media\/11159"}],"wp:attachment":[{"href":"https:\/\/www.indieofilo.com\/en\/wp-json\/wp\/v2\/media?parent=11166"}],"wp:term":[{"taxonomy":"category","embeddable":true,"href":"https:\/\/www.indieofilo.com\/en\/wp-json\/wp\/v2\/categories?post=11166"},{"taxonomy":"post_tag","embeddable":true,"href":"https:\/\/www.indieofilo.com\/en\/wp-json\/wp\/v2\/tags?post=11166"}],"curies":[{"name":"wp","href":"https:\/\/api.w.org\/{rel}","templated":true}]}}