{"id":1105,"date":"2015-03-11T12:20:33","date_gmt":"2015-03-11T11:20:33","guid":{"rendered":"http:\/\/testing.indieofilo.com\/?p=1105"},"modified":"2023-11-21T14:38:33","modified_gmt":"2023-11-21T13:38:33","slug":"franco-battiato-7th-march-2015-melkweg-amsterdam","status":"publish","type":"post","link":"https:\/\/www.indieofilo.com\/en\/gig-reviews\/franco-battiato-7th-march-2015-melkweg-amsterdam","title":{"rendered":"Franco Battiato &#8211; 7th March 2015 (Melkweg &#8211; Amsterdam)"},"content":{"rendered":"<p style=\"text-align: justify;\">\n\tLast Saturday &nbsp;7th&nbsp;March, the zaal the Oude <strong>Melkweg<\/strong>&#39;s Zaal in Amsterdam was full to receive one of the icons of Italian music in recent decades, the versatile <strong>Franco Battiato<\/strong>, author of some of the most recognisable songs of culture of the&nbsp;transalpine&nbsp;country and came to the Dutch capital on tour to promote his alter ego &quot;<strong>Joe Patti<\/strong>&quot; under which he published a LP last year.<\/p>\n<p style=\"text-align: center;\">\n\t<img decoding=\"async\" alt=\"Franco Battiato - Amsterdam 2015 Melkweg \" src=\"\/wp-content\/uploads\/2015\/03\/Franco-Battiato-Melkweg-Amsterdam-2015-17.jpg\"\/><\/p>\n<p style=\"text-align: justify;\">\n\tBefore a room full of countrymen that&nbsp;waiting anxiously&nbsp;Catanesi singer, the sexagenarian was present wearing a scarf accompanied by his inseparable partner <strong>Pino &quot;Pinaxa&quot; Pischetola<\/strong> and the pianist <strong>Carlo Guaitoli<\/strong>, warning that the show will be divided into two clearly differentiated parts, the first about 30 minutes that would present &quot;<em>Joe Patti Experimental Group<\/em>&quot;, later to offer what himself described as a &quot;walk through its pop songs.&quot; In the first half, in which Battiato alternated synthesizers with microphone, highlighted certain&nbsp;passages near its recent collaboration with <strong>Antony Hegarty<\/strong> and even progressive rock , but in the overall it was repetitive and on some moments also&nbsp;boring due to an excess of orchestration where the Italian singer&#39;s voice was lost easily.<\/p>\n<p style=\"text-align: center;\">\n\t<img decoding=\"async\" alt=\"Franco Battiato -  Melkweg  Amsterdam 2015\" src=\"\/wp-content\/uploads\/2015\/03\/Franco-Battiato-Melkweg-Amsterdam-2015-18.jpg\"\/><\/p>\n<p style=\"text-align: justify;\">\n\tAs in a turn of 180&ordm; as far as mindset is concerned, the artist left the synthesizer aside, going on sit in a chair facing the audience in order to play some of the greatest hits of his long discography. The first minutes were used to approaching the most intimate Battiato, who guides with his voice the most primal feelings in songs like &quot;<em>L&#39;ombra della luce<\/em>&quot;, &quot;Stati di ioia&quot; or &quot;<em>L&#39;incantesimo<\/em>&quot;, among which intercalated a powerful interpretation of that marvel near the symphonic metal is &quot;<em>Il mantello and the spiga<\/em>&quot; where the use of vocoder enhanced still more darkness related in lyrics. The level of emotion followed with &quot;<em>Niente &egrave; come sembra<\/em>&quot;, later to merge the controversial &quot;&#39;<em>Fornicare<\/em>&quot; with one of his greatest hits <em>&quot;No Time, not Space<\/em>&quot; with which the audience went wild screaming the sentences in English. As looking for a break, the Italian chose to play a song version of Shakespeare&#39;s text &quot;<em>Come Away Death<\/em>&quot;, which froze an environment that was at its height, and then return to please the public with the declaration of immortal love and passion which is &quot;<em>E ti vengo a cercare<\/em>&quot;, resulting in a golden touch on the setlist proposed by veteran singer.<\/p>\n<p style=\"text-align: center;\">\n\t<img decoding=\"async\" alt=\"Franco Battiato - 2015 Amsterdam Melkweg\" src=\"\/wp-content\/uploads\/2015\/03\/Franco-Battiato-Melkweg-Amsterdam-2015-22.jpg\" \/><\/p>\n<p style=\"text-align: justify;\">\n\tBefore an audience that&nbsp;requested in a more strongly way songs of their idol, he returned to the stage with a first series of some slack encores in which an error in the lyrics of the famous &quot;<em>Perspectiva Nevski<\/em>&quot; and a heartfelt version of &quot;<em>La cura<\/em>&quot; were the most highlights, while the second set of encores if it was a real success due to he sang another of his greatest hits of the 80s as &quot;<em>La stacione del amore<\/em>&quot; and the well-known &quot;<em>Voglio vederti danzare<\/em>&quot;, with which the audience danced and sing a capella his famous chorus. As a last gift before saying goodbye, the master of southern Italy performed again with the help of synthesizers &quot;<em>Propiedad prohibida<\/em>&quot;, one of the first songs on his progressive stage reminiscent of the best Pink Floyd and that also served to close the show after about two hours.&nbsp;For me, whose early childhood memories are associated with familiar trips with <strong>Battiato <\/strong>on the background, it may be difficult to analyze objectively the show, but aside the fanaticism I must recognise that the first part of the show was too slow and at times the the setlist had too many ups and downs. However, with the same sincerity,&nbsp;it is also necessary&nbsp; to admit that part of&nbsp; the setlist includes 6 or 7 hits that hold for itself the concert, showing a vital and energetic <strong>Battiato <\/strong>that despite his nearly 70 years remains as one of the great stars on stage.<\/p>\n","protected":false},"excerpt":{"rendered":"<p>Last Saturday &nbsp;7th&nbsp;March, the zaal the Oude Melkweg&#39;s Zaal in Amsterdam was full to receive one of the icons of Italian music in recent decades, the versatile Franco Battiato, author of some of the most recognisable songs of culture of the&nbsp;transalpine&nbsp;country and came to the Dutch capital on tour to promote his alter ego &quot;Joe [&hellip;]<\/p>\n","protected":false},"author":1,"featured_media":1098,"comment_status":"closed","ping_status":"closed","sticky":false,"template":"","format":"gallery","meta":{"footnotes":""},"categories":[7,15],"tags":[5735,6454,5786],"class_list":["post-1105","post","type-post","status-publish","format-gallery","has-post-thumbnail","hentry","category-gig-reviews","category-rooms","tag-amsterdam-en","tag-franco-battiato-en","tag-melkweg-en","post_format-post-format-gallery"],"yoast_head":"<!-- This site is optimized with the Yoast SEO Premium plugin v23.9 (Yoast SEO v26.6) - https:\/\/yoast.com\/wordpress\/plugins\/seo\/ -->\n<title>Franco Battiato - 7th March 2015 (Melkweg - Amsterdam)<\/title>\n<meta name=\"description\" content=\"Review and exclusive photo gallery of the show that Franco Battiato made last 7th March of 2015 at Melkweg in Amsterdam.\" \/>\n<meta name=\"robots\" content=\"index, follow, max-snippet:-1, max-image-preview:large, max-video-preview:-1\" \/>\n<link rel=\"canonical\" href=\"https:\/\/www.indieofilo.com\/en\/gig-reviews\/franco-battiato-7th-march-2015-melkweg-amsterdam\" \/>\n<meta property=\"og:locale\" content=\"en_US\" \/>\n<meta property=\"og:type\" content=\"article\" \/>\n<meta property=\"og:title\" content=\"Franco Battiato - 7th March 2015 (Melkweg - Amsterdam)\" \/>\n<meta property=\"og:description\" content=\"Review and exclusive photo gallery of the show that Franco Battiato made last 7th March of 2015 at Melkweg in Amsterdam.\" \/>\n<meta property=\"og:url\" content=\"https:\/\/www.indieofilo.com\/en\/gig-reviews\/franco-battiato-7th-march-2015-melkweg-amsterdam\" \/>\n<meta property=\"og:site_name\" content=\"Indie\u00f3filo\" \/>\n<meta property=\"article:publisher\" content=\"https:\/\/www.facebook.com\/Indieofilo\/\" \/>\n<meta property=\"article:published_time\" content=\"2015-03-11T11:20:33+00:00\" \/>\n<meta property=\"article:modified_time\" content=\"2023-11-21T13:38:33+00:00\" \/>\n<meta property=\"og:image\" content=\"https:\/\/www.indieofilo.com\/wp-content\/uploads\/2015\/03\/Franco-Battiato-Melkweg-Amsterdam-2015-17.jpg\" \/>\n\t<meta property=\"og:image:width\" content=\"800\" \/>\n\t<meta property=\"og:image:height\" content=\"533\" \/>\n\t<meta property=\"og:image:type\" content=\"image\/jpeg\" \/>\n<meta name=\"author\" content=\"Victor\" \/>\n<meta name=\"twitter:card\" content=\"summary_large_image\" \/>\n<meta name=\"twitter:creator\" content=\"@indieofilo\" \/>\n<meta name=\"twitter:site\" content=\"@indieofilo\" \/>\n<meta name=\"twitter:label1\" content=\"Written by\" \/>\n\t<meta name=\"twitter:data1\" content=\"Victor\" \/>\n\t<meta name=\"twitter:label2\" content=\"Est. reading time\" \/>\n\t<meta name=\"twitter:data2\" content=\"4 minutes\" \/>\n<script type=\"application\/ld+json\" class=\"yoast-schema-graph\">{\"@context\":\"https:\/\/schema.org\",\"@graph\":[{\"@type\":\"Article\",\"@id\":\"https:\/\/www.indieofilo.com\/en\/gig-reviews\/franco-battiato-7th-march-2015-melkweg-amsterdam#article\",\"isPartOf\":{\"@id\":\"https:\/\/www.indieofilo.com\/en\/gig-reviews\/franco-battiato-7th-march-2015-melkweg-amsterdam\"},\"author\":{\"name\":\"Victor\",\"@id\":\"https:\/\/www.indieofilo.com\/#\/schema\/person\/595334d38590e4ce5a09f83cbf2fca90\"},\"headline\":\"Franco Battiato &#8211; 7th March 2015 (Melkweg &#8211; Amsterdam)\",\"datePublished\":\"2015-03-11T11:20:33+00:00\",\"dateModified\":\"2023-11-21T13:38:33+00:00\",\"mainEntityOfPage\":{\"@id\":\"https:\/\/www.indieofilo.com\/en\/gig-reviews\/franco-battiato-7th-march-2015-melkweg-amsterdam\"},\"wordCount\":693,\"publisher\":{\"@id\":\"https:\/\/www.indieofilo.com\/#organization\"},\"image\":{\"@id\":\"https:\/\/www.indieofilo.com\/en\/gig-reviews\/franco-battiato-7th-march-2015-melkweg-amsterdam#primaryimage\"},\"thumbnailUrl\":\"https:\/\/www.indieofilo.com\/wp-content\/uploads\/2015\/03\/Franco-Battiato-Melkweg-Amsterdam-2015-17.jpg\",\"keywords\":[\"Amsterdam\",\"Franco Battiato\",\"Melkweg\"],\"articleSection\":[\"Gig Reviews\",\"Rooms\"],\"inLanguage\":\"en-US\"},{\"@type\":\"WebPage\",\"@id\":\"https:\/\/www.indieofilo.com\/en\/gig-reviews\/franco-battiato-7th-march-2015-melkweg-amsterdam\",\"url\":\"https:\/\/www.indieofilo.com\/en\/gig-reviews\/franco-battiato-7th-march-2015-melkweg-amsterdam\",\"name\":\"Franco Battiato - 7th March 2015 (Melkweg - Amsterdam)\",\"isPartOf\":{\"@id\":\"https:\/\/www.indieofilo.com\/#website\"},\"primaryImageOfPage\":{\"@id\":\"https:\/\/www.indieofilo.com\/en\/gig-reviews\/franco-battiato-7th-march-2015-melkweg-amsterdam#primaryimage\"},\"image\":{\"@id\":\"https:\/\/www.indieofilo.com\/en\/gig-reviews\/franco-battiato-7th-march-2015-melkweg-amsterdam#primaryimage\"},\"thumbnailUrl\":\"https:\/\/www.indieofilo.com\/wp-content\/uploads\/2015\/03\/Franco-Battiato-Melkweg-Amsterdam-2015-17.jpg\",\"datePublished\":\"2015-03-11T11:20:33+00:00\",\"dateModified\":\"2023-11-21T13:38:33+00:00\",\"description\":\"Review and exclusive photo gallery of the show that Franco Battiato made last 7th March of 2015 at Melkweg in Amsterdam.\",\"breadcrumb\":{\"@id\":\"https:\/\/www.indieofilo.com\/en\/gig-reviews\/franco-battiato-7th-march-2015-melkweg-amsterdam#breadcrumb\"},\"inLanguage\":\"en-US\",\"potentialAction\":[{\"@type\":\"ReadAction\",\"target\":[\"https:\/\/www.indieofilo.com\/en\/gig-reviews\/franco-battiato-7th-march-2015-melkweg-amsterdam\"]}]},{\"@type\":\"ImageObject\",\"inLanguage\":\"en-US\",\"@id\":\"https:\/\/www.indieofilo.com\/en\/gig-reviews\/franco-battiato-7th-march-2015-melkweg-amsterdam#primaryimage\",\"url\":\"https:\/\/www.indieofilo.com\/wp-content\/uploads\/2015\/03\/Franco-Battiato-Melkweg-Amsterdam-2015-17.jpg\",\"contentUrl\":\"https:\/\/www.indieofilo.com\/wp-content\/uploads\/2015\/03\/Franco-Battiato-Melkweg-Amsterdam-2015-17.jpg\",\"width\":800,\"height\":533,\"caption\":\"Franco Battiato - Melkweg Amsterdam 2015\"},{\"@type\":\"BreadcrumbList\",\"@id\":\"https:\/\/www.indieofilo.com\/en\/gig-reviews\/franco-battiato-7th-march-2015-melkweg-amsterdam#breadcrumb\",\"itemListElement\":[{\"@type\":\"ListItem\",\"position\":1,\"name\":\"Portada\",\"item\":\"https:\/\/www.indieofilo.com\/en\"},{\"@type\":\"ListItem\",\"position\":2,\"name\":\"Franco Battiato &#8211; 7th March 2015 (Melkweg &#8211; Amsterdam)\"}]},{\"@type\":\"WebSite\",\"@id\":\"https:\/\/www.indieofilo.com\/#website\",\"url\":\"https:\/\/www.indieofilo.com\/\",\"name\":\"Indie\u00f3filo\",\"description\":\"Magazine online de la cultura independiente\",\"publisher\":{\"@id\":\"https:\/\/www.indieofilo.com\/#organization\"},\"potentialAction\":[{\"@type\":\"SearchAction\",\"target\":{\"@type\":\"EntryPoint\",\"urlTemplate\":\"https:\/\/www.indieofilo.com\/?s={search_term_string}\"},\"query-input\":{\"@type\":\"PropertyValueSpecification\",\"valueRequired\":true,\"valueName\":\"search_term_string\"}}],\"inLanguage\":\"en-US\"},{\"@type\":\"Organization\",\"@id\":\"https:\/\/www.indieofilo.com\/#organization\",\"name\":\"Indie\u00f3filo Web\",\"url\":\"https:\/\/www.indieofilo.com\/\",\"logo\":{\"@type\":\"ImageObject\",\"inLanguage\":\"en-US\",\"@id\":\"https:\/\/www.indieofilo.com\/#\/schema\/logo\/image\/\",\"url\":\"https:\/\/www.indieofilo.com\/wp-content\/uploads\/2015\/02\/logo-alta-resolucion.png\",\"contentUrl\":\"https:\/\/www.indieofilo.com\/wp-content\/uploads\/2015\/02\/logo-alta-resolucion.png\",\"width\":544,\"height\":185,\"caption\":\"Indie\u00f3filo Web\"},\"image\":{\"@id\":\"https:\/\/www.indieofilo.com\/#\/schema\/logo\/image\/\"},\"sameAs\":[\"https:\/\/www.facebook.com\/Indieofilo\/\",\"https:\/\/x.com\/indieofilo\",\"https:\/\/www.instagram.com\/indieofilo\/\"]},{\"@type\":\"Person\",\"@id\":\"https:\/\/www.indieofilo.com\/#\/schema\/person\/595334d38590e4ce5a09f83cbf2fca90\",\"name\":\"Victor\",\"image\":{\"@type\":\"ImageObject\",\"inLanguage\":\"en-US\",\"@id\":\"https:\/\/www.indieofilo.com\/#\/schema\/person\/image\/\",\"url\":\"https:\/\/secure.gravatar.com\/avatar\/682b8c6ea3e94b6cffec683b25f1797d?s=96&d=mm&r=g\",\"contentUrl\":\"https:\/\/secure.gravatar.com\/avatar\/682b8c6ea3e94b6cffec683b25f1797d?s=96&d=mm&r=g\",\"caption\":\"Victor\"},\"description\":\"Fan\u00e1tico de la m\u00fasica desde que mis padres me pon\u00edan a Eydie Gorme y Los Panchos o el Discotuna por la A2. Intent\u00e9 tocar varios instrumentos, pero soy muy torpe con la mano izquierda, as\u00ed que ya sab\u00e9is el resultado final. Fan del britpop, Post-punk, el rugby y el baloncesto...\",\"sameAs\":[\"http:\/\/indieofilo.com\"],\"url\":\"https:\/\/www.indieofilo.com\/en\/author\/victor\"}]}<\/script>\n<!-- \/ Yoast SEO Premium plugin. -->","yoast_head_json":{"title":"Franco Battiato - 7th March 2015 (Melkweg - Amsterdam)","description":"Review and exclusive photo gallery of the show that Franco Battiato made last 7th March of 2015 at Melkweg in Amsterdam.","robots":{"index":"index","follow":"follow","max-snippet":"max-snippet:-1","max-image-preview":"max-image-preview:large","max-video-preview":"max-video-preview:-1"},"canonical":"https:\/\/www.indieofilo.com\/en\/gig-reviews\/franco-battiato-7th-march-2015-melkweg-amsterdam","og_locale":"en_US","og_type":"article","og_title":"Franco Battiato - 7th March 2015 (Melkweg - Amsterdam)","og_description":"Review and exclusive photo gallery of the show that Franco Battiato made last 7th March of 2015 at Melkweg in Amsterdam.","og_url":"https:\/\/www.indieofilo.com\/en\/gig-reviews\/franco-battiato-7th-march-2015-melkweg-amsterdam","og_site_name":"Indie\u00f3filo","article_publisher":"https:\/\/www.facebook.com\/Indieofilo\/","article_published_time":"2015-03-11T11:20:33+00:00","article_modified_time":"2023-11-21T13:38:33+00:00","og_image":[{"width":800,"height":533,"url":"https:\/\/www.indieofilo.com\/wp-content\/uploads\/2015\/03\/Franco-Battiato-Melkweg-Amsterdam-2015-17.jpg","type":"image\/jpeg"}],"author":"Victor","twitter_card":"summary_large_image","twitter_creator":"@indieofilo","twitter_site":"@indieofilo","twitter_misc":{"Written by":"Victor","Est. reading time":"4 minutes"},"schema":{"@context":"https:\/\/schema.org","@graph":[{"@type":"Article","@id":"https:\/\/www.indieofilo.com\/en\/gig-reviews\/franco-battiato-7th-march-2015-melkweg-amsterdam#article","isPartOf":{"@id":"https:\/\/www.indieofilo.com\/en\/gig-reviews\/franco-battiato-7th-march-2015-melkweg-amsterdam"},"author":{"name":"Victor","@id":"https:\/\/www.indieofilo.com\/#\/schema\/person\/595334d38590e4ce5a09f83cbf2fca90"},"headline":"Franco Battiato &#8211; 7th March 2015 (Melkweg &#8211; Amsterdam)","datePublished":"2015-03-11T11:20:33+00:00","dateModified":"2023-11-21T13:38:33+00:00","mainEntityOfPage":{"@id":"https:\/\/www.indieofilo.com\/en\/gig-reviews\/franco-battiato-7th-march-2015-melkweg-amsterdam"},"wordCount":693,"publisher":{"@id":"https:\/\/www.indieofilo.com\/#organization"},"image":{"@id":"https:\/\/www.indieofilo.com\/en\/gig-reviews\/franco-battiato-7th-march-2015-melkweg-amsterdam#primaryimage"},"thumbnailUrl":"https:\/\/www.indieofilo.com\/wp-content\/uploads\/2015\/03\/Franco-Battiato-Melkweg-Amsterdam-2015-17.jpg","keywords":["Amsterdam","Franco Battiato","Melkweg"],"articleSection":["Gig Reviews","Rooms"],"inLanguage":"en-US"},{"@type":"WebPage","@id":"https:\/\/www.indieofilo.com\/en\/gig-reviews\/franco-battiato-7th-march-2015-melkweg-amsterdam","url":"https:\/\/www.indieofilo.com\/en\/gig-reviews\/franco-battiato-7th-march-2015-melkweg-amsterdam","name":"Franco Battiato - 7th March 2015 (Melkweg - Amsterdam)","isPartOf":{"@id":"https:\/\/www.indieofilo.com\/#website"},"primaryImageOfPage":{"@id":"https:\/\/www.indieofilo.com\/en\/gig-reviews\/franco-battiato-7th-march-2015-melkweg-amsterdam#primaryimage"},"image":{"@id":"https:\/\/www.indieofilo.com\/en\/gig-reviews\/franco-battiato-7th-march-2015-melkweg-amsterdam#primaryimage"},"thumbnailUrl":"https:\/\/www.indieofilo.com\/wp-content\/uploads\/2015\/03\/Franco-Battiato-Melkweg-Amsterdam-2015-17.jpg","datePublished":"2015-03-11T11:20:33+00:00","dateModified":"2023-11-21T13:38:33+00:00","description":"Review and exclusive photo gallery of the show that Franco Battiato made last 7th March of 2015 at Melkweg in Amsterdam.","breadcrumb":{"@id":"https:\/\/www.indieofilo.com\/en\/gig-reviews\/franco-battiato-7th-march-2015-melkweg-amsterdam#breadcrumb"},"inLanguage":"en-US","potentialAction":[{"@type":"ReadAction","target":["https:\/\/www.indieofilo.com\/en\/gig-reviews\/franco-battiato-7th-march-2015-melkweg-amsterdam"]}]},{"@type":"ImageObject","inLanguage":"en-US","@id":"https:\/\/www.indieofilo.com\/en\/gig-reviews\/franco-battiato-7th-march-2015-melkweg-amsterdam#primaryimage","url":"https:\/\/www.indieofilo.com\/wp-content\/uploads\/2015\/03\/Franco-Battiato-Melkweg-Amsterdam-2015-17.jpg","contentUrl":"https:\/\/www.indieofilo.com\/wp-content\/uploads\/2015\/03\/Franco-Battiato-Melkweg-Amsterdam-2015-17.jpg","width":800,"height":533,"caption":"Franco Battiato - Melkweg Amsterdam 2015"},{"@type":"BreadcrumbList","@id":"https:\/\/www.indieofilo.com\/en\/gig-reviews\/franco-battiato-7th-march-2015-melkweg-amsterdam#breadcrumb","itemListElement":[{"@type":"ListItem","position":1,"name":"Portada","item":"https:\/\/www.indieofilo.com\/en"},{"@type":"ListItem","position":2,"name":"Franco Battiato &#8211; 7th March 2015 (Melkweg &#8211; Amsterdam)"}]},{"@type":"WebSite","@id":"https:\/\/www.indieofilo.com\/#website","url":"https:\/\/www.indieofilo.com\/","name":"Indie\u00f3filo","description":"Magazine online de la cultura independiente","publisher":{"@id":"https:\/\/www.indieofilo.com\/#organization"},"potentialAction":[{"@type":"SearchAction","target":{"@type":"EntryPoint","urlTemplate":"https:\/\/www.indieofilo.com\/?s={search_term_string}"},"query-input":{"@type":"PropertyValueSpecification","valueRequired":true,"valueName":"search_term_string"}}],"inLanguage":"en-US"},{"@type":"Organization","@id":"https:\/\/www.indieofilo.com\/#organization","name":"Indie\u00f3filo Web","url":"https:\/\/www.indieofilo.com\/","logo":{"@type":"ImageObject","inLanguage":"en-US","@id":"https:\/\/www.indieofilo.com\/#\/schema\/logo\/image\/","url":"https:\/\/www.indieofilo.com\/wp-content\/uploads\/2015\/02\/logo-alta-resolucion.png","contentUrl":"https:\/\/www.indieofilo.com\/wp-content\/uploads\/2015\/02\/logo-alta-resolucion.png","width":544,"height":185,"caption":"Indie\u00f3filo Web"},"image":{"@id":"https:\/\/www.indieofilo.com\/#\/schema\/logo\/image\/"},"sameAs":["https:\/\/www.facebook.com\/Indieofilo\/","https:\/\/x.com\/indieofilo","https:\/\/www.instagram.com\/indieofilo\/"]},{"@type":"Person","@id":"https:\/\/www.indieofilo.com\/#\/schema\/person\/595334d38590e4ce5a09f83cbf2fca90","name":"Victor","image":{"@type":"ImageObject","inLanguage":"en-US","@id":"https:\/\/www.indieofilo.com\/#\/schema\/person\/image\/","url":"https:\/\/secure.gravatar.com\/avatar\/682b8c6ea3e94b6cffec683b25f1797d?s=96&d=mm&r=g","contentUrl":"https:\/\/secure.gravatar.com\/avatar\/682b8c6ea3e94b6cffec683b25f1797d?s=96&d=mm&r=g","caption":"Victor"},"description":"Fan\u00e1tico de la m\u00fasica desde que mis padres me pon\u00edan a Eydie Gorme y Los Panchos o el Discotuna por la A2. Intent\u00e9 tocar varios instrumentos, pero soy muy torpe con la mano izquierda, as\u00ed que ya sab\u00e9is el resultado final. Fan del britpop, Post-punk, el rugby y el baloncesto...","sameAs":["http:\/\/indieofilo.com"],"url":"https:\/\/www.indieofilo.com\/en\/author\/victor"}]}},"_links":{"self":[{"href":"https:\/\/www.indieofilo.com\/en\/wp-json\/wp\/v2\/posts\/1105","targetHints":{"allow":["GET"]}}],"collection":[{"href":"https:\/\/www.indieofilo.com\/en\/wp-json\/wp\/v2\/posts"}],"about":[{"href":"https:\/\/www.indieofilo.com\/en\/wp-json\/wp\/v2\/types\/post"}],"author":[{"embeddable":true,"href":"https:\/\/www.indieofilo.com\/en\/wp-json\/wp\/v2\/users\/1"}],"replies":[{"embeddable":true,"href":"https:\/\/www.indieofilo.com\/en\/wp-json\/wp\/v2\/comments?post=1105"}],"version-history":[{"count":0,"href":"https:\/\/www.indieofilo.com\/en\/wp-json\/wp\/v2\/posts\/1105\/revisions"}],"wp:featuredmedia":[{"embeddable":true,"href":"https:\/\/www.indieofilo.com\/en\/wp-json\/wp\/v2\/media\/1098"}],"wp:attachment":[{"href":"https:\/\/www.indieofilo.com\/en\/wp-json\/wp\/v2\/media?parent=1105"}],"wp:term":[{"taxonomy":"category","embeddable":true,"href":"https:\/\/www.indieofilo.com\/en\/wp-json\/wp\/v2\/categories?post=1105"},{"taxonomy":"post_tag","embeddable":true,"href":"https:\/\/www.indieofilo.com\/en\/wp-json\/wp\/v2\/tags?post=1105"}],"curies":[{"name":"wp","href":"https:\/\/api.w.org\/{rel}","templated":true}]}}