{"id":10919,"date":"2017-10-18T12:37:50","date_gmt":"2017-10-18T10:37:50","guid":{"rendered":"http:\/\/indieofilo.com\/?p=10919"},"modified":"2023-09-01T08:21:03","modified_gmt":"2023-09-01T06:21:03","slug":"lana-del-rey-confirms-european-tour-2018","status":"publish","type":"post","link":"https:\/\/www.indieofilo.com\/en\/news\/lana-del-rey-confirms-european-tour-2018","title":{"rendered":"Lana del Rey confirms European Tour 2018"},"content":{"rendered":"<p style=\"text-align: justify;\">\n\t<img fetchpriority=\"high\" decoding=\"async\" alt=\"Lana del Rey Barcelona 2018\" class=\"aligncenter size-full wp-image-10916\" height=\"600\" src=\"http:\/\/indieofilo.com\/wp-content\/uploads\/2017\/10\/Lana_del_Rey_Barcelona_2018.jpg\" width=\"426\" srcset=\"https:\/\/www.indieofilo.com\/wp-content\/uploads\/2017\/10\/Lana_del_Rey_Barcelona_2018.jpg 426w, https:\/\/www.indieofilo.com\/wp-content\/uploads\/2017\/10\/Lana_del_Rey_Barcelona_2018-213x300.jpg 213w\" sizes=\"(max-width: 426px) 100vw, 426px\" \/><\/p>\n<p style=\"text-align: justify;\">\n\tAfter days of rumors, <strong>Lana Del Rey<\/strong> has confirmed dates for the European Tour to present her latest album <em>Lust For Life<\/em>&nbsp;(2017). <strong>The tour, which will start on April 11 in Milan, includes two dates in Spain, on Thursday, April 19 at Palau Sant Jordi in Barcelona and one day later, on April 20 at the Palacio Vistalegre Arena in Madrid<\/strong>.<\/p>\n<p style=\"text-align: justify;\">\n\tThe sale of tickets for the gigs of Lana Del Rey in Barcelona and Madrid, whose prices range from &euro; 50 to &euro; 175 (+ management fees) will open in pre-sale mode via <a href=\"http:\/\/livenation.es\" target=\"_blank\" rel=\"noopener\">Livenation<\/a> at 9 am on October 19, while the general sale will be enabled through <a href=\"http:\/\/livenation.es\" target=\"_blank \" rel=\"noopener\"> Livenation <\/a>, <a href=\"http:\/\/ticketmaster.es\" target=\"_blank\" rel=\"noopener\"> Ticketmaster <\/a> &amp; Ticketmaster Ticket Network (FNAC, Halc&oacute;n Viajes and Carrefour) from 9 am of Friday October, 20.<\/p>\n","protected":false},"excerpt":{"rendered":"<p>After days of rumors, Lana Del Rey has confirmed dates for the European Tour to present her latest album Lust For Life&nbsp;(2017). The tour, which will start on April 11 in Milan, includes two dates in Spain, on Thursday, April 19 at Palau Sant Jordi in Barcelona and one day later, on April 20 at [&hellip;]<\/p>\n","protected":false},"author":1,"featured_media":21545,"comment_status":"open","ping_status":"closed","sticky":false,"template":"","format":"standard","meta":{"footnotes":""},"categories":[41,8],"tags":[4961,5290],"class_list":["post-10919","post","type-post","status-publish","format-standard","has-post-thumbnail","hentry","category-live-shows","category-news","tag-barcelona-en","tag-lana-del-rey-en"],"yoast_head":"<!-- This site is optimized with the Yoast SEO Premium plugin v23.9 (Yoast SEO v26.6) - https:\/\/yoast.com\/wordpress\/plugins\/seo\/ -->\n<title>Lana del Rey confirms European Tour 2018 - Indie\u00f3filo<\/title>\n<meta name=\"description\" content=\"Lana del Rey has announced the European Tour to present her last album Lust For Life. The tour will start in Milano and includes two concerts in Spain.\" \/>\n<meta name=\"robots\" content=\"index, follow, max-snippet:-1, max-image-preview:large, max-video-preview:-1\" \/>\n<link rel=\"canonical\" href=\"https:\/\/www.indieofilo.com\/en\/news\/lana-del-rey-confirms-european-tour-2018\" \/>\n<meta property=\"og:locale\" content=\"en_US\" \/>\n<meta property=\"og:type\" content=\"article\" \/>\n<meta property=\"og:title\" content=\"Lana del Rey confirms European Tour 2018\" \/>\n<meta property=\"og:description\" content=\"Lana del Rey has announced the European Tour to present her last album Lust For Life. The tour will start in Milano and includes two concerts in Spain.\" \/>\n<meta property=\"og:url\" content=\"https:\/\/www.indieofilo.com\/en\/news\/lana-del-rey-confirms-european-tour-2018\" \/>\n<meta property=\"og:site_name\" content=\"Indie\u00f3filo\" \/>\n<meta property=\"article:publisher\" content=\"https:\/\/www.facebook.com\/Indieofilo\/\" \/>\n<meta property=\"article:published_time\" content=\"2017-10-18T10:37:50+00:00\" \/>\n<meta property=\"article:modified_time\" content=\"2023-09-01T06:21:03+00:00\" \/>\n<meta property=\"og:image\" content=\"https:\/\/www.indieofilo.com\/wp-content\/uploads\/2017\/10\/Lana_del_Rey_Barcelona_2018.jpg\" \/>\n\t<meta property=\"og:image:width\" content=\"426\" \/>\n\t<meta property=\"og:image:height\" content=\"600\" \/>\n\t<meta property=\"og:image:type\" content=\"image\/jpeg\" \/>\n<meta name=\"author\" content=\"Victor\" \/>\n<meta name=\"twitter:card\" content=\"summary_large_image\" \/>\n<meta name=\"twitter:creator\" content=\"@indieofilo\" \/>\n<meta name=\"twitter:site\" content=\"@indieofilo\" \/>\n<meta name=\"twitter:label1\" content=\"Written by\" \/>\n\t<meta name=\"twitter:data1\" content=\"Victor\" \/>\n\t<meta name=\"twitter:label2\" content=\"Est. reading time\" \/>\n\t<meta name=\"twitter:data2\" content=\"1 minute\" \/>\n<script type=\"application\/ld+json\" class=\"yoast-schema-graph\">{\"@context\":\"https:\/\/schema.org\",\"@graph\":[{\"@type\":\"Article\",\"@id\":\"https:\/\/www.indieofilo.com\/en\/news\/lana-del-rey-confirms-european-tour-2018#article\",\"isPartOf\":{\"@id\":\"https:\/\/www.indieofilo.com\/en\/news\/lana-del-rey-confirms-european-tour-2018\"},\"author\":{\"name\":\"Victor\",\"@id\":\"https:\/\/www.indieofilo.com\/#\/schema\/person\/595334d38590e4ce5a09f83cbf2fca90\"},\"headline\":\"Lana del Rey confirms European Tour 2018\",\"datePublished\":\"2017-10-18T10:37:50+00:00\",\"dateModified\":\"2023-09-01T06:21:03+00:00\",\"mainEntityOfPage\":{\"@id\":\"https:\/\/www.indieofilo.com\/en\/news\/lana-del-rey-confirms-european-tour-2018\"},\"wordCount\":126,\"commentCount\":0,\"publisher\":{\"@id\":\"https:\/\/www.indieofilo.com\/#organization\"},\"image\":{\"@id\":\"https:\/\/www.indieofilo.com\/en\/news\/lana-del-rey-confirms-european-tour-2018#primaryimage\"},\"thumbnailUrl\":\"https:\/\/www.indieofilo.com\/wp-content\/uploads\/2017\/10\/Lana_del_Rey_Barcelona_2018.jpg\",\"keywords\":[\"Barcelona\",\"Lana del rey\"],\"articleSection\":[\"Live Shows\",\"News\"],\"inLanguage\":\"en-US\",\"potentialAction\":[{\"@type\":\"CommentAction\",\"name\":\"Comment\",\"target\":[\"https:\/\/www.indieofilo.com\/en\/news\/lana-del-rey-confirms-european-tour-2018#respond\"]}]},{\"@type\":\"WebPage\",\"@id\":\"https:\/\/www.indieofilo.com\/en\/news\/lana-del-rey-confirms-european-tour-2018\",\"url\":\"https:\/\/www.indieofilo.com\/en\/news\/lana-del-rey-confirms-european-tour-2018\",\"name\":\"Lana del Rey confirms European Tour 2018 - Indie\u00f3filo\",\"isPartOf\":{\"@id\":\"https:\/\/www.indieofilo.com\/#website\"},\"primaryImageOfPage\":{\"@id\":\"https:\/\/www.indieofilo.com\/en\/news\/lana-del-rey-confirms-european-tour-2018#primaryimage\"},\"image\":{\"@id\":\"https:\/\/www.indieofilo.com\/en\/news\/lana-del-rey-confirms-european-tour-2018#primaryimage\"},\"thumbnailUrl\":\"https:\/\/www.indieofilo.com\/wp-content\/uploads\/2017\/10\/Lana_del_Rey_Barcelona_2018.jpg\",\"datePublished\":\"2017-10-18T10:37:50+00:00\",\"dateModified\":\"2023-09-01T06:21:03+00:00\",\"description\":\"Lana del Rey has announced the European Tour to present her last album Lust For Life. The tour will start in Milano and includes two concerts in Spain.\",\"breadcrumb\":{\"@id\":\"https:\/\/www.indieofilo.com\/en\/news\/lana-del-rey-confirms-european-tour-2018#breadcrumb\"},\"inLanguage\":\"en-US\",\"potentialAction\":[{\"@type\":\"ReadAction\",\"target\":[\"https:\/\/www.indieofilo.com\/en\/news\/lana-del-rey-confirms-european-tour-2018\"]}]},{\"@type\":\"ImageObject\",\"inLanguage\":\"en-US\",\"@id\":\"https:\/\/www.indieofilo.com\/en\/news\/lana-del-rey-confirms-european-tour-2018#primaryimage\",\"url\":\"https:\/\/www.indieofilo.com\/wp-content\/uploads\/2017\/10\/Lana_del_Rey_Barcelona_2018.jpg\",\"contentUrl\":\"https:\/\/www.indieofilo.com\/wp-content\/uploads\/2017\/10\/Lana_del_Rey_Barcelona_2018.jpg\",\"width\":426,\"height\":600},{\"@type\":\"BreadcrumbList\",\"@id\":\"https:\/\/www.indieofilo.com\/en\/news\/lana-del-rey-confirms-european-tour-2018#breadcrumb\",\"itemListElement\":[{\"@type\":\"ListItem\",\"position\":1,\"name\":\"Portada\",\"item\":\"https:\/\/www.indieofilo.com\/en\"},{\"@type\":\"ListItem\",\"position\":2,\"name\":\"Lana del Rey confirms European Tour 2018\"}]},{\"@type\":\"WebSite\",\"@id\":\"https:\/\/www.indieofilo.com\/#website\",\"url\":\"https:\/\/www.indieofilo.com\/\",\"name\":\"Indie\u00f3filo\",\"description\":\"Magazine online de la cultura independiente\",\"publisher\":{\"@id\":\"https:\/\/www.indieofilo.com\/#organization\"},\"potentialAction\":[{\"@type\":\"SearchAction\",\"target\":{\"@type\":\"EntryPoint\",\"urlTemplate\":\"https:\/\/www.indieofilo.com\/?s={search_term_string}\"},\"query-input\":{\"@type\":\"PropertyValueSpecification\",\"valueRequired\":true,\"valueName\":\"search_term_string\"}}],\"inLanguage\":\"en-US\"},{\"@type\":\"Organization\",\"@id\":\"https:\/\/www.indieofilo.com\/#organization\",\"name\":\"Indie\u00f3filo Web\",\"url\":\"https:\/\/www.indieofilo.com\/\",\"logo\":{\"@type\":\"ImageObject\",\"inLanguage\":\"en-US\",\"@id\":\"https:\/\/www.indieofilo.com\/#\/schema\/logo\/image\/\",\"url\":\"https:\/\/www.indieofilo.com\/wp-content\/uploads\/2015\/02\/logo-alta-resolucion.png\",\"contentUrl\":\"https:\/\/www.indieofilo.com\/wp-content\/uploads\/2015\/02\/logo-alta-resolucion.png\",\"width\":544,\"height\":185,\"caption\":\"Indie\u00f3filo Web\"},\"image\":{\"@id\":\"https:\/\/www.indieofilo.com\/#\/schema\/logo\/image\/\"},\"sameAs\":[\"https:\/\/www.facebook.com\/Indieofilo\/\",\"https:\/\/x.com\/indieofilo\",\"https:\/\/www.instagram.com\/indieofilo\/\"]},{\"@type\":\"Person\",\"@id\":\"https:\/\/www.indieofilo.com\/#\/schema\/person\/595334d38590e4ce5a09f83cbf2fca90\",\"name\":\"Victor\",\"image\":{\"@type\":\"ImageObject\",\"inLanguage\":\"en-US\",\"@id\":\"https:\/\/www.indieofilo.com\/#\/schema\/person\/image\/\",\"url\":\"https:\/\/secure.gravatar.com\/avatar\/682b8c6ea3e94b6cffec683b25f1797d?s=96&d=mm&r=g\",\"contentUrl\":\"https:\/\/secure.gravatar.com\/avatar\/682b8c6ea3e94b6cffec683b25f1797d?s=96&d=mm&r=g\",\"caption\":\"Victor\"},\"description\":\"Fan\u00e1tico de la m\u00fasica desde que mis padres me pon\u00edan a Eydie Gorme y Los Panchos o el Discotuna por la A2. Intent\u00e9 tocar varios instrumentos, pero soy muy torpe con la mano izquierda, as\u00ed que ya sab\u00e9is el resultado final. Fan del britpop, Post-punk, el rugby y el baloncesto...\",\"sameAs\":[\"http:\/\/indieofilo.com\"],\"url\":\"https:\/\/www.indieofilo.com\/en\/author\/victor\"}]}<\/script>\n<!-- \/ Yoast SEO Premium plugin. -->","yoast_head_json":{"title":"Lana del Rey confirms European Tour 2018 - Indie\u00f3filo","description":"Lana del Rey has announced the European Tour to present her last album Lust For Life. The tour will start in Milano and includes two concerts in Spain.","robots":{"index":"index","follow":"follow","max-snippet":"max-snippet:-1","max-image-preview":"max-image-preview:large","max-video-preview":"max-video-preview:-1"},"canonical":"https:\/\/www.indieofilo.com\/en\/news\/lana-del-rey-confirms-european-tour-2018","og_locale":"en_US","og_type":"article","og_title":"Lana del Rey confirms European Tour 2018","og_description":"Lana del Rey has announced the European Tour to present her last album Lust For Life. The tour will start in Milano and includes two concerts in Spain.","og_url":"https:\/\/www.indieofilo.com\/en\/news\/lana-del-rey-confirms-european-tour-2018","og_site_name":"Indie\u00f3filo","article_publisher":"https:\/\/www.facebook.com\/Indieofilo\/","article_published_time":"2017-10-18T10:37:50+00:00","article_modified_time":"2023-09-01T06:21:03+00:00","og_image":[{"width":426,"height":600,"url":"https:\/\/www.indieofilo.com\/wp-content\/uploads\/2017\/10\/Lana_del_Rey_Barcelona_2018.jpg","type":"image\/jpeg"}],"author":"Victor","twitter_card":"summary_large_image","twitter_creator":"@indieofilo","twitter_site":"@indieofilo","twitter_misc":{"Written by":"Victor","Est. reading time":"1 minute"},"schema":{"@context":"https:\/\/schema.org","@graph":[{"@type":"Article","@id":"https:\/\/www.indieofilo.com\/en\/news\/lana-del-rey-confirms-european-tour-2018#article","isPartOf":{"@id":"https:\/\/www.indieofilo.com\/en\/news\/lana-del-rey-confirms-european-tour-2018"},"author":{"name":"Victor","@id":"https:\/\/www.indieofilo.com\/#\/schema\/person\/595334d38590e4ce5a09f83cbf2fca90"},"headline":"Lana del Rey confirms European Tour 2018","datePublished":"2017-10-18T10:37:50+00:00","dateModified":"2023-09-01T06:21:03+00:00","mainEntityOfPage":{"@id":"https:\/\/www.indieofilo.com\/en\/news\/lana-del-rey-confirms-european-tour-2018"},"wordCount":126,"commentCount":0,"publisher":{"@id":"https:\/\/www.indieofilo.com\/#organization"},"image":{"@id":"https:\/\/www.indieofilo.com\/en\/news\/lana-del-rey-confirms-european-tour-2018#primaryimage"},"thumbnailUrl":"https:\/\/www.indieofilo.com\/wp-content\/uploads\/2017\/10\/Lana_del_Rey_Barcelona_2018.jpg","keywords":["Barcelona","Lana del rey"],"articleSection":["Live Shows","News"],"inLanguage":"en-US","potentialAction":[{"@type":"CommentAction","name":"Comment","target":["https:\/\/www.indieofilo.com\/en\/news\/lana-del-rey-confirms-european-tour-2018#respond"]}]},{"@type":"WebPage","@id":"https:\/\/www.indieofilo.com\/en\/news\/lana-del-rey-confirms-european-tour-2018","url":"https:\/\/www.indieofilo.com\/en\/news\/lana-del-rey-confirms-european-tour-2018","name":"Lana del Rey confirms European Tour 2018 - Indie\u00f3filo","isPartOf":{"@id":"https:\/\/www.indieofilo.com\/#website"},"primaryImageOfPage":{"@id":"https:\/\/www.indieofilo.com\/en\/news\/lana-del-rey-confirms-european-tour-2018#primaryimage"},"image":{"@id":"https:\/\/www.indieofilo.com\/en\/news\/lana-del-rey-confirms-european-tour-2018#primaryimage"},"thumbnailUrl":"https:\/\/www.indieofilo.com\/wp-content\/uploads\/2017\/10\/Lana_del_Rey_Barcelona_2018.jpg","datePublished":"2017-10-18T10:37:50+00:00","dateModified":"2023-09-01T06:21:03+00:00","description":"Lana del Rey has announced the European Tour to present her last album Lust For Life. The tour will start in Milano and includes two concerts in Spain.","breadcrumb":{"@id":"https:\/\/www.indieofilo.com\/en\/news\/lana-del-rey-confirms-european-tour-2018#breadcrumb"},"inLanguage":"en-US","potentialAction":[{"@type":"ReadAction","target":["https:\/\/www.indieofilo.com\/en\/news\/lana-del-rey-confirms-european-tour-2018"]}]},{"@type":"ImageObject","inLanguage":"en-US","@id":"https:\/\/www.indieofilo.com\/en\/news\/lana-del-rey-confirms-european-tour-2018#primaryimage","url":"https:\/\/www.indieofilo.com\/wp-content\/uploads\/2017\/10\/Lana_del_Rey_Barcelona_2018.jpg","contentUrl":"https:\/\/www.indieofilo.com\/wp-content\/uploads\/2017\/10\/Lana_del_Rey_Barcelona_2018.jpg","width":426,"height":600},{"@type":"BreadcrumbList","@id":"https:\/\/www.indieofilo.com\/en\/news\/lana-del-rey-confirms-european-tour-2018#breadcrumb","itemListElement":[{"@type":"ListItem","position":1,"name":"Portada","item":"https:\/\/www.indieofilo.com\/en"},{"@type":"ListItem","position":2,"name":"Lana del Rey confirms European Tour 2018"}]},{"@type":"WebSite","@id":"https:\/\/www.indieofilo.com\/#website","url":"https:\/\/www.indieofilo.com\/","name":"Indie\u00f3filo","description":"Magazine online de la cultura independiente","publisher":{"@id":"https:\/\/www.indieofilo.com\/#organization"},"potentialAction":[{"@type":"SearchAction","target":{"@type":"EntryPoint","urlTemplate":"https:\/\/www.indieofilo.com\/?s={search_term_string}"},"query-input":{"@type":"PropertyValueSpecification","valueRequired":true,"valueName":"search_term_string"}}],"inLanguage":"en-US"},{"@type":"Organization","@id":"https:\/\/www.indieofilo.com\/#organization","name":"Indie\u00f3filo Web","url":"https:\/\/www.indieofilo.com\/","logo":{"@type":"ImageObject","inLanguage":"en-US","@id":"https:\/\/www.indieofilo.com\/#\/schema\/logo\/image\/","url":"https:\/\/www.indieofilo.com\/wp-content\/uploads\/2015\/02\/logo-alta-resolucion.png","contentUrl":"https:\/\/www.indieofilo.com\/wp-content\/uploads\/2015\/02\/logo-alta-resolucion.png","width":544,"height":185,"caption":"Indie\u00f3filo Web"},"image":{"@id":"https:\/\/www.indieofilo.com\/#\/schema\/logo\/image\/"},"sameAs":["https:\/\/www.facebook.com\/Indieofilo\/","https:\/\/x.com\/indieofilo","https:\/\/www.instagram.com\/indieofilo\/"]},{"@type":"Person","@id":"https:\/\/www.indieofilo.com\/#\/schema\/person\/595334d38590e4ce5a09f83cbf2fca90","name":"Victor","image":{"@type":"ImageObject","inLanguage":"en-US","@id":"https:\/\/www.indieofilo.com\/#\/schema\/person\/image\/","url":"https:\/\/secure.gravatar.com\/avatar\/682b8c6ea3e94b6cffec683b25f1797d?s=96&d=mm&r=g","contentUrl":"https:\/\/secure.gravatar.com\/avatar\/682b8c6ea3e94b6cffec683b25f1797d?s=96&d=mm&r=g","caption":"Victor"},"description":"Fan\u00e1tico de la m\u00fasica desde que mis padres me pon\u00edan a Eydie Gorme y Los Panchos o el Discotuna por la A2. Intent\u00e9 tocar varios instrumentos, pero soy muy torpe con la mano izquierda, as\u00ed que ya sab\u00e9is el resultado final. Fan del britpop, Post-punk, el rugby y el baloncesto...","sameAs":["http:\/\/indieofilo.com"],"url":"https:\/\/www.indieofilo.com\/en\/author\/victor"}]}},"_links":{"self":[{"href":"https:\/\/www.indieofilo.com\/en\/wp-json\/wp\/v2\/posts\/10919","targetHints":{"allow":["GET"]}}],"collection":[{"href":"https:\/\/www.indieofilo.com\/en\/wp-json\/wp\/v2\/posts"}],"about":[{"href":"https:\/\/www.indieofilo.com\/en\/wp-json\/wp\/v2\/types\/post"}],"author":[{"embeddable":true,"href":"https:\/\/www.indieofilo.com\/en\/wp-json\/wp\/v2\/users\/1"}],"replies":[{"embeddable":true,"href":"https:\/\/www.indieofilo.com\/en\/wp-json\/wp\/v2\/comments?post=10919"}],"version-history":[{"count":0,"href":"https:\/\/www.indieofilo.com\/en\/wp-json\/wp\/v2\/posts\/10919\/revisions"}],"wp:featuredmedia":[{"embeddable":true,"href":"https:\/\/www.indieofilo.com\/en\/wp-json\/wp\/v2\/media\/21545"}],"wp:attachment":[{"href":"https:\/\/www.indieofilo.com\/en\/wp-json\/wp\/v2\/media?parent=10919"}],"wp:term":[{"taxonomy":"category","embeddable":true,"href":"https:\/\/www.indieofilo.com\/en\/wp-json\/wp\/v2\/categories?post=10919"},{"taxonomy":"post_tag","embeddable":true,"href":"https:\/\/www.indieofilo.com\/en\/wp-json\/wp\/v2\/tags?post=10919"}],"curies":[{"name":"wp","href":"https:\/\/api.w.org\/{rel}","templated":true}]}}