{"id":10913,"date":"2017-10-20T14:57:20","date_gmt":"2017-10-20T12:57:20","guid":{"rendered":"http:\/\/indieofilo.com\/?p=10913"},"modified":"2023-09-01T08:10:51","modified_gmt":"2023-09-01T06:10:51","slug":"sam-smith-announce-european-tour-2018","status":"publish","type":"post","link":"https:\/\/www.indieofilo.com\/en\/news\/sam-smith-announce-european-tour-2018","title":{"rendered":"Sam Smith announce European Tour 2018"},"content":{"rendered":"<p style=\"text-align: justify;\">\n\t<img fetchpriority=\"high\" decoding=\"async\" alt=\"Sam Smith Barcelona 2018\" class=\"aligncenter size-full wp-image-10911\" height=\"450\" src=\"http:\/\/indieofilo.com\/wp-content\/uploads\/2017\/10\/Sam_Smith_Barcelona_2018.jpg\" width=\"600\" srcset=\"https:\/\/www.indieofilo.com\/wp-content\/uploads\/2017\/10\/Sam_Smith_Barcelona_2018.jpg 600w, https:\/\/www.indieofilo.com\/wp-content\/uploads\/2017\/10\/Sam_Smith_Barcelona_2018-300x225.jpg 300w\" sizes=\"(max-width: 600px) 100vw, 600px\" \/><\/p>\n<p style=\"text-align: justify;\">\n\tBritish singer <strong>Sam Smith<\/strong> has announced today the European tour to premiere their new album <em>The Thrill of It All<\/em> (2017), which will be released on November, 3. The tour, <strong>which will start on March 20 in Sheffield and will end on May 18 in Lisbon<\/strong>, will bring English singer into Spain for the first time after the cancellation at Dcode Festival 2015 with two concerts in Barcelona and Madrid, specifically on 15 and May 16 at Palau Sant Jordi and Palacio de los Deportes respectively.<\/p>\n<p style=\"text-align: justify;\">\n\tTickets for the gigs of Barcelona and Madrid, with prices varying between &euro;40.00 and &euro;60.00 (+ fees), will go on sale in the pre-sale mode on the Live Nation website on Thursday, October 26 at 10:00 am, while the general sale will start on Friday the 27th at&nbsp;<a href=\"http:\/\/livenation.es\" target=\"_blank\" rel=\"noopener\">Livenation<\/a>, <a href=\"http:\/\/ticketmaster.es\" target=\"_blank\" rel=\"noopener\">Ticketmaster<\/a>&nbsp;and&nbsp;Ticketmaster Ticket Network (FNAC, Halc&oacute;n Viajes &amp; Carrefour). With the purchase of the tickets, &euro;1 collaborates with the association Plus 1, which collaborates with artists to raise and use the voice to attract the attention of organizations that address some of the biggest challenges in the world, and with which already have previously collaborated Arcade Fire, The National, St. Vincent, CHVRCHES, Macklemore &amp; Ryan Lewis or Flume, among others.<\/p>\n","protected":false},"excerpt":{"rendered":"<p>British singer Sam Smith has announced today the European tour to premiere their new album The Thrill of It All (2017), which will be released on November, 3. The tour, which will start on March 20 in Sheffield and will end on May 18 in Lisbon, will bring English singer into Spain for the first [&hellip;]<\/p>\n","protected":false},"author":1,"featured_media":21544,"comment_status":"open","ping_status":"closed","sticky":false,"template":"","format":"standard","meta":{"footnotes":""},"categories":[41,8],"tags":[4961,4980,5287],"class_list":["post-10913","post","type-post","status-publish","format-standard","has-post-thumbnail","hentry","category-live-shows","category-news","tag-barcelona-en","tag-live-nation-en","tag-sam-smith-en"],"yoast_head":"<!-- This site is optimized with the Yoast SEO Premium plugin v23.9 (Yoast SEO v26.6) - https:\/\/yoast.com\/wordpress\/plugins\/seo\/ -->\n<title>Sam Smith announce European Tour 2018 - Indie\u00f3filo<\/title>\n<meta name=\"description\" content=\"Sam Smith will promote his new album &quot;The Thrill of it All&quot; with a European Tour that will start on March 20 in Sheffield and will end on May 18 in Lisbon.\" \/>\n<meta name=\"robots\" content=\"index, follow, max-snippet:-1, max-image-preview:large, max-video-preview:-1\" \/>\n<link rel=\"canonical\" href=\"https:\/\/www.indieofilo.com\/en\/news\/sam-smith-announce-european-tour-2018\" \/>\n<meta property=\"og:locale\" content=\"en_US\" \/>\n<meta property=\"og:type\" content=\"article\" \/>\n<meta property=\"og:title\" content=\"Sam Smith announce European Tour 2018\" \/>\n<meta property=\"og:description\" content=\"Sam Smith will promote his new album &quot;The Thrill of it All&quot; with a European Tour that will start on March 20 in Sheffield and will end on May 18 in Lisbon.\" \/>\n<meta property=\"og:url\" content=\"https:\/\/www.indieofilo.com\/en\/news\/sam-smith-announce-european-tour-2018\" \/>\n<meta property=\"og:site_name\" content=\"Indie\u00f3filo\" \/>\n<meta property=\"article:publisher\" content=\"https:\/\/www.facebook.com\/Indieofilo\/\" \/>\n<meta property=\"article:published_time\" content=\"2017-10-20T12:57:20+00:00\" \/>\n<meta property=\"article:modified_time\" content=\"2023-09-01T06:10:51+00:00\" \/>\n<meta property=\"og:image\" content=\"https:\/\/www.indieofilo.com\/wp-content\/uploads\/2017\/10\/Sam_Smith_Barcelona_2018.jpg\" \/>\n\t<meta property=\"og:image:width\" content=\"600\" \/>\n\t<meta property=\"og:image:height\" content=\"450\" \/>\n\t<meta property=\"og:image:type\" content=\"image\/jpeg\" \/>\n<meta name=\"author\" content=\"Victor\" \/>\n<meta name=\"twitter:card\" content=\"summary_large_image\" \/>\n<meta name=\"twitter:creator\" content=\"@indieofilo\" \/>\n<meta name=\"twitter:site\" content=\"@indieofilo\" \/>\n<meta name=\"twitter:label1\" content=\"Written by\" \/>\n\t<meta name=\"twitter:data1\" content=\"Victor\" \/>\n\t<meta name=\"twitter:label2\" content=\"Est. reading time\" \/>\n\t<meta name=\"twitter:data2\" content=\"2 minutes\" \/>\n<script type=\"application\/ld+json\" class=\"yoast-schema-graph\">{\"@context\":\"https:\/\/schema.org\",\"@graph\":[{\"@type\":\"Article\",\"@id\":\"https:\/\/www.indieofilo.com\/en\/news\/sam-smith-announce-european-tour-2018#article\",\"isPartOf\":{\"@id\":\"https:\/\/www.indieofilo.com\/en\/news\/sam-smith-announce-european-tour-2018\"},\"author\":{\"name\":\"Victor\",\"@id\":\"https:\/\/www.indieofilo.com\/#\/schema\/person\/595334d38590e4ce5a09f83cbf2fca90\"},\"headline\":\"Sam Smith announce European Tour 2018\",\"datePublished\":\"2017-10-20T12:57:20+00:00\",\"dateModified\":\"2023-09-01T06:10:51+00:00\",\"mainEntityOfPage\":{\"@id\":\"https:\/\/www.indieofilo.com\/en\/news\/sam-smith-announce-european-tour-2018\"},\"wordCount\":205,\"commentCount\":0,\"publisher\":{\"@id\":\"https:\/\/www.indieofilo.com\/#organization\"},\"image\":{\"@id\":\"https:\/\/www.indieofilo.com\/en\/news\/sam-smith-announce-european-tour-2018#primaryimage\"},\"thumbnailUrl\":\"https:\/\/www.indieofilo.com\/wp-content\/uploads\/2017\/10\/Sam_Smith_Barcelona_2018.jpg\",\"keywords\":[\"Barcelona\",\"Live Nation\",\"Sam Smith\"],\"articleSection\":[\"Live Shows\",\"News\"],\"inLanguage\":\"en-US\",\"potentialAction\":[{\"@type\":\"CommentAction\",\"name\":\"Comment\",\"target\":[\"https:\/\/www.indieofilo.com\/en\/news\/sam-smith-announce-european-tour-2018#respond\"]}]},{\"@type\":\"WebPage\",\"@id\":\"https:\/\/www.indieofilo.com\/en\/news\/sam-smith-announce-european-tour-2018\",\"url\":\"https:\/\/www.indieofilo.com\/en\/news\/sam-smith-announce-european-tour-2018\",\"name\":\"Sam Smith announce European Tour 2018 - Indie\u00f3filo\",\"isPartOf\":{\"@id\":\"https:\/\/www.indieofilo.com\/#website\"},\"primaryImageOfPage\":{\"@id\":\"https:\/\/www.indieofilo.com\/en\/news\/sam-smith-announce-european-tour-2018#primaryimage\"},\"image\":{\"@id\":\"https:\/\/www.indieofilo.com\/en\/news\/sam-smith-announce-european-tour-2018#primaryimage\"},\"thumbnailUrl\":\"https:\/\/www.indieofilo.com\/wp-content\/uploads\/2017\/10\/Sam_Smith_Barcelona_2018.jpg\",\"datePublished\":\"2017-10-20T12:57:20+00:00\",\"dateModified\":\"2023-09-01T06:10:51+00:00\",\"description\":\"Sam Smith will promote his new album \\\"The Thrill of it All\\\" with a European Tour that will start on March 20 in Sheffield and will end on May 18 in Lisbon.\",\"breadcrumb\":{\"@id\":\"https:\/\/www.indieofilo.com\/en\/news\/sam-smith-announce-european-tour-2018#breadcrumb\"},\"inLanguage\":\"en-US\",\"potentialAction\":[{\"@type\":\"ReadAction\",\"target\":[\"https:\/\/www.indieofilo.com\/en\/news\/sam-smith-announce-european-tour-2018\"]}]},{\"@type\":\"ImageObject\",\"inLanguage\":\"en-US\",\"@id\":\"https:\/\/www.indieofilo.com\/en\/news\/sam-smith-announce-european-tour-2018#primaryimage\",\"url\":\"https:\/\/www.indieofilo.com\/wp-content\/uploads\/2017\/10\/Sam_Smith_Barcelona_2018.jpg\",\"contentUrl\":\"https:\/\/www.indieofilo.com\/wp-content\/uploads\/2017\/10\/Sam_Smith_Barcelona_2018.jpg\",\"width\":600,\"height\":450},{\"@type\":\"BreadcrumbList\",\"@id\":\"https:\/\/www.indieofilo.com\/en\/news\/sam-smith-announce-european-tour-2018#breadcrumb\",\"itemListElement\":[{\"@type\":\"ListItem\",\"position\":1,\"name\":\"Portada\",\"item\":\"https:\/\/www.indieofilo.com\/en\"},{\"@type\":\"ListItem\",\"position\":2,\"name\":\"Sam Smith announce European Tour 2018\"}]},{\"@type\":\"WebSite\",\"@id\":\"https:\/\/www.indieofilo.com\/#website\",\"url\":\"https:\/\/www.indieofilo.com\/\",\"name\":\"Indie\u00f3filo\",\"description\":\"Magazine online de la cultura independiente\",\"publisher\":{\"@id\":\"https:\/\/www.indieofilo.com\/#organization\"},\"potentialAction\":[{\"@type\":\"SearchAction\",\"target\":{\"@type\":\"EntryPoint\",\"urlTemplate\":\"https:\/\/www.indieofilo.com\/?s={search_term_string}\"},\"query-input\":{\"@type\":\"PropertyValueSpecification\",\"valueRequired\":true,\"valueName\":\"search_term_string\"}}],\"inLanguage\":\"en-US\"},{\"@type\":\"Organization\",\"@id\":\"https:\/\/www.indieofilo.com\/#organization\",\"name\":\"Indie\u00f3filo Web\",\"url\":\"https:\/\/www.indieofilo.com\/\",\"logo\":{\"@type\":\"ImageObject\",\"inLanguage\":\"en-US\",\"@id\":\"https:\/\/www.indieofilo.com\/#\/schema\/logo\/image\/\",\"url\":\"https:\/\/www.indieofilo.com\/wp-content\/uploads\/2015\/02\/logo-alta-resolucion.png\",\"contentUrl\":\"https:\/\/www.indieofilo.com\/wp-content\/uploads\/2015\/02\/logo-alta-resolucion.png\",\"width\":544,\"height\":185,\"caption\":\"Indie\u00f3filo Web\"},\"image\":{\"@id\":\"https:\/\/www.indieofilo.com\/#\/schema\/logo\/image\/\"},\"sameAs\":[\"https:\/\/www.facebook.com\/Indieofilo\/\",\"https:\/\/x.com\/indieofilo\",\"https:\/\/www.instagram.com\/indieofilo\/\"]},{\"@type\":\"Person\",\"@id\":\"https:\/\/www.indieofilo.com\/#\/schema\/person\/595334d38590e4ce5a09f83cbf2fca90\",\"name\":\"Victor\",\"image\":{\"@type\":\"ImageObject\",\"inLanguage\":\"en-US\",\"@id\":\"https:\/\/www.indieofilo.com\/#\/schema\/person\/image\/\",\"url\":\"https:\/\/secure.gravatar.com\/avatar\/682b8c6ea3e94b6cffec683b25f1797d?s=96&d=mm&r=g\",\"contentUrl\":\"https:\/\/secure.gravatar.com\/avatar\/682b8c6ea3e94b6cffec683b25f1797d?s=96&d=mm&r=g\",\"caption\":\"Victor\"},\"description\":\"Fan\u00e1tico de la m\u00fasica desde que mis padres me pon\u00edan a Eydie Gorme y Los Panchos o el Discotuna por la A2. Intent\u00e9 tocar varios instrumentos, pero soy muy torpe con la mano izquierda, as\u00ed que ya sab\u00e9is el resultado final. Fan del britpop, Post-punk, el rugby y el baloncesto...\",\"sameAs\":[\"http:\/\/indieofilo.com\"],\"url\":\"https:\/\/www.indieofilo.com\/en\/author\/victor\"}]}<\/script>\n<!-- \/ Yoast SEO Premium plugin. -->","yoast_head_json":{"title":"Sam Smith announce European Tour 2018 - Indie\u00f3filo","description":"Sam Smith will promote his new album \"The Thrill of it All\" with a European Tour that will start on March 20 in Sheffield and will end on May 18 in Lisbon.","robots":{"index":"index","follow":"follow","max-snippet":"max-snippet:-1","max-image-preview":"max-image-preview:large","max-video-preview":"max-video-preview:-1"},"canonical":"https:\/\/www.indieofilo.com\/en\/news\/sam-smith-announce-european-tour-2018","og_locale":"en_US","og_type":"article","og_title":"Sam Smith announce European Tour 2018","og_description":"Sam Smith will promote his new album \"The Thrill of it All\" with a European Tour that will start on March 20 in Sheffield and will end on May 18 in Lisbon.","og_url":"https:\/\/www.indieofilo.com\/en\/news\/sam-smith-announce-european-tour-2018","og_site_name":"Indie\u00f3filo","article_publisher":"https:\/\/www.facebook.com\/Indieofilo\/","article_published_time":"2017-10-20T12:57:20+00:00","article_modified_time":"2023-09-01T06:10:51+00:00","og_image":[{"width":600,"height":450,"url":"https:\/\/www.indieofilo.com\/wp-content\/uploads\/2017\/10\/Sam_Smith_Barcelona_2018.jpg","type":"image\/jpeg"}],"author":"Victor","twitter_card":"summary_large_image","twitter_creator":"@indieofilo","twitter_site":"@indieofilo","twitter_misc":{"Written by":"Victor","Est. reading time":"2 minutes"},"schema":{"@context":"https:\/\/schema.org","@graph":[{"@type":"Article","@id":"https:\/\/www.indieofilo.com\/en\/news\/sam-smith-announce-european-tour-2018#article","isPartOf":{"@id":"https:\/\/www.indieofilo.com\/en\/news\/sam-smith-announce-european-tour-2018"},"author":{"name":"Victor","@id":"https:\/\/www.indieofilo.com\/#\/schema\/person\/595334d38590e4ce5a09f83cbf2fca90"},"headline":"Sam Smith announce European Tour 2018","datePublished":"2017-10-20T12:57:20+00:00","dateModified":"2023-09-01T06:10:51+00:00","mainEntityOfPage":{"@id":"https:\/\/www.indieofilo.com\/en\/news\/sam-smith-announce-european-tour-2018"},"wordCount":205,"commentCount":0,"publisher":{"@id":"https:\/\/www.indieofilo.com\/#organization"},"image":{"@id":"https:\/\/www.indieofilo.com\/en\/news\/sam-smith-announce-european-tour-2018#primaryimage"},"thumbnailUrl":"https:\/\/www.indieofilo.com\/wp-content\/uploads\/2017\/10\/Sam_Smith_Barcelona_2018.jpg","keywords":["Barcelona","Live Nation","Sam Smith"],"articleSection":["Live Shows","News"],"inLanguage":"en-US","potentialAction":[{"@type":"CommentAction","name":"Comment","target":["https:\/\/www.indieofilo.com\/en\/news\/sam-smith-announce-european-tour-2018#respond"]}]},{"@type":"WebPage","@id":"https:\/\/www.indieofilo.com\/en\/news\/sam-smith-announce-european-tour-2018","url":"https:\/\/www.indieofilo.com\/en\/news\/sam-smith-announce-european-tour-2018","name":"Sam Smith announce European Tour 2018 - Indie\u00f3filo","isPartOf":{"@id":"https:\/\/www.indieofilo.com\/#website"},"primaryImageOfPage":{"@id":"https:\/\/www.indieofilo.com\/en\/news\/sam-smith-announce-european-tour-2018#primaryimage"},"image":{"@id":"https:\/\/www.indieofilo.com\/en\/news\/sam-smith-announce-european-tour-2018#primaryimage"},"thumbnailUrl":"https:\/\/www.indieofilo.com\/wp-content\/uploads\/2017\/10\/Sam_Smith_Barcelona_2018.jpg","datePublished":"2017-10-20T12:57:20+00:00","dateModified":"2023-09-01T06:10:51+00:00","description":"Sam Smith will promote his new album \"The Thrill of it All\" with a European Tour that will start on March 20 in Sheffield and will end on May 18 in Lisbon.","breadcrumb":{"@id":"https:\/\/www.indieofilo.com\/en\/news\/sam-smith-announce-european-tour-2018#breadcrumb"},"inLanguage":"en-US","potentialAction":[{"@type":"ReadAction","target":["https:\/\/www.indieofilo.com\/en\/news\/sam-smith-announce-european-tour-2018"]}]},{"@type":"ImageObject","inLanguage":"en-US","@id":"https:\/\/www.indieofilo.com\/en\/news\/sam-smith-announce-european-tour-2018#primaryimage","url":"https:\/\/www.indieofilo.com\/wp-content\/uploads\/2017\/10\/Sam_Smith_Barcelona_2018.jpg","contentUrl":"https:\/\/www.indieofilo.com\/wp-content\/uploads\/2017\/10\/Sam_Smith_Barcelona_2018.jpg","width":600,"height":450},{"@type":"BreadcrumbList","@id":"https:\/\/www.indieofilo.com\/en\/news\/sam-smith-announce-european-tour-2018#breadcrumb","itemListElement":[{"@type":"ListItem","position":1,"name":"Portada","item":"https:\/\/www.indieofilo.com\/en"},{"@type":"ListItem","position":2,"name":"Sam Smith announce European Tour 2018"}]},{"@type":"WebSite","@id":"https:\/\/www.indieofilo.com\/#website","url":"https:\/\/www.indieofilo.com\/","name":"Indie\u00f3filo","description":"Magazine online de la cultura independiente","publisher":{"@id":"https:\/\/www.indieofilo.com\/#organization"},"potentialAction":[{"@type":"SearchAction","target":{"@type":"EntryPoint","urlTemplate":"https:\/\/www.indieofilo.com\/?s={search_term_string}"},"query-input":{"@type":"PropertyValueSpecification","valueRequired":true,"valueName":"search_term_string"}}],"inLanguage":"en-US"},{"@type":"Organization","@id":"https:\/\/www.indieofilo.com\/#organization","name":"Indie\u00f3filo Web","url":"https:\/\/www.indieofilo.com\/","logo":{"@type":"ImageObject","inLanguage":"en-US","@id":"https:\/\/www.indieofilo.com\/#\/schema\/logo\/image\/","url":"https:\/\/www.indieofilo.com\/wp-content\/uploads\/2015\/02\/logo-alta-resolucion.png","contentUrl":"https:\/\/www.indieofilo.com\/wp-content\/uploads\/2015\/02\/logo-alta-resolucion.png","width":544,"height":185,"caption":"Indie\u00f3filo Web"},"image":{"@id":"https:\/\/www.indieofilo.com\/#\/schema\/logo\/image\/"},"sameAs":["https:\/\/www.facebook.com\/Indieofilo\/","https:\/\/x.com\/indieofilo","https:\/\/www.instagram.com\/indieofilo\/"]},{"@type":"Person","@id":"https:\/\/www.indieofilo.com\/#\/schema\/person\/595334d38590e4ce5a09f83cbf2fca90","name":"Victor","image":{"@type":"ImageObject","inLanguage":"en-US","@id":"https:\/\/www.indieofilo.com\/#\/schema\/person\/image\/","url":"https:\/\/secure.gravatar.com\/avatar\/682b8c6ea3e94b6cffec683b25f1797d?s=96&d=mm&r=g","contentUrl":"https:\/\/secure.gravatar.com\/avatar\/682b8c6ea3e94b6cffec683b25f1797d?s=96&d=mm&r=g","caption":"Victor"},"description":"Fan\u00e1tico de la m\u00fasica desde que mis padres me pon\u00edan a Eydie Gorme y Los Panchos o el Discotuna por la A2. Intent\u00e9 tocar varios instrumentos, pero soy muy torpe con la mano izquierda, as\u00ed que ya sab\u00e9is el resultado final. Fan del britpop, Post-punk, el rugby y el baloncesto...","sameAs":["http:\/\/indieofilo.com"],"url":"https:\/\/www.indieofilo.com\/en\/author\/victor"}]}},"_links":{"self":[{"href":"https:\/\/www.indieofilo.com\/en\/wp-json\/wp\/v2\/posts\/10913","targetHints":{"allow":["GET"]}}],"collection":[{"href":"https:\/\/www.indieofilo.com\/en\/wp-json\/wp\/v2\/posts"}],"about":[{"href":"https:\/\/www.indieofilo.com\/en\/wp-json\/wp\/v2\/types\/post"}],"author":[{"embeddable":true,"href":"https:\/\/www.indieofilo.com\/en\/wp-json\/wp\/v2\/users\/1"}],"replies":[{"embeddable":true,"href":"https:\/\/www.indieofilo.com\/en\/wp-json\/wp\/v2\/comments?post=10913"}],"version-history":[{"count":0,"href":"https:\/\/www.indieofilo.com\/en\/wp-json\/wp\/v2\/posts\/10913\/revisions"}],"wp:featuredmedia":[{"embeddable":true,"href":"https:\/\/www.indieofilo.com\/en\/wp-json\/wp\/v2\/media\/21544"}],"wp:attachment":[{"href":"https:\/\/www.indieofilo.com\/en\/wp-json\/wp\/v2\/media?parent=10913"}],"wp:term":[{"taxonomy":"category","embeddable":true,"href":"https:\/\/www.indieofilo.com\/en\/wp-json\/wp\/v2\/categories?post=10913"},{"taxonomy":"post_tag","embeddable":true,"href":"https:\/\/www.indieofilo.com\/en\/wp-json\/wp\/v2\/tags?post=10913"}],"curies":[{"name":"wp","href":"https:\/\/api.w.org\/{rel}","templated":true}]}}