{"id":10906,"date":"2017-10-26T13:08:54","date_gmt":"2017-10-26T11:08:54","guid":{"rendered":"http:\/\/indieofilo.com\/?p=10906"},"modified":"2023-09-01T08:08:38","modified_gmt":"2023-09-01T06:08:38","slug":"franz-ferdinand-announce-new-album-and-european-tour-2018","status":"publish","type":"post","link":"https:\/\/www.indieofilo.com\/en\/news\/franz-ferdinand-announce-new-album-and-european-tour-2018","title":{"rendered":"Franz Ferdinand announce new album and European Tour 2018"},"content":{"rendered":"<p style=\"text-align: justify;\">\n\t<img fetchpriority=\"high\" decoding=\"async\" alt=\"Franz Ferdinand European tour 2018\" class=\"aligncenter size-full wp-image-10907\" height=\"600\" src=\"http:\/\/indieofilo.com\/wp-content\/uploads\/2017\/10\/franz_ferdinand_european_tour_2018.jpg\" width=\"400\" srcset=\"https:\/\/www.indieofilo.com\/wp-content\/uploads\/2017\/10\/franz_ferdinand_european_tour_2018.jpg 400w, https:\/\/www.indieofilo.com\/wp-content\/uploads\/2017\/10\/franz_ferdinand_european_tour_2018-200x300.jpg 200w\" sizes=\"(max-width: 400px) 100vw, 400px\" \/><\/p>\n<p style=\"text-align: justify;\">\n\tScottish band <strong>Franz Ferdinand<\/strong> have announced that next February 9, 2018 will be released their awaited new album, the fifth of their career and the first one after <strong>FFS<\/strong>, the project they made with <strong>Sparks<\/strong> in 2015. <em>Always Ascending<\/em> (2018) has been recorded between RAK studios in London and Motorbass in Paris with the help of producer <strong>Philippe Zdar<\/strong> (half of <strong>Cassius<\/strong> who has collaborated with <strong>Phoenix<\/strong>, <strong>Two Door Cinema Club<\/strong> or <strong>Justice<\/strong>), will have 10 songs and will be published on CD, vinyl, and cassette limited edition. In addition, they have confirmed a <strong>European tour between February and March 2018 that will start in Paris on February 27 and will end on March 24 in the also French city of Caen, including a date in Spain on March 17 at La Riviera in Madrid<\/strong>.<\/p>\n<p style=\"text-align: justify;\">\n\tTickets for the gig of Madrid, which will be priced at &euro; 35 (+fees), will go on sale in pre-order on Thursday, November 2 at 9:00 am on&nbsp;<a href=\"http:\/\/livenation.es\" target=\"_blank\" rel=\"noopener\">livenation.es<\/a>, while general sale will start&nbsp; on Friday, November 3 in <a href=\"http:\/\/livenation.es\" target=\"_blank\" rel=\"noopener\">Livenation<\/a>, <a href=\"http:\/\/ticketmaster.es\" target=\"_blank\" rel=\"noopener\">Ticketmaster<\/a>&nbsp;and&nbsp;Ticketmaster ticket network (FNAC, Halc&oacute;n Viajes &amp;&nbsp;Carrefour) starting also at 09:00 am.<\/p>\n","protected":false},"excerpt":{"rendered":"<p>Scottish band Franz Ferdinand have announced that next February 9, 2018 will be released their awaited new album, the fifth of their career and the first one after FFS, the project they made with Sparks in 2015. Always Ascending (2018) has been recorded between RAK studios in London and Motorbass in Paris with the help [&hellip;]<\/p>\n","protected":false},"author":1,"featured_media":21542,"comment_status":"open","ping_status":"closed","sticky":false,"template":"","format":"standard","meta":{"footnotes":""},"categories":[41,8],"tags":[5286],"class_list":["post-10906","post","type-post","status-publish","format-standard","has-post-thumbnail","hentry","category-live-shows","category-news","tag-franz-ferdinand-en"],"yoast_head":"<!-- This site is optimized with the Yoast SEO Premium plugin v23.9 (Yoast SEO v26.6) - https:\/\/yoast.com\/wordpress\/plugins\/seo\/ -->\n<title>Franz Ferdinand announce new album and European Tour 2018 - Indie\u00f3filo<\/title>\n<meta name=\"description\" content=\"Franz Ferdinand have announced that next 9 of February of 2018 will go on sale &quot;Always Ascending&quot; and also a European Tour for February-March 2018.\" \/>\n<meta name=\"robots\" content=\"index, follow, max-snippet:-1, max-image-preview:large, max-video-preview:-1\" \/>\n<link rel=\"canonical\" href=\"https:\/\/www.indieofilo.com\/en\/news\/franz-ferdinand-announce-new-album-and-european-tour-2018\" \/>\n<meta property=\"og:locale\" content=\"en_US\" \/>\n<meta property=\"og:type\" content=\"article\" \/>\n<meta property=\"og:title\" content=\"Franz Ferdinand announce new album and European Tour 2018\" \/>\n<meta property=\"og:description\" content=\"Franz Ferdinand have announced that next 9 of February of 2018 will go on sale &quot;Always Ascending&quot; and also a European Tour for February-March 2018.\" \/>\n<meta property=\"og:url\" content=\"https:\/\/www.indieofilo.com\/en\/news\/franz-ferdinand-announce-new-album-and-european-tour-2018\" \/>\n<meta property=\"og:site_name\" content=\"Indie\u00f3filo\" \/>\n<meta property=\"article:publisher\" content=\"https:\/\/www.facebook.com\/Indieofilo\/\" \/>\n<meta property=\"article:published_time\" content=\"2017-10-26T11:08:54+00:00\" \/>\n<meta property=\"article:modified_time\" content=\"2023-09-01T06:08:38+00:00\" \/>\n<meta property=\"og:image\" content=\"https:\/\/www.indieofilo.com\/wp-content\/uploads\/2017\/10\/Franz_Ferdinand_Madrid_2018.jpg\" \/>\n\t<meta property=\"og:image:width\" content=\"429\" \/>\n\t<meta property=\"og:image:height\" content=\"600\" \/>\n\t<meta property=\"og:image:type\" content=\"image\/jpeg\" \/>\n<meta name=\"author\" content=\"Victor\" \/>\n<meta name=\"twitter:card\" content=\"summary_large_image\" \/>\n<meta name=\"twitter:creator\" content=\"@indieofilo\" \/>\n<meta name=\"twitter:site\" content=\"@indieofilo\" \/>\n<meta name=\"twitter:label1\" content=\"Written by\" \/>\n\t<meta name=\"twitter:data1\" content=\"Victor\" \/>\n\t<meta name=\"twitter:label2\" content=\"Est. reading time\" \/>\n\t<meta name=\"twitter:data2\" content=\"2 minutes\" \/>\n<script type=\"application\/ld+json\" class=\"yoast-schema-graph\">{\"@context\":\"https:\/\/schema.org\",\"@graph\":[{\"@type\":\"Article\",\"@id\":\"https:\/\/www.indieofilo.com\/en\/news\/franz-ferdinand-announce-new-album-and-european-tour-2018#article\",\"isPartOf\":{\"@id\":\"https:\/\/www.indieofilo.com\/en\/news\/franz-ferdinand-announce-new-album-and-european-tour-2018\"},\"author\":{\"name\":\"Victor\",\"@id\":\"https:\/\/www.indieofilo.com\/#\/schema\/person\/595334d38590e4ce5a09f83cbf2fca90\"},\"headline\":\"Franz Ferdinand announce new album and European Tour 2018\",\"datePublished\":\"2017-10-26T11:08:54+00:00\",\"dateModified\":\"2023-09-01T06:08:38+00:00\",\"mainEntityOfPage\":{\"@id\":\"https:\/\/www.indieofilo.com\/en\/news\/franz-ferdinand-announce-new-album-and-european-tour-2018\"},\"wordCount\":192,\"commentCount\":0,\"publisher\":{\"@id\":\"https:\/\/www.indieofilo.com\/#organization\"},\"image\":{\"@id\":\"https:\/\/www.indieofilo.com\/en\/news\/franz-ferdinand-announce-new-album-and-european-tour-2018#primaryimage\"},\"thumbnailUrl\":\"https:\/\/www.indieofilo.com\/wp-content\/uploads\/2017\/10\/Franz_Ferdinand_Madrid_2018.jpg\",\"keywords\":[\"Franz Ferdinand\"],\"articleSection\":[\"Live Shows\",\"News\"],\"inLanguage\":\"en-US\",\"potentialAction\":[{\"@type\":\"CommentAction\",\"name\":\"Comment\",\"target\":[\"https:\/\/www.indieofilo.com\/en\/news\/franz-ferdinand-announce-new-album-and-european-tour-2018#respond\"]}]},{\"@type\":\"WebPage\",\"@id\":\"https:\/\/www.indieofilo.com\/en\/news\/franz-ferdinand-announce-new-album-and-european-tour-2018\",\"url\":\"https:\/\/www.indieofilo.com\/en\/news\/franz-ferdinand-announce-new-album-and-european-tour-2018\",\"name\":\"Franz Ferdinand announce new album and European Tour 2018 - Indie\u00f3filo\",\"isPartOf\":{\"@id\":\"https:\/\/www.indieofilo.com\/#website\"},\"primaryImageOfPage\":{\"@id\":\"https:\/\/www.indieofilo.com\/en\/news\/franz-ferdinand-announce-new-album-and-european-tour-2018#primaryimage\"},\"image\":{\"@id\":\"https:\/\/www.indieofilo.com\/en\/news\/franz-ferdinand-announce-new-album-and-european-tour-2018#primaryimage\"},\"thumbnailUrl\":\"https:\/\/www.indieofilo.com\/wp-content\/uploads\/2017\/10\/Franz_Ferdinand_Madrid_2018.jpg\",\"datePublished\":\"2017-10-26T11:08:54+00:00\",\"dateModified\":\"2023-09-01T06:08:38+00:00\",\"description\":\"Franz Ferdinand have announced that next 9 of February of 2018 will go on sale \\\"Always Ascending\\\" and also a European Tour for February-March 2018.\",\"breadcrumb\":{\"@id\":\"https:\/\/www.indieofilo.com\/en\/news\/franz-ferdinand-announce-new-album-and-european-tour-2018#breadcrumb\"},\"inLanguage\":\"en-US\",\"potentialAction\":[{\"@type\":\"ReadAction\",\"target\":[\"https:\/\/www.indieofilo.com\/en\/news\/franz-ferdinand-announce-new-album-and-european-tour-2018\"]}]},{\"@type\":\"ImageObject\",\"inLanguage\":\"en-US\",\"@id\":\"https:\/\/www.indieofilo.com\/en\/news\/franz-ferdinand-announce-new-album-and-european-tour-2018#primaryimage\",\"url\":\"https:\/\/www.indieofilo.com\/wp-content\/uploads\/2017\/10\/Franz_Ferdinand_Madrid_2018.jpg\",\"contentUrl\":\"https:\/\/www.indieofilo.com\/wp-content\/uploads\/2017\/10\/Franz_Ferdinand_Madrid_2018.jpg\",\"width\":429,\"height\":600},{\"@type\":\"BreadcrumbList\",\"@id\":\"https:\/\/www.indieofilo.com\/en\/news\/franz-ferdinand-announce-new-album-and-european-tour-2018#breadcrumb\",\"itemListElement\":[{\"@type\":\"ListItem\",\"position\":1,\"name\":\"Portada\",\"item\":\"https:\/\/www.indieofilo.com\/en\"},{\"@type\":\"ListItem\",\"position\":2,\"name\":\"Franz Ferdinand announce new album and European Tour 2018\"}]},{\"@type\":\"WebSite\",\"@id\":\"https:\/\/www.indieofilo.com\/#website\",\"url\":\"https:\/\/www.indieofilo.com\/\",\"name\":\"Indie\u00f3filo\",\"description\":\"Magazine online de la cultura independiente\",\"publisher\":{\"@id\":\"https:\/\/www.indieofilo.com\/#organization\"},\"potentialAction\":[{\"@type\":\"SearchAction\",\"target\":{\"@type\":\"EntryPoint\",\"urlTemplate\":\"https:\/\/www.indieofilo.com\/?s={search_term_string}\"},\"query-input\":{\"@type\":\"PropertyValueSpecification\",\"valueRequired\":true,\"valueName\":\"search_term_string\"}}],\"inLanguage\":\"en-US\"},{\"@type\":\"Organization\",\"@id\":\"https:\/\/www.indieofilo.com\/#organization\",\"name\":\"Indie\u00f3filo Web\",\"url\":\"https:\/\/www.indieofilo.com\/\",\"logo\":{\"@type\":\"ImageObject\",\"inLanguage\":\"en-US\",\"@id\":\"https:\/\/www.indieofilo.com\/#\/schema\/logo\/image\/\",\"url\":\"https:\/\/www.indieofilo.com\/wp-content\/uploads\/2015\/02\/logo-alta-resolucion.png\",\"contentUrl\":\"https:\/\/www.indieofilo.com\/wp-content\/uploads\/2015\/02\/logo-alta-resolucion.png\",\"width\":544,\"height\":185,\"caption\":\"Indie\u00f3filo Web\"},\"image\":{\"@id\":\"https:\/\/www.indieofilo.com\/#\/schema\/logo\/image\/\"},\"sameAs\":[\"https:\/\/www.facebook.com\/Indieofilo\/\",\"https:\/\/x.com\/indieofilo\",\"https:\/\/www.instagram.com\/indieofilo\/\"]},{\"@type\":\"Person\",\"@id\":\"https:\/\/www.indieofilo.com\/#\/schema\/person\/595334d38590e4ce5a09f83cbf2fca90\",\"name\":\"Victor\",\"image\":{\"@type\":\"ImageObject\",\"inLanguage\":\"en-US\",\"@id\":\"https:\/\/www.indieofilo.com\/#\/schema\/person\/image\/\",\"url\":\"https:\/\/secure.gravatar.com\/avatar\/682b8c6ea3e94b6cffec683b25f1797d?s=96&d=mm&r=g\",\"contentUrl\":\"https:\/\/secure.gravatar.com\/avatar\/682b8c6ea3e94b6cffec683b25f1797d?s=96&d=mm&r=g\",\"caption\":\"Victor\"},\"description\":\"Fan\u00e1tico de la m\u00fasica desde que mis padres me pon\u00edan a Eydie Gorme y Los Panchos o el Discotuna por la A2. Intent\u00e9 tocar varios instrumentos, pero soy muy torpe con la mano izquierda, as\u00ed que ya sab\u00e9is el resultado final. Fan del britpop, Post-punk, el rugby y el baloncesto...\",\"sameAs\":[\"http:\/\/indieofilo.com\"],\"url\":\"https:\/\/www.indieofilo.com\/en\/author\/victor\"}]}<\/script>\n<!-- \/ Yoast SEO Premium plugin. -->","yoast_head_json":{"title":"Franz Ferdinand announce new album and European Tour 2018 - Indie\u00f3filo","description":"Franz Ferdinand have announced that next 9 of February of 2018 will go on sale \"Always Ascending\" and also a European Tour for February-March 2018.","robots":{"index":"index","follow":"follow","max-snippet":"max-snippet:-1","max-image-preview":"max-image-preview:large","max-video-preview":"max-video-preview:-1"},"canonical":"https:\/\/www.indieofilo.com\/en\/news\/franz-ferdinand-announce-new-album-and-european-tour-2018","og_locale":"en_US","og_type":"article","og_title":"Franz Ferdinand announce new album and European Tour 2018","og_description":"Franz Ferdinand have announced that next 9 of February of 2018 will go on sale \"Always Ascending\" and also a European Tour for February-March 2018.","og_url":"https:\/\/www.indieofilo.com\/en\/news\/franz-ferdinand-announce-new-album-and-european-tour-2018","og_site_name":"Indie\u00f3filo","article_publisher":"https:\/\/www.facebook.com\/Indieofilo\/","article_published_time":"2017-10-26T11:08:54+00:00","article_modified_time":"2023-09-01T06:08:38+00:00","og_image":[{"width":429,"height":600,"url":"https:\/\/www.indieofilo.com\/wp-content\/uploads\/2017\/10\/Franz_Ferdinand_Madrid_2018.jpg","type":"image\/jpeg"}],"author":"Victor","twitter_card":"summary_large_image","twitter_creator":"@indieofilo","twitter_site":"@indieofilo","twitter_misc":{"Written by":"Victor","Est. reading time":"2 minutes"},"schema":{"@context":"https:\/\/schema.org","@graph":[{"@type":"Article","@id":"https:\/\/www.indieofilo.com\/en\/news\/franz-ferdinand-announce-new-album-and-european-tour-2018#article","isPartOf":{"@id":"https:\/\/www.indieofilo.com\/en\/news\/franz-ferdinand-announce-new-album-and-european-tour-2018"},"author":{"name":"Victor","@id":"https:\/\/www.indieofilo.com\/#\/schema\/person\/595334d38590e4ce5a09f83cbf2fca90"},"headline":"Franz Ferdinand announce new album and European Tour 2018","datePublished":"2017-10-26T11:08:54+00:00","dateModified":"2023-09-01T06:08:38+00:00","mainEntityOfPage":{"@id":"https:\/\/www.indieofilo.com\/en\/news\/franz-ferdinand-announce-new-album-and-european-tour-2018"},"wordCount":192,"commentCount":0,"publisher":{"@id":"https:\/\/www.indieofilo.com\/#organization"},"image":{"@id":"https:\/\/www.indieofilo.com\/en\/news\/franz-ferdinand-announce-new-album-and-european-tour-2018#primaryimage"},"thumbnailUrl":"https:\/\/www.indieofilo.com\/wp-content\/uploads\/2017\/10\/Franz_Ferdinand_Madrid_2018.jpg","keywords":["Franz Ferdinand"],"articleSection":["Live Shows","News"],"inLanguage":"en-US","potentialAction":[{"@type":"CommentAction","name":"Comment","target":["https:\/\/www.indieofilo.com\/en\/news\/franz-ferdinand-announce-new-album-and-european-tour-2018#respond"]}]},{"@type":"WebPage","@id":"https:\/\/www.indieofilo.com\/en\/news\/franz-ferdinand-announce-new-album-and-european-tour-2018","url":"https:\/\/www.indieofilo.com\/en\/news\/franz-ferdinand-announce-new-album-and-european-tour-2018","name":"Franz Ferdinand announce new album and European Tour 2018 - Indie\u00f3filo","isPartOf":{"@id":"https:\/\/www.indieofilo.com\/#website"},"primaryImageOfPage":{"@id":"https:\/\/www.indieofilo.com\/en\/news\/franz-ferdinand-announce-new-album-and-european-tour-2018#primaryimage"},"image":{"@id":"https:\/\/www.indieofilo.com\/en\/news\/franz-ferdinand-announce-new-album-and-european-tour-2018#primaryimage"},"thumbnailUrl":"https:\/\/www.indieofilo.com\/wp-content\/uploads\/2017\/10\/Franz_Ferdinand_Madrid_2018.jpg","datePublished":"2017-10-26T11:08:54+00:00","dateModified":"2023-09-01T06:08:38+00:00","description":"Franz Ferdinand have announced that next 9 of February of 2018 will go on sale \"Always Ascending\" and also a European Tour for February-March 2018.","breadcrumb":{"@id":"https:\/\/www.indieofilo.com\/en\/news\/franz-ferdinand-announce-new-album-and-european-tour-2018#breadcrumb"},"inLanguage":"en-US","potentialAction":[{"@type":"ReadAction","target":["https:\/\/www.indieofilo.com\/en\/news\/franz-ferdinand-announce-new-album-and-european-tour-2018"]}]},{"@type":"ImageObject","inLanguage":"en-US","@id":"https:\/\/www.indieofilo.com\/en\/news\/franz-ferdinand-announce-new-album-and-european-tour-2018#primaryimage","url":"https:\/\/www.indieofilo.com\/wp-content\/uploads\/2017\/10\/Franz_Ferdinand_Madrid_2018.jpg","contentUrl":"https:\/\/www.indieofilo.com\/wp-content\/uploads\/2017\/10\/Franz_Ferdinand_Madrid_2018.jpg","width":429,"height":600},{"@type":"BreadcrumbList","@id":"https:\/\/www.indieofilo.com\/en\/news\/franz-ferdinand-announce-new-album-and-european-tour-2018#breadcrumb","itemListElement":[{"@type":"ListItem","position":1,"name":"Portada","item":"https:\/\/www.indieofilo.com\/en"},{"@type":"ListItem","position":2,"name":"Franz Ferdinand announce new album and European Tour 2018"}]},{"@type":"WebSite","@id":"https:\/\/www.indieofilo.com\/#website","url":"https:\/\/www.indieofilo.com\/","name":"Indie\u00f3filo","description":"Magazine online de la cultura independiente","publisher":{"@id":"https:\/\/www.indieofilo.com\/#organization"},"potentialAction":[{"@type":"SearchAction","target":{"@type":"EntryPoint","urlTemplate":"https:\/\/www.indieofilo.com\/?s={search_term_string}"},"query-input":{"@type":"PropertyValueSpecification","valueRequired":true,"valueName":"search_term_string"}}],"inLanguage":"en-US"},{"@type":"Organization","@id":"https:\/\/www.indieofilo.com\/#organization","name":"Indie\u00f3filo Web","url":"https:\/\/www.indieofilo.com\/","logo":{"@type":"ImageObject","inLanguage":"en-US","@id":"https:\/\/www.indieofilo.com\/#\/schema\/logo\/image\/","url":"https:\/\/www.indieofilo.com\/wp-content\/uploads\/2015\/02\/logo-alta-resolucion.png","contentUrl":"https:\/\/www.indieofilo.com\/wp-content\/uploads\/2015\/02\/logo-alta-resolucion.png","width":544,"height":185,"caption":"Indie\u00f3filo Web"},"image":{"@id":"https:\/\/www.indieofilo.com\/#\/schema\/logo\/image\/"},"sameAs":["https:\/\/www.facebook.com\/Indieofilo\/","https:\/\/x.com\/indieofilo","https:\/\/www.instagram.com\/indieofilo\/"]},{"@type":"Person","@id":"https:\/\/www.indieofilo.com\/#\/schema\/person\/595334d38590e4ce5a09f83cbf2fca90","name":"Victor","image":{"@type":"ImageObject","inLanguage":"en-US","@id":"https:\/\/www.indieofilo.com\/#\/schema\/person\/image\/","url":"https:\/\/secure.gravatar.com\/avatar\/682b8c6ea3e94b6cffec683b25f1797d?s=96&d=mm&r=g","contentUrl":"https:\/\/secure.gravatar.com\/avatar\/682b8c6ea3e94b6cffec683b25f1797d?s=96&d=mm&r=g","caption":"Victor"},"description":"Fan\u00e1tico de la m\u00fasica desde que mis padres me pon\u00edan a Eydie Gorme y Los Panchos o el Discotuna por la A2. Intent\u00e9 tocar varios instrumentos, pero soy muy torpe con la mano izquierda, as\u00ed que ya sab\u00e9is el resultado final. Fan del britpop, Post-punk, el rugby y el baloncesto...","sameAs":["http:\/\/indieofilo.com"],"url":"https:\/\/www.indieofilo.com\/en\/author\/victor"}]}},"_links":{"self":[{"href":"https:\/\/www.indieofilo.com\/en\/wp-json\/wp\/v2\/posts\/10906","targetHints":{"allow":["GET"]}}],"collection":[{"href":"https:\/\/www.indieofilo.com\/en\/wp-json\/wp\/v2\/posts"}],"about":[{"href":"https:\/\/www.indieofilo.com\/en\/wp-json\/wp\/v2\/types\/post"}],"author":[{"embeddable":true,"href":"https:\/\/www.indieofilo.com\/en\/wp-json\/wp\/v2\/users\/1"}],"replies":[{"embeddable":true,"href":"https:\/\/www.indieofilo.com\/en\/wp-json\/wp\/v2\/comments?post=10906"}],"version-history":[{"count":0,"href":"https:\/\/www.indieofilo.com\/en\/wp-json\/wp\/v2\/posts\/10906\/revisions"}],"wp:featuredmedia":[{"embeddable":true,"href":"https:\/\/www.indieofilo.com\/en\/wp-json\/wp\/v2\/media\/21542"}],"wp:attachment":[{"href":"https:\/\/www.indieofilo.com\/en\/wp-json\/wp\/v2\/media?parent=10906"}],"wp:term":[{"taxonomy":"category","embeddable":true,"href":"https:\/\/www.indieofilo.com\/en\/wp-json\/wp\/v2\/categories?post=10906"},{"taxonomy":"post_tag","embeddable":true,"href":"https:\/\/www.indieofilo.com\/en\/wp-json\/wp\/v2\/tags?post=10906"}],"curies":[{"name":"wp","href":"https:\/\/api.w.org\/{rel}","templated":true}]}}