{"id":10878,"date":"2017-10-19T13:22:34","date_gmt":"2017-10-19T11:22:34","guid":{"rendered":"http:\/\/indieofilo.com\/?p=10878"},"modified":"2023-11-17T23:31:47","modified_gmt":"2023-11-17T22:31:47","slug":"swans-october-15-2017-sala-apolo-barcelona","status":"publish","type":"post","link":"https:\/\/www.indieofilo.com\/en\/gig-reviews\/swans-october-15-2017-sala-apolo-barcelona","title":{"rendered":"Swans \u2013 October 15, 2017 (Sala Apolo \u2013 Barcelona)"},"content":{"rendered":"<p style=\"text-align: justify;\">\n\tAmerican band <strong>Swans<\/strong> returned to Barcelona just 4 months after their last visit to the catalan city at Festival Primavera Sound 2017 as part of the farewell tour of the band&#39;s current formation, with which since 2010 they have released 4 albums and with which the band led by&nbsp;<strong>Michael Gira<\/strong> has achieved a recognition among the younger generations even greater than in their first era.<\/p>\n<p style=\"text-align: justify;\">\n\t<img fetchpriority=\"high\" decoding=\"async\" alt=\"Michael Gira - Swans - Barcelona 2017\" class=\"aligncenter size-full wp-image-10872\" height=\"533\" src=\"http:\/\/indieofilo.com\/wp-content\/uploads\/2017\/10\/Michael_Gira_Swans-Barcelona_2017.jpg\" width=\"800\" srcset=\"https:\/\/www.indieofilo.com\/wp-content\/uploads\/2017\/10\/Michael_Gira_Swans-Barcelona_2017.jpg 800w, https:\/\/www.indieofilo.com\/wp-content\/uploads\/2017\/10\/Michael_Gira_Swans-Barcelona_2017-300x200.jpg 300w, https:\/\/www.indieofilo.com\/wp-content\/uploads\/2017\/10\/Michael_Gira_Swans-Barcelona_2017-768x512.jpg 768w\" sizes=\"(max-width: 800px) 100vw, 800px\" \/><\/p>\n<p style=\"text-align: center;\">\n\t<span style=\"font-size:10px;\"><b>Michael Gira,<\/b>&nbsp;<b>Swans<\/b>&nbsp;&#8211; Photo made by&nbsp;<strong>V&iacute;ctor Ramos<\/strong>&nbsp;for&nbsp;<strong>Indieofilo<sup>&copy;<\/sup><\/strong><\/span><\/p>\n<p style=\"text-align: justify;\">\n\tThe opening act was the shoulders of her veteran compatriot <strong>Baby Dee<\/strong>, who despite being known for her multi-instrumentalist career, focused on this occasion on the accordion, and with the sole help of a guitarist, opted for a <strong>short but intense setlist full of experimental folk<\/strong> in which it emphasized the incredible voice of the woman from Cleveland and the theatricalization of her lyrics. In short, <strong>big success before to the chaos<\/strong> of <strong>Swans<\/strong>.<\/p>\n<p style=\"text-align: justify;\">\n\t<img decoding=\"async\" alt=\"Baby Dee - Barcelona 2017\" class=\"aligncenter size-full wp-image-10869\" height=\"533\" src=\"http:\/\/indieofilo.com\/wp-content\/uploads\/2017\/10\/Baby_Dee-Barcelona_2017.jpg\" width=\"800\" srcset=\"https:\/\/www.indieofilo.com\/wp-content\/uploads\/2017\/10\/Baby_Dee-Barcelona_2017.jpg 800w, https:\/\/www.indieofilo.com\/wp-content\/uploads\/2017\/10\/Baby_Dee-Barcelona_2017-300x200.jpg 300w, https:\/\/www.indieofilo.com\/wp-content\/uploads\/2017\/10\/Baby_Dee-Barcelona_2017-768x512.jpg 768w\" sizes=\"(max-width: 800px) 100vw, 800px\" \/><\/p>\n<p style=\"text-align: center;\">\n\t<span style=\"font-size:10px;\"><b>Baby Dee<\/b> &#8211; Photo made by&nbsp;<strong>V&iacute;ctor Ramos<\/strong>&nbsp;for&nbsp;<strong>Indieofilo<sup>&copy;<\/sup><\/strong><\/span><\/p>\n<p style=\"text-align: justify;\">\n\tAfter some comings and goings on the stage, fifteen minutes later appeared almost without presentation <strong>Michael Gira<\/strong> and his band on the stage. &quot;<em>The Knot<\/em>&quot;, a piece specifically created for this tour, showed its typical post-rock from a somewhat minimalist point of view for what the band is accustomed to, remembering in some passages the theme &quot;<em>Intro\/No Words No Thoughts<\/em>&quot; included in their live <em>We Rose from Your Bed with the Sun in Our Head<\/em> (2012), although the absence of <strong>Thor Harris<\/strong> was going to be noticeable all along the song in the absence of some contrast that at times abuses the &quot;<em>dialogues<\/em>&quot; between distortions of guitars with the drums.<\/p>\n<p style=\"text-align: justify;\">\n\t<img decoding=\"async\" alt=\"Swans - Michael Gira - Barcelona 2017\" class=\"aligncenter size-full wp-image-10875\" height=\"533\" src=\"http:\/\/indieofilo.com\/wp-content\/uploads\/2017\/10\/Swans_Michael_Gira-Barcelona_2017.jpg\" width=\"800\" srcset=\"https:\/\/www.indieofilo.com\/wp-content\/uploads\/2017\/10\/Swans_Michael_Gira-Barcelona_2017.jpg 800w, https:\/\/www.indieofilo.com\/wp-content\/uploads\/2017\/10\/Swans_Michael_Gira-Barcelona_2017-300x200.jpg 300w, https:\/\/www.indieofilo.com\/wp-content\/uploads\/2017\/10\/Swans_Michael_Gira-Barcelona_2017-768x512.jpg 768w\" sizes=\"(max-width: 800px) 100vw, 800px\" \/><\/p>\n<p style=\"text-align: center;\">\n\t<span style=\"font-size:10px;\"><b>Michael Gira,<\/b>&nbsp;<b>Swans<\/b>&nbsp;&#8211; Photo made by&nbsp;<strong>V&iacute;ctor Ramos<\/strong>&nbsp;for&nbsp;<strong>Indieofilo<sup>&copy;<\/sup><\/strong><\/span><\/p>\n<p style=\"text-align: justify;\">\n\tFrom here on, with <strong>Phil Puleo<\/strong> on the drums increasingly his role and with the volume in crescendo, the chaos was overtaking the stage to enjoy a wide disorderly route through the discography of their last decade. Thus we were able to enjoy &quot;<em>Screen Shot<\/em>&quot; as the more clear song of <em>To Be Kind<\/em> (2014), where <strong>Christoph Hahn<\/strong>&#39;s &quot;<em>lap steel<\/em>&quot; gain special prominence until almost fusing together with a <strong>Gira<\/strong> excelso in his vocal role, delivering mantras that at times hurt like a jab to the liver.<\/p>\n<p style=\"text-align: justify;\">\n\t<img loading=\"lazy\" decoding=\"async\" alt=\"Swans - Norman Westberg - Barcelona 2017\" class=\"aligncenter size-full wp-image-10873\" height=\"533\" src=\"http:\/\/indieofilo.com\/wp-content\/uploads\/2017\/10\/Norman_Westberg_Swans-Barcelona_2017.jpg\" width=\"800\" srcset=\"https:\/\/www.indieofilo.com\/wp-content\/uploads\/2017\/10\/Norman_Westberg_Swans-Barcelona_2017.jpg 800w, https:\/\/www.indieofilo.com\/wp-content\/uploads\/2017\/10\/Norman_Westberg_Swans-Barcelona_2017-300x200.jpg 300w, https:\/\/www.indieofilo.com\/wp-content\/uploads\/2017\/10\/Norman_Westberg_Swans-Barcelona_2017-768x512.jpg 768w\" sizes=\"(max-width: 800px) 100vw, 800px\" \/><\/p>\n<p style=\"text-align: center;\">\n\t<span style=\"font-size:10px;\"><b>Norman Westberg,<\/b>&nbsp;<b>Swans<\/b>&nbsp;&#8211; Photo made by&nbsp;<strong>V&iacute;ctor Ramos<\/strong>&nbsp;for&nbsp;<strong>Indieofilo<sup>&copy;<\/sup><\/strong><\/span><\/p>\n<p style=\"text-align: justify;\">\n\tTheir last album <em>The Glowing Man<\/em> (2016) was to be the one in charge of carrying the weight in the final part of the concert of the hand of <strong>Christopher Pravdica<\/strong>, who seems to have more protagonism on the stage than in past tours and with a surprising secondary role for <strong>Norman Westberg<\/strong>, who even &quot;<em>move away<\/em>&quot; from the stage for a few moments. In this way, and with <strong>Gira<\/strong> as authentic messiah moving the band at his whim with wild gesticulations, gestures with his hands and even a small reprimand to the public for trying to follow clapping a fragment of the show, they would start playing &quot;<em>Cloud of Forgetting<\/em>&quot;,&quot;<em>Cloud of Unknowing<\/em>&quot;,&quot;<em>The Man Who Refused to be Unhappy<\/em>&quot; or &quot;<em>The Glowing Man<\/em>&quot;, leaving us exhausted before the sound power of the North Americans, who say goodbye to the catalan city with a show whose level of force was superlative up to the standards that <strong>Swans<\/strong> use to do.<\/p>\n<p style=\"text-align: justify;\">\n\t<img loading=\"lazy\" decoding=\"async\" alt=\"Swans - Michael Gira 2017 - Barcelona\" class=\"aligncenter size-full wp-image-10874\" height=\"533\" src=\"http:\/\/indieofilo.com\/wp-content\/uploads\/2017\/10\/Swans_Michael_Gira_2017-Barcelona.jpg\" width=\"800\" srcset=\"https:\/\/www.indieofilo.com\/wp-content\/uploads\/2017\/10\/Swans_Michael_Gira_2017-Barcelona.jpg 800w, https:\/\/www.indieofilo.com\/wp-content\/uploads\/2017\/10\/Swans_Michael_Gira_2017-Barcelona-300x200.jpg 300w, https:\/\/www.indieofilo.com\/wp-content\/uploads\/2017\/10\/Swans_Michael_Gira_2017-Barcelona-768x512.jpg 768w\" sizes=\"(max-width: 800px) 100vw, 800px\" \/><\/p>\n<p style=\"text-align: center;\">\n\t<span style=\"font-size:10px;\"><b>Michael Gira,<\/b>&nbsp;<b>Swans<\/b>&nbsp;&#8211; Photo made by&nbsp;<strong>V&iacute;ctor Ramos<\/strong>&nbsp;for&nbsp;<strong>Indieofilo<sup>&copy;<\/sup><\/strong><\/span><\/p>\n<p style=\"text-align: justify;\">\n\t<strong>Now, we can only wait to know what the future will come to the creative incontinence of Michael Gira and if we can enjoy version 3.0 of Swans in the future, although in case that this will not happen again, without a doubt their concert in Barcelona was a farewell according to the magnificent discography and history of an incomparable band.<\/strong><\/p>\n","protected":false},"excerpt":{"rendered":"<p>American band Swans returned to Barcelona just 4 months after their last visit to the catalan city at Festival Primavera Sound 2017 as part of the farewell tour of the band&#39;s current formation, with which since 2010 they have released 4 albums and with which the band led by&nbsp;Michael Gira has achieved a recognition among [&hellip;]<\/p>\n","protected":false},"author":1,"featured_media":10872,"comment_status":"open","ping_status":"closed","sticky":false,"template":"","format":"gallery","meta":{"footnotes":""},"categories":[7,15],"tags":[5288,4961,5289],"class_list":["post-10878","post","type-post","status-publish","format-gallery","has-post-thumbnail","hentry","category-gig-reviews","category-rooms","tag-baby-dee-en","tag-barcelona-en","tag-swans-en","post_format-post-format-gallery"],"yoast_head":"<!-- This site is optimized with the Yoast SEO Premium plugin v23.9 (Yoast SEO v26.6) - https:\/\/yoast.com\/wordpress\/plugins\/seo\/ -->\n<title>Live Review: Swans \u2013 October 15, 2017 (Barcelona) - Indie\u00f3filo<\/title>\n<meta name=\"description\" content=\"Review and exclusive photo gallery of the concert that Swans gave at Sala Apolo in Barcelona as part of their farewell tour as a band.\" \/>\n<meta name=\"robots\" content=\"index, follow, max-snippet:-1, max-image-preview:large, max-video-preview:-1\" \/>\n<link rel=\"canonical\" href=\"https:\/\/www.indieofilo.com\/en\/gig-reviews\/swans-october-15-2017-sala-apolo-barcelona\" \/>\n<meta property=\"og:locale\" content=\"en_US\" \/>\n<meta property=\"og:type\" content=\"article\" \/>\n<meta property=\"og:title\" content=\"Swans \u2013 October 15, 2017 (Sala Apolo \u2013 Barcelona)\" \/>\n<meta property=\"og:description\" content=\"Review and exclusive photo gallery of the concert that Swans gave at Sala Apolo in Barcelona as part of their farewell tour as a band.\" \/>\n<meta property=\"og:url\" content=\"https:\/\/www.indieofilo.com\/en\/gig-reviews\/swans-october-15-2017-sala-apolo-barcelona\" \/>\n<meta property=\"og:site_name\" content=\"Indie\u00f3filo\" \/>\n<meta property=\"article:publisher\" content=\"https:\/\/www.facebook.com\/Indieofilo\/\" \/>\n<meta property=\"article:published_time\" content=\"2017-10-19T11:22:34+00:00\" \/>\n<meta property=\"article:modified_time\" content=\"2023-11-17T22:31:47+00:00\" \/>\n<meta property=\"og:image\" content=\"https:\/\/www.indieofilo.com\/wp-content\/uploads\/2017\/10\/Michael_Gira_Swans-Barcelona_2017.jpg\" \/>\n\t<meta property=\"og:image:width\" content=\"800\" \/>\n\t<meta property=\"og:image:height\" content=\"533\" \/>\n\t<meta property=\"og:image:type\" content=\"image\/jpeg\" \/>\n<meta name=\"author\" content=\"Victor\" \/>\n<meta name=\"twitter:card\" content=\"summary_large_image\" \/>\n<meta name=\"twitter:creator\" content=\"@indieofilo\" \/>\n<meta name=\"twitter:site\" content=\"@indieofilo\" \/>\n<meta name=\"twitter:label1\" content=\"Written by\" \/>\n\t<meta name=\"twitter:data1\" content=\"Victor\" \/>\n\t<meta name=\"twitter:label2\" content=\"Est. reading time\" \/>\n\t<meta name=\"twitter:data2\" content=\"4 minutes\" \/>\n<script type=\"application\/ld+json\" class=\"yoast-schema-graph\">{\"@context\":\"https:\/\/schema.org\",\"@graph\":[{\"@type\":\"Article\",\"@id\":\"https:\/\/www.indieofilo.com\/en\/gig-reviews\/swans-october-15-2017-sala-apolo-barcelona#article\",\"isPartOf\":{\"@id\":\"https:\/\/www.indieofilo.com\/en\/gig-reviews\/swans-october-15-2017-sala-apolo-barcelona\"},\"author\":{\"name\":\"Victor\",\"@id\":\"https:\/\/www.indieofilo.com\/#\/schema\/person\/595334d38590e4ce5a09f83cbf2fca90\"},\"headline\":\"Swans \u2013 October 15, 2017 (Sala Apolo \u2013 Barcelona)\",\"datePublished\":\"2017-10-19T11:22:34+00:00\",\"dateModified\":\"2023-11-17T22:31:47+00:00\",\"mainEntityOfPage\":{\"@id\":\"https:\/\/www.indieofilo.com\/en\/gig-reviews\/swans-october-15-2017-sala-apolo-barcelona\"},\"wordCount\":672,\"commentCount\":0,\"publisher\":{\"@id\":\"https:\/\/www.indieofilo.com\/#organization\"},\"image\":{\"@id\":\"https:\/\/www.indieofilo.com\/en\/gig-reviews\/swans-october-15-2017-sala-apolo-barcelona#primaryimage\"},\"thumbnailUrl\":\"https:\/\/www.indieofilo.com\/wp-content\/uploads\/2017\/10\/Michael_Gira_Swans-Barcelona_2017.jpg\",\"keywords\":[\"Baby Dee\",\"Barcelona\",\"Swans\"],\"articleSection\":[\"Gig Reviews\",\"Rooms\"],\"inLanguage\":\"en-US\",\"potentialAction\":[{\"@type\":\"CommentAction\",\"name\":\"Comment\",\"target\":[\"https:\/\/www.indieofilo.com\/en\/gig-reviews\/swans-october-15-2017-sala-apolo-barcelona#respond\"]}]},{\"@type\":\"WebPage\",\"@id\":\"https:\/\/www.indieofilo.com\/en\/gig-reviews\/swans-october-15-2017-sala-apolo-barcelona\",\"url\":\"https:\/\/www.indieofilo.com\/en\/gig-reviews\/swans-october-15-2017-sala-apolo-barcelona\",\"name\":\"Live Review: Swans \u2013 October 15, 2017 (Barcelona) - Indie\u00f3filo\",\"isPartOf\":{\"@id\":\"https:\/\/www.indieofilo.com\/#website\"},\"primaryImageOfPage\":{\"@id\":\"https:\/\/www.indieofilo.com\/en\/gig-reviews\/swans-october-15-2017-sala-apolo-barcelona#primaryimage\"},\"image\":{\"@id\":\"https:\/\/www.indieofilo.com\/en\/gig-reviews\/swans-october-15-2017-sala-apolo-barcelona#primaryimage\"},\"thumbnailUrl\":\"https:\/\/www.indieofilo.com\/wp-content\/uploads\/2017\/10\/Michael_Gira_Swans-Barcelona_2017.jpg\",\"datePublished\":\"2017-10-19T11:22:34+00:00\",\"dateModified\":\"2023-11-17T22:31:47+00:00\",\"description\":\"Review and exclusive photo gallery of the concert that Swans gave at Sala Apolo in Barcelona as part of their farewell tour as a band.\",\"breadcrumb\":{\"@id\":\"https:\/\/www.indieofilo.com\/en\/gig-reviews\/swans-october-15-2017-sala-apolo-barcelona#breadcrumb\"},\"inLanguage\":\"en-US\",\"potentialAction\":[{\"@type\":\"ReadAction\",\"target\":[\"https:\/\/www.indieofilo.com\/en\/gig-reviews\/swans-october-15-2017-sala-apolo-barcelona\"]}]},{\"@type\":\"ImageObject\",\"inLanguage\":\"en-US\",\"@id\":\"https:\/\/www.indieofilo.com\/en\/gig-reviews\/swans-october-15-2017-sala-apolo-barcelona#primaryimage\",\"url\":\"https:\/\/www.indieofilo.com\/wp-content\/uploads\/2017\/10\/Michael_Gira_Swans-Barcelona_2017.jpg\",\"contentUrl\":\"https:\/\/www.indieofilo.com\/wp-content\/uploads\/2017\/10\/Michael_Gira_Swans-Barcelona_2017.jpg\",\"width\":800,\"height\":533,\"caption\":\"Michael Gira - Swans - Barcelona 2017\"},{\"@type\":\"BreadcrumbList\",\"@id\":\"https:\/\/www.indieofilo.com\/en\/gig-reviews\/swans-october-15-2017-sala-apolo-barcelona#breadcrumb\",\"itemListElement\":[{\"@type\":\"ListItem\",\"position\":1,\"name\":\"Portada\",\"item\":\"https:\/\/www.indieofilo.com\/en\"},{\"@type\":\"ListItem\",\"position\":2,\"name\":\"Swans \u2013 October 15, 2017 (Sala Apolo \u2013 Barcelona)\"}]},{\"@type\":\"WebSite\",\"@id\":\"https:\/\/www.indieofilo.com\/#website\",\"url\":\"https:\/\/www.indieofilo.com\/\",\"name\":\"Indie\u00f3filo\",\"description\":\"Magazine online de la cultura independiente\",\"publisher\":{\"@id\":\"https:\/\/www.indieofilo.com\/#organization\"},\"potentialAction\":[{\"@type\":\"SearchAction\",\"target\":{\"@type\":\"EntryPoint\",\"urlTemplate\":\"https:\/\/www.indieofilo.com\/?s={search_term_string}\"},\"query-input\":{\"@type\":\"PropertyValueSpecification\",\"valueRequired\":true,\"valueName\":\"search_term_string\"}}],\"inLanguage\":\"en-US\"},{\"@type\":\"Organization\",\"@id\":\"https:\/\/www.indieofilo.com\/#organization\",\"name\":\"Indie\u00f3filo Web\",\"url\":\"https:\/\/www.indieofilo.com\/\",\"logo\":{\"@type\":\"ImageObject\",\"inLanguage\":\"en-US\",\"@id\":\"https:\/\/www.indieofilo.com\/#\/schema\/logo\/image\/\",\"url\":\"https:\/\/www.indieofilo.com\/wp-content\/uploads\/2015\/02\/logo-alta-resolucion.png\",\"contentUrl\":\"https:\/\/www.indieofilo.com\/wp-content\/uploads\/2015\/02\/logo-alta-resolucion.png\",\"width\":544,\"height\":185,\"caption\":\"Indie\u00f3filo Web\"},\"image\":{\"@id\":\"https:\/\/www.indieofilo.com\/#\/schema\/logo\/image\/\"},\"sameAs\":[\"https:\/\/www.facebook.com\/Indieofilo\/\",\"https:\/\/x.com\/indieofilo\",\"https:\/\/www.instagram.com\/indieofilo\/\"]},{\"@type\":\"Person\",\"@id\":\"https:\/\/www.indieofilo.com\/#\/schema\/person\/595334d38590e4ce5a09f83cbf2fca90\",\"name\":\"Victor\",\"image\":{\"@type\":\"ImageObject\",\"inLanguage\":\"en-US\",\"@id\":\"https:\/\/www.indieofilo.com\/#\/schema\/person\/image\/\",\"url\":\"https:\/\/secure.gravatar.com\/avatar\/682b8c6ea3e94b6cffec683b25f1797d?s=96&d=mm&r=g\",\"contentUrl\":\"https:\/\/secure.gravatar.com\/avatar\/682b8c6ea3e94b6cffec683b25f1797d?s=96&d=mm&r=g\",\"caption\":\"Victor\"},\"description\":\"Fan\u00e1tico de la m\u00fasica desde que mis padres me pon\u00edan a Eydie Gorme y Los Panchos o el Discotuna por la A2. Intent\u00e9 tocar varios instrumentos, pero soy muy torpe con la mano izquierda, as\u00ed que ya sab\u00e9is el resultado final. Fan del britpop, Post-punk, el rugby y el baloncesto...\",\"sameAs\":[\"http:\/\/indieofilo.com\"],\"url\":\"https:\/\/www.indieofilo.com\/en\/author\/victor\"}]}<\/script>\n<!-- \/ Yoast SEO Premium plugin. -->","yoast_head_json":{"title":"Live Review: Swans \u2013 October 15, 2017 (Barcelona) - Indie\u00f3filo","description":"Review and exclusive photo gallery of the concert that Swans gave at Sala Apolo in Barcelona as part of their farewell tour as a band.","robots":{"index":"index","follow":"follow","max-snippet":"max-snippet:-1","max-image-preview":"max-image-preview:large","max-video-preview":"max-video-preview:-1"},"canonical":"https:\/\/www.indieofilo.com\/en\/gig-reviews\/swans-october-15-2017-sala-apolo-barcelona","og_locale":"en_US","og_type":"article","og_title":"Swans \u2013 October 15, 2017 (Sala Apolo \u2013 Barcelona)","og_description":"Review and exclusive photo gallery of the concert that Swans gave at Sala Apolo in Barcelona as part of their farewell tour as a band.","og_url":"https:\/\/www.indieofilo.com\/en\/gig-reviews\/swans-october-15-2017-sala-apolo-barcelona","og_site_name":"Indie\u00f3filo","article_publisher":"https:\/\/www.facebook.com\/Indieofilo\/","article_published_time":"2017-10-19T11:22:34+00:00","article_modified_time":"2023-11-17T22:31:47+00:00","og_image":[{"width":800,"height":533,"url":"https:\/\/www.indieofilo.com\/wp-content\/uploads\/2017\/10\/Michael_Gira_Swans-Barcelona_2017.jpg","type":"image\/jpeg"}],"author":"Victor","twitter_card":"summary_large_image","twitter_creator":"@indieofilo","twitter_site":"@indieofilo","twitter_misc":{"Written by":"Victor","Est. reading time":"4 minutes"},"schema":{"@context":"https:\/\/schema.org","@graph":[{"@type":"Article","@id":"https:\/\/www.indieofilo.com\/en\/gig-reviews\/swans-october-15-2017-sala-apolo-barcelona#article","isPartOf":{"@id":"https:\/\/www.indieofilo.com\/en\/gig-reviews\/swans-october-15-2017-sala-apolo-barcelona"},"author":{"name":"Victor","@id":"https:\/\/www.indieofilo.com\/#\/schema\/person\/595334d38590e4ce5a09f83cbf2fca90"},"headline":"Swans \u2013 October 15, 2017 (Sala Apolo \u2013 Barcelona)","datePublished":"2017-10-19T11:22:34+00:00","dateModified":"2023-11-17T22:31:47+00:00","mainEntityOfPage":{"@id":"https:\/\/www.indieofilo.com\/en\/gig-reviews\/swans-october-15-2017-sala-apolo-barcelona"},"wordCount":672,"commentCount":0,"publisher":{"@id":"https:\/\/www.indieofilo.com\/#organization"},"image":{"@id":"https:\/\/www.indieofilo.com\/en\/gig-reviews\/swans-october-15-2017-sala-apolo-barcelona#primaryimage"},"thumbnailUrl":"https:\/\/www.indieofilo.com\/wp-content\/uploads\/2017\/10\/Michael_Gira_Swans-Barcelona_2017.jpg","keywords":["Baby Dee","Barcelona","Swans"],"articleSection":["Gig Reviews","Rooms"],"inLanguage":"en-US","potentialAction":[{"@type":"CommentAction","name":"Comment","target":["https:\/\/www.indieofilo.com\/en\/gig-reviews\/swans-october-15-2017-sala-apolo-barcelona#respond"]}]},{"@type":"WebPage","@id":"https:\/\/www.indieofilo.com\/en\/gig-reviews\/swans-october-15-2017-sala-apolo-barcelona","url":"https:\/\/www.indieofilo.com\/en\/gig-reviews\/swans-october-15-2017-sala-apolo-barcelona","name":"Live Review: Swans \u2013 October 15, 2017 (Barcelona) - Indie\u00f3filo","isPartOf":{"@id":"https:\/\/www.indieofilo.com\/#website"},"primaryImageOfPage":{"@id":"https:\/\/www.indieofilo.com\/en\/gig-reviews\/swans-october-15-2017-sala-apolo-barcelona#primaryimage"},"image":{"@id":"https:\/\/www.indieofilo.com\/en\/gig-reviews\/swans-october-15-2017-sala-apolo-barcelona#primaryimage"},"thumbnailUrl":"https:\/\/www.indieofilo.com\/wp-content\/uploads\/2017\/10\/Michael_Gira_Swans-Barcelona_2017.jpg","datePublished":"2017-10-19T11:22:34+00:00","dateModified":"2023-11-17T22:31:47+00:00","description":"Review and exclusive photo gallery of the concert that Swans gave at Sala Apolo in Barcelona as part of their farewell tour as a band.","breadcrumb":{"@id":"https:\/\/www.indieofilo.com\/en\/gig-reviews\/swans-october-15-2017-sala-apolo-barcelona#breadcrumb"},"inLanguage":"en-US","potentialAction":[{"@type":"ReadAction","target":["https:\/\/www.indieofilo.com\/en\/gig-reviews\/swans-october-15-2017-sala-apolo-barcelona"]}]},{"@type":"ImageObject","inLanguage":"en-US","@id":"https:\/\/www.indieofilo.com\/en\/gig-reviews\/swans-october-15-2017-sala-apolo-barcelona#primaryimage","url":"https:\/\/www.indieofilo.com\/wp-content\/uploads\/2017\/10\/Michael_Gira_Swans-Barcelona_2017.jpg","contentUrl":"https:\/\/www.indieofilo.com\/wp-content\/uploads\/2017\/10\/Michael_Gira_Swans-Barcelona_2017.jpg","width":800,"height":533,"caption":"Michael Gira - Swans - Barcelona 2017"},{"@type":"BreadcrumbList","@id":"https:\/\/www.indieofilo.com\/en\/gig-reviews\/swans-october-15-2017-sala-apolo-barcelona#breadcrumb","itemListElement":[{"@type":"ListItem","position":1,"name":"Portada","item":"https:\/\/www.indieofilo.com\/en"},{"@type":"ListItem","position":2,"name":"Swans \u2013 October 15, 2017 (Sala Apolo \u2013 Barcelona)"}]},{"@type":"WebSite","@id":"https:\/\/www.indieofilo.com\/#website","url":"https:\/\/www.indieofilo.com\/","name":"Indie\u00f3filo","description":"Magazine online de la cultura independiente","publisher":{"@id":"https:\/\/www.indieofilo.com\/#organization"},"potentialAction":[{"@type":"SearchAction","target":{"@type":"EntryPoint","urlTemplate":"https:\/\/www.indieofilo.com\/?s={search_term_string}"},"query-input":{"@type":"PropertyValueSpecification","valueRequired":true,"valueName":"search_term_string"}}],"inLanguage":"en-US"},{"@type":"Organization","@id":"https:\/\/www.indieofilo.com\/#organization","name":"Indie\u00f3filo Web","url":"https:\/\/www.indieofilo.com\/","logo":{"@type":"ImageObject","inLanguage":"en-US","@id":"https:\/\/www.indieofilo.com\/#\/schema\/logo\/image\/","url":"https:\/\/www.indieofilo.com\/wp-content\/uploads\/2015\/02\/logo-alta-resolucion.png","contentUrl":"https:\/\/www.indieofilo.com\/wp-content\/uploads\/2015\/02\/logo-alta-resolucion.png","width":544,"height":185,"caption":"Indie\u00f3filo Web"},"image":{"@id":"https:\/\/www.indieofilo.com\/#\/schema\/logo\/image\/"},"sameAs":["https:\/\/www.facebook.com\/Indieofilo\/","https:\/\/x.com\/indieofilo","https:\/\/www.instagram.com\/indieofilo\/"]},{"@type":"Person","@id":"https:\/\/www.indieofilo.com\/#\/schema\/person\/595334d38590e4ce5a09f83cbf2fca90","name":"Victor","image":{"@type":"ImageObject","inLanguage":"en-US","@id":"https:\/\/www.indieofilo.com\/#\/schema\/person\/image\/","url":"https:\/\/secure.gravatar.com\/avatar\/682b8c6ea3e94b6cffec683b25f1797d?s=96&d=mm&r=g","contentUrl":"https:\/\/secure.gravatar.com\/avatar\/682b8c6ea3e94b6cffec683b25f1797d?s=96&d=mm&r=g","caption":"Victor"},"description":"Fan\u00e1tico de la m\u00fasica desde que mis padres me pon\u00edan a Eydie Gorme y Los Panchos o el Discotuna por la A2. Intent\u00e9 tocar varios instrumentos, pero soy muy torpe con la mano izquierda, as\u00ed que ya sab\u00e9is el resultado final. Fan del britpop, Post-punk, el rugby y el baloncesto...","sameAs":["http:\/\/indieofilo.com"],"url":"https:\/\/www.indieofilo.com\/en\/author\/victor"}]}},"_links":{"self":[{"href":"https:\/\/www.indieofilo.com\/en\/wp-json\/wp\/v2\/posts\/10878","targetHints":{"allow":["GET"]}}],"collection":[{"href":"https:\/\/www.indieofilo.com\/en\/wp-json\/wp\/v2\/posts"}],"about":[{"href":"https:\/\/www.indieofilo.com\/en\/wp-json\/wp\/v2\/types\/post"}],"author":[{"embeddable":true,"href":"https:\/\/www.indieofilo.com\/en\/wp-json\/wp\/v2\/users\/1"}],"replies":[{"embeddable":true,"href":"https:\/\/www.indieofilo.com\/en\/wp-json\/wp\/v2\/comments?post=10878"}],"version-history":[{"count":0,"href":"https:\/\/www.indieofilo.com\/en\/wp-json\/wp\/v2\/posts\/10878\/revisions"}],"wp:featuredmedia":[{"embeddable":true,"href":"https:\/\/www.indieofilo.com\/en\/wp-json\/wp\/v2\/media\/10872"}],"wp:attachment":[{"href":"https:\/\/www.indieofilo.com\/en\/wp-json\/wp\/v2\/media?parent=10878"}],"wp:term":[{"taxonomy":"category","embeddable":true,"href":"https:\/\/www.indieofilo.com\/en\/wp-json\/wp\/v2\/categories?post=10878"},{"taxonomy":"post_tag","embeddable":true,"href":"https:\/\/www.indieofilo.com\/en\/wp-json\/wp\/v2\/tags?post=10878"}],"curies":[{"name":"wp","href":"https:\/\/api.w.org\/{rel}","templated":true}]}}