{"id":10636,"date":"2017-07-12T18:54:44","date_gmt":"2017-07-12T16:54:44","guid":{"rendered":"http:\/\/indieofilo.com\/?p=10636"},"modified":"2023-09-01T19:25:07","modified_gmt":"2023-09-01T17:25:07","slug":"algiers-announce-november-2017-european-tour","status":"publish","type":"post","link":"https:\/\/www.indieofilo.com\/en\/news\/algiers-announce-november-2017-european-tour","title":{"rendered":"Algiers announce November 2017 European Tour"},"content":{"rendered":"<p style=\"text-align: justify;\">\n\t<img fetchpriority=\"high\" decoding=\"async\" alt=\"Algiers European tour 2017\" class=\"aligncenter size-full wp-image-10638\" height=\"600\" src=\"http:\/\/indieofilo.com\/wp-content\/uploads\/2017\/07\/Algiers-european-tour-2017.jpg\" width=\"428\" srcset=\"https:\/\/www.indieofilo.com\/wp-content\/uploads\/2017\/07\/Algiers-european-tour-2017.jpg 428w, https:\/\/www.indieofilo.com\/wp-content\/uploads\/2017\/07\/Algiers-european-tour-2017-214x300.jpg 214w\" sizes=\"(max-width: 428px) 100vw, 428px\" \/><\/p>\n<p style=\"text-align: justify;\">\n\tIn the wake of the release of their sophomore album <em>The Underside of Power<\/em> (2017) a couple of weeks ago, American band <strong>Algiers<\/strong> have announced the dates of an upcoming European Tour. After surprising the music industry with their homonymous debut LP in which they fused the post-punk with styles as diverse as the gospel or the funk, the band led by frontman <strong>Franklin James Fisher<\/strong> will present their awaited new album on a <strong>European tour that will start in Eindhoven on November the 1st, and after 24 shows will conclude&nbsp;on Dublin a month later on December the 2nd<\/strong>.&nbsp;<\/p>\n<p style=\"text-align: justify;\">\n\tTickets for the concert at Sala Razzmatazz 2 in Barcelona will go on sale next July 14 with a price of &euro;24 + fees through <a href=\"https:\/\/www.redtkt.com\/?action=listado&amp;type=concierto&amp;actividad=917&amp;_ga=2.19402558.708423050.1507021069-154517723.1505903736\" target=\"_blank\" rel=\"noopener\">Redtkt<\/a>, <a href=\"http:\/\/www.ticketmaster.es\/event\/3485\" target=\"_blank\" rel=\"noopener\">Ticketmaster<\/a> and soon also at La Botiga del Primavera Sound.<\/p>\n","protected":false},"excerpt":{"rendered":"<p>In the wake of the release of their sophomore album The Underside of Power (2017) a couple of weeks ago, American band Algiers have announced the dates of an upcoming European Tour. After surprising the music industry with their homonymous debut LP in which they fused the post-punk with styles as diverse as the gospel [&hellip;]<\/p>\n","protected":false},"author":1,"featured_media":21485,"comment_status":"open","ping_status":"closed","sticky":false,"template":"","format":"standard","meta":{"footnotes":""},"categories":[41,8],"tags":[5256,4961],"class_list":["post-10636","post","type-post","status-publish","format-standard","has-post-thumbnail","hentry","category-live-shows","category-news","tag-algiers-en","tag-barcelona-en"],"yoast_head":"<!-- This site is optimized with the Yoast SEO Premium plugin v23.9 (Yoast SEO v26.6) - https:\/\/yoast.com\/wordpress\/plugins\/seo\/ -->\n<title>Algiers announce November 2017 European Tour - Indie\u00f3filo<\/title>\n<meta name=\"description\" content=\"Algiers European tour will start in Eindhoven on November the 1st, and after 24 shows will conclude\u00a0on Dublin a month later on December the 2nd.\" \/>\n<meta name=\"robots\" content=\"index, follow, max-snippet:-1, max-image-preview:large, max-video-preview:-1\" \/>\n<link rel=\"canonical\" href=\"https:\/\/www.indieofilo.com\/en\/news\/algiers-announce-november-2017-european-tour\" \/>\n<meta property=\"og:locale\" content=\"en_US\" \/>\n<meta property=\"og:type\" content=\"article\" \/>\n<meta property=\"og:title\" content=\"Algiers announce November 2017 European Tour\" \/>\n<meta property=\"og:description\" content=\"Algiers European tour will start in Eindhoven on November the 1st, and after 24 shows will conclude\u00a0on Dublin a month later on December the 2nd.\" \/>\n<meta property=\"og:url\" content=\"https:\/\/www.indieofilo.com\/en\/news\/algiers-announce-november-2017-european-tour\" \/>\n<meta property=\"og:site_name\" content=\"Indie\u00f3filo\" \/>\n<meta property=\"article:publisher\" content=\"https:\/\/www.facebook.com\/Indieofilo\/\" \/>\n<meta property=\"article:published_time\" content=\"2017-07-12T16:54:44+00:00\" \/>\n<meta property=\"article:modified_time\" content=\"2023-09-01T17:25:07+00:00\" \/>\n<meta property=\"og:image\" content=\"https:\/\/www.indieofilo.com\/wp-content\/uploads\/2017\/07\/Algiers-barcelona-2017.jpg\" \/>\n\t<meta property=\"og:image:width\" content=\"600\" \/>\n\t<meta property=\"og:image:height\" content=\"466\" \/>\n\t<meta property=\"og:image:type\" content=\"image\/jpeg\" \/>\n<meta name=\"author\" content=\"Victor\" \/>\n<meta name=\"twitter:card\" content=\"summary_large_image\" \/>\n<meta name=\"twitter:creator\" content=\"@indieofilo\" \/>\n<meta name=\"twitter:site\" content=\"@indieofilo\" \/>\n<meta name=\"twitter:label1\" content=\"Written by\" \/>\n\t<meta name=\"twitter:data1\" content=\"Victor\" \/>\n\t<meta name=\"twitter:label2\" content=\"Est. reading time\" \/>\n\t<meta name=\"twitter:data2\" content=\"1 minute\" \/>\n<script type=\"application\/ld+json\" class=\"yoast-schema-graph\">{\"@context\":\"https:\/\/schema.org\",\"@graph\":[{\"@type\":\"Article\",\"@id\":\"https:\/\/www.indieofilo.com\/en\/news\/algiers-announce-november-2017-european-tour#article\",\"isPartOf\":{\"@id\":\"https:\/\/www.indieofilo.com\/en\/news\/algiers-announce-november-2017-european-tour\"},\"author\":{\"name\":\"Victor\",\"@id\":\"https:\/\/www.indieofilo.com\/#\/schema\/person\/595334d38590e4ce5a09f83cbf2fca90\"},\"headline\":\"Algiers announce November 2017 European Tour\",\"datePublished\":\"2017-07-12T16:54:44+00:00\",\"dateModified\":\"2023-09-01T17:25:07+00:00\",\"mainEntityOfPage\":{\"@id\":\"https:\/\/www.indieofilo.com\/en\/news\/algiers-announce-november-2017-european-tour\"},\"wordCount\":138,\"commentCount\":0,\"publisher\":{\"@id\":\"https:\/\/www.indieofilo.com\/#organization\"},\"image\":{\"@id\":\"https:\/\/www.indieofilo.com\/en\/news\/algiers-announce-november-2017-european-tour#primaryimage\"},\"thumbnailUrl\":\"https:\/\/www.indieofilo.com\/wp-content\/uploads\/2017\/07\/Algiers-barcelona-2017.jpg\",\"keywords\":[\"Algiers\",\"Barcelona\"],\"articleSection\":[\"Live Shows\",\"News\"],\"inLanguage\":\"en-US\",\"potentialAction\":[{\"@type\":\"CommentAction\",\"name\":\"Comment\",\"target\":[\"https:\/\/www.indieofilo.com\/en\/news\/algiers-announce-november-2017-european-tour#respond\"]}]},{\"@type\":\"WebPage\",\"@id\":\"https:\/\/www.indieofilo.com\/en\/news\/algiers-announce-november-2017-european-tour\",\"url\":\"https:\/\/www.indieofilo.com\/en\/news\/algiers-announce-november-2017-european-tour\",\"name\":\"Algiers announce November 2017 European Tour - Indie\u00f3filo\",\"isPartOf\":{\"@id\":\"https:\/\/www.indieofilo.com\/#website\"},\"primaryImageOfPage\":{\"@id\":\"https:\/\/www.indieofilo.com\/en\/news\/algiers-announce-november-2017-european-tour#primaryimage\"},\"image\":{\"@id\":\"https:\/\/www.indieofilo.com\/en\/news\/algiers-announce-november-2017-european-tour#primaryimage\"},\"thumbnailUrl\":\"https:\/\/www.indieofilo.com\/wp-content\/uploads\/2017\/07\/Algiers-barcelona-2017.jpg\",\"datePublished\":\"2017-07-12T16:54:44+00:00\",\"dateModified\":\"2023-09-01T17:25:07+00:00\",\"description\":\"Algiers European tour will start in Eindhoven on November the 1st, and after 24 shows will conclude\u00a0on Dublin a month later on December the 2nd.\",\"breadcrumb\":{\"@id\":\"https:\/\/www.indieofilo.com\/en\/news\/algiers-announce-november-2017-european-tour#breadcrumb\"},\"inLanguage\":\"en-US\",\"potentialAction\":[{\"@type\":\"ReadAction\",\"target\":[\"https:\/\/www.indieofilo.com\/en\/news\/algiers-announce-november-2017-european-tour\"]}]},{\"@type\":\"ImageObject\",\"inLanguage\":\"en-US\",\"@id\":\"https:\/\/www.indieofilo.com\/en\/news\/algiers-announce-november-2017-european-tour#primaryimage\",\"url\":\"https:\/\/www.indieofilo.com\/wp-content\/uploads\/2017\/07\/Algiers-barcelona-2017.jpg\",\"contentUrl\":\"https:\/\/www.indieofilo.com\/wp-content\/uploads\/2017\/07\/Algiers-barcelona-2017.jpg\",\"width\":600,\"height\":466},{\"@type\":\"BreadcrumbList\",\"@id\":\"https:\/\/www.indieofilo.com\/en\/news\/algiers-announce-november-2017-european-tour#breadcrumb\",\"itemListElement\":[{\"@type\":\"ListItem\",\"position\":1,\"name\":\"Portada\",\"item\":\"https:\/\/www.indieofilo.com\/en\"},{\"@type\":\"ListItem\",\"position\":2,\"name\":\"Algiers announce November 2017 European Tour\"}]},{\"@type\":\"WebSite\",\"@id\":\"https:\/\/www.indieofilo.com\/#website\",\"url\":\"https:\/\/www.indieofilo.com\/\",\"name\":\"Indie\u00f3filo\",\"description\":\"Magazine online de la cultura independiente\",\"publisher\":{\"@id\":\"https:\/\/www.indieofilo.com\/#organization\"},\"potentialAction\":[{\"@type\":\"SearchAction\",\"target\":{\"@type\":\"EntryPoint\",\"urlTemplate\":\"https:\/\/www.indieofilo.com\/?s={search_term_string}\"},\"query-input\":{\"@type\":\"PropertyValueSpecification\",\"valueRequired\":true,\"valueName\":\"search_term_string\"}}],\"inLanguage\":\"en-US\"},{\"@type\":\"Organization\",\"@id\":\"https:\/\/www.indieofilo.com\/#organization\",\"name\":\"Indie\u00f3filo Web\",\"url\":\"https:\/\/www.indieofilo.com\/\",\"logo\":{\"@type\":\"ImageObject\",\"inLanguage\":\"en-US\",\"@id\":\"https:\/\/www.indieofilo.com\/#\/schema\/logo\/image\/\",\"url\":\"https:\/\/www.indieofilo.com\/wp-content\/uploads\/2015\/02\/logo-alta-resolucion.png\",\"contentUrl\":\"https:\/\/www.indieofilo.com\/wp-content\/uploads\/2015\/02\/logo-alta-resolucion.png\",\"width\":544,\"height\":185,\"caption\":\"Indie\u00f3filo Web\"},\"image\":{\"@id\":\"https:\/\/www.indieofilo.com\/#\/schema\/logo\/image\/\"},\"sameAs\":[\"https:\/\/www.facebook.com\/Indieofilo\/\",\"https:\/\/x.com\/indieofilo\",\"https:\/\/www.instagram.com\/indieofilo\/\"]},{\"@type\":\"Person\",\"@id\":\"https:\/\/www.indieofilo.com\/#\/schema\/person\/595334d38590e4ce5a09f83cbf2fca90\",\"name\":\"Victor\",\"image\":{\"@type\":\"ImageObject\",\"inLanguage\":\"en-US\",\"@id\":\"https:\/\/www.indieofilo.com\/#\/schema\/person\/image\/\",\"url\":\"https:\/\/secure.gravatar.com\/avatar\/682b8c6ea3e94b6cffec683b25f1797d?s=96&d=mm&r=g\",\"contentUrl\":\"https:\/\/secure.gravatar.com\/avatar\/682b8c6ea3e94b6cffec683b25f1797d?s=96&d=mm&r=g\",\"caption\":\"Victor\"},\"description\":\"Fan\u00e1tico de la m\u00fasica desde que mis padres me pon\u00edan a Eydie Gorme y Los Panchos o el Discotuna por la A2. Intent\u00e9 tocar varios instrumentos, pero soy muy torpe con la mano izquierda, as\u00ed que ya sab\u00e9is el resultado final. Fan del britpop, Post-punk, el rugby y el baloncesto...\",\"sameAs\":[\"http:\/\/indieofilo.com\"],\"url\":\"https:\/\/www.indieofilo.com\/en\/author\/victor\"}]}<\/script>\n<!-- \/ Yoast SEO Premium plugin. -->","yoast_head_json":{"title":"Algiers announce November 2017 European Tour - Indie\u00f3filo","description":"Algiers European tour will start in Eindhoven on November the 1st, and after 24 shows will conclude\u00a0on Dublin a month later on December the 2nd.","robots":{"index":"index","follow":"follow","max-snippet":"max-snippet:-1","max-image-preview":"max-image-preview:large","max-video-preview":"max-video-preview:-1"},"canonical":"https:\/\/www.indieofilo.com\/en\/news\/algiers-announce-november-2017-european-tour","og_locale":"en_US","og_type":"article","og_title":"Algiers announce November 2017 European Tour","og_description":"Algiers European tour will start in Eindhoven on November the 1st, and after 24 shows will conclude\u00a0on Dublin a month later on December the 2nd.","og_url":"https:\/\/www.indieofilo.com\/en\/news\/algiers-announce-november-2017-european-tour","og_site_name":"Indie\u00f3filo","article_publisher":"https:\/\/www.facebook.com\/Indieofilo\/","article_published_time":"2017-07-12T16:54:44+00:00","article_modified_time":"2023-09-01T17:25:07+00:00","og_image":[{"width":600,"height":466,"url":"https:\/\/www.indieofilo.com\/wp-content\/uploads\/2017\/07\/Algiers-barcelona-2017.jpg","type":"image\/jpeg"}],"author":"Victor","twitter_card":"summary_large_image","twitter_creator":"@indieofilo","twitter_site":"@indieofilo","twitter_misc":{"Written by":"Victor","Est. reading time":"1 minute"},"schema":{"@context":"https:\/\/schema.org","@graph":[{"@type":"Article","@id":"https:\/\/www.indieofilo.com\/en\/news\/algiers-announce-november-2017-european-tour#article","isPartOf":{"@id":"https:\/\/www.indieofilo.com\/en\/news\/algiers-announce-november-2017-european-tour"},"author":{"name":"Victor","@id":"https:\/\/www.indieofilo.com\/#\/schema\/person\/595334d38590e4ce5a09f83cbf2fca90"},"headline":"Algiers announce November 2017 European Tour","datePublished":"2017-07-12T16:54:44+00:00","dateModified":"2023-09-01T17:25:07+00:00","mainEntityOfPage":{"@id":"https:\/\/www.indieofilo.com\/en\/news\/algiers-announce-november-2017-european-tour"},"wordCount":138,"commentCount":0,"publisher":{"@id":"https:\/\/www.indieofilo.com\/#organization"},"image":{"@id":"https:\/\/www.indieofilo.com\/en\/news\/algiers-announce-november-2017-european-tour#primaryimage"},"thumbnailUrl":"https:\/\/www.indieofilo.com\/wp-content\/uploads\/2017\/07\/Algiers-barcelona-2017.jpg","keywords":["Algiers","Barcelona"],"articleSection":["Live Shows","News"],"inLanguage":"en-US","potentialAction":[{"@type":"CommentAction","name":"Comment","target":["https:\/\/www.indieofilo.com\/en\/news\/algiers-announce-november-2017-european-tour#respond"]}]},{"@type":"WebPage","@id":"https:\/\/www.indieofilo.com\/en\/news\/algiers-announce-november-2017-european-tour","url":"https:\/\/www.indieofilo.com\/en\/news\/algiers-announce-november-2017-european-tour","name":"Algiers announce November 2017 European Tour - Indie\u00f3filo","isPartOf":{"@id":"https:\/\/www.indieofilo.com\/#website"},"primaryImageOfPage":{"@id":"https:\/\/www.indieofilo.com\/en\/news\/algiers-announce-november-2017-european-tour#primaryimage"},"image":{"@id":"https:\/\/www.indieofilo.com\/en\/news\/algiers-announce-november-2017-european-tour#primaryimage"},"thumbnailUrl":"https:\/\/www.indieofilo.com\/wp-content\/uploads\/2017\/07\/Algiers-barcelona-2017.jpg","datePublished":"2017-07-12T16:54:44+00:00","dateModified":"2023-09-01T17:25:07+00:00","description":"Algiers European tour will start in Eindhoven on November the 1st, and after 24 shows will conclude\u00a0on Dublin a month later on December the 2nd.","breadcrumb":{"@id":"https:\/\/www.indieofilo.com\/en\/news\/algiers-announce-november-2017-european-tour#breadcrumb"},"inLanguage":"en-US","potentialAction":[{"@type":"ReadAction","target":["https:\/\/www.indieofilo.com\/en\/news\/algiers-announce-november-2017-european-tour"]}]},{"@type":"ImageObject","inLanguage":"en-US","@id":"https:\/\/www.indieofilo.com\/en\/news\/algiers-announce-november-2017-european-tour#primaryimage","url":"https:\/\/www.indieofilo.com\/wp-content\/uploads\/2017\/07\/Algiers-barcelona-2017.jpg","contentUrl":"https:\/\/www.indieofilo.com\/wp-content\/uploads\/2017\/07\/Algiers-barcelona-2017.jpg","width":600,"height":466},{"@type":"BreadcrumbList","@id":"https:\/\/www.indieofilo.com\/en\/news\/algiers-announce-november-2017-european-tour#breadcrumb","itemListElement":[{"@type":"ListItem","position":1,"name":"Portada","item":"https:\/\/www.indieofilo.com\/en"},{"@type":"ListItem","position":2,"name":"Algiers announce November 2017 European Tour"}]},{"@type":"WebSite","@id":"https:\/\/www.indieofilo.com\/#website","url":"https:\/\/www.indieofilo.com\/","name":"Indie\u00f3filo","description":"Magazine online de la cultura independiente","publisher":{"@id":"https:\/\/www.indieofilo.com\/#organization"},"potentialAction":[{"@type":"SearchAction","target":{"@type":"EntryPoint","urlTemplate":"https:\/\/www.indieofilo.com\/?s={search_term_string}"},"query-input":{"@type":"PropertyValueSpecification","valueRequired":true,"valueName":"search_term_string"}}],"inLanguage":"en-US"},{"@type":"Organization","@id":"https:\/\/www.indieofilo.com\/#organization","name":"Indie\u00f3filo Web","url":"https:\/\/www.indieofilo.com\/","logo":{"@type":"ImageObject","inLanguage":"en-US","@id":"https:\/\/www.indieofilo.com\/#\/schema\/logo\/image\/","url":"https:\/\/www.indieofilo.com\/wp-content\/uploads\/2015\/02\/logo-alta-resolucion.png","contentUrl":"https:\/\/www.indieofilo.com\/wp-content\/uploads\/2015\/02\/logo-alta-resolucion.png","width":544,"height":185,"caption":"Indie\u00f3filo Web"},"image":{"@id":"https:\/\/www.indieofilo.com\/#\/schema\/logo\/image\/"},"sameAs":["https:\/\/www.facebook.com\/Indieofilo\/","https:\/\/x.com\/indieofilo","https:\/\/www.instagram.com\/indieofilo\/"]},{"@type":"Person","@id":"https:\/\/www.indieofilo.com\/#\/schema\/person\/595334d38590e4ce5a09f83cbf2fca90","name":"Victor","image":{"@type":"ImageObject","inLanguage":"en-US","@id":"https:\/\/www.indieofilo.com\/#\/schema\/person\/image\/","url":"https:\/\/secure.gravatar.com\/avatar\/682b8c6ea3e94b6cffec683b25f1797d?s=96&d=mm&r=g","contentUrl":"https:\/\/secure.gravatar.com\/avatar\/682b8c6ea3e94b6cffec683b25f1797d?s=96&d=mm&r=g","caption":"Victor"},"description":"Fan\u00e1tico de la m\u00fasica desde que mis padres me pon\u00edan a Eydie Gorme y Los Panchos o el Discotuna por la A2. Intent\u00e9 tocar varios instrumentos, pero soy muy torpe con la mano izquierda, as\u00ed que ya sab\u00e9is el resultado final. Fan del britpop, Post-punk, el rugby y el baloncesto...","sameAs":["http:\/\/indieofilo.com"],"url":"https:\/\/www.indieofilo.com\/en\/author\/victor"}]}},"_links":{"self":[{"href":"https:\/\/www.indieofilo.com\/en\/wp-json\/wp\/v2\/posts\/10636","targetHints":{"allow":["GET"]}}],"collection":[{"href":"https:\/\/www.indieofilo.com\/en\/wp-json\/wp\/v2\/posts"}],"about":[{"href":"https:\/\/www.indieofilo.com\/en\/wp-json\/wp\/v2\/types\/post"}],"author":[{"embeddable":true,"href":"https:\/\/www.indieofilo.com\/en\/wp-json\/wp\/v2\/users\/1"}],"replies":[{"embeddable":true,"href":"https:\/\/www.indieofilo.com\/en\/wp-json\/wp\/v2\/comments?post=10636"}],"version-history":[{"count":0,"href":"https:\/\/www.indieofilo.com\/en\/wp-json\/wp\/v2\/posts\/10636\/revisions"}],"wp:featuredmedia":[{"embeddable":true,"href":"https:\/\/www.indieofilo.com\/en\/wp-json\/wp\/v2\/media\/21485"}],"wp:attachment":[{"href":"https:\/\/www.indieofilo.com\/en\/wp-json\/wp\/v2\/media?parent=10636"}],"wp:term":[{"taxonomy":"category","embeddable":true,"href":"https:\/\/www.indieofilo.com\/en\/wp-json\/wp\/v2\/categories?post=10636"},{"taxonomy":"post_tag","embeddable":true,"href":"https:\/\/www.indieofilo.com\/en\/wp-json\/wp\/v2\/tags?post=10636"}],"curies":[{"name":"wp","href":"https:\/\/api.w.org\/{rel}","templated":true}]}}