{"id":10504,"date":"2017-09-14T18:03:52","date_gmt":"2017-09-14T16:03:52","guid":{"rendered":"http:\/\/indieofilo.com\/?p=10504"},"modified":"2023-09-01T18:16:44","modified_gmt":"2023-09-01T16:16:44","slug":"new-names-for-razzlive-17","status":"publish","type":"post","link":"https:\/\/www.indieofilo.com\/en\/news\/new-names-for-razzlive-17","title":{"rendered":"New names for Razzlive 17"},"content":{"rendered":"<p style=\"text-align: justify;\">\n\t<img fetchpriority=\"high\" decoding=\"async\" alt=\"razzlive 17 Kaleo\" class=\"aligncenter size-full wp-image-10502\" height=\"600\" src=\"http:\/\/indieofilo.com\/wp-content\/uploads\/2017\/09\/razzlive-17-kaleo.jpg\" width=\"424\" srcset=\"https:\/\/www.indieofilo.com\/wp-content\/uploads\/2017\/09\/razzlive-17-kaleo.jpg 424w, https:\/\/www.indieofilo.com\/wp-content\/uploads\/2017\/09\/razzlive-17-kaleo-212x300.jpg 212w\" sizes=\"(max-width: 424px) 100vw, 424px\" \/><\/p>\n<p style=\"text-align: justify;\">\n\tAfter announcing just over a month and a half ago <a href=\"http:\/\/indieofilo.com\/news\/razzlive-17-announces-part-of-its-lineup\" target=\"_blank\" rel=\"noopener\">the first names<\/a>&nbsp;for its 17th anniversary, Barcelona&#39;s hall Sala Razzmatazz has just confirmed the lineup for this celebration. In addition to officially confirming the Icelanders Kaleo (already <a href=\"http:\/\/indieofilo.com\/news\/live-shows\/kaleo-announce-december-2017-spain-shows\">announced months ago through Live Nation<\/a>), now <strong>Saint Etienne<\/strong>, <strong>Omar Souleyman<\/strong>, <strong>Trombone Shorty<\/strong>, <strong>Ninos Du Brazil<\/strong>, <strong>Allan Rayman<\/strong>, <strong>Tokimonsta<\/strong>, <strong>Mon Lafarte<\/strong>, <strong>Miranda!<\/strong>, <strong>Tiga<\/strong> and <strong>Nadia Rose<\/strong> join forces to Belako, The Darkness, Micah P. Hinson, Satellite Stories or Mount Kimbie, previously confirmed.<\/p>\n<p>\tWe remind you that Razzlive 17 will be held from October 21 till December 16 and that the tickets can be found at&nbsp;<a href=\"http:\/\/www.salarazzmatazz.com\" target=\"_blank\" rel=\"noopener\">the official Website of the concert hall<\/a>.<\/p>\n","protected":false},"excerpt":{"rendered":"<p>After announcing just over a month and a half ago the first names&nbsp;for its 17th anniversary, Barcelona&#39;s hall Sala Razzmatazz has just confirmed the lineup for this celebration. In addition to officially confirming the Icelanders Kaleo (already announced months ago through Live Nation), now Saint Etienne, Omar Souleyman, Trombone Shorty, Ninos Du Brazil, Allan Rayman, [&hellip;]<\/p>\n","protected":false},"author":1,"featured_media":21463,"comment_status":"open","ping_status":"closed","sticky":false,"template":"","format":"standard","meta":{"footnotes":""},"categories":[41,8],"tags":[4961,5338,5339,5340,5341,5342,5343,5344,5001],"class_list":["post-10504","post","type-post","status-publish","format-standard","has-post-thumbnail","hentry","category-live-shows","category-news","tag-barcelona-en","tag-kaleo-en","tag-miranda-en","tag-omar-souleyman-en","tag-razzlive-en","tag-razzlive-17-en","tag-razzmatazz-en","tag-saint-etienne-en","tag-tiga-en"],"yoast_head":"<!-- This site is optimized with the Yoast SEO Premium plugin v23.9 (Yoast SEO v26.6) - https:\/\/yoast.com\/wordpress\/plugins\/seo\/ -->\n<title>New names for Razzlive 17 - Indie\u00f3filo<\/title>\n<meta name=\"description\" content=\"Kaleo, Saint Etienne or Omar Souleyman, among the ones confirmed for the batch of concerts with which Barcelona&#039;s concert hall will celebrate its 17 years.\" \/>\n<meta name=\"robots\" content=\"index, follow, max-snippet:-1, max-image-preview:large, max-video-preview:-1\" \/>\n<link rel=\"canonical\" href=\"https:\/\/www.indieofilo.com\/en\/news\/new-names-for-razzlive-17\" \/>\n<meta property=\"og:locale\" content=\"en_US\" \/>\n<meta property=\"og:type\" content=\"article\" \/>\n<meta property=\"og:title\" content=\"New names for Razzlive 17\" \/>\n<meta property=\"og:description\" content=\"Kaleo, Saint Etienne or Omar Souleyman, among the ones confirmed for the batch of concerts with which Barcelona&#039;s concert hall will celebrate its 17 years.\" \/>\n<meta property=\"og:url\" content=\"https:\/\/www.indieofilo.com\/en\/news\/new-names-for-razzlive-17\" \/>\n<meta property=\"og:site_name\" content=\"Indie\u00f3filo\" \/>\n<meta property=\"article:publisher\" content=\"https:\/\/www.facebook.com\/Indieofilo\/\" \/>\n<meta property=\"article:published_time\" content=\"2017-09-14T16:03:52+00:00\" \/>\n<meta property=\"article:modified_time\" content=\"2023-09-01T16:16:44+00:00\" \/>\n<meta property=\"og:image\" content=\"https:\/\/www.indieofilo.com\/wp-content\/uploads\/2017\/09\/razzlive-17-kaleo.jpg\" \/>\n\t<meta property=\"og:image:width\" content=\"424\" \/>\n\t<meta property=\"og:image:height\" content=\"600\" \/>\n\t<meta property=\"og:image:type\" content=\"image\/jpeg\" \/>\n<meta name=\"author\" content=\"Victor\" \/>\n<meta name=\"twitter:card\" content=\"summary_large_image\" \/>\n<meta name=\"twitter:creator\" content=\"@indieofilo\" \/>\n<meta name=\"twitter:site\" content=\"@indieofilo\" \/>\n<meta name=\"twitter:label1\" content=\"Written by\" \/>\n\t<meta name=\"twitter:data1\" content=\"Victor\" \/>\n\t<meta name=\"twitter:label2\" content=\"Est. reading time\" \/>\n\t<meta name=\"twitter:data2\" content=\"1 minute\" \/>\n<script type=\"application\/ld+json\" class=\"yoast-schema-graph\">{\"@context\":\"https:\/\/schema.org\",\"@graph\":[{\"@type\":\"Article\",\"@id\":\"https:\/\/www.indieofilo.com\/en\/news\/new-names-for-razzlive-17#article\",\"isPartOf\":{\"@id\":\"https:\/\/www.indieofilo.com\/en\/news\/new-names-for-razzlive-17\"},\"author\":{\"name\":\"Victor\",\"@id\":\"https:\/\/www.indieofilo.com\/#\/schema\/person\/595334d38590e4ce5a09f83cbf2fca90\"},\"headline\":\"New names for Razzlive 17\",\"datePublished\":\"2017-09-14T16:03:52+00:00\",\"dateModified\":\"2023-09-01T16:16:44+00:00\",\"mainEntityOfPage\":{\"@id\":\"https:\/\/www.indieofilo.com\/en\/news\/new-names-for-razzlive-17\"},\"wordCount\":114,\"commentCount\":0,\"publisher\":{\"@id\":\"https:\/\/www.indieofilo.com\/#organization\"},\"image\":{\"@id\":\"https:\/\/www.indieofilo.com\/en\/news\/new-names-for-razzlive-17#primaryimage\"},\"thumbnailUrl\":\"https:\/\/www.indieofilo.com\/wp-content\/uploads\/2017\/09\/razzlive-17-kaleo.jpg\",\"keywords\":[\"Barcelona\",\"Kaleo\",\"Miranda!\",\"Omar Souleyman\",\"Razzlive\",\"Razzlive 17\",\"razzmatazz\",\"Saint Etienne\",\"Tiga\"],\"articleSection\":[\"Live Shows\",\"News\"],\"inLanguage\":\"en-US\",\"potentialAction\":[{\"@type\":\"CommentAction\",\"name\":\"Comment\",\"target\":[\"https:\/\/www.indieofilo.com\/en\/news\/new-names-for-razzlive-17#respond\"]}]},{\"@type\":\"WebPage\",\"@id\":\"https:\/\/www.indieofilo.com\/en\/news\/new-names-for-razzlive-17\",\"url\":\"https:\/\/www.indieofilo.com\/en\/news\/new-names-for-razzlive-17\",\"name\":\"New names for Razzlive 17 - Indie\u00f3filo\",\"isPartOf\":{\"@id\":\"https:\/\/www.indieofilo.com\/#website\"},\"primaryImageOfPage\":{\"@id\":\"https:\/\/www.indieofilo.com\/en\/news\/new-names-for-razzlive-17#primaryimage\"},\"image\":{\"@id\":\"https:\/\/www.indieofilo.com\/en\/news\/new-names-for-razzlive-17#primaryimage\"},\"thumbnailUrl\":\"https:\/\/www.indieofilo.com\/wp-content\/uploads\/2017\/09\/razzlive-17-kaleo.jpg\",\"datePublished\":\"2017-09-14T16:03:52+00:00\",\"dateModified\":\"2023-09-01T16:16:44+00:00\",\"description\":\"Kaleo, Saint Etienne or Omar Souleyman, among the ones confirmed for the batch of concerts with which Barcelona's concert hall will celebrate its 17 years.\",\"breadcrumb\":{\"@id\":\"https:\/\/www.indieofilo.com\/en\/news\/new-names-for-razzlive-17#breadcrumb\"},\"inLanguage\":\"en-US\",\"potentialAction\":[{\"@type\":\"ReadAction\",\"target\":[\"https:\/\/www.indieofilo.com\/en\/news\/new-names-for-razzlive-17\"]}]},{\"@type\":\"ImageObject\",\"inLanguage\":\"en-US\",\"@id\":\"https:\/\/www.indieofilo.com\/en\/news\/new-names-for-razzlive-17#primaryimage\",\"url\":\"https:\/\/www.indieofilo.com\/wp-content\/uploads\/2017\/09\/razzlive-17-kaleo.jpg\",\"contentUrl\":\"https:\/\/www.indieofilo.com\/wp-content\/uploads\/2017\/09\/razzlive-17-kaleo.jpg\",\"width\":424,\"height\":600},{\"@type\":\"BreadcrumbList\",\"@id\":\"https:\/\/www.indieofilo.com\/en\/news\/new-names-for-razzlive-17#breadcrumb\",\"itemListElement\":[{\"@type\":\"ListItem\",\"position\":1,\"name\":\"Portada\",\"item\":\"https:\/\/www.indieofilo.com\/en\"},{\"@type\":\"ListItem\",\"position\":2,\"name\":\"New names for Razzlive 17\"}]},{\"@type\":\"WebSite\",\"@id\":\"https:\/\/www.indieofilo.com\/#website\",\"url\":\"https:\/\/www.indieofilo.com\/\",\"name\":\"Indie\u00f3filo\",\"description\":\"Magazine online de la cultura independiente\",\"publisher\":{\"@id\":\"https:\/\/www.indieofilo.com\/#organization\"},\"potentialAction\":[{\"@type\":\"SearchAction\",\"target\":{\"@type\":\"EntryPoint\",\"urlTemplate\":\"https:\/\/www.indieofilo.com\/?s={search_term_string}\"},\"query-input\":{\"@type\":\"PropertyValueSpecification\",\"valueRequired\":true,\"valueName\":\"search_term_string\"}}],\"inLanguage\":\"en-US\"},{\"@type\":\"Organization\",\"@id\":\"https:\/\/www.indieofilo.com\/#organization\",\"name\":\"Indie\u00f3filo Web\",\"url\":\"https:\/\/www.indieofilo.com\/\",\"logo\":{\"@type\":\"ImageObject\",\"inLanguage\":\"en-US\",\"@id\":\"https:\/\/www.indieofilo.com\/#\/schema\/logo\/image\/\",\"url\":\"https:\/\/www.indieofilo.com\/wp-content\/uploads\/2015\/02\/logo-alta-resolucion.png\",\"contentUrl\":\"https:\/\/www.indieofilo.com\/wp-content\/uploads\/2015\/02\/logo-alta-resolucion.png\",\"width\":544,\"height\":185,\"caption\":\"Indie\u00f3filo Web\"},\"image\":{\"@id\":\"https:\/\/www.indieofilo.com\/#\/schema\/logo\/image\/\"},\"sameAs\":[\"https:\/\/www.facebook.com\/Indieofilo\/\",\"https:\/\/x.com\/indieofilo\",\"https:\/\/www.instagram.com\/indieofilo\/\"]},{\"@type\":\"Person\",\"@id\":\"https:\/\/www.indieofilo.com\/#\/schema\/person\/595334d38590e4ce5a09f83cbf2fca90\",\"name\":\"Victor\",\"image\":{\"@type\":\"ImageObject\",\"inLanguage\":\"en-US\",\"@id\":\"https:\/\/www.indieofilo.com\/#\/schema\/person\/image\/\",\"url\":\"https:\/\/secure.gravatar.com\/avatar\/682b8c6ea3e94b6cffec683b25f1797d?s=96&d=mm&r=g\",\"contentUrl\":\"https:\/\/secure.gravatar.com\/avatar\/682b8c6ea3e94b6cffec683b25f1797d?s=96&d=mm&r=g\",\"caption\":\"Victor\"},\"description\":\"Fan\u00e1tico de la m\u00fasica desde que mis padres me pon\u00edan a Eydie Gorme y Los Panchos o el Discotuna por la A2. Intent\u00e9 tocar varios instrumentos, pero soy muy torpe con la mano izquierda, as\u00ed que ya sab\u00e9is el resultado final. Fan del britpop, Post-punk, el rugby y el baloncesto...\",\"sameAs\":[\"http:\/\/indieofilo.com\"],\"url\":\"https:\/\/www.indieofilo.com\/en\/author\/victor\"}]}<\/script>\n<!-- \/ Yoast SEO Premium plugin. -->","yoast_head_json":{"title":"New names for Razzlive 17 - Indie\u00f3filo","description":"Kaleo, Saint Etienne or Omar Souleyman, among the ones confirmed for the batch of concerts with which Barcelona's concert hall will celebrate its 17 years.","robots":{"index":"index","follow":"follow","max-snippet":"max-snippet:-1","max-image-preview":"max-image-preview:large","max-video-preview":"max-video-preview:-1"},"canonical":"https:\/\/www.indieofilo.com\/en\/news\/new-names-for-razzlive-17","og_locale":"en_US","og_type":"article","og_title":"New names for Razzlive 17","og_description":"Kaleo, Saint Etienne or Omar Souleyman, among the ones confirmed for the batch of concerts with which Barcelona's concert hall will celebrate its 17 years.","og_url":"https:\/\/www.indieofilo.com\/en\/news\/new-names-for-razzlive-17","og_site_name":"Indie\u00f3filo","article_publisher":"https:\/\/www.facebook.com\/Indieofilo\/","article_published_time":"2017-09-14T16:03:52+00:00","article_modified_time":"2023-09-01T16:16:44+00:00","og_image":[{"width":424,"height":600,"url":"https:\/\/www.indieofilo.com\/wp-content\/uploads\/2017\/09\/razzlive-17-kaleo.jpg","type":"image\/jpeg"}],"author":"Victor","twitter_card":"summary_large_image","twitter_creator":"@indieofilo","twitter_site":"@indieofilo","twitter_misc":{"Written by":"Victor","Est. reading time":"1 minute"},"schema":{"@context":"https:\/\/schema.org","@graph":[{"@type":"Article","@id":"https:\/\/www.indieofilo.com\/en\/news\/new-names-for-razzlive-17#article","isPartOf":{"@id":"https:\/\/www.indieofilo.com\/en\/news\/new-names-for-razzlive-17"},"author":{"name":"Victor","@id":"https:\/\/www.indieofilo.com\/#\/schema\/person\/595334d38590e4ce5a09f83cbf2fca90"},"headline":"New names for Razzlive 17","datePublished":"2017-09-14T16:03:52+00:00","dateModified":"2023-09-01T16:16:44+00:00","mainEntityOfPage":{"@id":"https:\/\/www.indieofilo.com\/en\/news\/new-names-for-razzlive-17"},"wordCount":114,"commentCount":0,"publisher":{"@id":"https:\/\/www.indieofilo.com\/#organization"},"image":{"@id":"https:\/\/www.indieofilo.com\/en\/news\/new-names-for-razzlive-17#primaryimage"},"thumbnailUrl":"https:\/\/www.indieofilo.com\/wp-content\/uploads\/2017\/09\/razzlive-17-kaleo.jpg","keywords":["Barcelona","Kaleo","Miranda!","Omar Souleyman","Razzlive","Razzlive 17","razzmatazz","Saint Etienne","Tiga"],"articleSection":["Live Shows","News"],"inLanguage":"en-US","potentialAction":[{"@type":"CommentAction","name":"Comment","target":["https:\/\/www.indieofilo.com\/en\/news\/new-names-for-razzlive-17#respond"]}]},{"@type":"WebPage","@id":"https:\/\/www.indieofilo.com\/en\/news\/new-names-for-razzlive-17","url":"https:\/\/www.indieofilo.com\/en\/news\/new-names-for-razzlive-17","name":"New names for Razzlive 17 - Indie\u00f3filo","isPartOf":{"@id":"https:\/\/www.indieofilo.com\/#website"},"primaryImageOfPage":{"@id":"https:\/\/www.indieofilo.com\/en\/news\/new-names-for-razzlive-17#primaryimage"},"image":{"@id":"https:\/\/www.indieofilo.com\/en\/news\/new-names-for-razzlive-17#primaryimage"},"thumbnailUrl":"https:\/\/www.indieofilo.com\/wp-content\/uploads\/2017\/09\/razzlive-17-kaleo.jpg","datePublished":"2017-09-14T16:03:52+00:00","dateModified":"2023-09-01T16:16:44+00:00","description":"Kaleo, Saint Etienne or Omar Souleyman, among the ones confirmed for the batch of concerts with which Barcelona's concert hall will celebrate its 17 years.","breadcrumb":{"@id":"https:\/\/www.indieofilo.com\/en\/news\/new-names-for-razzlive-17#breadcrumb"},"inLanguage":"en-US","potentialAction":[{"@type":"ReadAction","target":["https:\/\/www.indieofilo.com\/en\/news\/new-names-for-razzlive-17"]}]},{"@type":"ImageObject","inLanguage":"en-US","@id":"https:\/\/www.indieofilo.com\/en\/news\/new-names-for-razzlive-17#primaryimage","url":"https:\/\/www.indieofilo.com\/wp-content\/uploads\/2017\/09\/razzlive-17-kaleo.jpg","contentUrl":"https:\/\/www.indieofilo.com\/wp-content\/uploads\/2017\/09\/razzlive-17-kaleo.jpg","width":424,"height":600},{"@type":"BreadcrumbList","@id":"https:\/\/www.indieofilo.com\/en\/news\/new-names-for-razzlive-17#breadcrumb","itemListElement":[{"@type":"ListItem","position":1,"name":"Portada","item":"https:\/\/www.indieofilo.com\/en"},{"@type":"ListItem","position":2,"name":"New names for Razzlive 17"}]},{"@type":"WebSite","@id":"https:\/\/www.indieofilo.com\/#website","url":"https:\/\/www.indieofilo.com\/","name":"Indie\u00f3filo","description":"Magazine online de la cultura independiente","publisher":{"@id":"https:\/\/www.indieofilo.com\/#organization"},"potentialAction":[{"@type":"SearchAction","target":{"@type":"EntryPoint","urlTemplate":"https:\/\/www.indieofilo.com\/?s={search_term_string}"},"query-input":{"@type":"PropertyValueSpecification","valueRequired":true,"valueName":"search_term_string"}}],"inLanguage":"en-US"},{"@type":"Organization","@id":"https:\/\/www.indieofilo.com\/#organization","name":"Indie\u00f3filo Web","url":"https:\/\/www.indieofilo.com\/","logo":{"@type":"ImageObject","inLanguage":"en-US","@id":"https:\/\/www.indieofilo.com\/#\/schema\/logo\/image\/","url":"https:\/\/www.indieofilo.com\/wp-content\/uploads\/2015\/02\/logo-alta-resolucion.png","contentUrl":"https:\/\/www.indieofilo.com\/wp-content\/uploads\/2015\/02\/logo-alta-resolucion.png","width":544,"height":185,"caption":"Indie\u00f3filo Web"},"image":{"@id":"https:\/\/www.indieofilo.com\/#\/schema\/logo\/image\/"},"sameAs":["https:\/\/www.facebook.com\/Indieofilo\/","https:\/\/x.com\/indieofilo","https:\/\/www.instagram.com\/indieofilo\/"]},{"@type":"Person","@id":"https:\/\/www.indieofilo.com\/#\/schema\/person\/595334d38590e4ce5a09f83cbf2fca90","name":"Victor","image":{"@type":"ImageObject","inLanguage":"en-US","@id":"https:\/\/www.indieofilo.com\/#\/schema\/person\/image\/","url":"https:\/\/secure.gravatar.com\/avatar\/682b8c6ea3e94b6cffec683b25f1797d?s=96&d=mm&r=g","contentUrl":"https:\/\/secure.gravatar.com\/avatar\/682b8c6ea3e94b6cffec683b25f1797d?s=96&d=mm&r=g","caption":"Victor"},"description":"Fan\u00e1tico de la m\u00fasica desde que mis padres me pon\u00edan a Eydie Gorme y Los Panchos o el Discotuna por la A2. Intent\u00e9 tocar varios instrumentos, pero soy muy torpe con la mano izquierda, as\u00ed que ya sab\u00e9is el resultado final. Fan del britpop, Post-punk, el rugby y el baloncesto...","sameAs":["http:\/\/indieofilo.com"],"url":"https:\/\/www.indieofilo.com\/en\/author\/victor"}]}},"_links":{"self":[{"href":"https:\/\/www.indieofilo.com\/en\/wp-json\/wp\/v2\/posts\/10504","targetHints":{"allow":["GET"]}}],"collection":[{"href":"https:\/\/www.indieofilo.com\/en\/wp-json\/wp\/v2\/posts"}],"about":[{"href":"https:\/\/www.indieofilo.com\/en\/wp-json\/wp\/v2\/types\/post"}],"author":[{"embeddable":true,"href":"https:\/\/www.indieofilo.com\/en\/wp-json\/wp\/v2\/users\/1"}],"replies":[{"embeddable":true,"href":"https:\/\/www.indieofilo.com\/en\/wp-json\/wp\/v2\/comments?post=10504"}],"version-history":[{"count":0,"href":"https:\/\/www.indieofilo.com\/en\/wp-json\/wp\/v2\/posts\/10504\/revisions"}],"wp:featuredmedia":[{"embeddable":true,"href":"https:\/\/www.indieofilo.com\/en\/wp-json\/wp\/v2\/media\/21463"}],"wp:attachment":[{"href":"https:\/\/www.indieofilo.com\/en\/wp-json\/wp\/v2\/media?parent=10504"}],"wp:term":[{"taxonomy":"category","embeddable":true,"href":"https:\/\/www.indieofilo.com\/en\/wp-json\/wp\/v2\/categories?post=10504"},{"taxonomy":"post_tag","embeddable":true,"href":"https:\/\/www.indieofilo.com\/en\/wp-json\/wp\/v2\/tags?post=10504"}],"curies":[{"name":"wp","href":"https:\/\/api.w.org\/{rel}","templated":true}]}}