{"id":10483,"date":"2017-09-11T20:22:56","date_gmt":"2017-09-11T18:22:56","guid":{"rendered":"http:\/\/indieofilo.com\/?p=10483"},"modified":"2023-09-01T18:20:17","modified_gmt":"2023-09-01T16:20:17","slug":"wolf-alice-announced-european-tour-dates-for-2018","status":"publish","type":"post","link":"https:\/\/www.indieofilo.com\/en\/news\/wolf-alice-announced-european-tour-dates-for-2018","title":{"rendered":"Wolf Alice announced European tour dates for 2018"},"content":{"rendered":"<p style=\"text-align: justify;\">\n\t<img fetchpriority=\"high\" decoding=\"async\" alt=\"Wolf Alice European Tour 2018\" class=\"aligncenter size-full wp-image-10484\" height=\"600\" src=\"http:\/\/indieofilo.com\/wp-content\/uploads\/2017\/09\/wolf-alice-european-tour-2018.jpg\" width=\"424\" srcset=\"https:\/\/www.indieofilo.com\/wp-content\/uploads\/2017\/09\/wolf-alice-european-tour-2018.jpg 424w, https:\/\/www.indieofilo.com\/wp-content\/uploads\/2017\/09\/wolf-alice-european-tour-2018-212x300.jpg 212w\" sizes=\"(max-width: 424px) 100vw, 424px\" \/><\/p>\n<p style=\"text-align: justify;\">\n\tEnglish band <strong>Wolf Alice<\/strong> have just confirmed the dates of their European tour for 2018. <strong>Wolf Alice<\/strong> will start this tour that will take them for up to 11 countries on January 4 at La Riviera in Madrid and will finish it more than 2 weeks later at John Dee Hall in Oslo. The London band led by <strong>Ellie Rowsell<\/strong> will return to stages to premiere their second album <em>Visions Of A Life<\/em> (2017), which will go on sale later this month of September through Dirty Hit and that will be their consolidation album after the powerful&nbsp;<em>My Love Is Cool<\/em> (2015).<\/p>\n<p style=\"text-align: justify;\">\n\tTickets to enjoy live Wolf Alice in Barcelona and Madrid will go on sale this Wednesday, September 13 at 10:00 am through <a href=\"http:\/\/www.livenation.es\" target=\"_blank\" rel=\"noopener\">www.livenation.es<\/a>&nbsp;and&nbsp;<a href=\"http:\/\/www.ticketmaster.es\" target=\"_blank\" rel=\"noopener\">www.ticketmaster.es<\/a> &nbsp;with a price of &euro;22 + fees.<\/p>\n<p style=\"text-align: center;\">\n\t<u><strong>Wolf Alice European tour dates 2018<\/strong><\/u><\/p>\n<p style=\"text-align: center;\">\n\tJan 04 &#8211; La Riviera, Madrid, Spain&nbsp;<br \/>\nJan 05 &#8211; Apolo, Barcelona, Spain&nbsp;<br \/>\nJan 08 &#8211; Ninkasi Kao, Lyon, France<br \/>\nJan 09 &#8211; Zoom, Frankfurt, Germany<br \/>\nJan 10 &#8211; Ampere, Munich, Germany&nbsp;<br \/>\nJan 12 &#8211; Plaza, Zurich, Switzerland<br \/>\nJan 13 &#8211; Santeria Social Club, Milan, Italy<br \/>\nJan 14 &#8211; Arena, Vienna, Austria&nbsp;<br \/>\nJan 16 &#8211; Roxy, Prague, Czech Republic&nbsp;<br \/>\nJan 17 &#8211; Hybrydy, Warsaw, Poland&nbsp;<br \/>\nJan 19 &#8211; Vega Jr, Copenhagen, Denmark<br \/>\nJan 20 &#8211; Debaser Strand, Stockholm,Sweden&nbsp;<br \/>\nJan 21 &#8211; John Dee, Oslo, Norway<\/p>\n","protected":false},"excerpt":{"rendered":"<p>English band Wolf Alice have just confirmed the dates of their European tour for 2018. Wolf Alice will start this tour that will take them for up to 11 countries on January 4 at La Riviera in Madrid and will finish it more than 2 weeks later at John Dee Hall in Oslo. The London [&hellip;]<\/p>\n","protected":false},"author":1,"featured_media":21458,"comment_status":"open","ping_status":"closed","sticky":false,"template":"","format":"standard","meta":{"footnotes":""},"categories":[41,8],"tags":[4961,5229],"class_list":["post-10483","post","type-post","status-publish","format-standard","has-post-thumbnail","hentry","category-live-shows","category-news","tag-barcelona-en","tag-wolf-alice-en"],"yoast_head":"<!-- This site is optimized with the Yoast SEO Premium plugin v23.9 (Yoast SEO v26.6) - https:\/\/yoast.com\/wordpress\/plugins\/seo\/ -->\n<title>Wolf Alice announced European tour dates for 2018 - Indie\u00f3filo<\/title>\n<meta name=\"description\" content=\"Wolf Alice will start this tour on January 4 at La Riviera in Madrid and will finish it more than 2 weeks later at John Dee Hall in Oslo.\" \/>\n<meta name=\"robots\" content=\"index, follow, max-snippet:-1, max-image-preview:large, max-video-preview:-1\" \/>\n<link rel=\"canonical\" href=\"https:\/\/www.indieofilo.com\/en\/news\/wolf-alice-announced-european-tour-dates-for-2018\" \/>\n<meta property=\"og:locale\" content=\"en_US\" \/>\n<meta property=\"og:type\" content=\"article\" \/>\n<meta property=\"og:title\" content=\"Wolf Alice announced European tour dates for 2018\" \/>\n<meta property=\"og:description\" content=\"Wolf Alice will start this tour on January 4 at La Riviera in Madrid and will finish it more than 2 weeks later at John Dee Hall in Oslo.\" \/>\n<meta property=\"og:url\" content=\"https:\/\/www.indieofilo.com\/en\/news\/wolf-alice-announced-european-tour-dates-for-2018\" \/>\n<meta property=\"og:site_name\" content=\"Indie\u00f3filo\" \/>\n<meta property=\"article:publisher\" content=\"https:\/\/www.facebook.com\/Indieofilo\/\" \/>\n<meta property=\"article:published_time\" content=\"2017-09-11T18:22:56+00:00\" \/>\n<meta property=\"article:modified_time\" content=\"2023-09-01T16:20:17+00:00\" \/>\n<meta property=\"og:image\" content=\"https:\/\/www.indieofilo.com\/wp-content\/uploads\/2017\/09\/Wolf_Alice_espana_2018.jpg\" \/>\n\t<meta property=\"og:image:width\" content=\"424\" \/>\n\t<meta property=\"og:image:height\" content=\"600\" \/>\n\t<meta property=\"og:image:type\" content=\"image\/jpeg\" \/>\n<meta name=\"author\" content=\"Victor\" \/>\n<meta name=\"twitter:card\" content=\"summary_large_image\" \/>\n<meta name=\"twitter:creator\" content=\"@indieofilo\" \/>\n<meta name=\"twitter:site\" content=\"@indieofilo\" \/>\n<meta name=\"twitter:label1\" content=\"Written by\" \/>\n\t<meta name=\"twitter:data1\" content=\"Victor\" \/>\n\t<meta name=\"twitter:label2\" content=\"Est. reading time\" \/>\n\t<meta name=\"twitter:data2\" content=\"2 minutes\" \/>\n<script type=\"application\/ld+json\" class=\"yoast-schema-graph\">{\"@context\":\"https:\/\/schema.org\",\"@graph\":[{\"@type\":\"Article\",\"@id\":\"https:\/\/www.indieofilo.com\/en\/news\/wolf-alice-announced-european-tour-dates-for-2018#article\",\"isPartOf\":{\"@id\":\"https:\/\/www.indieofilo.com\/en\/news\/wolf-alice-announced-european-tour-dates-for-2018\"},\"author\":{\"name\":\"Victor\",\"@id\":\"https:\/\/www.indieofilo.com\/#\/schema\/person\/595334d38590e4ce5a09f83cbf2fca90\"},\"headline\":\"Wolf Alice announced European tour dates for 2018\",\"datePublished\":\"2017-09-11T18:22:56+00:00\",\"dateModified\":\"2023-09-01T16:20:17+00:00\",\"mainEntityOfPage\":{\"@id\":\"https:\/\/www.indieofilo.com\/en\/news\/wolf-alice-announced-european-tour-dates-for-2018\"},\"wordCount\":225,\"commentCount\":0,\"publisher\":{\"@id\":\"https:\/\/www.indieofilo.com\/#organization\"},\"image\":{\"@id\":\"https:\/\/www.indieofilo.com\/en\/news\/wolf-alice-announced-european-tour-dates-for-2018#primaryimage\"},\"thumbnailUrl\":\"https:\/\/www.indieofilo.com\/wp-content\/uploads\/2017\/09\/Wolf_Alice_espana_2018.jpg\",\"keywords\":[\"Barcelona\",\"Wolf Alice\"],\"articleSection\":[\"Live Shows\",\"News\"],\"inLanguage\":\"en-US\",\"potentialAction\":[{\"@type\":\"CommentAction\",\"name\":\"Comment\",\"target\":[\"https:\/\/www.indieofilo.com\/en\/news\/wolf-alice-announced-european-tour-dates-for-2018#respond\"]}]},{\"@type\":\"WebPage\",\"@id\":\"https:\/\/www.indieofilo.com\/en\/news\/wolf-alice-announced-european-tour-dates-for-2018\",\"url\":\"https:\/\/www.indieofilo.com\/en\/news\/wolf-alice-announced-european-tour-dates-for-2018\",\"name\":\"Wolf Alice announced European tour dates for 2018 - Indie\u00f3filo\",\"isPartOf\":{\"@id\":\"https:\/\/www.indieofilo.com\/#website\"},\"primaryImageOfPage\":{\"@id\":\"https:\/\/www.indieofilo.com\/en\/news\/wolf-alice-announced-european-tour-dates-for-2018#primaryimage\"},\"image\":{\"@id\":\"https:\/\/www.indieofilo.com\/en\/news\/wolf-alice-announced-european-tour-dates-for-2018#primaryimage\"},\"thumbnailUrl\":\"https:\/\/www.indieofilo.com\/wp-content\/uploads\/2017\/09\/Wolf_Alice_espana_2018.jpg\",\"datePublished\":\"2017-09-11T18:22:56+00:00\",\"dateModified\":\"2023-09-01T16:20:17+00:00\",\"description\":\"Wolf Alice will start this tour on January 4 at La Riviera in Madrid and will finish it more than 2 weeks later at John Dee Hall in Oslo.\",\"breadcrumb\":{\"@id\":\"https:\/\/www.indieofilo.com\/en\/news\/wolf-alice-announced-european-tour-dates-for-2018#breadcrumb\"},\"inLanguage\":\"en-US\",\"potentialAction\":[{\"@type\":\"ReadAction\",\"target\":[\"https:\/\/www.indieofilo.com\/en\/news\/wolf-alice-announced-european-tour-dates-for-2018\"]}]},{\"@type\":\"ImageObject\",\"inLanguage\":\"en-US\",\"@id\":\"https:\/\/www.indieofilo.com\/en\/news\/wolf-alice-announced-european-tour-dates-for-2018#primaryimage\",\"url\":\"https:\/\/www.indieofilo.com\/wp-content\/uploads\/2017\/09\/Wolf_Alice_espana_2018.jpg\",\"contentUrl\":\"https:\/\/www.indieofilo.com\/wp-content\/uploads\/2017\/09\/Wolf_Alice_espana_2018.jpg\",\"width\":424,\"height\":600},{\"@type\":\"BreadcrumbList\",\"@id\":\"https:\/\/www.indieofilo.com\/en\/news\/wolf-alice-announced-european-tour-dates-for-2018#breadcrumb\",\"itemListElement\":[{\"@type\":\"ListItem\",\"position\":1,\"name\":\"Portada\",\"item\":\"https:\/\/www.indieofilo.com\/en\"},{\"@type\":\"ListItem\",\"position\":2,\"name\":\"Wolf Alice announced European tour dates for 2018\"}]},{\"@type\":\"WebSite\",\"@id\":\"https:\/\/www.indieofilo.com\/#website\",\"url\":\"https:\/\/www.indieofilo.com\/\",\"name\":\"Indie\u00f3filo\",\"description\":\"Magazine online de la cultura independiente\",\"publisher\":{\"@id\":\"https:\/\/www.indieofilo.com\/#organization\"},\"potentialAction\":[{\"@type\":\"SearchAction\",\"target\":{\"@type\":\"EntryPoint\",\"urlTemplate\":\"https:\/\/www.indieofilo.com\/?s={search_term_string}\"},\"query-input\":{\"@type\":\"PropertyValueSpecification\",\"valueRequired\":true,\"valueName\":\"search_term_string\"}}],\"inLanguage\":\"en-US\"},{\"@type\":\"Organization\",\"@id\":\"https:\/\/www.indieofilo.com\/#organization\",\"name\":\"Indie\u00f3filo Web\",\"url\":\"https:\/\/www.indieofilo.com\/\",\"logo\":{\"@type\":\"ImageObject\",\"inLanguage\":\"en-US\",\"@id\":\"https:\/\/www.indieofilo.com\/#\/schema\/logo\/image\/\",\"url\":\"https:\/\/www.indieofilo.com\/wp-content\/uploads\/2015\/02\/logo-alta-resolucion.png\",\"contentUrl\":\"https:\/\/www.indieofilo.com\/wp-content\/uploads\/2015\/02\/logo-alta-resolucion.png\",\"width\":544,\"height\":185,\"caption\":\"Indie\u00f3filo Web\"},\"image\":{\"@id\":\"https:\/\/www.indieofilo.com\/#\/schema\/logo\/image\/\"},\"sameAs\":[\"https:\/\/www.facebook.com\/Indieofilo\/\",\"https:\/\/x.com\/indieofilo\",\"https:\/\/www.instagram.com\/indieofilo\/\"]},{\"@type\":\"Person\",\"@id\":\"https:\/\/www.indieofilo.com\/#\/schema\/person\/595334d38590e4ce5a09f83cbf2fca90\",\"name\":\"Victor\",\"image\":{\"@type\":\"ImageObject\",\"inLanguage\":\"en-US\",\"@id\":\"https:\/\/www.indieofilo.com\/#\/schema\/person\/image\/\",\"url\":\"https:\/\/secure.gravatar.com\/avatar\/682b8c6ea3e94b6cffec683b25f1797d?s=96&d=mm&r=g\",\"contentUrl\":\"https:\/\/secure.gravatar.com\/avatar\/682b8c6ea3e94b6cffec683b25f1797d?s=96&d=mm&r=g\",\"caption\":\"Victor\"},\"description\":\"Fan\u00e1tico de la m\u00fasica desde que mis padres me pon\u00edan a Eydie Gorme y Los Panchos o el Discotuna por la A2. Intent\u00e9 tocar varios instrumentos, pero soy muy torpe con la mano izquierda, as\u00ed que ya sab\u00e9is el resultado final. Fan del britpop, Post-punk, el rugby y el baloncesto...\",\"sameAs\":[\"http:\/\/indieofilo.com\"],\"url\":\"https:\/\/www.indieofilo.com\/en\/author\/victor\"}]}<\/script>\n<!-- \/ Yoast SEO Premium plugin. -->","yoast_head_json":{"title":"Wolf Alice announced European tour dates for 2018 - Indie\u00f3filo","description":"Wolf Alice will start this tour on January 4 at La Riviera in Madrid and will finish it more than 2 weeks later at John Dee Hall in Oslo.","robots":{"index":"index","follow":"follow","max-snippet":"max-snippet:-1","max-image-preview":"max-image-preview:large","max-video-preview":"max-video-preview:-1"},"canonical":"https:\/\/www.indieofilo.com\/en\/news\/wolf-alice-announced-european-tour-dates-for-2018","og_locale":"en_US","og_type":"article","og_title":"Wolf Alice announced European tour dates for 2018","og_description":"Wolf Alice will start this tour on January 4 at La Riviera in Madrid and will finish it more than 2 weeks later at John Dee Hall in Oslo.","og_url":"https:\/\/www.indieofilo.com\/en\/news\/wolf-alice-announced-european-tour-dates-for-2018","og_site_name":"Indie\u00f3filo","article_publisher":"https:\/\/www.facebook.com\/Indieofilo\/","article_published_time":"2017-09-11T18:22:56+00:00","article_modified_time":"2023-09-01T16:20:17+00:00","og_image":[{"width":424,"height":600,"url":"https:\/\/www.indieofilo.com\/wp-content\/uploads\/2017\/09\/Wolf_Alice_espana_2018.jpg","type":"image\/jpeg"}],"author":"Victor","twitter_card":"summary_large_image","twitter_creator":"@indieofilo","twitter_site":"@indieofilo","twitter_misc":{"Written by":"Victor","Est. reading time":"2 minutes"},"schema":{"@context":"https:\/\/schema.org","@graph":[{"@type":"Article","@id":"https:\/\/www.indieofilo.com\/en\/news\/wolf-alice-announced-european-tour-dates-for-2018#article","isPartOf":{"@id":"https:\/\/www.indieofilo.com\/en\/news\/wolf-alice-announced-european-tour-dates-for-2018"},"author":{"name":"Victor","@id":"https:\/\/www.indieofilo.com\/#\/schema\/person\/595334d38590e4ce5a09f83cbf2fca90"},"headline":"Wolf Alice announced European tour dates for 2018","datePublished":"2017-09-11T18:22:56+00:00","dateModified":"2023-09-01T16:20:17+00:00","mainEntityOfPage":{"@id":"https:\/\/www.indieofilo.com\/en\/news\/wolf-alice-announced-european-tour-dates-for-2018"},"wordCount":225,"commentCount":0,"publisher":{"@id":"https:\/\/www.indieofilo.com\/#organization"},"image":{"@id":"https:\/\/www.indieofilo.com\/en\/news\/wolf-alice-announced-european-tour-dates-for-2018#primaryimage"},"thumbnailUrl":"https:\/\/www.indieofilo.com\/wp-content\/uploads\/2017\/09\/Wolf_Alice_espana_2018.jpg","keywords":["Barcelona","Wolf Alice"],"articleSection":["Live Shows","News"],"inLanguage":"en-US","potentialAction":[{"@type":"CommentAction","name":"Comment","target":["https:\/\/www.indieofilo.com\/en\/news\/wolf-alice-announced-european-tour-dates-for-2018#respond"]}]},{"@type":"WebPage","@id":"https:\/\/www.indieofilo.com\/en\/news\/wolf-alice-announced-european-tour-dates-for-2018","url":"https:\/\/www.indieofilo.com\/en\/news\/wolf-alice-announced-european-tour-dates-for-2018","name":"Wolf Alice announced European tour dates for 2018 - Indie\u00f3filo","isPartOf":{"@id":"https:\/\/www.indieofilo.com\/#website"},"primaryImageOfPage":{"@id":"https:\/\/www.indieofilo.com\/en\/news\/wolf-alice-announced-european-tour-dates-for-2018#primaryimage"},"image":{"@id":"https:\/\/www.indieofilo.com\/en\/news\/wolf-alice-announced-european-tour-dates-for-2018#primaryimage"},"thumbnailUrl":"https:\/\/www.indieofilo.com\/wp-content\/uploads\/2017\/09\/Wolf_Alice_espana_2018.jpg","datePublished":"2017-09-11T18:22:56+00:00","dateModified":"2023-09-01T16:20:17+00:00","description":"Wolf Alice will start this tour on January 4 at La Riviera in Madrid and will finish it more than 2 weeks later at John Dee Hall in Oslo.","breadcrumb":{"@id":"https:\/\/www.indieofilo.com\/en\/news\/wolf-alice-announced-european-tour-dates-for-2018#breadcrumb"},"inLanguage":"en-US","potentialAction":[{"@type":"ReadAction","target":["https:\/\/www.indieofilo.com\/en\/news\/wolf-alice-announced-european-tour-dates-for-2018"]}]},{"@type":"ImageObject","inLanguage":"en-US","@id":"https:\/\/www.indieofilo.com\/en\/news\/wolf-alice-announced-european-tour-dates-for-2018#primaryimage","url":"https:\/\/www.indieofilo.com\/wp-content\/uploads\/2017\/09\/Wolf_Alice_espana_2018.jpg","contentUrl":"https:\/\/www.indieofilo.com\/wp-content\/uploads\/2017\/09\/Wolf_Alice_espana_2018.jpg","width":424,"height":600},{"@type":"BreadcrumbList","@id":"https:\/\/www.indieofilo.com\/en\/news\/wolf-alice-announced-european-tour-dates-for-2018#breadcrumb","itemListElement":[{"@type":"ListItem","position":1,"name":"Portada","item":"https:\/\/www.indieofilo.com\/en"},{"@type":"ListItem","position":2,"name":"Wolf Alice announced European tour dates for 2018"}]},{"@type":"WebSite","@id":"https:\/\/www.indieofilo.com\/#website","url":"https:\/\/www.indieofilo.com\/","name":"Indie\u00f3filo","description":"Magazine online de la cultura independiente","publisher":{"@id":"https:\/\/www.indieofilo.com\/#organization"},"potentialAction":[{"@type":"SearchAction","target":{"@type":"EntryPoint","urlTemplate":"https:\/\/www.indieofilo.com\/?s={search_term_string}"},"query-input":{"@type":"PropertyValueSpecification","valueRequired":true,"valueName":"search_term_string"}}],"inLanguage":"en-US"},{"@type":"Organization","@id":"https:\/\/www.indieofilo.com\/#organization","name":"Indie\u00f3filo Web","url":"https:\/\/www.indieofilo.com\/","logo":{"@type":"ImageObject","inLanguage":"en-US","@id":"https:\/\/www.indieofilo.com\/#\/schema\/logo\/image\/","url":"https:\/\/www.indieofilo.com\/wp-content\/uploads\/2015\/02\/logo-alta-resolucion.png","contentUrl":"https:\/\/www.indieofilo.com\/wp-content\/uploads\/2015\/02\/logo-alta-resolucion.png","width":544,"height":185,"caption":"Indie\u00f3filo Web"},"image":{"@id":"https:\/\/www.indieofilo.com\/#\/schema\/logo\/image\/"},"sameAs":["https:\/\/www.facebook.com\/Indieofilo\/","https:\/\/x.com\/indieofilo","https:\/\/www.instagram.com\/indieofilo\/"]},{"@type":"Person","@id":"https:\/\/www.indieofilo.com\/#\/schema\/person\/595334d38590e4ce5a09f83cbf2fca90","name":"Victor","image":{"@type":"ImageObject","inLanguage":"en-US","@id":"https:\/\/www.indieofilo.com\/#\/schema\/person\/image\/","url":"https:\/\/secure.gravatar.com\/avatar\/682b8c6ea3e94b6cffec683b25f1797d?s=96&d=mm&r=g","contentUrl":"https:\/\/secure.gravatar.com\/avatar\/682b8c6ea3e94b6cffec683b25f1797d?s=96&d=mm&r=g","caption":"Victor"},"description":"Fan\u00e1tico de la m\u00fasica desde que mis padres me pon\u00edan a Eydie Gorme y Los Panchos o el Discotuna por la A2. Intent\u00e9 tocar varios instrumentos, pero soy muy torpe con la mano izquierda, as\u00ed que ya sab\u00e9is el resultado final. Fan del britpop, Post-punk, el rugby y el baloncesto...","sameAs":["http:\/\/indieofilo.com"],"url":"https:\/\/www.indieofilo.com\/en\/author\/victor"}]}},"_links":{"self":[{"href":"https:\/\/www.indieofilo.com\/en\/wp-json\/wp\/v2\/posts\/10483","targetHints":{"allow":["GET"]}}],"collection":[{"href":"https:\/\/www.indieofilo.com\/en\/wp-json\/wp\/v2\/posts"}],"about":[{"href":"https:\/\/www.indieofilo.com\/en\/wp-json\/wp\/v2\/types\/post"}],"author":[{"embeddable":true,"href":"https:\/\/www.indieofilo.com\/en\/wp-json\/wp\/v2\/users\/1"}],"replies":[{"embeddable":true,"href":"https:\/\/www.indieofilo.com\/en\/wp-json\/wp\/v2\/comments?post=10483"}],"version-history":[{"count":0,"href":"https:\/\/www.indieofilo.com\/en\/wp-json\/wp\/v2\/posts\/10483\/revisions"}],"wp:featuredmedia":[{"embeddable":true,"href":"https:\/\/www.indieofilo.com\/en\/wp-json\/wp\/v2\/media\/21458"}],"wp:attachment":[{"href":"https:\/\/www.indieofilo.com\/en\/wp-json\/wp\/v2\/media?parent=10483"}],"wp:term":[{"taxonomy":"category","embeddable":true,"href":"https:\/\/www.indieofilo.com\/en\/wp-json\/wp\/v2\/categories?post=10483"},{"taxonomy":"post_tag","embeddable":true,"href":"https:\/\/www.indieofilo.com\/en\/wp-json\/wp\/v2\/tags?post=10483"}],"curies":[{"name":"wp","href":"https:\/\/api.w.org\/{rel}","templated":true}]}}