{"id":10476,"date":"2017-09-12T18:22:18","date_gmt":"2017-09-12T16:22:18","guid":{"rendered":"http:\/\/indieofilo.com\/?p=10476"},"modified":"2023-09-01T18:18:29","modified_gmt":"2023-09-01T16:18:29","slug":"amsterdam-paris-and-barcelona-new-dates-for-paramores-tour-three","status":"publish","type":"post","link":"https:\/\/www.indieofilo.com\/en\/news\/amsterdam-paris-and-barcelona-new-dates-for-paramores-tour-three","title":{"rendered":"Amsterdam, Paris and Barcelona, new dates for Paramore&#8217;s Tour Three"},"content":{"rendered":"<p style=\"text-align: justify;\">\n\t<img fetchpriority=\"high\" decoding=\"async\" alt=\"Paramore tour three\" class=\"aligncenter size-full wp-image-10478\" height=\"600\" src=\"http:\/\/indieofilo.com\/wp-content\/uploads\/2017\/09\/paramore_tour_three.jpg\" width=\"450\" srcset=\"https:\/\/www.indieofilo.com\/wp-content\/uploads\/2017\/09\/paramore_tour_three.jpg 450w, https:\/\/www.indieofilo.com\/wp-content\/uploads\/2017\/09\/paramore_tour_three-225x300.jpg 225w\" sizes=\"(max-width: 450px) 100vw, 450px\" \/><br \/>\nAmericans <strong>Paramore<\/strong> have just announced that <strong>they will add three new concerts to the European Tour that they will gave in January 2018<\/strong>. The band <strong>has included Barcelona, Paris and Amsterdam&nbsp;to Tour Three,<\/strong> in what will be the first visit to the Catalan city and also the first one in Spain since 2011. The trio led by the charismatic <strong>Hayley Williams<\/strong> will present their new album <em>After Laughter<\/em> (2017), fifth of their career, published last May and in which the band from Franklin (Tennessee) seems to have turned to sounds closer to pop as their singles &quot;<em>Hard Times<\/em>&quot; or &quot;<em>Forgiveness<\/em>&quot; show.<\/p>\n<p style=\"text-align: justify;\">\n\tTickets for Barcelona&#39;s concert will be priced at 30 + management fees and will be available from 14 September at 10:00 am on <a href=\"http:\/\/Livenation.es\" target=\"_blank\" rel=\"noopener\">Livenation.es<\/a>, while the general sale will be on September 15 at 10:00 am on the same Website, <a href=\"http:\/\/ticketmaster.es\" target=\"_blank\" rel=\"noopener\">ticketmaster.es<\/a> and ticketmaster network: FNAC, Carrefour and Halc&oacute;n Viajes.<\/p>\n<p style=\"text-align: center;\">\n\t<u><strong>Tour Three Paramore<\/strong><\/u><\/p>\n<p style=\"text-align: center;\">\n\tJanuary 7 &#8211; Barcelona, ES @ Sant Jordi Club<br \/>\nJanuary 9 &#8211; Paris, FR @ Olympia<br \/>\nJanuary 11 &#8211; Cardiff, UK @ Motorpoint Arena (SOLD OUT)<br \/>\nJanuary 12 &#8211; London, UK @ The O2<br \/>\nJanuary 14 &#8211; Birmingham, UK @ Genting Arena<br \/>\nJanuary 16 &#8211; Amsterdam, NL @ AFAS Live<br \/>\nJanuary 19 &#8211; Manchester, UK @ Arena<br \/>\nJanuary 20 &#8211; Glasgow, UK @ SSE Hydro Glasgow<\/p>\n","protected":false},"excerpt":{"rendered":"<p>Americans Paramore have just announced that they will add three new concerts to the European Tour that they will gave in January 2018. The band has included Barcelona, Paris and Amsterdam&nbsp;to Tour Three, in what will be the first visit to the Catalan city and also the first one in Spain since 2011. The trio [&hellip;]<\/p>\n","protected":false},"author":1,"featured_media":21456,"comment_status":"open","ping_status":"closed","sticky":false,"template":"","format":"standard","meta":{"footnotes":""},"categories":[41,8],"tags":[4961,5237],"class_list":["post-10476","post","type-post","status-publish","format-standard","has-post-thumbnail","hentry","category-live-shows","category-news","tag-barcelona-en","tag-paramore-en"],"yoast_head":"<!-- This site is optimized with the Yoast SEO Premium plugin v23.9 (Yoast SEO v26.6) - https:\/\/yoast.com\/wordpress\/plugins\/seo\/ -->\n<title>Amsterdam, Paris and Barcelona, new dates for Paramore&#039;s Tour Three - Indie\u00f3filo<\/title>\n<meta name=\"description\" content=\"Americans Paramore have just announced that they will add three new concerts to the European Tour &quot;Tour Three&quot; that they will gave in January 2018.\" \/>\n<meta name=\"robots\" content=\"index, follow, max-snippet:-1, max-image-preview:large, max-video-preview:-1\" \/>\n<link rel=\"canonical\" href=\"https:\/\/www.indieofilo.com\/en\/news\/amsterdam-paris-and-barcelona-new-dates-for-paramores-tour-three\" \/>\n<meta property=\"og:locale\" content=\"en_US\" \/>\n<meta property=\"og:type\" content=\"article\" \/>\n<meta property=\"og:title\" content=\"Amsterdam, Paris and Barcelona, new dates for Paramore&#039;s Tour Three\" \/>\n<meta property=\"og:description\" content=\"Americans Paramore have just announced that they will add three new concerts to the European Tour &quot;Tour Three&quot; that they will gave in January 2018.\" \/>\n<meta property=\"og:url\" content=\"https:\/\/www.indieofilo.com\/en\/news\/amsterdam-paris-and-barcelona-new-dates-for-paramores-tour-three\" \/>\n<meta property=\"og:site_name\" content=\"Indie\u00f3filo\" \/>\n<meta property=\"article:publisher\" content=\"https:\/\/www.facebook.com\/Indieofilo\/\" \/>\n<meta property=\"article:published_time\" content=\"2017-09-12T16:22:18+00:00\" \/>\n<meta property=\"article:modified_time\" content=\"2023-09-01T16:18:29+00:00\" \/>\n<meta property=\"og:image\" content=\"https:\/\/www.indieofilo.com\/wp-content\/uploads\/2017\/09\/paramore-barcelona-2018.jpg\" \/>\n\t<meta property=\"og:image:width\" content=\"424\" \/>\n\t<meta property=\"og:image:height\" content=\"600\" \/>\n\t<meta property=\"og:image:type\" content=\"image\/jpeg\" \/>\n<meta name=\"author\" content=\"Victor\" \/>\n<meta name=\"twitter:card\" content=\"summary_large_image\" \/>\n<meta name=\"twitter:creator\" content=\"@indieofilo\" \/>\n<meta name=\"twitter:site\" content=\"@indieofilo\" \/>\n<meta name=\"twitter:label1\" content=\"Written by\" \/>\n\t<meta name=\"twitter:data1\" content=\"Victor\" \/>\n\t<meta name=\"twitter:label2\" content=\"Est. reading time\" \/>\n\t<meta name=\"twitter:data2\" content=\"2 minutes\" \/>\n<script type=\"application\/ld+json\" class=\"yoast-schema-graph\">{\"@context\":\"https:\/\/schema.org\",\"@graph\":[{\"@type\":\"Article\",\"@id\":\"https:\/\/www.indieofilo.com\/en\/news\/amsterdam-paris-and-barcelona-new-dates-for-paramores-tour-three#article\",\"isPartOf\":{\"@id\":\"https:\/\/www.indieofilo.com\/en\/news\/amsterdam-paris-and-barcelona-new-dates-for-paramores-tour-three\"},\"author\":{\"name\":\"Victor\",\"@id\":\"https:\/\/www.indieofilo.com\/#\/schema\/person\/595334d38590e4ce5a09f83cbf2fca90\"},\"headline\":\"Amsterdam, Paris and Barcelona, new dates for Paramore&#8217;s Tour Three\",\"datePublished\":\"2017-09-12T16:22:18+00:00\",\"dateModified\":\"2023-09-01T16:18:29+00:00\",\"mainEntityOfPage\":{\"@id\":\"https:\/\/www.indieofilo.com\/en\/news\/amsterdam-paris-and-barcelona-new-dates-for-paramores-tour-three\"},\"wordCount\":215,\"commentCount\":0,\"publisher\":{\"@id\":\"https:\/\/www.indieofilo.com\/#organization\"},\"image\":{\"@id\":\"https:\/\/www.indieofilo.com\/en\/news\/amsterdam-paris-and-barcelona-new-dates-for-paramores-tour-three#primaryimage\"},\"thumbnailUrl\":\"https:\/\/www.indieofilo.com\/wp-content\/uploads\/2017\/09\/paramore-barcelona-2018.jpg\",\"keywords\":[\"Barcelona\",\"Paramore\"],\"articleSection\":[\"Live Shows\",\"News\"],\"inLanguage\":\"en-US\",\"potentialAction\":[{\"@type\":\"CommentAction\",\"name\":\"Comment\",\"target\":[\"https:\/\/www.indieofilo.com\/en\/news\/amsterdam-paris-and-barcelona-new-dates-for-paramores-tour-three#respond\"]}]},{\"@type\":\"WebPage\",\"@id\":\"https:\/\/www.indieofilo.com\/en\/news\/amsterdam-paris-and-barcelona-new-dates-for-paramores-tour-three\",\"url\":\"https:\/\/www.indieofilo.com\/en\/news\/amsterdam-paris-and-barcelona-new-dates-for-paramores-tour-three\",\"name\":\"Amsterdam, Paris and Barcelona, new dates for Paramore's Tour Three - Indie\u00f3filo\",\"isPartOf\":{\"@id\":\"https:\/\/www.indieofilo.com\/#website\"},\"primaryImageOfPage\":{\"@id\":\"https:\/\/www.indieofilo.com\/en\/news\/amsterdam-paris-and-barcelona-new-dates-for-paramores-tour-three#primaryimage\"},\"image\":{\"@id\":\"https:\/\/www.indieofilo.com\/en\/news\/amsterdam-paris-and-barcelona-new-dates-for-paramores-tour-three#primaryimage\"},\"thumbnailUrl\":\"https:\/\/www.indieofilo.com\/wp-content\/uploads\/2017\/09\/paramore-barcelona-2018.jpg\",\"datePublished\":\"2017-09-12T16:22:18+00:00\",\"dateModified\":\"2023-09-01T16:18:29+00:00\",\"description\":\"Americans Paramore have just announced that they will add three new concerts to the European Tour \\\"Tour Three\\\" that they will gave in January 2018.\",\"breadcrumb\":{\"@id\":\"https:\/\/www.indieofilo.com\/en\/news\/amsterdam-paris-and-barcelona-new-dates-for-paramores-tour-three#breadcrumb\"},\"inLanguage\":\"en-US\",\"potentialAction\":[{\"@type\":\"ReadAction\",\"target\":[\"https:\/\/www.indieofilo.com\/en\/news\/amsterdam-paris-and-barcelona-new-dates-for-paramores-tour-three\"]}]},{\"@type\":\"ImageObject\",\"inLanguage\":\"en-US\",\"@id\":\"https:\/\/www.indieofilo.com\/en\/news\/amsterdam-paris-and-barcelona-new-dates-for-paramores-tour-three#primaryimage\",\"url\":\"https:\/\/www.indieofilo.com\/wp-content\/uploads\/2017\/09\/paramore-barcelona-2018.jpg\",\"contentUrl\":\"https:\/\/www.indieofilo.com\/wp-content\/uploads\/2017\/09\/paramore-barcelona-2018.jpg\",\"width\":424,\"height\":600},{\"@type\":\"BreadcrumbList\",\"@id\":\"https:\/\/www.indieofilo.com\/en\/news\/amsterdam-paris-and-barcelona-new-dates-for-paramores-tour-three#breadcrumb\",\"itemListElement\":[{\"@type\":\"ListItem\",\"position\":1,\"name\":\"Portada\",\"item\":\"https:\/\/www.indieofilo.com\/en\"},{\"@type\":\"ListItem\",\"position\":2,\"name\":\"Amsterdam, Paris and Barcelona, new dates for Paramore&#8217;s Tour Three\"}]},{\"@type\":\"WebSite\",\"@id\":\"https:\/\/www.indieofilo.com\/#website\",\"url\":\"https:\/\/www.indieofilo.com\/\",\"name\":\"Indie\u00f3filo\",\"description\":\"Magazine online de la cultura independiente\",\"publisher\":{\"@id\":\"https:\/\/www.indieofilo.com\/#organization\"},\"potentialAction\":[{\"@type\":\"SearchAction\",\"target\":{\"@type\":\"EntryPoint\",\"urlTemplate\":\"https:\/\/www.indieofilo.com\/?s={search_term_string}\"},\"query-input\":{\"@type\":\"PropertyValueSpecification\",\"valueRequired\":true,\"valueName\":\"search_term_string\"}}],\"inLanguage\":\"en-US\"},{\"@type\":\"Organization\",\"@id\":\"https:\/\/www.indieofilo.com\/#organization\",\"name\":\"Indie\u00f3filo Web\",\"url\":\"https:\/\/www.indieofilo.com\/\",\"logo\":{\"@type\":\"ImageObject\",\"inLanguage\":\"en-US\",\"@id\":\"https:\/\/www.indieofilo.com\/#\/schema\/logo\/image\/\",\"url\":\"https:\/\/www.indieofilo.com\/wp-content\/uploads\/2015\/02\/logo-alta-resolucion.png\",\"contentUrl\":\"https:\/\/www.indieofilo.com\/wp-content\/uploads\/2015\/02\/logo-alta-resolucion.png\",\"width\":544,\"height\":185,\"caption\":\"Indie\u00f3filo Web\"},\"image\":{\"@id\":\"https:\/\/www.indieofilo.com\/#\/schema\/logo\/image\/\"},\"sameAs\":[\"https:\/\/www.facebook.com\/Indieofilo\/\",\"https:\/\/x.com\/indieofilo\",\"https:\/\/www.instagram.com\/indieofilo\/\"]},{\"@type\":\"Person\",\"@id\":\"https:\/\/www.indieofilo.com\/#\/schema\/person\/595334d38590e4ce5a09f83cbf2fca90\",\"name\":\"Victor\",\"image\":{\"@type\":\"ImageObject\",\"inLanguage\":\"en-US\",\"@id\":\"https:\/\/www.indieofilo.com\/#\/schema\/person\/image\/\",\"url\":\"https:\/\/secure.gravatar.com\/avatar\/682b8c6ea3e94b6cffec683b25f1797d?s=96&d=mm&r=g\",\"contentUrl\":\"https:\/\/secure.gravatar.com\/avatar\/682b8c6ea3e94b6cffec683b25f1797d?s=96&d=mm&r=g\",\"caption\":\"Victor\"},\"description\":\"Fan\u00e1tico de la m\u00fasica desde que mis padres me pon\u00edan a Eydie Gorme y Los Panchos o el Discotuna por la A2. Intent\u00e9 tocar varios instrumentos, pero soy muy torpe con la mano izquierda, as\u00ed que ya sab\u00e9is el resultado final. Fan del britpop, Post-punk, el rugby y el baloncesto...\",\"sameAs\":[\"http:\/\/indieofilo.com\"],\"url\":\"https:\/\/www.indieofilo.com\/en\/author\/victor\"}]}<\/script>\n<!-- \/ Yoast SEO Premium plugin. -->","yoast_head_json":{"title":"Amsterdam, Paris and Barcelona, new dates for Paramore's Tour Three - Indie\u00f3filo","description":"Americans Paramore have just announced that they will add three new concerts to the European Tour \"Tour Three\" that they will gave in January 2018.","robots":{"index":"index","follow":"follow","max-snippet":"max-snippet:-1","max-image-preview":"max-image-preview:large","max-video-preview":"max-video-preview:-1"},"canonical":"https:\/\/www.indieofilo.com\/en\/news\/amsterdam-paris-and-barcelona-new-dates-for-paramores-tour-three","og_locale":"en_US","og_type":"article","og_title":"Amsterdam, Paris and Barcelona, new dates for Paramore's Tour Three","og_description":"Americans Paramore have just announced that they will add three new concerts to the European Tour \"Tour Three\" that they will gave in January 2018.","og_url":"https:\/\/www.indieofilo.com\/en\/news\/amsterdam-paris-and-barcelona-new-dates-for-paramores-tour-three","og_site_name":"Indie\u00f3filo","article_publisher":"https:\/\/www.facebook.com\/Indieofilo\/","article_published_time":"2017-09-12T16:22:18+00:00","article_modified_time":"2023-09-01T16:18:29+00:00","og_image":[{"width":424,"height":600,"url":"https:\/\/www.indieofilo.com\/wp-content\/uploads\/2017\/09\/paramore-barcelona-2018.jpg","type":"image\/jpeg"}],"author":"Victor","twitter_card":"summary_large_image","twitter_creator":"@indieofilo","twitter_site":"@indieofilo","twitter_misc":{"Written by":"Victor","Est. reading time":"2 minutes"},"schema":{"@context":"https:\/\/schema.org","@graph":[{"@type":"Article","@id":"https:\/\/www.indieofilo.com\/en\/news\/amsterdam-paris-and-barcelona-new-dates-for-paramores-tour-three#article","isPartOf":{"@id":"https:\/\/www.indieofilo.com\/en\/news\/amsterdam-paris-and-barcelona-new-dates-for-paramores-tour-three"},"author":{"name":"Victor","@id":"https:\/\/www.indieofilo.com\/#\/schema\/person\/595334d38590e4ce5a09f83cbf2fca90"},"headline":"Amsterdam, Paris and Barcelona, new dates for Paramore&#8217;s Tour Three","datePublished":"2017-09-12T16:22:18+00:00","dateModified":"2023-09-01T16:18:29+00:00","mainEntityOfPage":{"@id":"https:\/\/www.indieofilo.com\/en\/news\/amsterdam-paris-and-barcelona-new-dates-for-paramores-tour-three"},"wordCount":215,"commentCount":0,"publisher":{"@id":"https:\/\/www.indieofilo.com\/#organization"},"image":{"@id":"https:\/\/www.indieofilo.com\/en\/news\/amsterdam-paris-and-barcelona-new-dates-for-paramores-tour-three#primaryimage"},"thumbnailUrl":"https:\/\/www.indieofilo.com\/wp-content\/uploads\/2017\/09\/paramore-barcelona-2018.jpg","keywords":["Barcelona","Paramore"],"articleSection":["Live Shows","News"],"inLanguage":"en-US","potentialAction":[{"@type":"CommentAction","name":"Comment","target":["https:\/\/www.indieofilo.com\/en\/news\/amsterdam-paris-and-barcelona-new-dates-for-paramores-tour-three#respond"]}]},{"@type":"WebPage","@id":"https:\/\/www.indieofilo.com\/en\/news\/amsterdam-paris-and-barcelona-new-dates-for-paramores-tour-three","url":"https:\/\/www.indieofilo.com\/en\/news\/amsterdam-paris-and-barcelona-new-dates-for-paramores-tour-three","name":"Amsterdam, Paris and Barcelona, new dates for Paramore's Tour Three - Indie\u00f3filo","isPartOf":{"@id":"https:\/\/www.indieofilo.com\/#website"},"primaryImageOfPage":{"@id":"https:\/\/www.indieofilo.com\/en\/news\/amsterdam-paris-and-barcelona-new-dates-for-paramores-tour-three#primaryimage"},"image":{"@id":"https:\/\/www.indieofilo.com\/en\/news\/amsterdam-paris-and-barcelona-new-dates-for-paramores-tour-three#primaryimage"},"thumbnailUrl":"https:\/\/www.indieofilo.com\/wp-content\/uploads\/2017\/09\/paramore-barcelona-2018.jpg","datePublished":"2017-09-12T16:22:18+00:00","dateModified":"2023-09-01T16:18:29+00:00","description":"Americans Paramore have just announced that they will add three new concerts to the European Tour \"Tour Three\" that they will gave in January 2018.","breadcrumb":{"@id":"https:\/\/www.indieofilo.com\/en\/news\/amsterdam-paris-and-barcelona-new-dates-for-paramores-tour-three#breadcrumb"},"inLanguage":"en-US","potentialAction":[{"@type":"ReadAction","target":["https:\/\/www.indieofilo.com\/en\/news\/amsterdam-paris-and-barcelona-new-dates-for-paramores-tour-three"]}]},{"@type":"ImageObject","inLanguage":"en-US","@id":"https:\/\/www.indieofilo.com\/en\/news\/amsterdam-paris-and-barcelona-new-dates-for-paramores-tour-three#primaryimage","url":"https:\/\/www.indieofilo.com\/wp-content\/uploads\/2017\/09\/paramore-barcelona-2018.jpg","contentUrl":"https:\/\/www.indieofilo.com\/wp-content\/uploads\/2017\/09\/paramore-barcelona-2018.jpg","width":424,"height":600},{"@type":"BreadcrumbList","@id":"https:\/\/www.indieofilo.com\/en\/news\/amsterdam-paris-and-barcelona-new-dates-for-paramores-tour-three#breadcrumb","itemListElement":[{"@type":"ListItem","position":1,"name":"Portada","item":"https:\/\/www.indieofilo.com\/en"},{"@type":"ListItem","position":2,"name":"Amsterdam, Paris and Barcelona, new dates for Paramore&#8217;s Tour Three"}]},{"@type":"WebSite","@id":"https:\/\/www.indieofilo.com\/#website","url":"https:\/\/www.indieofilo.com\/","name":"Indie\u00f3filo","description":"Magazine online de la cultura independiente","publisher":{"@id":"https:\/\/www.indieofilo.com\/#organization"},"potentialAction":[{"@type":"SearchAction","target":{"@type":"EntryPoint","urlTemplate":"https:\/\/www.indieofilo.com\/?s={search_term_string}"},"query-input":{"@type":"PropertyValueSpecification","valueRequired":true,"valueName":"search_term_string"}}],"inLanguage":"en-US"},{"@type":"Organization","@id":"https:\/\/www.indieofilo.com\/#organization","name":"Indie\u00f3filo Web","url":"https:\/\/www.indieofilo.com\/","logo":{"@type":"ImageObject","inLanguage":"en-US","@id":"https:\/\/www.indieofilo.com\/#\/schema\/logo\/image\/","url":"https:\/\/www.indieofilo.com\/wp-content\/uploads\/2015\/02\/logo-alta-resolucion.png","contentUrl":"https:\/\/www.indieofilo.com\/wp-content\/uploads\/2015\/02\/logo-alta-resolucion.png","width":544,"height":185,"caption":"Indie\u00f3filo Web"},"image":{"@id":"https:\/\/www.indieofilo.com\/#\/schema\/logo\/image\/"},"sameAs":["https:\/\/www.facebook.com\/Indieofilo\/","https:\/\/x.com\/indieofilo","https:\/\/www.instagram.com\/indieofilo\/"]},{"@type":"Person","@id":"https:\/\/www.indieofilo.com\/#\/schema\/person\/595334d38590e4ce5a09f83cbf2fca90","name":"Victor","image":{"@type":"ImageObject","inLanguage":"en-US","@id":"https:\/\/www.indieofilo.com\/#\/schema\/person\/image\/","url":"https:\/\/secure.gravatar.com\/avatar\/682b8c6ea3e94b6cffec683b25f1797d?s=96&d=mm&r=g","contentUrl":"https:\/\/secure.gravatar.com\/avatar\/682b8c6ea3e94b6cffec683b25f1797d?s=96&d=mm&r=g","caption":"Victor"},"description":"Fan\u00e1tico de la m\u00fasica desde que mis padres me pon\u00edan a Eydie Gorme y Los Panchos o el Discotuna por la A2. Intent\u00e9 tocar varios instrumentos, pero soy muy torpe con la mano izquierda, as\u00ed que ya sab\u00e9is el resultado final. Fan del britpop, Post-punk, el rugby y el baloncesto...","sameAs":["http:\/\/indieofilo.com"],"url":"https:\/\/www.indieofilo.com\/en\/author\/victor"}]}},"_links":{"self":[{"href":"https:\/\/www.indieofilo.com\/en\/wp-json\/wp\/v2\/posts\/10476","targetHints":{"allow":["GET"]}}],"collection":[{"href":"https:\/\/www.indieofilo.com\/en\/wp-json\/wp\/v2\/posts"}],"about":[{"href":"https:\/\/www.indieofilo.com\/en\/wp-json\/wp\/v2\/types\/post"}],"author":[{"embeddable":true,"href":"https:\/\/www.indieofilo.com\/en\/wp-json\/wp\/v2\/users\/1"}],"replies":[{"embeddable":true,"href":"https:\/\/www.indieofilo.com\/en\/wp-json\/wp\/v2\/comments?post=10476"}],"version-history":[{"count":0,"href":"https:\/\/www.indieofilo.com\/en\/wp-json\/wp\/v2\/posts\/10476\/revisions"}],"wp:featuredmedia":[{"embeddable":true,"href":"https:\/\/www.indieofilo.com\/en\/wp-json\/wp\/v2\/media\/21456"}],"wp:attachment":[{"href":"https:\/\/www.indieofilo.com\/en\/wp-json\/wp\/v2\/media?parent=10476"}],"wp:term":[{"taxonomy":"category","embeddable":true,"href":"https:\/\/www.indieofilo.com\/en\/wp-json\/wp\/v2\/categories?post=10476"},{"taxonomy":"post_tag","embeddable":true,"href":"https:\/\/www.indieofilo.com\/en\/wp-json\/wp\/v2\/tags?post=10476"}],"curies":[{"name":"wp","href":"https:\/\/api.w.org\/{rel}","templated":true}]}}