{"id":10455,"date":"2017-09-10T16:14:08","date_gmt":"2017-09-10T14:14:08","guid":{"rendered":"http:\/\/indieofilo.com\/?p=10455"},"modified":"2023-11-17T23:34:59","modified_gmt":"2023-11-17T22:34:59","slug":"band-of-horses-september-8-2017-sala-apolo-barcelona","status":"publish","type":"post","link":"https:\/\/www.indieofilo.com\/en\/gig-reviews\/band-of-horses-september-8-2017-sala-apolo-barcelona","title":{"rendered":"Band of Horses \u2013 September 8, 2017 (Sala Apolo \u2013 Barcelona)"},"content":{"rendered":"<p style=\"text-align: justify;\">\n\tAfter a stormy summer for the American band because of two capital members like <strong>Tyler Ramsey<\/strong> and <strong>Bill Reynolds<\/strong>&nbsp;have left the band, <strong>Band of Horses<\/strong> came to sala Apolo in Barcelona in one of the last concerts of the tour that during this summer has taken them around Europe, and that yesterday they closed at DCODE Festival 2017 in Madrid. People from Barcelona were looking forward to enjoy the Americans live at a concert hall after their successful concert at the same sala Apolo in 2011 as showed by the sold out reached weeks ago, and despite the sound problems in the volume of Ben Bridwell&#39;s microphone, band met the expectations.<\/p>\n<p style=\"text-align: justify;\">\n\t<img fetchpriority=\"high\" decoding=\"async\" alt=\"Band of Horses - Barcelona 2017\" class=\"aligncenter size-full wp-image-10449\" height=\"533\" src=\"http:\/\/indieofilo.com\/wp-content\/uploads\/2017\/09\/Band_of_Horses_Barcelona_20172.jpg\" width=\"800\" srcset=\"https:\/\/www.indieofilo.com\/wp-content\/uploads\/2017\/09\/Band_of_Horses_Barcelona_20172.jpg 800w, https:\/\/www.indieofilo.com\/wp-content\/uploads\/2017\/09\/Band_of_Horses_Barcelona_20172-300x200.jpg 300w, https:\/\/www.indieofilo.com\/wp-content\/uploads\/2017\/09\/Band_of_Horses_Barcelona_20172-768x512.jpg 768w\" sizes=\"(max-width: 800px) 100vw, 800px\" \/><\/p>\n<p style=\"text-align: center;\">\n\t<span style=\"font-size:10px;\"><strong>Ben Bridwell,<\/strong><strong>&nbsp;Band of Horses<\/strong>&nbsp;&#8211; Photo made by&nbsp;<strong>Esther Vicente<\/strong> for&nbsp;<strong>Indieofilo<sup>&copy;<\/sup><\/strong><\/span><\/p>\n<p style=\"text-align: justify;\">\n\tThe night started with the Mallorcan <strong>L.A.<\/strong> (which was the opening act for the band of Seattle during all the concerts at halls of this tour) <strong>with the sole help of a guitar<\/strong>, just one &nbsp;property of Ben Bridwell as he would recognize at the end of the concert. These circumstances made that <strong>his short 30-minute show back to the Americana touches<\/strong> that marked his LPs <em>Dualize<\/em> (2013) and <em>From The City To The Ocean Side<\/em> (2015), forgetting a bit about the evolution that has brought him to sounds closer even to pop of his last LP <em>King of Beasts<\/em> (2017). In front of <strong>a somewhat apathetic public in the first songs, Luis Alberto Segura changed the rhythm of his show banging on the guitar and catchy choruses<\/strong>, achieving in the final moments to involve the whole audience with the powerful &quot;<em>The Keeper and The Rocket Man<\/em>&quot;.<\/p>\n<p style=\"text-align: justify;\">\n\t<img decoding=\"async\" alt=\"Band of Horses 2017 - Barcelona\" class=\"aligncenter size-full wp-image-10450\" height=\"533\" src=\"http:\/\/indieofilo.com\/wp-content\/uploads\/2017\/09\/Band_of_Horses_Barcelona_20173.jpg\" width=\"800\" srcset=\"https:\/\/www.indieofilo.com\/wp-content\/uploads\/2017\/09\/Band_of_Horses_Barcelona_20173.jpg 800w, https:\/\/www.indieofilo.com\/wp-content\/uploads\/2017\/09\/Band_of_Horses_Barcelona_20173-300x200.jpg 300w, https:\/\/www.indieofilo.com\/wp-content\/uploads\/2017\/09\/Band_of_Horses_Barcelona_20173-768x512.jpg 768w\" sizes=\"(max-width: 800px) 100vw, 800px\" \/><\/p>\n<p style=\"text-align: center;\">\n\t<span style=\"font-size:10px;\"><strong>Band of Horses<\/strong>&nbsp;&#8211; Photo made by&nbsp;<strong>Esther Vicente<\/strong> for&nbsp;<strong>Indieofilo<sup>&copy;<\/sup><\/strong><\/span><\/p>\n<p style=\"text-align: justify;\">\n\tAfter a few sound tests that made the concert started 10 minutes late, <strong>Band of Horses<\/strong> jumped to the stage of sala Apolo accompanied by a <strong>simple scenery<\/strong> that only included a curtain on which was printed a bucolic landscape in the middle of a forest. As a business card, and with <strong>Ben Bridwell<\/strong> sitting playing his already classic horizontal guitar in the first few bars, BOH opted for some minor songs from their last album <em>Why Are You OK <\/em>(2016), in addition to a successful version of &quot;<em>Can&#39;t Hardly Wait<\/em>&quot; by <strong>The Replacements<\/strong>. In spite of the power of the sound in its global, <strong>these first songs served to detect that would be the pattern during good part of the concert; the voice of Ben Bridwell almost disappeared when some effects of the stompbox of the new guitarist Ian MacDougall came on the scene<\/strong>.<\/p>\n<p style=\"text-align: justify;\">\n\t<img decoding=\"async\" alt=\"Band of Horses - Ben Bridwell - Barcelona 2017\" class=\"aligncenter size-full wp-image-10451\" height=\"533\" src=\"http:\/\/indieofilo.com\/wp-content\/uploads\/2017\/09\/Band_of_Horses_Barcelona_20174.jpg\" width=\"800\" srcset=\"https:\/\/www.indieofilo.com\/wp-content\/uploads\/2017\/09\/Band_of_Horses_Barcelona_20174.jpg 800w, https:\/\/www.indieofilo.com\/wp-content\/uploads\/2017\/09\/Band_of_Horses_Barcelona_20174-300x200.jpg 300w, https:\/\/www.indieofilo.com\/wp-content\/uploads\/2017\/09\/Band_of_Horses_Barcelona_20174-768x512.jpg 768w\" sizes=\"(max-width: 800px) 100vw, 800px\" \/><\/p>\n<p style=\"text-align: center;\">\n\t<span style=\"font-size:10px;\"><strong>Ben Bridwell,<\/strong><strong>&nbsp;Band of Horses<\/strong>&nbsp;&#8211; Photo made by&nbsp;<strong>Esther Vicente<\/strong> for&nbsp;<strong>Indieofilo<sup>&copy;<\/sup><\/strong><\/span><\/p>\n<p style=\"text-align: justify;\">\n\tDespite that annoying burden we could enjoy a wonderful &quot;St. Augustine&quot; in which <strong>Ryan Monroe<\/strong> was immense at the choirs, to enjoy later with some of the best known hits of the band from Seattle like &quot;<em>No One&#39;s Gonna Love You<\/em>&quot; or the more recent &quot;<em>Casual Party<\/em>&quot;, that seems to have quickly become one of the classics of the band. After alternating a few visits to songs from the first three albums of their discography and reaffirming that the vilified <em>Mirage Rock<\/em> (2012) seems to have fallen into oblivion or even dare with small dialogues with the crowd in which even the new bassist <strong>Matt Gentling<\/strong> tried to spoke pidgin Spanish with Mexican style, &quot;<em>The Great Salt Lake<\/em>&quot; and &quot;<em>Solemn Oath<\/em>&quot; <strong>raised a step further the rhythm of the concert, just coinciding with the moment in which the sound problems definitively disappeared and finally we could listen Ben Bridwell with sharpness<\/strong>.<\/p>\n<p style=\"text-align: justify;\">\n\t<img loading=\"lazy\" decoding=\"async\" alt=\"Ben Bridwell - Band of Horses - Barcelona 2017\" class=\"aligncenter size-full wp-image-10448\" height=\"533\" src=\"http:\/\/indieofilo.com\/wp-content\/uploads\/2017\/09\/Band_of_Horses_Barcelona_20171.jpg\" width=\"800\" srcset=\"https:\/\/www.indieofilo.com\/wp-content\/uploads\/2017\/09\/Band_of_Horses_Barcelona_20171.jpg 800w, https:\/\/www.indieofilo.com\/wp-content\/uploads\/2017\/09\/Band_of_Horses_Barcelona_20171-300x200.jpg 300w, https:\/\/www.indieofilo.com\/wp-content\/uploads\/2017\/09\/Band_of_Horses_Barcelona_20171-768x512.jpg 768w\" sizes=\"(max-width: 800px) 100vw, 800px\" \/><\/p>\n<p style=\"text-align: center;\">\n\t<span style=\"font-size:10px;\"><strong>Ben Bridwell,<\/strong><strong>&nbsp;Band of Horses<\/strong>&nbsp;&#8211; Photo made by&nbsp;<strong>Esther Vicente<\/strong> for&nbsp;<strong>Indieofilo<sup>&copy;<\/sup><\/strong><\/span><\/p>\n<p style=\"text-align: justify;\">\n\tIn this way we were able to enjoy the last 20 minutes of high quality that started with <strong>Ryan Monroe<\/strong> playing from the keyboards &quot;<em>Older<\/em>&quot;, to later bring to an end the concert with the slow tempo songs &quot;<em>In a Drawer<\/em>&quot; and &quot;<em>Laredo<\/em>&quot;. But <strong>the best was yet to come with some sublime encores<\/strong> in which the two most famous songs of the Americans sounded to the public&#39;s delirium, &quot;<em>Is There a Ghost<\/em>&quot; and &quot;<em>The Funeral<\/em>&quot;, song that made them well-known around the world in the mid 2000 and that made sala Apolo into a massive karaoke. <strong>The calm intro and its epic chorus were an excellent ending to a concert with a balanced setlist in which the American band played instrumentally perfect, but in which the low volume in the voice of Ben Bridwell during almost 2\/3 of the concert was an impediment to enjoy the show as we expected<\/strong>.<\/p>\n","protected":false},"excerpt":{"rendered":"<p>After a stormy summer for the American band because of two capital members like Tyler Ramsey and Bill Reynolds&nbsp;have left the band, Band of Horses came to sala Apolo in Barcelona in one of the last concerts of the tour that during this summer has taken them around Europe, and that yesterday they closed at [&hellip;]<\/p>\n","protected":false},"author":1,"featured_media":10449,"comment_status":"open","ping_status":"closed","sticky":false,"template":"","format":"gallery","meta":{"footnotes":""},"categories":[7,15],"tags":[5347,4961,5348,5349],"class_list":["post-10455","post","type-post","status-publish","format-gallery","has-post-thumbnail","hentry","category-gig-reviews","category-rooms","tag-band-of-horses-en","tag-barcelona-en","tag-l-a-en","tag-sala-apolo-en","post_format-post-format-gallery"],"yoast_head":"<!-- This site is optimized with the Yoast SEO Premium plugin v23.9 (Yoast SEO v26.6) - https:\/\/yoast.com\/wordpress\/plugins\/seo\/ -->\n<title>Live Review: Band of Horses \u2013 September 8, 2017 (Barcelona) - Indie\u00f3filo<\/title>\n<meta name=\"description\" content=\"Review and exclusive photo gallery of the concert that Band of Horses gave at Sala Apolo in Barcelona that had Spanish L.A. as opening band.\" \/>\n<meta name=\"robots\" content=\"index, follow, max-snippet:-1, max-image-preview:large, max-video-preview:-1\" \/>\n<link rel=\"canonical\" href=\"https:\/\/www.indieofilo.com\/en\/gig-reviews\/band-of-horses-september-8-2017-sala-apolo-barcelona\" \/>\n<meta property=\"og:locale\" content=\"en_US\" \/>\n<meta property=\"og:type\" content=\"article\" \/>\n<meta property=\"og:title\" content=\"Band of Horses \u2013 September 8, 2017 (Sala Apolo \u2013 Barcelona)\" \/>\n<meta property=\"og:description\" content=\"Review and exclusive photo gallery of the concert that Band of Horses gave at Sala Apolo in Barcelona that had Spanish L.A. as opening band.\" \/>\n<meta property=\"og:url\" content=\"https:\/\/www.indieofilo.com\/en\/gig-reviews\/band-of-horses-september-8-2017-sala-apolo-barcelona\" \/>\n<meta property=\"og:site_name\" content=\"Indie\u00f3filo\" \/>\n<meta property=\"article:publisher\" content=\"https:\/\/www.facebook.com\/Indieofilo\/\" \/>\n<meta property=\"article:published_time\" content=\"2017-09-10T14:14:08+00:00\" \/>\n<meta property=\"article:modified_time\" content=\"2023-11-17T22:34:59+00:00\" \/>\n<meta property=\"og:image\" content=\"https:\/\/www.indieofilo.com\/wp-content\/uploads\/2017\/09\/Band_of_Horses_Barcelona_20172.jpg\" \/>\n\t<meta property=\"og:image:width\" content=\"800\" \/>\n\t<meta property=\"og:image:height\" content=\"533\" \/>\n\t<meta property=\"og:image:type\" content=\"image\/jpeg\" \/>\n<meta name=\"author\" content=\"Victor\" \/>\n<meta name=\"twitter:card\" content=\"summary_large_image\" \/>\n<meta name=\"twitter:creator\" content=\"@indieofilo\" \/>\n<meta name=\"twitter:site\" content=\"@indieofilo\" \/>\n<meta name=\"twitter:label1\" content=\"Written by\" \/>\n\t<meta name=\"twitter:data1\" content=\"Victor\" \/>\n\t<meta name=\"twitter:label2\" content=\"Est. reading time\" \/>\n\t<meta name=\"twitter:data2\" content=\"5 minutes\" \/>\n<script type=\"application\/ld+json\" class=\"yoast-schema-graph\">{\"@context\":\"https:\/\/schema.org\",\"@graph\":[{\"@type\":\"Article\",\"@id\":\"https:\/\/www.indieofilo.com\/en\/gig-reviews\/band-of-horses-september-8-2017-sala-apolo-barcelona#article\",\"isPartOf\":{\"@id\":\"https:\/\/www.indieofilo.com\/en\/gig-reviews\/band-of-horses-september-8-2017-sala-apolo-barcelona\"},\"author\":{\"name\":\"Victor\",\"@id\":\"https:\/\/www.indieofilo.com\/#\/schema\/person\/595334d38590e4ce5a09f83cbf2fca90\"},\"headline\":\"Band of Horses \u2013 September 8, 2017 (Sala Apolo \u2013 Barcelona)\",\"datePublished\":\"2017-09-10T14:14:08+00:00\",\"dateModified\":\"2023-11-17T22:34:59+00:00\",\"mainEntityOfPage\":{\"@id\":\"https:\/\/www.indieofilo.com\/en\/gig-reviews\/band-of-horses-september-8-2017-sala-apolo-barcelona\"},\"wordCount\":802,\"commentCount\":0,\"publisher\":{\"@id\":\"https:\/\/www.indieofilo.com\/#organization\"},\"image\":{\"@id\":\"https:\/\/www.indieofilo.com\/en\/gig-reviews\/band-of-horses-september-8-2017-sala-apolo-barcelona#primaryimage\"},\"thumbnailUrl\":\"https:\/\/www.indieofilo.com\/wp-content\/uploads\/2017\/09\/Band_of_Horses_Barcelona_20172.jpg\",\"keywords\":[\"Band of Horses\",\"Barcelona\",\"L.A\",\"Sala Apolo\"],\"articleSection\":[\"Gig Reviews\",\"Rooms\"],\"inLanguage\":\"en-US\",\"potentialAction\":[{\"@type\":\"CommentAction\",\"name\":\"Comment\",\"target\":[\"https:\/\/www.indieofilo.com\/en\/gig-reviews\/band-of-horses-september-8-2017-sala-apolo-barcelona#respond\"]}]},{\"@type\":\"WebPage\",\"@id\":\"https:\/\/www.indieofilo.com\/en\/gig-reviews\/band-of-horses-september-8-2017-sala-apolo-barcelona\",\"url\":\"https:\/\/www.indieofilo.com\/en\/gig-reviews\/band-of-horses-september-8-2017-sala-apolo-barcelona\",\"name\":\"Live Review: Band of Horses \u2013 September 8, 2017 (Barcelona) - Indie\u00f3filo\",\"isPartOf\":{\"@id\":\"https:\/\/www.indieofilo.com\/#website\"},\"primaryImageOfPage\":{\"@id\":\"https:\/\/www.indieofilo.com\/en\/gig-reviews\/band-of-horses-september-8-2017-sala-apolo-barcelona#primaryimage\"},\"image\":{\"@id\":\"https:\/\/www.indieofilo.com\/en\/gig-reviews\/band-of-horses-september-8-2017-sala-apolo-barcelona#primaryimage\"},\"thumbnailUrl\":\"https:\/\/www.indieofilo.com\/wp-content\/uploads\/2017\/09\/Band_of_Horses_Barcelona_20172.jpg\",\"datePublished\":\"2017-09-10T14:14:08+00:00\",\"dateModified\":\"2023-11-17T22:34:59+00:00\",\"description\":\"Review and exclusive photo gallery of the concert that Band of Horses gave at Sala Apolo in Barcelona that had Spanish L.A. as opening band.\",\"breadcrumb\":{\"@id\":\"https:\/\/www.indieofilo.com\/en\/gig-reviews\/band-of-horses-september-8-2017-sala-apolo-barcelona#breadcrumb\"},\"inLanguage\":\"en-US\",\"potentialAction\":[{\"@type\":\"ReadAction\",\"target\":[\"https:\/\/www.indieofilo.com\/en\/gig-reviews\/band-of-horses-september-8-2017-sala-apolo-barcelona\"]}]},{\"@type\":\"ImageObject\",\"inLanguage\":\"en-US\",\"@id\":\"https:\/\/www.indieofilo.com\/en\/gig-reviews\/band-of-horses-september-8-2017-sala-apolo-barcelona#primaryimage\",\"url\":\"https:\/\/www.indieofilo.com\/wp-content\/uploads\/2017\/09\/Band_of_Horses_Barcelona_20172.jpg\",\"contentUrl\":\"https:\/\/www.indieofilo.com\/wp-content\/uploads\/2017\/09\/Band_of_Horses_Barcelona_20172.jpg\",\"width\":800,\"height\":533,\"caption\":\"Band of Horses - Barcelona 2017\"},{\"@type\":\"BreadcrumbList\",\"@id\":\"https:\/\/www.indieofilo.com\/en\/gig-reviews\/band-of-horses-september-8-2017-sala-apolo-barcelona#breadcrumb\",\"itemListElement\":[{\"@type\":\"ListItem\",\"position\":1,\"name\":\"Portada\",\"item\":\"https:\/\/www.indieofilo.com\/en\"},{\"@type\":\"ListItem\",\"position\":2,\"name\":\"Band of Horses \u2013 September 8, 2017 (Sala Apolo \u2013 Barcelona)\"}]},{\"@type\":\"WebSite\",\"@id\":\"https:\/\/www.indieofilo.com\/#website\",\"url\":\"https:\/\/www.indieofilo.com\/\",\"name\":\"Indie\u00f3filo\",\"description\":\"Magazine online de la cultura independiente\",\"publisher\":{\"@id\":\"https:\/\/www.indieofilo.com\/#organization\"},\"potentialAction\":[{\"@type\":\"SearchAction\",\"target\":{\"@type\":\"EntryPoint\",\"urlTemplate\":\"https:\/\/www.indieofilo.com\/?s={search_term_string}\"},\"query-input\":{\"@type\":\"PropertyValueSpecification\",\"valueRequired\":true,\"valueName\":\"search_term_string\"}}],\"inLanguage\":\"en-US\"},{\"@type\":\"Organization\",\"@id\":\"https:\/\/www.indieofilo.com\/#organization\",\"name\":\"Indie\u00f3filo Web\",\"url\":\"https:\/\/www.indieofilo.com\/\",\"logo\":{\"@type\":\"ImageObject\",\"inLanguage\":\"en-US\",\"@id\":\"https:\/\/www.indieofilo.com\/#\/schema\/logo\/image\/\",\"url\":\"https:\/\/www.indieofilo.com\/wp-content\/uploads\/2015\/02\/logo-alta-resolucion.png\",\"contentUrl\":\"https:\/\/www.indieofilo.com\/wp-content\/uploads\/2015\/02\/logo-alta-resolucion.png\",\"width\":544,\"height\":185,\"caption\":\"Indie\u00f3filo Web\"},\"image\":{\"@id\":\"https:\/\/www.indieofilo.com\/#\/schema\/logo\/image\/\"},\"sameAs\":[\"https:\/\/www.facebook.com\/Indieofilo\/\",\"https:\/\/x.com\/indieofilo\",\"https:\/\/www.instagram.com\/indieofilo\/\"]},{\"@type\":\"Person\",\"@id\":\"https:\/\/www.indieofilo.com\/#\/schema\/person\/595334d38590e4ce5a09f83cbf2fca90\",\"name\":\"Victor\",\"image\":{\"@type\":\"ImageObject\",\"inLanguage\":\"en-US\",\"@id\":\"https:\/\/www.indieofilo.com\/#\/schema\/person\/image\/\",\"url\":\"https:\/\/secure.gravatar.com\/avatar\/682b8c6ea3e94b6cffec683b25f1797d?s=96&d=mm&r=g\",\"contentUrl\":\"https:\/\/secure.gravatar.com\/avatar\/682b8c6ea3e94b6cffec683b25f1797d?s=96&d=mm&r=g\",\"caption\":\"Victor\"},\"description\":\"Fan\u00e1tico de la m\u00fasica desde que mis padres me pon\u00edan a Eydie Gorme y Los Panchos o el Discotuna por la A2. Intent\u00e9 tocar varios instrumentos, pero soy muy torpe con la mano izquierda, as\u00ed que ya sab\u00e9is el resultado final. Fan del britpop, Post-punk, el rugby y el baloncesto...\",\"sameAs\":[\"http:\/\/indieofilo.com\"],\"url\":\"https:\/\/www.indieofilo.com\/en\/author\/victor\"}]}<\/script>\n<!-- \/ Yoast SEO Premium plugin. -->","yoast_head_json":{"title":"Live Review: Band of Horses \u2013 September 8, 2017 (Barcelona) - Indie\u00f3filo","description":"Review and exclusive photo gallery of the concert that Band of Horses gave at Sala Apolo in Barcelona that had Spanish L.A. as opening band.","robots":{"index":"index","follow":"follow","max-snippet":"max-snippet:-1","max-image-preview":"max-image-preview:large","max-video-preview":"max-video-preview:-1"},"canonical":"https:\/\/www.indieofilo.com\/en\/gig-reviews\/band-of-horses-september-8-2017-sala-apolo-barcelona","og_locale":"en_US","og_type":"article","og_title":"Band of Horses \u2013 September 8, 2017 (Sala Apolo \u2013 Barcelona)","og_description":"Review and exclusive photo gallery of the concert that Band of Horses gave at Sala Apolo in Barcelona that had Spanish L.A. as opening band.","og_url":"https:\/\/www.indieofilo.com\/en\/gig-reviews\/band-of-horses-september-8-2017-sala-apolo-barcelona","og_site_name":"Indie\u00f3filo","article_publisher":"https:\/\/www.facebook.com\/Indieofilo\/","article_published_time":"2017-09-10T14:14:08+00:00","article_modified_time":"2023-11-17T22:34:59+00:00","og_image":[{"width":800,"height":533,"url":"https:\/\/www.indieofilo.com\/wp-content\/uploads\/2017\/09\/Band_of_Horses_Barcelona_20172.jpg","type":"image\/jpeg"}],"author":"Victor","twitter_card":"summary_large_image","twitter_creator":"@indieofilo","twitter_site":"@indieofilo","twitter_misc":{"Written by":"Victor","Est. reading time":"5 minutes"},"schema":{"@context":"https:\/\/schema.org","@graph":[{"@type":"Article","@id":"https:\/\/www.indieofilo.com\/en\/gig-reviews\/band-of-horses-september-8-2017-sala-apolo-barcelona#article","isPartOf":{"@id":"https:\/\/www.indieofilo.com\/en\/gig-reviews\/band-of-horses-september-8-2017-sala-apolo-barcelona"},"author":{"name":"Victor","@id":"https:\/\/www.indieofilo.com\/#\/schema\/person\/595334d38590e4ce5a09f83cbf2fca90"},"headline":"Band of Horses \u2013 September 8, 2017 (Sala Apolo \u2013 Barcelona)","datePublished":"2017-09-10T14:14:08+00:00","dateModified":"2023-11-17T22:34:59+00:00","mainEntityOfPage":{"@id":"https:\/\/www.indieofilo.com\/en\/gig-reviews\/band-of-horses-september-8-2017-sala-apolo-barcelona"},"wordCount":802,"commentCount":0,"publisher":{"@id":"https:\/\/www.indieofilo.com\/#organization"},"image":{"@id":"https:\/\/www.indieofilo.com\/en\/gig-reviews\/band-of-horses-september-8-2017-sala-apolo-barcelona#primaryimage"},"thumbnailUrl":"https:\/\/www.indieofilo.com\/wp-content\/uploads\/2017\/09\/Band_of_Horses_Barcelona_20172.jpg","keywords":["Band of Horses","Barcelona","L.A","Sala Apolo"],"articleSection":["Gig Reviews","Rooms"],"inLanguage":"en-US","potentialAction":[{"@type":"CommentAction","name":"Comment","target":["https:\/\/www.indieofilo.com\/en\/gig-reviews\/band-of-horses-september-8-2017-sala-apolo-barcelona#respond"]}]},{"@type":"WebPage","@id":"https:\/\/www.indieofilo.com\/en\/gig-reviews\/band-of-horses-september-8-2017-sala-apolo-barcelona","url":"https:\/\/www.indieofilo.com\/en\/gig-reviews\/band-of-horses-september-8-2017-sala-apolo-barcelona","name":"Live Review: Band of Horses \u2013 September 8, 2017 (Barcelona) - Indie\u00f3filo","isPartOf":{"@id":"https:\/\/www.indieofilo.com\/#website"},"primaryImageOfPage":{"@id":"https:\/\/www.indieofilo.com\/en\/gig-reviews\/band-of-horses-september-8-2017-sala-apolo-barcelona#primaryimage"},"image":{"@id":"https:\/\/www.indieofilo.com\/en\/gig-reviews\/band-of-horses-september-8-2017-sala-apolo-barcelona#primaryimage"},"thumbnailUrl":"https:\/\/www.indieofilo.com\/wp-content\/uploads\/2017\/09\/Band_of_Horses_Barcelona_20172.jpg","datePublished":"2017-09-10T14:14:08+00:00","dateModified":"2023-11-17T22:34:59+00:00","description":"Review and exclusive photo gallery of the concert that Band of Horses gave at Sala Apolo in Barcelona that had Spanish L.A. as opening band.","breadcrumb":{"@id":"https:\/\/www.indieofilo.com\/en\/gig-reviews\/band-of-horses-september-8-2017-sala-apolo-barcelona#breadcrumb"},"inLanguage":"en-US","potentialAction":[{"@type":"ReadAction","target":["https:\/\/www.indieofilo.com\/en\/gig-reviews\/band-of-horses-september-8-2017-sala-apolo-barcelona"]}]},{"@type":"ImageObject","inLanguage":"en-US","@id":"https:\/\/www.indieofilo.com\/en\/gig-reviews\/band-of-horses-september-8-2017-sala-apolo-barcelona#primaryimage","url":"https:\/\/www.indieofilo.com\/wp-content\/uploads\/2017\/09\/Band_of_Horses_Barcelona_20172.jpg","contentUrl":"https:\/\/www.indieofilo.com\/wp-content\/uploads\/2017\/09\/Band_of_Horses_Barcelona_20172.jpg","width":800,"height":533,"caption":"Band of Horses - Barcelona 2017"},{"@type":"BreadcrumbList","@id":"https:\/\/www.indieofilo.com\/en\/gig-reviews\/band-of-horses-september-8-2017-sala-apolo-barcelona#breadcrumb","itemListElement":[{"@type":"ListItem","position":1,"name":"Portada","item":"https:\/\/www.indieofilo.com\/en"},{"@type":"ListItem","position":2,"name":"Band of Horses \u2013 September 8, 2017 (Sala Apolo \u2013 Barcelona)"}]},{"@type":"WebSite","@id":"https:\/\/www.indieofilo.com\/#website","url":"https:\/\/www.indieofilo.com\/","name":"Indie\u00f3filo","description":"Magazine online de la cultura independiente","publisher":{"@id":"https:\/\/www.indieofilo.com\/#organization"},"potentialAction":[{"@type":"SearchAction","target":{"@type":"EntryPoint","urlTemplate":"https:\/\/www.indieofilo.com\/?s={search_term_string}"},"query-input":{"@type":"PropertyValueSpecification","valueRequired":true,"valueName":"search_term_string"}}],"inLanguage":"en-US"},{"@type":"Organization","@id":"https:\/\/www.indieofilo.com\/#organization","name":"Indie\u00f3filo Web","url":"https:\/\/www.indieofilo.com\/","logo":{"@type":"ImageObject","inLanguage":"en-US","@id":"https:\/\/www.indieofilo.com\/#\/schema\/logo\/image\/","url":"https:\/\/www.indieofilo.com\/wp-content\/uploads\/2015\/02\/logo-alta-resolucion.png","contentUrl":"https:\/\/www.indieofilo.com\/wp-content\/uploads\/2015\/02\/logo-alta-resolucion.png","width":544,"height":185,"caption":"Indie\u00f3filo Web"},"image":{"@id":"https:\/\/www.indieofilo.com\/#\/schema\/logo\/image\/"},"sameAs":["https:\/\/www.facebook.com\/Indieofilo\/","https:\/\/x.com\/indieofilo","https:\/\/www.instagram.com\/indieofilo\/"]},{"@type":"Person","@id":"https:\/\/www.indieofilo.com\/#\/schema\/person\/595334d38590e4ce5a09f83cbf2fca90","name":"Victor","image":{"@type":"ImageObject","inLanguage":"en-US","@id":"https:\/\/www.indieofilo.com\/#\/schema\/person\/image\/","url":"https:\/\/secure.gravatar.com\/avatar\/682b8c6ea3e94b6cffec683b25f1797d?s=96&d=mm&r=g","contentUrl":"https:\/\/secure.gravatar.com\/avatar\/682b8c6ea3e94b6cffec683b25f1797d?s=96&d=mm&r=g","caption":"Victor"},"description":"Fan\u00e1tico de la m\u00fasica desde que mis padres me pon\u00edan a Eydie Gorme y Los Panchos o el Discotuna por la A2. Intent\u00e9 tocar varios instrumentos, pero soy muy torpe con la mano izquierda, as\u00ed que ya sab\u00e9is el resultado final. Fan del britpop, Post-punk, el rugby y el baloncesto...","sameAs":["http:\/\/indieofilo.com"],"url":"https:\/\/www.indieofilo.com\/en\/author\/victor"}]}},"_links":{"self":[{"href":"https:\/\/www.indieofilo.com\/en\/wp-json\/wp\/v2\/posts\/10455","targetHints":{"allow":["GET"]}}],"collection":[{"href":"https:\/\/www.indieofilo.com\/en\/wp-json\/wp\/v2\/posts"}],"about":[{"href":"https:\/\/www.indieofilo.com\/en\/wp-json\/wp\/v2\/types\/post"}],"author":[{"embeddable":true,"href":"https:\/\/www.indieofilo.com\/en\/wp-json\/wp\/v2\/users\/1"}],"replies":[{"embeddable":true,"href":"https:\/\/www.indieofilo.com\/en\/wp-json\/wp\/v2\/comments?post=10455"}],"version-history":[{"count":0,"href":"https:\/\/www.indieofilo.com\/en\/wp-json\/wp\/v2\/posts\/10455\/revisions"}],"wp:featuredmedia":[{"embeddable":true,"href":"https:\/\/www.indieofilo.com\/en\/wp-json\/wp\/v2\/media\/10449"}],"wp:attachment":[{"href":"https:\/\/www.indieofilo.com\/en\/wp-json\/wp\/v2\/media?parent=10455"}],"wp:term":[{"taxonomy":"category","embeddable":true,"href":"https:\/\/www.indieofilo.com\/en\/wp-json\/wp\/v2\/categories?post=10455"},{"taxonomy":"post_tag","embeddable":true,"href":"https:\/\/www.indieofilo.com\/en\/wp-json\/wp\/v2\/tags?post=10455"}],"curies":[{"name":"wp","href":"https:\/\/api.w.org\/{rel}","templated":true}]}}