{"id":10443,"date":"2017-09-09T11:43:48","date_gmt":"2017-09-09T09:43:48","guid":{"rendered":"http:\/\/indieofilo.com\/?p=10443"},"modified":"2023-09-01T18:26:56","modified_gmt":"2023-09-01T16:26:56","slug":"foo-fighters-announce-secret-concert-in-barcelona","status":"publish","type":"post","link":"https:\/\/www.indieofilo.com\/en\/news\/foo-fighters-announce-secret-concert-in-barcelona","title":{"rendered":"Foo Fighters announce a secret concert in Barcelona"},"content":{"rendered":"<p style=\"text-align: justify;\">\n\t<img fetchpriority=\"high\" decoding=\"async\" alt=\"Foo Fighters Barcelona 2017\" class=\"aligncenter size-full wp-image-10441\" height=\"315\" src=\"http:\/\/indieofilo.com\/wp-content\/uploads\/2017\/09\/foo_fighters_barcelona_2017.jpg\" width=\"681\" srcset=\"https:\/\/www.indieofilo.com\/wp-content\/uploads\/2017\/09\/foo_fighters_barcelona_2017.jpg 681w, https:\/\/www.indieofilo.com\/wp-content\/uploads\/2017\/09\/foo_fighters_barcelona_2017-300x139.jpg 300w\" sizes=\"(max-width: 681px) 100vw, 681px\" \/><\/p>\n<p style=\"text-align: justify;\">\n\t<strong>Foo Fighters<\/strong> just gave the big news of the weekend in Spain. After playing in Madrid at the Mad Cool Festival 2017, <strong>the band led by Dave Grohl will visit the Catalan city for the first time in 15 years in a surprise concert organized by the radio station M80<\/strong>, which has announced it through its social networks. <strong>The concert, to be held on Saturday, September 16 at a place yet to be determined<\/strong>, will be done to premiere its awaited new album Concrete And Gold (2017), that will be launched the day before.<\/p>\n<p style=\"text-align: justify;\">\n\tFor now, according to indications from the spanish radio station, <strong>the only way to obtain tickets for the show is to prove that you are a huge fan of the band in social networks<\/strong>, as indicated in their profiles &quot;<em>If you think you are the Foo Fan number one of the band, let him know on Twitter or Instagram by sharing a photograph or a video of no more than one minute using the hashtag #M80oroFF. Luck to all participants!&quot;<\/em>. The contest will start on Monday 11 at 8 in the morning and will close on Wednesday 13 at 7 pm. The winners will be announced the next day, Thursday 14 in the morning, through the hashtag #M80oroFF.<\/p>\n","protected":false},"excerpt":{"rendered":"<p>Foo Fighters just gave the big news of the weekend in Spain. After playing in Madrid at the Mad Cool Festival 2017, the band led by Dave Grohl will visit the Catalan city for the first time in 15 years in a surprise concert organized by the radio station M80, which has announced it through [&hellip;]<\/p>\n","protected":false},"author":1,"featured_media":21443,"comment_status":"open","ping_status":"closed","sticky":false,"template":"","format":"standard","meta":{"footnotes":""},"categories":[41,8],"tags":[4961,5281],"class_list":["post-10443","post","type-post","status-publish","format-standard","has-post-thumbnail","hentry","category-live-shows","category-news","tag-barcelona-en","tag-foo-fighters-en"],"yoast_head":"<!-- This site is optimized with the Yoast SEO Premium plugin v23.9 (Yoast SEO v26.6) - https:\/\/yoast.com\/wordpress\/plugins\/seo\/ -->\n<title>Foo Fighters announce a secret concert in Barcelona - Indie\u00f3filo<\/title>\n<meta name=\"description\" content=\"Dave Grohl&#039;s band will visit the Catalan city for the first time in 15 years in a surprise concert organized by the radio station M80 next September 16.\" \/>\n<meta name=\"robots\" content=\"index, follow, max-snippet:-1, max-image-preview:large, max-video-preview:-1\" \/>\n<link rel=\"canonical\" href=\"https:\/\/www.indieofilo.com\/en\/news\/foo-fighters-announce-secret-concert-in-barcelona\" \/>\n<meta property=\"og:locale\" content=\"en_US\" \/>\n<meta property=\"og:type\" content=\"article\" \/>\n<meta property=\"og:title\" content=\"Foo Fighters announce a secret concert in Barcelona\" \/>\n<meta property=\"og:description\" content=\"Dave Grohl&#039;s band will visit the Catalan city for the first time in 15 years in a surprise concert organized by the radio station M80 next September 16.\" \/>\n<meta property=\"og:url\" content=\"https:\/\/www.indieofilo.com\/en\/news\/foo-fighters-announce-secret-concert-in-barcelona\" \/>\n<meta property=\"og:site_name\" content=\"Indie\u00f3filo\" \/>\n<meta property=\"article:publisher\" content=\"https:\/\/www.facebook.com\/Indieofilo\/\" \/>\n<meta property=\"article:published_time\" content=\"2017-09-09T09:43:48+00:00\" \/>\n<meta property=\"article:modified_time\" content=\"2023-09-01T16:26:56+00:00\" \/>\n<meta property=\"og:image\" content=\"https:\/\/www.indieofilo.com\/wp-content\/uploads\/2017\/09\/foo_fighters_barcelona_2017.jpg\" \/>\n\t<meta property=\"og:image:width\" content=\"681\" \/>\n\t<meta property=\"og:image:height\" content=\"315\" \/>\n\t<meta property=\"og:image:type\" content=\"image\/jpeg\" \/>\n<meta name=\"author\" content=\"Victor\" \/>\n<meta name=\"twitter:card\" content=\"summary_large_image\" \/>\n<meta name=\"twitter:creator\" content=\"@indieofilo\" \/>\n<meta name=\"twitter:site\" content=\"@indieofilo\" \/>\n<meta name=\"twitter:label1\" content=\"Written by\" \/>\n\t<meta name=\"twitter:data1\" content=\"Victor\" \/>\n\t<meta name=\"twitter:label2\" content=\"Est. reading time\" \/>\n\t<meta name=\"twitter:data2\" content=\"2 minutes\" \/>\n<script type=\"application\/ld+json\" class=\"yoast-schema-graph\">{\"@context\":\"https:\/\/schema.org\",\"@graph\":[{\"@type\":\"Article\",\"@id\":\"https:\/\/www.indieofilo.com\/en\/news\/foo-fighters-announce-secret-concert-in-barcelona#article\",\"isPartOf\":{\"@id\":\"https:\/\/www.indieofilo.com\/en\/news\/foo-fighters-announce-secret-concert-in-barcelona\"},\"author\":{\"name\":\"Victor\",\"@id\":\"https:\/\/www.indieofilo.com\/#\/schema\/person\/595334d38590e4ce5a09f83cbf2fca90\"},\"headline\":\"Foo Fighters announce a secret concert in Barcelona\",\"datePublished\":\"2017-09-09T09:43:48+00:00\",\"dateModified\":\"2023-09-01T16:26:56+00:00\",\"mainEntityOfPage\":{\"@id\":\"https:\/\/www.indieofilo.com\/en\/news\/foo-fighters-announce-secret-concert-in-barcelona\"},\"wordCount\":215,\"commentCount\":0,\"publisher\":{\"@id\":\"https:\/\/www.indieofilo.com\/#organization\"},\"image\":{\"@id\":\"https:\/\/www.indieofilo.com\/en\/news\/foo-fighters-announce-secret-concert-in-barcelona#primaryimage\"},\"thumbnailUrl\":\"https:\/\/www.indieofilo.com\/wp-content\/uploads\/2017\/09\/foo_fighters_barcelona_2017.jpg\",\"keywords\":[\"Barcelona\",\"Foo Fighters\"],\"articleSection\":[\"Live Shows\",\"News\"],\"inLanguage\":\"en-US\",\"potentialAction\":[{\"@type\":\"CommentAction\",\"name\":\"Comment\",\"target\":[\"https:\/\/www.indieofilo.com\/en\/news\/foo-fighters-announce-secret-concert-in-barcelona#respond\"]}]},{\"@type\":\"WebPage\",\"@id\":\"https:\/\/www.indieofilo.com\/en\/news\/foo-fighters-announce-secret-concert-in-barcelona\",\"url\":\"https:\/\/www.indieofilo.com\/en\/news\/foo-fighters-announce-secret-concert-in-barcelona\",\"name\":\"Foo Fighters announce a secret concert in Barcelona - Indie\u00f3filo\",\"isPartOf\":{\"@id\":\"https:\/\/www.indieofilo.com\/#website\"},\"primaryImageOfPage\":{\"@id\":\"https:\/\/www.indieofilo.com\/en\/news\/foo-fighters-announce-secret-concert-in-barcelona#primaryimage\"},\"image\":{\"@id\":\"https:\/\/www.indieofilo.com\/en\/news\/foo-fighters-announce-secret-concert-in-barcelona#primaryimage\"},\"thumbnailUrl\":\"https:\/\/www.indieofilo.com\/wp-content\/uploads\/2017\/09\/foo_fighters_barcelona_2017.jpg\",\"datePublished\":\"2017-09-09T09:43:48+00:00\",\"dateModified\":\"2023-09-01T16:26:56+00:00\",\"description\":\"Dave Grohl's band will visit the Catalan city for the first time in 15 years in a surprise concert organized by the radio station M80 next September 16.\",\"breadcrumb\":{\"@id\":\"https:\/\/www.indieofilo.com\/en\/news\/foo-fighters-announce-secret-concert-in-barcelona#breadcrumb\"},\"inLanguage\":\"en-US\",\"potentialAction\":[{\"@type\":\"ReadAction\",\"target\":[\"https:\/\/www.indieofilo.com\/en\/news\/foo-fighters-announce-secret-concert-in-barcelona\"]}]},{\"@type\":\"ImageObject\",\"inLanguage\":\"en-US\",\"@id\":\"https:\/\/www.indieofilo.com\/en\/news\/foo-fighters-announce-secret-concert-in-barcelona#primaryimage\",\"url\":\"https:\/\/www.indieofilo.com\/wp-content\/uploads\/2017\/09\/foo_fighters_barcelona_2017.jpg\",\"contentUrl\":\"https:\/\/www.indieofilo.com\/wp-content\/uploads\/2017\/09\/foo_fighters_barcelona_2017.jpg\",\"width\":681,\"height\":315},{\"@type\":\"BreadcrumbList\",\"@id\":\"https:\/\/www.indieofilo.com\/en\/news\/foo-fighters-announce-secret-concert-in-barcelona#breadcrumb\",\"itemListElement\":[{\"@type\":\"ListItem\",\"position\":1,\"name\":\"Portada\",\"item\":\"https:\/\/www.indieofilo.com\/en\"},{\"@type\":\"ListItem\",\"position\":2,\"name\":\"Foo Fighters announce a secret concert in Barcelona\"}]},{\"@type\":\"WebSite\",\"@id\":\"https:\/\/www.indieofilo.com\/#website\",\"url\":\"https:\/\/www.indieofilo.com\/\",\"name\":\"Indie\u00f3filo\",\"description\":\"Magazine online de la cultura independiente\",\"publisher\":{\"@id\":\"https:\/\/www.indieofilo.com\/#organization\"},\"potentialAction\":[{\"@type\":\"SearchAction\",\"target\":{\"@type\":\"EntryPoint\",\"urlTemplate\":\"https:\/\/www.indieofilo.com\/?s={search_term_string}\"},\"query-input\":{\"@type\":\"PropertyValueSpecification\",\"valueRequired\":true,\"valueName\":\"search_term_string\"}}],\"inLanguage\":\"en-US\"},{\"@type\":\"Organization\",\"@id\":\"https:\/\/www.indieofilo.com\/#organization\",\"name\":\"Indie\u00f3filo Web\",\"url\":\"https:\/\/www.indieofilo.com\/\",\"logo\":{\"@type\":\"ImageObject\",\"inLanguage\":\"en-US\",\"@id\":\"https:\/\/www.indieofilo.com\/#\/schema\/logo\/image\/\",\"url\":\"https:\/\/www.indieofilo.com\/wp-content\/uploads\/2015\/02\/logo-alta-resolucion.png\",\"contentUrl\":\"https:\/\/www.indieofilo.com\/wp-content\/uploads\/2015\/02\/logo-alta-resolucion.png\",\"width\":544,\"height\":185,\"caption\":\"Indie\u00f3filo Web\"},\"image\":{\"@id\":\"https:\/\/www.indieofilo.com\/#\/schema\/logo\/image\/\"},\"sameAs\":[\"https:\/\/www.facebook.com\/Indieofilo\/\",\"https:\/\/x.com\/indieofilo\",\"https:\/\/www.instagram.com\/indieofilo\/\"]},{\"@type\":\"Person\",\"@id\":\"https:\/\/www.indieofilo.com\/#\/schema\/person\/595334d38590e4ce5a09f83cbf2fca90\",\"name\":\"Victor\",\"image\":{\"@type\":\"ImageObject\",\"inLanguage\":\"en-US\",\"@id\":\"https:\/\/www.indieofilo.com\/#\/schema\/person\/image\/\",\"url\":\"https:\/\/secure.gravatar.com\/avatar\/682b8c6ea3e94b6cffec683b25f1797d?s=96&d=mm&r=g\",\"contentUrl\":\"https:\/\/secure.gravatar.com\/avatar\/682b8c6ea3e94b6cffec683b25f1797d?s=96&d=mm&r=g\",\"caption\":\"Victor\"},\"description\":\"Fan\u00e1tico de la m\u00fasica desde que mis padres me pon\u00edan a Eydie Gorme y Los Panchos o el Discotuna por la A2. Intent\u00e9 tocar varios instrumentos, pero soy muy torpe con la mano izquierda, as\u00ed que ya sab\u00e9is el resultado final. Fan del britpop, Post-punk, el rugby y el baloncesto...\",\"sameAs\":[\"http:\/\/indieofilo.com\"],\"url\":\"https:\/\/www.indieofilo.com\/en\/author\/victor\"}]}<\/script>\n<!-- \/ Yoast SEO Premium plugin. -->","yoast_head_json":{"title":"Foo Fighters announce a secret concert in Barcelona - Indie\u00f3filo","description":"Dave Grohl's band will visit the Catalan city for the first time in 15 years in a surprise concert organized by the radio station M80 next September 16.","robots":{"index":"index","follow":"follow","max-snippet":"max-snippet:-1","max-image-preview":"max-image-preview:large","max-video-preview":"max-video-preview:-1"},"canonical":"https:\/\/www.indieofilo.com\/en\/news\/foo-fighters-announce-secret-concert-in-barcelona","og_locale":"en_US","og_type":"article","og_title":"Foo Fighters announce a secret concert in Barcelona","og_description":"Dave Grohl's band will visit the Catalan city for the first time in 15 years in a surprise concert organized by the radio station M80 next September 16.","og_url":"https:\/\/www.indieofilo.com\/en\/news\/foo-fighters-announce-secret-concert-in-barcelona","og_site_name":"Indie\u00f3filo","article_publisher":"https:\/\/www.facebook.com\/Indieofilo\/","article_published_time":"2017-09-09T09:43:48+00:00","article_modified_time":"2023-09-01T16:26:56+00:00","og_image":[{"width":681,"height":315,"url":"https:\/\/www.indieofilo.com\/wp-content\/uploads\/2017\/09\/foo_fighters_barcelona_2017.jpg","type":"image\/jpeg"}],"author":"Victor","twitter_card":"summary_large_image","twitter_creator":"@indieofilo","twitter_site":"@indieofilo","twitter_misc":{"Written by":"Victor","Est. reading time":"2 minutes"},"schema":{"@context":"https:\/\/schema.org","@graph":[{"@type":"Article","@id":"https:\/\/www.indieofilo.com\/en\/news\/foo-fighters-announce-secret-concert-in-barcelona#article","isPartOf":{"@id":"https:\/\/www.indieofilo.com\/en\/news\/foo-fighters-announce-secret-concert-in-barcelona"},"author":{"name":"Victor","@id":"https:\/\/www.indieofilo.com\/#\/schema\/person\/595334d38590e4ce5a09f83cbf2fca90"},"headline":"Foo Fighters announce a secret concert in Barcelona","datePublished":"2017-09-09T09:43:48+00:00","dateModified":"2023-09-01T16:26:56+00:00","mainEntityOfPage":{"@id":"https:\/\/www.indieofilo.com\/en\/news\/foo-fighters-announce-secret-concert-in-barcelona"},"wordCount":215,"commentCount":0,"publisher":{"@id":"https:\/\/www.indieofilo.com\/#organization"},"image":{"@id":"https:\/\/www.indieofilo.com\/en\/news\/foo-fighters-announce-secret-concert-in-barcelona#primaryimage"},"thumbnailUrl":"https:\/\/www.indieofilo.com\/wp-content\/uploads\/2017\/09\/foo_fighters_barcelona_2017.jpg","keywords":["Barcelona","Foo Fighters"],"articleSection":["Live Shows","News"],"inLanguage":"en-US","potentialAction":[{"@type":"CommentAction","name":"Comment","target":["https:\/\/www.indieofilo.com\/en\/news\/foo-fighters-announce-secret-concert-in-barcelona#respond"]}]},{"@type":"WebPage","@id":"https:\/\/www.indieofilo.com\/en\/news\/foo-fighters-announce-secret-concert-in-barcelona","url":"https:\/\/www.indieofilo.com\/en\/news\/foo-fighters-announce-secret-concert-in-barcelona","name":"Foo Fighters announce a secret concert in Barcelona - Indie\u00f3filo","isPartOf":{"@id":"https:\/\/www.indieofilo.com\/#website"},"primaryImageOfPage":{"@id":"https:\/\/www.indieofilo.com\/en\/news\/foo-fighters-announce-secret-concert-in-barcelona#primaryimage"},"image":{"@id":"https:\/\/www.indieofilo.com\/en\/news\/foo-fighters-announce-secret-concert-in-barcelona#primaryimage"},"thumbnailUrl":"https:\/\/www.indieofilo.com\/wp-content\/uploads\/2017\/09\/foo_fighters_barcelona_2017.jpg","datePublished":"2017-09-09T09:43:48+00:00","dateModified":"2023-09-01T16:26:56+00:00","description":"Dave Grohl's band will visit the Catalan city for the first time in 15 years in a surprise concert organized by the radio station M80 next September 16.","breadcrumb":{"@id":"https:\/\/www.indieofilo.com\/en\/news\/foo-fighters-announce-secret-concert-in-barcelona#breadcrumb"},"inLanguage":"en-US","potentialAction":[{"@type":"ReadAction","target":["https:\/\/www.indieofilo.com\/en\/news\/foo-fighters-announce-secret-concert-in-barcelona"]}]},{"@type":"ImageObject","inLanguage":"en-US","@id":"https:\/\/www.indieofilo.com\/en\/news\/foo-fighters-announce-secret-concert-in-barcelona#primaryimage","url":"https:\/\/www.indieofilo.com\/wp-content\/uploads\/2017\/09\/foo_fighters_barcelona_2017.jpg","contentUrl":"https:\/\/www.indieofilo.com\/wp-content\/uploads\/2017\/09\/foo_fighters_barcelona_2017.jpg","width":681,"height":315},{"@type":"BreadcrumbList","@id":"https:\/\/www.indieofilo.com\/en\/news\/foo-fighters-announce-secret-concert-in-barcelona#breadcrumb","itemListElement":[{"@type":"ListItem","position":1,"name":"Portada","item":"https:\/\/www.indieofilo.com\/en"},{"@type":"ListItem","position":2,"name":"Foo Fighters announce a secret concert in Barcelona"}]},{"@type":"WebSite","@id":"https:\/\/www.indieofilo.com\/#website","url":"https:\/\/www.indieofilo.com\/","name":"Indie\u00f3filo","description":"Magazine online de la cultura independiente","publisher":{"@id":"https:\/\/www.indieofilo.com\/#organization"},"potentialAction":[{"@type":"SearchAction","target":{"@type":"EntryPoint","urlTemplate":"https:\/\/www.indieofilo.com\/?s={search_term_string}"},"query-input":{"@type":"PropertyValueSpecification","valueRequired":true,"valueName":"search_term_string"}}],"inLanguage":"en-US"},{"@type":"Organization","@id":"https:\/\/www.indieofilo.com\/#organization","name":"Indie\u00f3filo Web","url":"https:\/\/www.indieofilo.com\/","logo":{"@type":"ImageObject","inLanguage":"en-US","@id":"https:\/\/www.indieofilo.com\/#\/schema\/logo\/image\/","url":"https:\/\/www.indieofilo.com\/wp-content\/uploads\/2015\/02\/logo-alta-resolucion.png","contentUrl":"https:\/\/www.indieofilo.com\/wp-content\/uploads\/2015\/02\/logo-alta-resolucion.png","width":544,"height":185,"caption":"Indie\u00f3filo Web"},"image":{"@id":"https:\/\/www.indieofilo.com\/#\/schema\/logo\/image\/"},"sameAs":["https:\/\/www.facebook.com\/Indieofilo\/","https:\/\/x.com\/indieofilo","https:\/\/www.instagram.com\/indieofilo\/"]},{"@type":"Person","@id":"https:\/\/www.indieofilo.com\/#\/schema\/person\/595334d38590e4ce5a09f83cbf2fca90","name":"Victor","image":{"@type":"ImageObject","inLanguage":"en-US","@id":"https:\/\/www.indieofilo.com\/#\/schema\/person\/image\/","url":"https:\/\/secure.gravatar.com\/avatar\/682b8c6ea3e94b6cffec683b25f1797d?s=96&d=mm&r=g","contentUrl":"https:\/\/secure.gravatar.com\/avatar\/682b8c6ea3e94b6cffec683b25f1797d?s=96&d=mm&r=g","caption":"Victor"},"description":"Fan\u00e1tico de la m\u00fasica desde que mis padres me pon\u00edan a Eydie Gorme y Los Panchos o el Discotuna por la A2. Intent\u00e9 tocar varios instrumentos, pero soy muy torpe con la mano izquierda, as\u00ed que ya sab\u00e9is el resultado final. Fan del britpop, Post-punk, el rugby y el baloncesto...","sameAs":["http:\/\/indieofilo.com"],"url":"https:\/\/www.indieofilo.com\/en\/author\/victor"}]}},"_links":{"self":[{"href":"https:\/\/www.indieofilo.com\/en\/wp-json\/wp\/v2\/posts\/10443","targetHints":{"allow":["GET"]}}],"collection":[{"href":"https:\/\/www.indieofilo.com\/en\/wp-json\/wp\/v2\/posts"}],"about":[{"href":"https:\/\/www.indieofilo.com\/en\/wp-json\/wp\/v2\/types\/post"}],"author":[{"embeddable":true,"href":"https:\/\/www.indieofilo.com\/en\/wp-json\/wp\/v2\/users\/1"}],"replies":[{"embeddable":true,"href":"https:\/\/www.indieofilo.com\/en\/wp-json\/wp\/v2\/comments?post=10443"}],"version-history":[{"count":0,"href":"https:\/\/www.indieofilo.com\/en\/wp-json\/wp\/v2\/posts\/10443\/revisions"}],"wp:featuredmedia":[{"embeddable":true,"href":"https:\/\/www.indieofilo.com\/en\/wp-json\/wp\/v2\/media\/21443"}],"wp:attachment":[{"href":"https:\/\/www.indieofilo.com\/en\/wp-json\/wp\/v2\/media?parent=10443"}],"wp:term":[{"taxonomy":"category","embeddable":true,"href":"https:\/\/www.indieofilo.com\/en\/wp-json\/wp\/v2\/categories?post=10443"},{"taxonomy":"post_tag","embeddable":true,"href":"https:\/\/www.indieofilo.com\/en\/wp-json\/wp\/v2\/tags?post=10443"}],"curies":[{"name":"wp","href":"https:\/\/api.w.org\/{rel}","templated":true}]}}