{"id":10432,"date":"2017-09-05T15:27:12","date_gmt":"2017-09-05T13:27:12","guid":{"rendered":"http:\/\/indieofilo.com\/?p=10432"},"modified":"2023-09-01T18:31:56","modified_gmt":"2023-09-01T16:31:56","slug":"primavera-club-2017-lineup-announced","status":"publish","type":"post","link":"https:\/\/www.indieofilo.com\/en\/news\/primavera-club-2017-lineup-announced","title":{"rendered":"Primavera Club 2017 lineup announced"},"content":{"rendered":"<p style=\"text-align: justify;\">\n\t<img fetchpriority=\"high\" decoding=\"async\" alt=\"Primavera Club 2017\" class=\"aligncenter size-full wp-image-10430\" height=\"600\" src=\"http:\/\/indieofilo.com\/wp-content\/uploads\/2017\/09\/PrimaveraClub2017.jpg\" width=\"424\" srcset=\"https:\/\/www.indieofilo.com\/wp-content\/uploads\/2017\/09\/PrimaveraClub2017.jpg 424w, https:\/\/www.indieofilo.com\/wp-content\/uploads\/2017\/09\/PrimaveraClub2017-212x300.jpg 212w\" sizes=\"(max-width: 424px) 100vw, 424px\" \/><\/p>\n<p style=\"text-align: justify;\">\n\tAfter <a href=\"http:\/\/indieofilo.com\/gig-reviews\/primavera-club-2016-21-22-23rd-october-2016-barcelona\" target=\"_self\" rel=\"noopener\">the 2016 edition in which the names of Minor Victories and Whitney stood out<\/a>, the organizers of Catalan Festival <strong>Primavera Sound<\/strong> have just confirmed a new edition for October 2017 of its little brother, Primavera Club festival. <strong>Primavera Club 2017<\/strong> will have as main novelty <strong>the return of duality of cities<\/strong>, since in addition to the usual venue of the Sala Apolo in Barcelona, <strong>the festival will double most of its lineup in different concert halls of the city of Madrid<\/strong>, coming back to a format that has already been used in some editions until 2012.<\/p>\n<p style=\"text-align: justify;\">\n\tSo, <strong>Primavera Club 2017 will be held from 20 to 22 October in Barcelona<\/strong> (Sala Apolo and Centre Cultural Albareda) <strong>and Madrid<\/strong> (Joy Eslava, Teatro Barcel&oacute; and El Cielo de Barcel&oacute;) with a <strong>lineup that will include up to 38 artists<\/strong> among whom highlight <strong>Amber Coffman<\/strong>, a former member of <strong>Dirty Projectors<\/strong> who has released her first solo album this year, and <strong>Blanck Mass<\/strong>, a solo project by <strong>Benjamin John Power<\/strong> of <strong>Fuck Buttons<\/strong>. Of the rest of the poster it is worth to highlight&nbsp;the names of young promises like <strong>St. Woods<\/strong>, <strong>Vulk<\/strong>, <strong>Aloha Bennets<\/strong>, <strong>FAVX<\/strong> or the American <strong>Gabriel Garz&oacute;n-Montano<\/strong>, great hope of the R&amp;B that so many media already compare with Canadian <strong>Drake<\/strong>.<\/p>\n<p>\tThe tickets for the three days of the festival have already been on sale <a href=\"https:\/\/www.primaveraclub.com\/entradas\/en\" target=\"_blank\" rel=\"noopener\">through the official website of the festival<\/a> with an interesting price of &euro;25, while the day tickets are priced at &euro;15.<\/p>\n","protected":false},"excerpt":{"rendered":"<p>After the 2016 edition in which the names of Minor Victories and Whitney stood out, the organizers of Catalan Festival Primavera Sound have just confirmed a new edition for October 2017 of its little brother, Primavera Club festival. Primavera Club 2017 will have as main novelty the return of duality of cities, since in addition [&hellip;]<\/p>\n","protected":false},"author":1,"featured_media":21441,"comment_status":"open","ping_status":"closed","sticky":false,"template":"","format":"standard","meta":{"footnotes":""},"categories":[41,8],"tags":[5360,5272,5361,5362,5363,5364,5201,5073,5276,5365,5131],"class_list":["post-10432","post","type-post","status-publish","format-standard","has-post-thumbnail","hentry","category-live-shows","category-news","tag-aloha-bennets-en","tag-amber-coffman-en","tag-blanck-mass-en","tag-dirty-projectors-en","tag-favx-en","tag-fuck-buttons-en","tag-gabriel-garzon-montano-en","tag-primavera-club-en","tag-primavera-club-2017-en","tag-st-woods-en","tag-vulk-en"],"yoast_head":"<!-- This site is optimized with the Yoast SEO Premium plugin v23.9 (Yoast SEO v26.6) - https:\/\/yoast.com\/wordpress\/plugins\/seo\/ -->\n<title>Primavera Club 2017 lineup announced - Indie\u00f3filo<\/title>\n<meta name=\"description\" content=\"Primavera Club 2017 will be held from 20 to 22 October in Barcelona and Madrid. It will have Amber Coffman and Blanck Mass as main names.\" \/>\n<meta name=\"robots\" content=\"index, follow, max-snippet:-1, max-image-preview:large, max-video-preview:-1\" \/>\n<link rel=\"canonical\" href=\"https:\/\/www.indieofilo.com\/en\/news\/primavera-club-2017-lineup-announced\" \/>\n<meta property=\"og:locale\" content=\"en_US\" \/>\n<meta property=\"og:type\" content=\"article\" \/>\n<meta property=\"og:title\" content=\"Primavera Club 2017 lineup announced\" \/>\n<meta property=\"og:description\" content=\"Primavera Club 2017 will be held from 20 to 22 October in Barcelona and Madrid. It will have Amber Coffman and Blanck Mass as main names.\" \/>\n<meta property=\"og:url\" content=\"https:\/\/www.indieofilo.com\/en\/news\/primavera-club-2017-lineup-announced\" \/>\n<meta property=\"og:site_name\" content=\"Indie\u00f3filo\" \/>\n<meta property=\"article:publisher\" content=\"https:\/\/www.facebook.com\/Indieofilo\/\" \/>\n<meta property=\"article:published_time\" content=\"2017-09-05T13:27:12+00:00\" \/>\n<meta property=\"article:modified_time\" content=\"2023-09-01T16:31:56+00:00\" \/>\n<meta property=\"og:image\" content=\"https:\/\/www.indieofilo.com\/wp-content\/uploads\/2017\/09\/PrimaveraClub2017.jpg\" \/>\n\t<meta property=\"og:image:width\" content=\"424\" \/>\n\t<meta property=\"og:image:height\" content=\"600\" \/>\n\t<meta property=\"og:image:type\" content=\"image\/jpeg\" \/>\n<meta name=\"author\" content=\"Victor\" \/>\n<meta name=\"twitter:card\" content=\"summary_large_image\" \/>\n<meta name=\"twitter:creator\" content=\"@indieofilo\" \/>\n<meta name=\"twitter:site\" content=\"@indieofilo\" \/>\n<meta name=\"twitter:label1\" content=\"Written by\" \/>\n\t<meta name=\"twitter:data1\" content=\"Victor\" \/>\n\t<meta name=\"twitter:label2\" content=\"Est. reading time\" \/>\n\t<meta name=\"twitter:data2\" content=\"2 minutes\" \/>\n<script type=\"application\/ld+json\" class=\"yoast-schema-graph\">{\"@context\":\"https:\/\/schema.org\",\"@graph\":[{\"@type\":\"Article\",\"@id\":\"https:\/\/www.indieofilo.com\/en\/news\/primavera-club-2017-lineup-announced#article\",\"isPartOf\":{\"@id\":\"https:\/\/www.indieofilo.com\/en\/news\/primavera-club-2017-lineup-announced\"},\"author\":{\"name\":\"Victor\",\"@id\":\"https:\/\/www.indieofilo.com\/#\/schema\/person\/595334d38590e4ce5a09f83cbf2fca90\"},\"headline\":\"Primavera Club 2017 lineup announced\",\"datePublished\":\"2017-09-05T13:27:12+00:00\",\"dateModified\":\"2023-09-01T16:31:56+00:00\",\"mainEntityOfPage\":{\"@id\":\"https:\/\/www.indieofilo.com\/en\/news\/primavera-club-2017-lineup-announced\"},\"wordCount\":251,\"commentCount\":0,\"publisher\":{\"@id\":\"https:\/\/www.indieofilo.com\/#organization\"},\"image\":{\"@id\":\"https:\/\/www.indieofilo.com\/en\/news\/primavera-club-2017-lineup-announced#primaryimage\"},\"thumbnailUrl\":\"https:\/\/www.indieofilo.com\/wp-content\/uploads\/2017\/09\/PrimaveraClub2017.jpg\",\"keywords\":[\"Aloha Bennets\",\"Amber Coffman\",\"Blanck Mass\",\"Dirty Projectors\",\"FAVX\",\"Fuck Buttons\",\"Gabriel Garz\u00f3n-Montano\",\"Primavera Club\",\"Primavera Club 2017\",\"St. Woods\",\"Vulk\"],\"articleSection\":[\"Live Shows\",\"News\"],\"inLanguage\":\"en-US\",\"potentialAction\":[{\"@type\":\"CommentAction\",\"name\":\"Comment\",\"target\":[\"https:\/\/www.indieofilo.com\/en\/news\/primavera-club-2017-lineup-announced#respond\"]}]},{\"@type\":\"WebPage\",\"@id\":\"https:\/\/www.indieofilo.com\/en\/news\/primavera-club-2017-lineup-announced\",\"url\":\"https:\/\/www.indieofilo.com\/en\/news\/primavera-club-2017-lineup-announced\",\"name\":\"Primavera Club 2017 lineup announced - Indie\u00f3filo\",\"isPartOf\":{\"@id\":\"https:\/\/www.indieofilo.com\/#website\"},\"primaryImageOfPage\":{\"@id\":\"https:\/\/www.indieofilo.com\/en\/news\/primavera-club-2017-lineup-announced#primaryimage\"},\"image\":{\"@id\":\"https:\/\/www.indieofilo.com\/en\/news\/primavera-club-2017-lineup-announced#primaryimage\"},\"thumbnailUrl\":\"https:\/\/www.indieofilo.com\/wp-content\/uploads\/2017\/09\/PrimaveraClub2017.jpg\",\"datePublished\":\"2017-09-05T13:27:12+00:00\",\"dateModified\":\"2023-09-01T16:31:56+00:00\",\"description\":\"Primavera Club 2017 will be held from 20 to 22 October in Barcelona and Madrid. It will have Amber Coffman and Blanck Mass as main names.\",\"breadcrumb\":{\"@id\":\"https:\/\/www.indieofilo.com\/en\/news\/primavera-club-2017-lineup-announced#breadcrumb\"},\"inLanguage\":\"en-US\",\"potentialAction\":[{\"@type\":\"ReadAction\",\"target\":[\"https:\/\/www.indieofilo.com\/en\/news\/primavera-club-2017-lineup-announced\"]}]},{\"@type\":\"ImageObject\",\"inLanguage\":\"en-US\",\"@id\":\"https:\/\/www.indieofilo.com\/en\/news\/primavera-club-2017-lineup-announced#primaryimage\",\"url\":\"https:\/\/www.indieofilo.com\/wp-content\/uploads\/2017\/09\/PrimaveraClub2017.jpg\",\"contentUrl\":\"https:\/\/www.indieofilo.com\/wp-content\/uploads\/2017\/09\/PrimaveraClub2017.jpg\",\"width\":424,\"height\":600},{\"@type\":\"BreadcrumbList\",\"@id\":\"https:\/\/www.indieofilo.com\/en\/news\/primavera-club-2017-lineup-announced#breadcrumb\",\"itemListElement\":[{\"@type\":\"ListItem\",\"position\":1,\"name\":\"Portada\",\"item\":\"https:\/\/www.indieofilo.com\/en\"},{\"@type\":\"ListItem\",\"position\":2,\"name\":\"Primavera Club 2017 lineup announced\"}]},{\"@type\":\"WebSite\",\"@id\":\"https:\/\/www.indieofilo.com\/#website\",\"url\":\"https:\/\/www.indieofilo.com\/\",\"name\":\"Indie\u00f3filo\",\"description\":\"Magazine online de la cultura independiente\",\"publisher\":{\"@id\":\"https:\/\/www.indieofilo.com\/#organization\"},\"potentialAction\":[{\"@type\":\"SearchAction\",\"target\":{\"@type\":\"EntryPoint\",\"urlTemplate\":\"https:\/\/www.indieofilo.com\/?s={search_term_string}\"},\"query-input\":{\"@type\":\"PropertyValueSpecification\",\"valueRequired\":true,\"valueName\":\"search_term_string\"}}],\"inLanguage\":\"en-US\"},{\"@type\":\"Organization\",\"@id\":\"https:\/\/www.indieofilo.com\/#organization\",\"name\":\"Indie\u00f3filo Web\",\"url\":\"https:\/\/www.indieofilo.com\/\",\"logo\":{\"@type\":\"ImageObject\",\"inLanguage\":\"en-US\",\"@id\":\"https:\/\/www.indieofilo.com\/#\/schema\/logo\/image\/\",\"url\":\"https:\/\/www.indieofilo.com\/wp-content\/uploads\/2015\/02\/logo-alta-resolucion.png\",\"contentUrl\":\"https:\/\/www.indieofilo.com\/wp-content\/uploads\/2015\/02\/logo-alta-resolucion.png\",\"width\":544,\"height\":185,\"caption\":\"Indie\u00f3filo Web\"},\"image\":{\"@id\":\"https:\/\/www.indieofilo.com\/#\/schema\/logo\/image\/\"},\"sameAs\":[\"https:\/\/www.facebook.com\/Indieofilo\/\",\"https:\/\/x.com\/indieofilo\",\"https:\/\/www.instagram.com\/indieofilo\/\"]},{\"@type\":\"Person\",\"@id\":\"https:\/\/www.indieofilo.com\/#\/schema\/person\/595334d38590e4ce5a09f83cbf2fca90\",\"name\":\"Victor\",\"image\":{\"@type\":\"ImageObject\",\"inLanguage\":\"en-US\",\"@id\":\"https:\/\/www.indieofilo.com\/#\/schema\/person\/image\/\",\"url\":\"https:\/\/secure.gravatar.com\/avatar\/682b8c6ea3e94b6cffec683b25f1797d?s=96&d=mm&r=g\",\"contentUrl\":\"https:\/\/secure.gravatar.com\/avatar\/682b8c6ea3e94b6cffec683b25f1797d?s=96&d=mm&r=g\",\"caption\":\"Victor\"},\"description\":\"Fan\u00e1tico de la m\u00fasica desde que mis padres me pon\u00edan a Eydie Gorme y Los Panchos o el Discotuna por la A2. Intent\u00e9 tocar varios instrumentos, pero soy muy torpe con la mano izquierda, as\u00ed que ya sab\u00e9is el resultado final. Fan del britpop, Post-punk, el rugby y el baloncesto...\",\"sameAs\":[\"http:\/\/indieofilo.com\"],\"url\":\"https:\/\/www.indieofilo.com\/en\/author\/victor\"}]}<\/script>\n<!-- \/ Yoast SEO Premium plugin. -->","yoast_head_json":{"title":"Primavera Club 2017 lineup announced - Indie\u00f3filo","description":"Primavera Club 2017 will be held from 20 to 22 October in Barcelona and Madrid. It will have Amber Coffman and Blanck Mass as main names.","robots":{"index":"index","follow":"follow","max-snippet":"max-snippet:-1","max-image-preview":"max-image-preview:large","max-video-preview":"max-video-preview:-1"},"canonical":"https:\/\/www.indieofilo.com\/en\/news\/primavera-club-2017-lineup-announced","og_locale":"en_US","og_type":"article","og_title":"Primavera Club 2017 lineup announced","og_description":"Primavera Club 2017 will be held from 20 to 22 October in Barcelona and Madrid. It will have Amber Coffman and Blanck Mass as main names.","og_url":"https:\/\/www.indieofilo.com\/en\/news\/primavera-club-2017-lineup-announced","og_site_name":"Indie\u00f3filo","article_publisher":"https:\/\/www.facebook.com\/Indieofilo\/","article_published_time":"2017-09-05T13:27:12+00:00","article_modified_time":"2023-09-01T16:31:56+00:00","og_image":[{"width":424,"height":600,"url":"https:\/\/www.indieofilo.com\/wp-content\/uploads\/2017\/09\/PrimaveraClub2017.jpg","type":"image\/jpeg"}],"author":"Victor","twitter_card":"summary_large_image","twitter_creator":"@indieofilo","twitter_site":"@indieofilo","twitter_misc":{"Written by":"Victor","Est. reading time":"2 minutes"},"schema":{"@context":"https:\/\/schema.org","@graph":[{"@type":"Article","@id":"https:\/\/www.indieofilo.com\/en\/news\/primavera-club-2017-lineup-announced#article","isPartOf":{"@id":"https:\/\/www.indieofilo.com\/en\/news\/primavera-club-2017-lineup-announced"},"author":{"name":"Victor","@id":"https:\/\/www.indieofilo.com\/#\/schema\/person\/595334d38590e4ce5a09f83cbf2fca90"},"headline":"Primavera Club 2017 lineup announced","datePublished":"2017-09-05T13:27:12+00:00","dateModified":"2023-09-01T16:31:56+00:00","mainEntityOfPage":{"@id":"https:\/\/www.indieofilo.com\/en\/news\/primavera-club-2017-lineup-announced"},"wordCount":251,"commentCount":0,"publisher":{"@id":"https:\/\/www.indieofilo.com\/#organization"},"image":{"@id":"https:\/\/www.indieofilo.com\/en\/news\/primavera-club-2017-lineup-announced#primaryimage"},"thumbnailUrl":"https:\/\/www.indieofilo.com\/wp-content\/uploads\/2017\/09\/PrimaveraClub2017.jpg","keywords":["Aloha Bennets","Amber Coffman","Blanck Mass","Dirty Projectors","FAVX","Fuck Buttons","Gabriel Garz\u00f3n-Montano","Primavera Club","Primavera Club 2017","St. Woods","Vulk"],"articleSection":["Live Shows","News"],"inLanguage":"en-US","potentialAction":[{"@type":"CommentAction","name":"Comment","target":["https:\/\/www.indieofilo.com\/en\/news\/primavera-club-2017-lineup-announced#respond"]}]},{"@type":"WebPage","@id":"https:\/\/www.indieofilo.com\/en\/news\/primavera-club-2017-lineup-announced","url":"https:\/\/www.indieofilo.com\/en\/news\/primavera-club-2017-lineup-announced","name":"Primavera Club 2017 lineup announced - Indie\u00f3filo","isPartOf":{"@id":"https:\/\/www.indieofilo.com\/#website"},"primaryImageOfPage":{"@id":"https:\/\/www.indieofilo.com\/en\/news\/primavera-club-2017-lineup-announced#primaryimage"},"image":{"@id":"https:\/\/www.indieofilo.com\/en\/news\/primavera-club-2017-lineup-announced#primaryimage"},"thumbnailUrl":"https:\/\/www.indieofilo.com\/wp-content\/uploads\/2017\/09\/PrimaveraClub2017.jpg","datePublished":"2017-09-05T13:27:12+00:00","dateModified":"2023-09-01T16:31:56+00:00","description":"Primavera Club 2017 will be held from 20 to 22 October in Barcelona and Madrid. It will have Amber Coffman and Blanck Mass as main names.","breadcrumb":{"@id":"https:\/\/www.indieofilo.com\/en\/news\/primavera-club-2017-lineup-announced#breadcrumb"},"inLanguage":"en-US","potentialAction":[{"@type":"ReadAction","target":["https:\/\/www.indieofilo.com\/en\/news\/primavera-club-2017-lineup-announced"]}]},{"@type":"ImageObject","inLanguage":"en-US","@id":"https:\/\/www.indieofilo.com\/en\/news\/primavera-club-2017-lineup-announced#primaryimage","url":"https:\/\/www.indieofilo.com\/wp-content\/uploads\/2017\/09\/PrimaveraClub2017.jpg","contentUrl":"https:\/\/www.indieofilo.com\/wp-content\/uploads\/2017\/09\/PrimaveraClub2017.jpg","width":424,"height":600},{"@type":"BreadcrumbList","@id":"https:\/\/www.indieofilo.com\/en\/news\/primavera-club-2017-lineup-announced#breadcrumb","itemListElement":[{"@type":"ListItem","position":1,"name":"Portada","item":"https:\/\/www.indieofilo.com\/en"},{"@type":"ListItem","position":2,"name":"Primavera Club 2017 lineup announced"}]},{"@type":"WebSite","@id":"https:\/\/www.indieofilo.com\/#website","url":"https:\/\/www.indieofilo.com\/","name":"Indie\u00f3filo","description":"Magazine online de la cultura independiente","publisher":{"@id":"https:\/\/www.indieofilo.com\/#organization"},"potentialAction":[{"@type":"SearchAction","target":{"@type":"EntryPoint","urlTemplate":"https:\/\/www.indieofilo.com\/?s={search_term_string}"},"query-input":{"@type":"PropertyValueSpecification","valueRequired":true,"valueName":"search_term_string"}}],"inLanguage":"en-US"},{"@type":"Organization","@id":"https:\/\/www.indieofilo.com\/#organization","name":"Indie\u00f3filo Web","url":"https:\/\/www.indieofilo.com\/","logo":{"@type":"ImageObject","inLanguage":"en-US","@id":"https:\/\/www.indieofilo.com\/#\/schema\/logo\/image\/","url":"https:\/\/www.indieofilo.com\/wp-content\/uploads\/2015\/02\/logo-alta-resolucion.png","contentUrl":"https:\/\/www.indieofilo.com\/wp-content\/uploads\/2015\/02\/logo-alta-resolucion.png","width":544,"height":185,"caption":"Indie\u00f3filo Web"},"image":{"@id":"https:\/\/www.indieofilo.com\/#\/schema\/logo\/image\/"},"sameAs":["https:\/\/www.facebook.com\/Indieofilo\/","https:\/\/x.com\/indieofilo","https:\/\/www.instagram.com\/indieofilo\/"]},{"@type":"Person","@id":"https:\/\/www.indieofilo.com\/#\/schema\/person\/595334d38590e4ce5a09f83cbf2fca90","name":"Victor","image":{"@type":"ImageObject","inLanguage":"en-US","@id":"https:\/\/www.indieofilo.com\/#\/schema\/person\/image\/","url":"https:\/\/secure.gravatar.com\/avatar\/682b8c6ea3e94b6cffec683b25f1797d?s=96&d=mm&r=g","contentUrl":"https:\/\/secure.gravatar.com\/avatar\/682b8c6ea3e94b6cffec683b25f1797d?s=96&d=mm&r=g","caption":"Victor"},"description":"Fan\u00e1tico de la m\u00fasica desde que mis padres me pon\u00edan a Eydie Gorme y Los Panchos o el Discotuna por la A2. Intent\u00e9 tocar varios instrumentos, pero soy muy torpe con la mano izquierda, as\u00ed que ya sab\u00e9is el resultado final. Fan del britpop, Post-punk, el rugby y el baloncesto...","sameAs":["http:\/\/indieofilo.com"],"url":"https:\/\/www.indieofilo.com\/en\/author\/victor"}]}},"_links":{"self":[{"href":"https:\/\/www.indieofilo.com\/en\/wp-json\/wp\/v2\/posts\/10432","targetHints":{"allow":["GET"]}}],"collection":[{"href":"https:\/\/www.indieofilo.com\/en\/wp-json\/wp\/v2\/posts"}],"about":[{"href":"https:\/\/www.indieofilo.com\/en\/wp-json\/wp\/v2\/types\/post"}],"author":[{"embeddable":true,"href":"https:\/\/www.indieofilo.com\/en\/wp-json\/wp\/v2\/users\/1"}],"replies":[{"embeddable":true,"href":"https:\/\/www.indieofilo.com\/en\/wp-json\/wp\/v2\/comments?post=10432"}],"version-history":[{"count":0,"href":"https:\/\/www.indieofilo.com\/en\/wp-json\/wp\/v2\/posts\/10432\/revisions"}],"wp:featuredmedia":[{"embeddable":true,"href":"https:\/\/www.indieofilo.com\/en\/wp-json\/wp\/v2\/media\/21441"}],"wp:attachment":[{"href":"https:\/\/www.indieofilo.com\/en\/wp-json\/wp\/v2\/media?parent=10432"}],"wp:term":[{"taxonomy":"category","embeddable":true,"href":"https:\/\/www.indieofilo.com\/en\/wp-json\/wp\/v2\/categories?post=10432"},{"taxonomy":"post_tag","embeddable":true,"href":"https:\/\/www.indieofilo.com\/en\/wp-json\/wp\/v2\/tags?post=10432"}],"curies":[{"name":"wp","href":"https:\/\/api.w.org\/{rel}","templated":true}]}}