{"id":1016,"date":"2015-03-02T17:28:40","date_gmt":"2015-03-02T16:28:40","guid":{"rendered":"http:\/\/testing.indieofilo.com\/?p=1016"},"modified":"2023-09-21T11:45:34","modified_gmt":"2023-09-21T09:45:34","slug":"mumford-sons-announce-more-news-about-their-new-album-wilder-mind","status":"publish","type":"post","link":"https:\/\/www.indieofilo.com\/en\/news\/mumford-sons-announce-more-news-about-their-new-album-wilder-mind","title":{"rendered":"Mumford &#038; Sons announce more news about their new album Wilder Mind"},"content":{"rendered":"<p><center><br \/>\n<img decoding=\"async\" alt=\"mumford &amp; sons - wilder mind\" src=\"\/wp-content\/uploads\/2015\/03\/mumford-sons-wilder-mind.jpg\" width=\"650\" \/><br \/>\n<\/center><\/p>\n<p style=\"text-align: justify;\">\n\t<strong>Mumford &amp; Sons<\/strong> have announced on <a href=\"http:\/\/www.rollingstone.com\/music\/features\/mumford-sons-talk-going-electric-on-new-album-wilder-mind-20150302\" target=\"_blank\" rel=\"noopener\">Rolling Stone magazine<\/a> the details of their third LP, <em>Wilder Mind<\/em>, and according to they it&rsquo;s going to sound so different from their common folk-rock style. On the interview, <strong>Marcus Mumford<\/strong> explains that the band went completely electric for the new album, which will be on stores the 4th of May via Glassnote Records. &ldquo;<em>We felt that doing the same thing, or the same instrumentation again, just wasn&rsquo;t for us<\/em>&rdquo;. It seems like this is not going to be the only change fro this new LP, because instead of Marcus full lyrical responsibility like he did on the past two albums, the band wrote most of these songs in a coperative way. The new album was produced by <strong>James Ford <\/strong>(who has also worked with the <strong>Arctic Monkeys, Florence + The Machine<\/strong> and <strong>HAIM<\/strong>, among others) and was recorded in Texas, London and the studio that <strong>Aaron Dessner<\/strong> from <strong>The National<\/strong> has in Brooklyn.<br \/>\nThe tracklist of the LP will be:<\/p>\n<p style=\"text-align: center;\">\n\t01 &ldquo;Tompkins Square Park&rdquo;<br \/>\n02 &ldquo;Believe&rdquo;<br \/>\n03 &ldquo;The Wolf&rdquo;<br \/>\n04 &ldquo;Wilder Mind&rdquo;<br \/>\n05 &ldquo;Just Smoke&rdquo;<br \/>\n06 &ldquo;Monster&rdquo;<br \/>\n07 &ldquo;Snake Eyes&rdquo;<br \/>\n08 &ldquo;Broad-Shouldered Beasts&rdquo;<br \/>\n09 &ldquo;Cold Arms&rdquo;<br \/>\n10 &ldquo;Ditmas&rdquo;<br \/>\n11 &ldquo;Only Love&rdquo;<br \/>\n12 &ldquo;Hot Gates&rdquo;<\/p>\n","protected":false},"excerpt":{"rendered":"<p>Mumford &amp; Sons have announced on Rolling Stone magazine the details of their third LP, Wilder Mind, and according to they it&rsquo;s going to sound so different from their common folk-rock style. On the interview, Marcus Mumford explains that the band went completely electric for the new album, which will be on stores the 4th [&hellip;]<\/p>\n","protected":false},"author":1,"featured_media":18070,"comment_status":"closed","ping_status":"closed","sticky":false,"template":"","format":"standard","meta":{"footnotes":""},"categories":[42,8],"tags":[5685],"class_list":["post-1016","post","type-post","status-publish","format-standard","has-post-thumbnail","hentry","category-music","category-news","tag-mumford-sons-en"],"yoast_head":"<!-- This site is optimized with the Yoast SEO Premium plugin v23.9 (Yoast SEO v26.6) - https:\/\/yoast.com\/wordpress\/plugins\/seo\/ -->\n<title>Mumford &amp; Sons announce more news about their new album Wilder Mind - Indie\u00f3filo<\/title>\n<meta name=\"robots\" content=\"index, follow, max-snippet:-1, max-image-preview:large, max-video-preview:-1\" \/>\n<link rel=\"canonical\" href=\"https:\/\/www.indieofilo.com\/en\/news\/mumford-sons-announce-more-news-about-their-new-album-wilder-mind\" \/>\n<meta property=\"og:locale\" content=\"en_US\" \/>\n<meta property=\"og:type\" content=\"article\" \/>\n<meta property=\"og:title\" content=\"Mumford &amp; Sons announce more news about their new album Wilder Mind\" \/>\n<meta property=\"og:description\" content=\"Mumford &amp; Sons have announced on Rolling Stone magazine the details of their third LP, Wilder Mind, and according to they it&rsquo;s going to sound so different from their common folk-rock style. On the interview, Marcus Mumford explains that the band went completely electric for the new album, which will be on stores the 4th [&hellip;]\" \/>\n<meta property=\"og:url\" content=\"https:\/\/www.indieofilo.com\/en\/news\/mumford-sons-announce-more-news-about-their-new-album-wilder-mind\" \/>\n<meta property=\"og:site_name\" content=\"Indie\u00f3filo\" \/>\n<meta property=\"article:publisher\" content=\"https:\/\/www.facebook.com\/Indieofilo\/\" \/>\n<meta property=\"article:published_time\" content=\"2015-03-02T16:28:40+00:00\" \/>\n<meta property=\"article:modified_time\" content=\"2023-09-21T09:45:34+00:00\" \/>\n<meta property=\"og:image\" content=\"https:\/\/www.indieofilo.com\/wp-content\/uploads\/2015\/03\/mumford-sons-wilder-mind.jpg\" \/>\n\t<meta property=\"og:image:width\" content=\"650\" \/>\n\t<meta property=\"og:image:height\" content=\"287\" \/>\n\t<meta property=\"og:image:type\" content=\"image\/jpeg\" \/>\n<meta name=\"author\" content=\"Victor\" \/>\n<meta name=\"twitter:card\" content=\"summary_large_image\" \/>\n<meta name=\"twitter:creator\" content=\"@indieofilo\" \/>\n<meta name=\"twitter:site\" content=\"@indieofilo\" \/>\n<meta name=\"twitter:label1\" content=\"Written by\" \/>\n\t<meta name=\"twitter:data1\" content=\"Victor\" \/>\n\t<meta name=\"twitter:label2\" content=\"Est. reading time\" \/>\n\t<meta name=\"twitter:data2\" content=\"2 minutes\" \/>\n<script type=\"application\/ld+json\" class=\"yoast-schema-graph\">{\"@context\":\"https:\/\/schema.org\",\"@graph\":[{\"@type\":\"Article\",\"@id\":\"https:\/\/www.indieofilo.com\/en\/news\/mumford-sons-announce-more-news-about-their-new-album-wilder-mind#article\",\"isPartOf\":{\"@id\":\"https:\/\/www.indieofilo.com\/en\/news\/mumford-sons-announce-more-news-about-their-new-album-wilder-mind\"},\"author\":{\"name\":\"Victor\",\"@id\":\"https:\/\/www.indieofilo.com\/#\/schema\/person\/595334d38590e4ce5a09f83cbf2fca90\"},\"headline\":\"Mumford &#038; Sons announce more news about their new album Wilder Mind\",\"datePublished\":\"2015-03-02T16:28:40+00:00\",\"dateModified\":\"2023-09-21T09:45:34+00:00\",\"mainEntityOfPage\":{\"@id\":\"https:\/\/www.indieofilo.com\/en\/news\/mumford-sons-announce-more-news-about-their-new-album-wilder-mind\"},\"wordCount\":229,\"publisher\":{\"@id\":\"https:\/\/www.indieofilo.com\/#organization\"},\"image\":{\"@id\":\"https:\/\/www.indieofilo.com\/en\/news\/mumford-sons-announce-more-news-about-their-new-album-wilder-mind#primaryimage\"},\"thumbnailUrl\":\"https:\/\/www.indieofilo.com\/wp-content\/uploads\/2015\/03\/mumford-sons-wilder-mind.jpg\",\"keywords\":[\"Mumford &amp; Sons\"],\"articleSection\":[\"Music\",\"News\"],\"inLanguage\":\"en-US\"},{\"@type\":\"WebPage\",\"@id\":\"https:\/\/www.indieofilo.com\/en\/news\/mumford-sons-announce-more-news-about-their-new-album-wilder-mind\",\"url\":\"https:\/\/www.indieofilo.com\/en\/news\/mumford-sons-announce-more-news-about-their-new-album-wilder-mind\",\"name\":\"Mumford & Sons announce more news about their new album Wilder Mind - Indie\u00f3filo\",\"isPartOf\":{\"@id\":\"https:\/\/www.indieofilo.com\/#website\"},\"primaryImageOfPage\":{\"@id\":\"https:\/\/www.indieofilo.com\/en\/news\/mumford-sons-announce-more-news-about-their-new-album-wilder-mind#primaryimage\"},\"image\":{\"@id\":\"https:\/\/www.indieofilo.com\/en\/news\/mumford-sons-announce-more-news-about-their-new-album-wilder-mind#primaryimage\"},\"thumbnailUrl\":\"https:\/\/www.indieofilo.com\/wp-content\/uploads\/2015\/03\/mumford-sons-wilder-mind.jpg\",\"datePublished\":\"2015-03-02T16:28:40+00:00\",\"dateModified\":\"2023-09-21T09:45:34+00:00\",\"breadcrumb\":{\"@id\":\"https:\/\/www.indieofilo.com\/en\/news\/mumford-sons-announce-more-news-about-their-new-album-wilder-mind#breadcrumb\"},\"inLanguage\":\"en-US\",\"potentialAction\":[{\"@type\":\"ReadAction\",\"target\":[\"https:\/\/www.indieofilo.com\/en\/news\/mumford-sons-announce-more-news-about-their-new-album-wilder-mind\"]}]},{\"@type\":\"ImageObject\",\"inLanguage\":\"en-US\",\"@id\":\"https:\/\/www.indieofilo.com\/en\/news\/mumford-sons-announce-more-news-about-their-new-album-wilder-mind#primaryimage\",\"url\":\"https:\/\/www.indieofilo.com\/wp-content\/uploads\/2015\/03\/mumford-sons-wilder-mind.jpg\",\"contentUrl\":\"https:\/\/www.indieofilo.com\/wp-content\/uploads\/2015\/03\/mumford-sons-wilder-mind.jpg\",\"width\":650,\"height\":287},{\"@type\":\"BreadcrumbList\",\"@id\":\"https:\/\/www.indieofilo.com\/en\/news\/mumford-sons-announce-more-news-about-their-new-album-wilder-mind#breadcrumb\",\"itemListElement\":[{\"@type\":\"ListItem\",\"position\":1,\"name\":\"Portada\",\"item\":\"https:\/\/www.indieofilo.com\/en\"},{\"@type\":\"ListItem\",\"position\":2,\"name\":\"Mumford &#038; Sons announce more news about their new album Wilder Mind\"}]},{\"@type\":\"WebSite\",\"@id\":\"https:\/\/www.indieofilo.com\/#website\",\"url\":\"https:\/\/www.indieofilo.com\/\",\"name\":\"Indie\u00f3filo\",\"description\":\"Magazine online de la cultura independiente\",\"publisher\":{\"@id\":\"https:\/\/www.indieofilo.com\/#organization\"},\"potentialAction\":[{\"@type\":\"SearchAction\",\"target\":{\"@type\":\"EntryPoint\",\"urlTemplate\":\"https:\/\/www.indieofilo.com\/?s={search_term_string}\"},\"query-input\":{\"@type\":\"PropertyValueSpecification\",\"valueRequired\":true,\"valueName\":\"search_term_string\"}}],\"inLanguage\":\"en-US\"},{\"@type\":\"Organization\",\"@id\":\"https:\/\/www.indieofilo.com\/#organization\",\"name\":\"Indie\u00f3filo Web\",\"url\":\"https:\/\/www.indieofilo.com\/\",\"logo\":{\"@type\":\"ImageObject\",\"inLanguage\":\"en-US\",\"@id\":\"https:\/\/www.indieofilo.com\/#\/schema\/logo\/image\/\",\"url\":\"https:\/\/www.indieofilo.com\/wp-content\/uploads\/2015\/02\/logo-alta-resolucion.png\",\"contentUrl\":\"https:\/\/www.indieofilo.com\/wp-content\/uploads\/2015\/02\/logo-alta-resolucion.png\",\"width\":544,\"height\":185,\"caption\":\"Indie\u00f3filo Web\"},\"image\":{\"@id\":\"https:\/\/www.indieofilo.com\/#\/schema\/logo\/image\/\"},\"sameAs\":[\"https:\/\/www.facebook.com\/Indieofilo\/\",\"https:\/\/x.com\/indieofilo\",\"https:\/\/www.instagram.com\/indieofilo\/\"]},{\"@type\":\"Person\",\"@id\":\"https:\/\/www.indieofilo.com\/#\/schema\/person\/595334d38590e4ce5a09f83cbf2fca90\",\"name\":\"Victor\",\"image\":{\"@type\":\"ImageObject\",\"inLanguage\":\"en-US\",\"@id\":\"https:\/\/www.indieofilo.com\/#\/schema\/person\/image\/\",\"url\":\"https:\/\/secure.gravatar.com\/avatar\/682b8c6ea3e94b6cffec683b25f1797d?s=96&d=mm&r=g\",\"contentUrl\":\"https:\/\/secure.gravatar.com\/avatar\/682b8c6ea3e94b6cffec683b25f1797d?s=96&d=mm&r=g\",\"caption\":\"Victor\"},\"description\":\"Fan\u00e1tico de la m\u00fasica desde que mis padres me pon\u00edan a Eydie Gorme y Los Panchos o el Discotuna por la A2. Intent\u00e9 tocar varios instrumentos, pero soy muy torpe con la mano izquierda, as\u00ed que ya sab\u00e9is el resultado final. Fan del britpop, Post-punk, el rugby y el baloncesto...\",\"sameAs\":[\"http:\/\/indieofilo.com\"],\"url\":\"https:\/\/www.indieofilo.com\/en\/author\/victor\"}]}<\/script>\n<!-- \/ Yoast SEO Premium plugin. -->","yoast_head_json":{"title":"Mumford & Sons announce more news about their new album Wilder Mind - Indie\u00f3filo","robots":{"index":"index","follow":"follow","max-snippet":"max-snippet:-1","max-image-preview":"max-image-preview:large","max-video-preview":"max-video-preview:-1"},"canonical":"https:\/\/www.indieofilo.com\/en\/news\/mumford-sons-announce-more-news-about-their-new-album-wilder-mind","og_locale":"en_US","og_type":"article","og_title":"Mumford & Sons announce more news about their new album Wilder Mind","og_description":"Mumford &amp; Sons have announced on Rolling Stone magazine the details of their third LP, Wilder Mind, and according to they it&rsquo;s going to sound so different from their common folk-rock style. On the interview, Marcus Mumford explains that the band went completely electric for the new album, which will be on stores the 4th [&hellip;]","og_url":"https:\/\/www.indieofilo.com\/en\/news\/mumford-sons-announce-more-news-about-their-new-album-wilder-mind","og_site_name":"Indie\u00f3filo","article_publisher":"https:\/\/www.facebook.com\/Indieofilo\/","article_published_time":"2015-03-02T16:28:40+00:00","article_modified_time":"2023-09-21T09:45:34+00:00","og_image":[{"width":650,"height":287,"url":"https:\/\/www.indieofilo.com\/wp-content\/uploads\/2015\/03\/mumford-sons-wilder-mind.jpg","type":"image\/jpeg"}],"author":"Victor","twitter_card":"summary_large_image","twitter_creator":"@indieofilo","twitter_site":"@indieofilo","twitter_misc":{"Written by":"Victor","Est. reading time":"2 minutes"},"schema":{"@context":"https:\/\/schema.org","@graph":[{"@type":"Article","@id":"https:\/\/www.indieofilo.com\/en\/news\/mumford-sons-announce-more-news-about-their-new-album-wilder-mind#article","isPartOf":{"@id":"https:\/\/www.indieofilo.com\/en\/news\/mumford-sons-announce-more-news-about-their-new-album-wilder-mind"},"author":{"name":"Victor","@id":"https:\/\/www.indieofilo.com\/#\/schema\/person\/595334d38590e4ce5a09f83cbf2fca90"},"headline":"Mumford &#038; Sons announce more news about their new album Wilder Mind","datePublished":"2015-03-02T16:28:40+00:00","dateModified":"2023-09-21T09:45:34+00:00","mainEntityOfPage":{"@id":"https:\/\/www.indieofilo.com\/en\/news\/mumford-sons-announce-more-news-about-their-new-album-wilder-mind"},"wordCount":229,"publisher":{"@id":"https:\/\/www.indieofilo.com\/#organization"},"image":{"@id":"https:\/\/www.indieofilo.com\/en\/news\/mumford-sons-announce-more-news-about-their-new-album-wilder-mind#primaryimage"},"thumbnailUrl":"https:\/\/www.indieofilo.com\/wp-content\/uploads\/2015\/03\/mumford-sons-wilder-mind.jpg","keywords":["Mumford &amp; Sons"],"articleSection":["Music","News"],"inLanguage":"en-US"},{"@type":"WebPage","@id":"https:\/\/www.indieofilo.com\/en\/news\/mumford-sons-announce-more-news-about-their-new-album-wilder-mind","url":"https:\/\/www.indieofilo.com\/en\/news\/mumford-sons-announce-more-news-about-their-new-album-wilder-mind","name":"Mumford & Sons announce more news about their new album Wilder Mind - Indie\u00f3filo","isPartOf":{"@id":"https:\/\/www.indieofilo.com\/#website"},"primaryImageOfPage":{"@id":"https:\/\/www.indieofilo.com\/en\/news\/mumford-sons-announce-more-news-about-their-new-album-wilder-mind#primaryimage"},"image":{"@id":"https:\/\/www.indieofilo.com\/en\/news\/mumford-sons-announce-more-news-about-their-new-album-wilder-mind#primaryimage"},"thumbnailUrl":"https:\/\/www.indieofilo.com\/wp-content\/uploads\/2015\/03\/mumford-sons-wilder-mind.jpg","datePublished":"2015-03-02T16:28:40+00:00","dateModified":"2023-09-21T09:45:34+00:00","breadcrumb":{"@id":"https:\/\/www.indieofilo.com\/en\/news\/mumford-sons-announce-more-news-about-their-new-album-wilder-mind#breadcrumb"},"inLanguage":"en-US","potentialAction":[{"@type":"ReadAction","target":["https:\/\/www.indieofilo.com\/en\/news\/mumford-sons-announce-more-news-about-their-new-album-wilder-mind"]}]},{"@type":"ImageObject","inLanguage":"en-US","@id":"https:\/\/www.indieofilo.com\/en\/news\/mumford-sons-announce-more-news-about-their-new-album-wilder-mind#primaryimage","url":"https:\/\/www.indieofilo.com\/wp-content\/uploads\/2015\/03\/mumford-sons-wilder-mind.jpg","contentUrl":"https:\/\/www.indieofilo.com\/wp-content\/uploads\/2015\/03\/mumford-sons-wilder-mind.jpg","width":650,"height":287},{"@type":"BreadcrumbList","@id":"https:\/\/www.indieofilo.com\/en\/news\/mumford-sons-announce-more-news-about-their-new-album-wilder-mind#breadcrumb","itemListElement":[{"@type":"ListItem","position":1,"name":"Portada","item":"https:\/\/www.indieofilo.com\/en"},{"@type":"ListItem","position":2,"name":"Mumford &#038; Sons announce more news about their new album Wilder Mind"}]},{"@type":"WebSite","@id":"https:\/\/www.indieofilo.com\/#website","url":"https:\/\/www.indieofilo.com\/","name":"Indie\u00f3filo","description":"Magazine online de la cultura independiente","publisher":{"@id":"https:\/\/www.indieofilo.com\/#organization"},"potentialAction":[{"@type":"SearchAction","target":{"@type":"EntryPoint","urlTemplate":"https:\/\/www.indieofilo.com\/?s={search_term_string}"},"query-input":{"@type":"PropertyValueSpecification","valueRequired":true,"valueName":"search_term_string"}}],"inLanguage":"en-US"},{"@type":"Organization","@id":"https:\/\/www.indieofilo.com\/#organization","name":"Indie\u00f3filo Web","url":"https:\/\/www.indieofilo.com\/","logo":{"@type":"ImageObject","inLanguage":"en-US","@id":"https:\/\/www.indieofilo.com\/#\/schema\/logo\/image\/","url":"https:\/\/www.indieofilo.com\/wp-content\/uploads\/2015\/02\/logo-alta-resolucion.png","contentUrl":"https:\/\/www.indieofilo.com\/wp-content\/uploads\/2015\/02\/logo-alta-resolucion.png","width":544,"height":185,"caption":"Indie\u00f3filo Web"},"image":{"@id":"https:\/\/www.indieofilo.com\/#\/schema\/logo\/image\/"},"sameAs":["https:\/\/www.facebook.com\/Indieofilo\/","https:\/\/x.com\/indieofilo","https:\/\/www.instagram.com\/indieofilo\/"]},{"@type":"Person","@id":"https:\/\/www.indieofilo.com\/#\/schema\/person\/595334d38590e4ce5a09f83cbf2fca90","name":"Victor","image":{"@type":"ImageObject","inLanguage":"en-US","@id":"https:\/\/www.indieofilo.com\/#\/schema\/person\/image\/","url":"https:\/\/secure.gravatar.com\/avatar\/682b8c6ea3e94b6cffec683b25f1797d?s=96&d=mm&r=g","contentUrl":"https:\/\/secure.gravatar.com\/avatar\/682b8c6ea3e94b6cffec683b25f1797d?s=96&d=mm&r=g","caption":"Victor"},"description":"Fan\u00e1tico de la m\u00fasica desde que mis padres me pon\u00edan a Eydie Gorme y Los Panchos o el Discotuna por la A2. Intent\u00e9 tocar varios instrumentos, pero soy muy torpe con la mano izquierda, as\u00ed que ya sab\u00e9is el resultado final. Fan del britpop, Post-punk, el rugby y el baloncesto...","sameAs":["http:\/\/indieofilo.com"],"url":"https:\/\/www.indieofilo.com\/en\/author\/victor"}]}},"_links":{"self":[{"href":"https:\/\/www.indieofilo.com\/en\/wp-json\/wp\/v2\/posts\/1016","targetHints":{"allow":["GET"]}}],"collection":[{"href":"https:\/\/www.indieofilo.com\/en\/wp-json\/wp\/v2\/posts"}],"about":[{"href":"https:\/\/www.indieofilo.com\/en\/wp-json\/wp\/v2\/types\/post"}],"author":[{"embeddable":true,"href":"https:\/\/www.indieofilo.com\/en\/wp-json\/wp\/v2\/users\/1"}],"replies":[{"embeddable":true,"href":"https:\/\/www.indieofilo.com\/en\/wp-json\/wp\/v2\/comments?post=1016"}],"version-history":[{"count":0,"href":"https:\/\/www.indieofilo.com\/en\/wp-json\/wp\/v2\/posts\/1016\/revisions"}],"wp:featuredmedia":[{"embeddable":true,"href":"https:\/\/www.indieofilo.com\/en\/wp-json\/wp\/v2\/media\/18070"}],"wp:attachment":[{"href":"https:\/\/www.indieofilo.com\/en\/wp-json\/wp\/v2\/media?parent=1016"}],"wp:term":[{"taxonomy":"category","embeddable":true,"href":"https:\/\/www.indieofilo.com\/en\/wp-json\/wp\/v2\/categories?post=1016"},{"taxonomy":"post_tag","embeddable":true,"href":"https:\/\/www.indieofilo.com\/en\/wp-json\/wp\/v2\/tags?post=1016"}],"curies":[{"name":"wp","href":"https:\/\/api.w.org\/{rel}","templated":true}]}}