{"id":10129,"date":"2017-07-12T11:26:41","date_gmt":"2017-07-12T09:26:41","guid":{"rendered":"http:\/\/indieofilo.com\/?p=10129"},"modified":"2023-09-01T19:27:04","modified_gmt":"2023-09-01T17:27:04","slug":"metz-announces-new-album-and-2017-world-tour","status":"publish","type":"post","link":"https:\/\/www.indieofilo.com\/en\/news\/metz-announces-new-album-and-2017-world-tour","title":{"rendered":"METZ announces new album and 2017 World tour"},"content":{"rendered":"<p style=\"text-align: justify;\">The Canadian band <strong>METZ<\/strong> have announced that their new LP <em>Strange Peace<\/em> will be released on September 22 through Sub Pop Records. The first single &#8220;<em>Cellophane<\/em>&#8221; was already premiered toghether with the tracklist and you can listen it up these lines.<\/p>\n<p style=\"text-align: center;\"><u><strong>Strange Peace Tracklist<\/strong><\/u><br \/>\n01. Mess of Wires<br \/>\n02. Drained Lake<br \/>\n03. Cellophane<br \/>\n04. Caterpillar<br \/>\n05. Lost in the Blank City<br \/>\n06. Mr. Plague<br \/>\n07. Sink<br \/>\n08. Common Trash<br \/>\n09. Escalator Teeth<br \/>\n10. Dig a Hole<br \/>\n11. Raw Materials<\/p>\n<p style=\"text-align: justify;\">They have also announced a World tour that will start in Malaga (Spain) the 5th of August with Protomartyr, SUUNS or Uniform as special guests depending on the city. Here you are the dates of the tour.<\/p>\n<p style=\"text-align: center;\"><u><strong>World Tour METZ 2017<\/strong><\/u><\/p>\n<p style=\"text-align: center;\">August 5 \u2013 Malaga, Spain \u2013 Canela Party<br \/>\nSeptember 6 \u2013 Atlanta, GA \u2013 529<br \/>\nSeptember 7-10 \u2013 Raleigh, NC \u2013 Hopscotch Festival<br \/>\nSeptember 25 \u2013 Chicago, IL \u2013 Thalia Hall<br \/>\nSeptember 29 \u2013 Toronto, ON \u2013 Lee\u2019s Palace w\/ SUUNS<br \/>\nSeptember 30 \u2013 Toronto, ON \u2013 Lee\u2019s Palace w\/ SUUNS<br \/>\nOctober 2 \u2013 Boston, MA \u2013 Sinclair w\/ Uniform<br \/>\nOctober 3 \u2013 Philadelphia, PA \u2013 First Unitarian Church w\/ Uniform<br \/>\nOctober 4 \u2013 Brooklyn, NY \u2013 Music Hall of Williamsburg w\/ Uniform<br \/>\nOctober 5 \u2013 New York, NY \u2013 Bowery Ballroom w\/Uniform<br \/>\nOctober 6 \u2013 Washington, DC \u2013 Rock &amp; Roll Hotel w\/Uniform<br \/>\nOctober 8 \u2013 Montreal, QC \u2013 Sala Rosa w\/ Uniform<br \/>\nNovember 2 \u2013 Prague, CZ \u2013 Futurum w\/ Protomartyr<br \/>\nNovember 3 \u2013 Wroclaw, Poland \u2013 Klub Firlej w\/ Protomartyr<br \/>\nNovember 4 \u2013 Warsaw, Poland \u2013 Klub Hydrozagadka w\/ Protomartyr<br \/>\nNovember 6 \u2013 Berlin, Germany \u2013 Bi Nuu w\/ Protomartyr<br \/>\nNovember 7 \u2013 Copenhagen, Denmark \u2013 Loppen w\/ Protomartyr<br \/>\nNovember 8 \u2013 Hamburg, Germany \u2013 Knust w\/ Protomartyr<br \/>\nNovember 9 \u2013 Zwolle, Netherlands \u2013 Hedon<br \/>\nNovember 10 \u2013 Kortrijk, Belgium \u2013 De Kruen (Sonic City Festival)<br \/>\nNovember 12 \u2013 Le Havre, France \u2013 Le Tetris<br \/>\nNovember 14 \u2013 Nimes, France \u2013 La Paloma<br \/>\nNovember 15 \u2013 Bordeaux, France \u2013 Theatre Barbey<br \/>\nNovember 16 \u2013 Toulouse, France \u2013 Club Metronum<br \/>\nNovember 17 \u2013 Barcelona, Spain \u2013 La Apolo 2<br \/>\nNovember 18 \u2013 Madrid, Spain \u2013 Moby Dick<br \/>\nNovember 20 \u2013 Nantes, France \u2013 Theatre Barbey<br \/>\nNovember 21 \u2013 Paris, France \u2013 Le Trabendo<br \/>\nNovember 22 \u2013 London, UK \u2013 The Garage<br \/>\nNovember 23 \u2013 Bristol, UK \u2013 The Fleece<br \/>\nNovember 24 \u2013 Leeds, UK \u2013 Brudenell Social Club<br \/>\nNovember 25 \u2013 Brighton, UK \u2013 The Haunt<br \/>\nDecember 7 \u2013 Seattle, WA \u2013 Neumos<br \/>\nDecember 8 \u2013 Vancouver, BC \u2013 Cobalt<br \/>\nDecember 9 \u2013 Portland, OR \u2013 Doug Fir<br \/>\nDecember 11 \u2013 San Francisco, CA \u2013 Independent<br \/>\nDecember 12 \u2013 Los Angeles, CA \u2013 Teragram<br \/>\nDecember 13 \u2013 San Diego, CA \u2013 Casbah<br \/>\nDecember 15 \u2013 Austin, TX \u2013 Mohawk w\/ Cherubs<br \/>\nDecember 16 \u2013 Houston, TX \u2013 Studio at Warehouse Live<\/p>\n","protected":false},"excerpt":{"rendered":"<p>The Canadian band METZ have announced that their new LP Strange Peace will be released on September 22 through Sub Pop Records. The first single &#8220;Cellophane&#8221; was already premiered toghether with the tracklist and you can listen it up these lines. Strange Peace Tracklist 01. Mess of Wires 02. Drained Lake 03. Cellophane 04. Caterpillar [&hellip;]<\/p>\n","protected":false},"author":1,"featured_media":10128,"comment_status":"open","ping_status":"closed","sticky":false,"template":"","format":"video","meta":{"footnotes":""},"categories":[41,8],"tags":[4961,5255],"class_list":["post-10129","post","type-post","status-publish","format-video","has-post-thumbnail","hentry","category-live-shows","category-news","tag-barcelona-en","tag-metz-en","post_format-post-format-video"],"yoast_head":"<!-- This site is optimized with the Yoast SEO Premium plugin v23.9 (Yoast SEO v26.6) - https:\/\/yoast.com\/wordpress\/plugins\/seo\/ -->\n<title>METZ announces new album and 2017 World tour - Indie\u00f3filo<\/title>\n<meta name=\"description\" content=\"The Canadian band METZ have announced that their new LP Strange Peace will be released on September 22 through Sub Pop Records and a World Tour.\" \/>\n<meta name=\"robots\" content=\"index, follow, max-snippet:-1, max-image-preview:large, max-video-preview:-1\" \/>\n<link rel=\"canonical\" href=\"https:\/\/www.indieofilo.com\/en\/news\/metz-announces-new-album-and-2017-world-tour\" \/>\n<meta property=\"og:locale\" content=\"en_US\" \/>\n<meta property=\"og:type\" content=\"article\" \/>\n<meta property=\"og:title\" content=\"METZ announces new album and 2017 World tour\" \/>\n<meta property=\"og:description\" content=\"The Canadian band METZ have announced that their new LP Strange Peace will be released on September 22 through Sub Pop Records and a World Tour.\" \/>\n<meta property=\"og:url\" content=\"https:\/\/www.indieofilo.com\/en\/news\/metz-announces-new-album-and-2017-world-tour\" \/>\n<meta property=\"og:site_name\" content=\"Indie\u00f3filo\" \/>\n<meta property=\"article:publisher\" content=\"https:\/\/www.facebook.com\/Indieofilo\/\" \/>\n<meta property=\"article:published_time\" content=\"2017-07-12T09:26:41+00:00\" \/>\n<meta property=\"article:modified_time\" content=\"2023-09-01T17:27:04+00:00\" \/>\n<meta property=\"og:image\" content=\"https:\/\/www.indieofilo.com\/wp-content\/uploads\/2017\/07\/metz-anuncian-nuevo-disco-y-gira.jpg\" \/>\n\t<meta property=\"og:image:width\" content=\"1280\" \/>\n\t<meta property=\"og:image:height\" content=\"720\" \/>\n\t<meta property=\"og:image:type\" content=\"image\/jpeg\" \/>\n<meta name=\"author\" content=\"Victor\" \/>\n<meta name=\"twitter:card\" content=\"summary_large_image\" \/>\n<meta name=\"twitter:creator\" content=\"@indieofilo\" \/>\n<meta name=\"twitter:site\" content=\"@indieofilo\" \/>\n<meta name=\"twitter:label1\" content=\"Written by\" \/>\n\t<meta name=\"twitter:data1\" content=\"Victor\" \/>\n\t<meta name=\"twitter:label2\" content=\"Est. reading time\" \/>\n\t<meta name=\"twitter:data2\" content=\"2 minutes\" \/>\n<script type=\"application\/ld+json\" class=\"yoast-schema-graph\">{\"@context\":\"https:\/\/schema.org\",\"@graph\":[{\"@type\":\"Article\",\"@id\":\"https:\/\/www.indieofilo.com\/en\/news\/metz-announces-new-album-and-2017-world-tour#article\",\"isPartOf\":{\"@id\":\"https:\/\/www.indieofilo.com\/en\/news\/metz-announces-new-album-and-2017-world-tour\"},\"author\":{\"name\":\"Victor\",\"@id\":\"https:\/\/www.indieofilo.com\/#\/schema\/person\/595334d38590e4ce5a09f83cbf2fca90\"},\"headline\":\"METZ announces new album and 2017 World tour\",\"datePublished\":\"2017-07-12T09:26:41+00:00\",\"dateModified\":\"2023-09-01T17:27:04+00:00\",\"mainEntityOfPage\":{\"@id\":\"https:\/\/www.indieofilo.com\/en\/news\/metz-announces-new-album-and-2017-world-tour\"},\"wordCount\":350,\"commentCount\":0,\"publisher\":{\"@id\":\"https:\/\/www.indieofilo.com\/#organization\"},\"image\":{\"@id\":\"https:\/\/www.indieofilo.com\/en\/news\/metz-announces-new-album-and-2017-world-tour#primaryimage\"},\"thumbnailUrl\":\"https:\/\/www.indieofilo.com\/wp-content\/uploads\/2017\/07\/metz-anuncian-nuevo-disco-y-gira.jpg\",\"keywords\":[\"Barcelona\",\"METZ\"],\"articleSection\":[\"Live Shows\",\"News\"],\"inLanguage\":\"en-US\",\"potentialAction\":[{\"@type\":\"CommentAction\",\"name\":\"Comment\",\"target\":[\"https:\/\/www.indieofilo.com\/en\/news\/metz-announces-new-album-and-2017-world-tour#respond\"]}]},{\"@type\":\"WebPage\",\"@id\":\"https:\/\/www.indieofilo.com\/en\/news\/metz-announces-new-album-and-2017-world-tour\",\"url\":\"https:\/\/www.indieofilo.com\/en\/news\/metz-announces-new-album-and-2017-world-tour\",\"name\":\"METZ announces new album and 2017 World tour - Indie\u00f3filo\",\"isPartOf\":{\"@id\":\"https:\/\/www.indieofilo.com\/#website\"},\"primaryImageOfPage\":{\"@id\":\"https:\/\/www.indieofilo.com\/en\/news\/metz-announces-new-album-and-2017-world-tour#primaryimage\"},\"image\":{\"@id\":\"https:\/\/www.indieofilo.com\/en\/news\/metz-announces-new-album-and-2017-world-tour#primaryimage\"},\"thumbnailUrl\":\"https:\/\/www.indieofilo.com\/wp-content\/uploads\/2017\/07\/metz-anuncian-nuevo-disco-y-gira.jpg\",\"datePublished\":\"2017-07-12T09:26:41+00:00\",\"dateModified\":\"2023-09-01T17:27:04+00:00\",\"description\":\"The Canadian band METZ have announced that their new LP Strange Peace will be released on September 22 through Sub Pop Records and a World Tour.\",\"breadcrumb\":{\"@id\":\"https:\/\/www.indieofilo.com\/en\/news\/metz-announces-new-album-and-2017-world-tour#breadcrumb\"},\"inLanguage\":\"en-US\",\"potentialAction\":[{\"@type\":\"ReadAction\",\"target\":[\"https:\/\/www.indieofilo.com\/en\/news\/metz-announces-new-album-and-2017-world-tour\"]}]},{\"@type\":\"ImageObject\",\"inLanguage\":\"en-US\",\"@id\":\"https:\/\/www.indieofilo.com\/en\/news\/metz-announces-new-album-and-2017-world-tour#primaryimage\",\"url\":\"https:\/\/www.indieofilo.com\/wp-content\/uploads\/2017\/07\/metz-anuncian-nuevo-disco-y-gira.jpg\",\"contentUrl\":\"https:\/\/www.indieofilo.com\/wp-content\/uploads\/2017\/07\/metz-anuncian-nuevo-disco-y-gira.jpg\",\"width\":1280,\"height\":720,\"caption\":\"METZ Cellophane\"},{\"@type\":\"BreadcrumbList\",\"@id\":\"https:\/\/www.indieofilo.com\/en\/news\/metz-announces-new-album-and-2017-world-tour#breadcrumb\",\"itemListElement\":[{\"@type\":\"ListItem\",\"position\":1,\"name\":\"Portada\",\"item\":\"https:\/\/www.indieofilo.com\/en\"},{\"@type\":\"ListItem\",\"position\":2,\"name\":\"METZ announces new album and 2017 World tour\"}]},{\"@type\":\"WebSite\",\"@id\":\"https:\/\/www.indieofilo.com\/#website\",\"url\":\"https:\/\/www.indieofilo.com\/\",\"name\":\"Indie\u00f3filo\",\"description\":\"Magazine online de la cultura independiente\",\"publisher\":{\"@id\":\"https:\/\/www.indieofilo.com\/#organization\"},\"potentialAction\":[{\"@type\":\"SearchAction\",\"target\":{\"@type\":\"EntryPoint\",\"urlTemplate\":\"https:\/\/www.indieofilo.com\/?s={search_term_string}\"},\"query-input\":{\"@type\":\"PropertyValueSpecification\",\"valueRequired\":true,\"valueName\":\"search_term_string\"}}],\"inLanguage\":\"en-US\"},{\"@type\":\"Organization\",\"@id\":\"https:\/\/www.indieofilo.com\/#organization\",\"name\":\"Indie\u00f3filo Web\",\"url\":\"https:\/\/www.indieofilo.com\/\",\"logo\":{\"@type\":\"ImageObject\",\"inLanguage\":\"en-US\",\"@id\":\"https:\/\/www.indieofilo.com\/#\/schema\/logo\/image\/\",\"url\":\"https:\/\/www.indieofilo.com\/wp-content\/uploads\/2015\/02\/logo-alta-resolucion.png\",\"contentUrl\":\"https:\/\/www.indieofilo.com\/wp-content\/uploads\/2015\/02\/logo-alta-resolucion.png\",\"width\":544,\"height\":185,\"caption\":\"Indie\u00f3filo Web\"},\"image\":{\"@id\":\"https:\/\/www.indieofilo.com\/#\/schema\/logo\/image\/\"},\"sameAs\":[\"https:\/\/www.facebook.com\/Indieofilo\/\",\"https:\/\/x.com\/indieofilo\",\"https:\/\/www.instagram.com\/indieofilo\/\"]},{\"@type\":\"Person\",\"@id\":\"https:\/\/www.indieofilo.com\/#\/schema\/person\/595334d38590e4ce5a09f83cbf2fca90\",\"name\":\"Victor\",\"image\":{\"@type\":\"ImageObject\",\"inLanguage\":\"en-US\",\"@id\":\"https:\/\/www.indieofilo.com\/#\/schema\/person\/image\/\",\"url\":\"https:\/\/secure.gravatar.com\/avatar\/682b8c6ea3e94b6cffec683b25f1797d?s=96&d=mm&r=g\",\"contentUrl\":\"https:\/\/secure.gravatar.com\/avatar\/682b8c6ea3e94b6cffec683b25f1797d?s=96&d=mm&r=g\",\"caption\":\"Victor\"},\"description\":\"Fan\u00e1tico de la m\u00fasica desde que mis padres me pon\u00edan a Eydie Gorme y Los Panchos o el Discotuna por la A2. Intent\u00e9 tocar varios instrumentos, pero soy muy torpe con la mano izquierda, as\u00ed que ya sab\u00e9is el resultado final. Fan del britpop, Post-punk, el rugby y el baloncesto...\",\"sameAs\":[\"http:\/\/indieofilo.com\"],\"url\":\"https:\/\/www.indieofilo.com\/en\/author\/victor\"}]}<\/script>\n<!-- \/ Yoast SEO Premium plugin. -->","yoast_head_json":{"title":"METZ announces new album and 2017 World tour - Indie\u00f3filo","description":"The Canadian band METZ have announced that their new LP Strange Peace will be released on September 22 through Sub Pop Records and a World Tour.","robots":{"index":"index","follow":"follow","max-snippet":"max-snippet:-1","max-image-preview":"max-image-preview:large","max-video-preview":"max-video-preview:-1"},"canonical":"https:\/\/www.indieofilo.com\/en\/news\/metz-announces-new-album-and-2017-world-tour","og_locale":"en_US","og_type":"article","og_title":"METZ announces new album and 2017 World tour","og_description":"The Canadian band METZ have announced that their new LP Strange Peace will be released on September 22 through Sub Pop Records and a World Tour.","og_url":"https:\/\/www.indieofilo.com\/en\/news\/metz-announces-new-album-and-2017-world-tour","og_site_name":"Indie\u00f3filo","article_publisher":"https:\/\/www.facebook.com\/Indieofilo\/","article_published_time":"2017-07-12T09:26:41+00:00","article_modified_time":"2023-09-01T17:27:04+00:00","og_image":[{"width":1280,"height":720,"url":"https:\/\/www.indieofilo.com\/wp-content\/uploads\/2017\/07\/metz-anuncian-nuevo-disco-y-gira.jpg","type":"image\/jpeg"}],"author":"Victor","twitter_card":"summary_large_image","twitter_creator":"@indieofilo","twitter_site":"@indieofilo","twitter_misc":{"Written by":"Victor","Est. reading time":"2 minutes"},"schema":{"@context":"https:\/\/schema.org","@graph":[{"@type":"Article","@id":"https:\/\/www.indieofilo.com\/en\/news\/metz-announces-new-album-and-2017-world-tour#article","isPartOf":{"@id":"https:\/\/www.indieofilo.com\/en\/news\/metz-announces-new-album-and-2017-world-tour"},"author":{"name":"Victor","@id":"https:\/\/www.indieofilo.com\/#\/schema\/person\/595334d38590e4ce5a09f83cbf2fca90"},"headline":"METZ announces new album and 2017 World tour","datePublished":"2017-07-12T09:26:41+00:00","dateModified":"2023-09-01T17:27:04+00:00","mainEntityOfPage":{"@id":"https:\/\/www.indieofilo.com\/en\/news\/metz-announces-new-album-and-2017-world-tour"},"wordCount":350,"commentCount":0,"publisher":{"@id":"https:\/\/www.indieofilo.com\/#organization"},"image":{"@id":"https:\/\/www.indieofilo.com\/en\/news\/metz-announces-new-album-and-2017-world-tour#primaryimage"},"thumbnailUrl":"https:\/\/www.indieofilo.com\/wp-content\/uploads\/2017\/07\/metz-anuncian-nuevo-disco-y-gira.jpg","keywords":["Barcelona","METZ"],"articleSection":["Live Shows","News"],"inLanguage":"en-US","potentialAction":[{"@type":"CommentAction","name":"Comment","target":["https:\/\/www.indieofilo.com\/en\/news\/metz-announces-new-album-and-2017-world-tour#respond"]}]},{"@type":"WebPage","@id":"https:\/\/www.indieofilo.com\/en\/news\/metz-announces-new-album-and-2017-world-tour","url":"https:\/\/www.indieofilo.com\/en\/news\/metz-announces-new-album-and-2017-world-tour","name":"METZ announces new album and 2017 World tour - Indie\u00f3filo","isPartOf":{"@id":"https:\/\/www.indieofilo.com\/#website"},"primaryImageOfPage":{"@id":"https:\/\/www.indieofilo.com\/en\/news\/metz-announces-new-album-and-2017-world-tour#primaryimage"},"image":{"@id":"https:\/\/www.indieofilo.com\/en\/news\/metz-announces-new-album-and-2017-world-tour#primaryimage"},"thumbnailUrl":"https:\/\/www.indieofilo.com\/wp-content\/uploads\/2017\/07\/metz-anuncian-nuevo-disco-y-gira.jpg","datePublished":"2017-07-12T09:26:41+00:00","dateModified":"2023-09-01T17:27:04+00:00","description":"The Canadian band METZ have announced that their new LP Strange Peace will be released on September 22 through Sub Pop Records and a World Tour.","breadcrumb":{"@id":"https:\/\/www.indieofilo.com\/en\/news\/metz-announces-new-album-and-2017-world-tour#breadcrumb"},"inLanguage":"en-US","potentialAction":[{"@type":"ReadAction","target":["https:\/\/www.indieofilo.com\/en\/news\/metz-announces-new-album-and-2017-world-tour"]}]},{"@type":"ImageObject","inLanguage":"en-US","@id":"https:\/\/www.indieofilo.com\/en\/news\/metz-announces-new-album-and-2017-world-tour#primaryimage","url":"https:\/\/www.indieofilo.com\/wp-content\/uploads\/2017\/07\/metz-anuncian-nuevo-disco-y-gira.jpg","contentUrl":"https:\/\/www.indieofilo.com\/wp-content\/uploads\/2017\/07\/metz-anuncian-nuevo-disco-y-gira.jpg","width":1280,"height":720,"caption":"METZ Cellophane"},{"@type":"BreadcrumbList","@id":"https:\/\/www.indieofilo.com\/en\/news\/metz-announces-new-album-and-2017-world-tour#breadcrumb","itemListElement":[{"@type":"ListItem","position":1,"name":"Portada","item":"https:\/\/www.indieofilo.com\/en"},{"@type":"ListItem","position":2,"name":"METZ announces new album and 2017 World tour"}]},{"@type":"WebSite","@id":"https:\/\/www.indieofilo.com\/#website","url":"https:\/\/www.indieofilo.com\/","name":"Indie\u00f3filo","description":"Magazine online de la cultura independiente","publisher":{"@id":"https:\/\/www.indieofilo.com\/#organization"},"potentialAction":[{"@type":"SearchAction","target":{"@type":"EntryPoint","urlTemplate":"https:\/\/www.indieofilo.com\/?s={search_term_string}"},"query-input":{"@type":"PropertyValueSpecification","valueRequired":true,"valueName":"search_term_string"}}],"inLanguage":"en-US"},{"@type":"Organization","@id":"https:\/\/www.indieofilo.com\/#organization","name":"Indie\u00f3filo Web","url":"https:\/\/www.indieofilo.com\/","logo":{"@type":"ImageObject","inLanguage":"en-US","@id":"https:\/\/www.indieofilo.com\/#\/schema\/logo\/image\/","url":"https:\/\/www.indieofilo.com\/wp-content\/uploads\/2015\/02\/logo-alta-resolucion.png","contentUrl":"https:\/\/www.indieofilo.com\/wp-content\/uploads\/2015\/02\/logo-alta-resolucion.png","width":544,"height":185,"caption":"Indie\u00f3filo Web"},"image":{"@id":"https:\/\/www.indieofilo.com\/#\/schema\/logo\/image\/"},"sameAs":["https:\/\/www.facebook.com\/Indieofilo\/","https:\/\/x.com\/indieofilo","https:\/\/www.instagram.com\/indieofilo\/"]},{"@type":"Person","@id":"https:\/\/www.indieofilo.com\/#\/schema\/person\/595334d38590e4ce5a09f83cbf2fca90","name":"Victor","image":{"@type":"ImageObject","inLanguage":"en-US","@id":"https:\/\/www.indieofilo.com\/#\/schema\/person\/image\/","url":"https:\/\/secure.gravatar.com\/avatar\/682b8c6ea3e94b6cffec683b25f1797d?s=96&d=mm&r=g","contentUrl":"https:\/\/secure.gravatar.com\/avatar\/682b8c6ea3e94b6cffec683b25f1797d?s=96&d=mm&r=g","caption":"Victor"},"description":"Fan\u00e1tico de la m\u00fasica desde que mis padres me pon\u00edan a Eydie Gorme y Los Panchos o el Discotuna por la A2. Intent\u00e9 tocar varios instrumentos, pero soy muy torpe con la mano izquierda, as\u00ed que ya sab\u00e9is el resultado final. Fan del britpop, Post-punk, el rugby y el baloncesto...","sameAs":["http:\/\/indieofilo.com"],"url":"https:\/\/www.indieofilo.com\/en\/author\/victor"}]}},"_links":{"self":[{"href":"https:\/\/www.indieofilo.com\/en\/wp-json\/wp\/v2\/posts\/10129","targetHints":{"allow":["GET"]}}],"collection":[{"href":"https:\/\/www.indieofilo.com\/en\/wp-json\/wp\/v2\/posts"}],"about":[{"href":"https:\/\/www.indieofilo.com\/en\/wp-json\/wp\/v2\/types\/post"}],"author":[{"embeddable":true,"href":"https:\/\/www.indieofilo.com\/en\/wp-json\/wp\/v2\/users\/1"}],"replies":[{"embeddable":true,"href":"https:\/\/www.indieofilo.com\/en\/wp-json\/wp\/v2\/comments?post=10129"}],"version-history":[{"count":0,"href":"https:\/\/www.indieofilo.com\/en\/wp-json\/wp\/v2\/posts\/10129\/revisions"}],"wp:featuredmedia":[{"embeddable":true,"href":"https:\/\/www.indieofilo.com\/en\/wp-json\/wp\/v2\/media\/10128"}],"wp:attachment":[{"href":"https:\/\/www.indieofilo.com\/en\/wp-json\/wp\/v2\/media?parent=10129"}],"wp:term":[{"taxonomy":"category","embeddable":true,"href":"https:\/\/www.indieofilo.com\/en\/wp-json\/wp\/v2\/categories?post=10129"},{"taxonomy":"post_tag","embeddable":true,"href":"https:\/\/www.indieofilo.com\/en\/wp-json\/wp\/v2\/tags?post=10129"}],"curies":[{"name":"wp","href":"https:\/\/api.w.org\/{rel}","templated":true}]}}