{"id":10123,"date":"2017-07-11T18:41:13","date_gmt":"2017-07-11T16:41:13","guid":{"rendered":"http:\/\/indieofilo.com\/?p=10123"},"modified":"2023-11-17T23:53:33","modified_gmt":"2023-11-17T22:53:33","slug":"foster-the-people-july-9th-2017-sala-razzmatazz-barcelona","status":"publish","type":"post","link":"https:\/\/www.indieofilo.com\/en\/gig-reviews\/foster-the-people-july-9th-2017-sala-razzmatazz-barcelona","title":{"rendered":"Foster the People \u2013 July 9th 2017 (Sala Razzmatazz &#8211; Barcelona)"},"content":{"rendered":"<p style=\"text-align: justify;\">\n\tAmericans <strong>Foster the People<\/strong> came to Sala Razzmatazz in Barcelona as a part of a mini tour to premiere their awaited third album <em>Sacred Hearts Club<\/em> (2017), which will be published in just over a week and that had taken them a day before to Madrid&rsquo;s Festival Mad Cool.<\/p>\n<p style=\"text-align: justify;\">\n\t<img fetchpriority=\"high\" decoding=\"async\" alt=\"Foster the People - Barcelona 2017\" class=\"aligncenter size-full wp-image-10120\" height=\"533\" src=\"http:\/\/indieofilo.com\/wp-content\/uploads\/2017\/07\/Foster_the_People_Barcelona_20178.jpg\" width=\"800\" srcset=\"https:\/\/www.indieofilo.com\/wp-content\/uploads\/2017\/07\/Foster_the_People_Barcelona_20178.jpg 800w, https:\/\/www.indieofilo.com\/wp-content\/uploads\/2017\/07\/Foster_the_People_Barcelona_20178-300x200.jpg 300w, https:\/\/www.indieofilo.com\/wp-content\/uploads\/2017\/07\/Foster_the_People_Barcelona_20178-768x512.jpg 768w\" sizes=\"(max-width: 800px) 100vw, 800px\" \/><\/p>\n<p style=\"text-align: justify;\">\n\tBefore a <strong>surprisingly crowded room<\/strong> for the summer dates, and also because of the high price of the tickets, California band started their show somewhat hesitant with two tracks from their new album as &quot;<em>Loyal Like Syd &amp; Nancy<\/em>&quot; and &quot;<em>SHC<\/em>&quot;, in which they showed a step forward towards electronics sounds. Luckily, they quickly opted for that colorful approach to <strong>MGMT<\/strong>&#39;s sounds that is &quot;<em>Helena Beat<\/em>&quot; to regain strength to a show that declined again as soon as they choosed for minor songs from their discography such as &quot;<em>Pay the Man<\/em>&quot; or &quot;<em>A Beginner&#39;s Guide to Destroying the Moon<\/em>&quot;.<\/p>\n<p style=\"text-align: justify;\">\n\t<img decoding=\"async\" alt=\"Foster the People 2017 - Barcelona\" class=\"aligncenter size-full wp-image-10121\" height=\"533\" src=\"http:\/\/indieofilo.com\/wp-content\/uploads\/2017\/07\/Foster_the_People_Barcelona_20179.jpg\" width=\"800\" srcset=\"https:\/\/www.indieofilo.com\/wp-content\/uploads\/2017\/07\/Foster_the_People_Barcelona_20179.jpg 800w, https:\/\/www.indieofilo.com\/wp-content\/uploads\/2017\/07\/Foster_the_People_Barcelona_20179-300x200.jpg 300w, https:\/\/www.indieofilo.com\/wp-content\/uploads\/2017\/07\/Foster_the_People_Barcelona_20179-768x512.jpg 768w\" sizes=\"(max-width: 800px) 100vw, 800px\" \/><\/p>\n<p style=\"text-align: justify;\">\n\tBetween the evident disconnection of most of the public and the screams of fifteen-year-old fans that melted with desire with the dances of the leader of the band <strong>Mark Foster<\/strong>, the concert was running without a fuss until the psychedelic &quot;<em>Pseudologia Fantastica<\/em>&quot; and the new single &quot;<em>Doing It for the Money<\/em>&quot; revived the show, thanks mainly to hypnotic keyboards. With a greater presence of the drums of <strong>Mark Pontius<\/strong>, the <strong>concert gradually changed of pace until they managed to make dance to the whole room<\/strong> with the concatenation of &quot;<em>Coming of Age<\/em>&quot; and &quot;<em>Pumped Up Kicks<\/em>&quot;, undoubtedly the&nbsp;highest point of the show.<\/p>\n<p style=\"text-align: justify;\">\n\t<img decoding=\"async\" alt=\"Barcelona - Foster the People 2017\" class=\"aligncenter size-full wp-image-10116\" height=\"533\" src=\"http:\/\/indieofilo.com\/wp-content\/uploads\/2017\/07\/Foster_the_People_Barcelona_20174.jpg\" width=\"800\" srcset=\"https:\/\/www.indieofilo.com\/wp-content\/uploads\/2017\/07\/Foster_the_People_Barcelona_20174.jpg 800w, https:\/\/www.indieofilo.com\/wp-content\/uploads\/2017\/07\/Foster_the_People_Barcelona_20174-300x200.jpg 300w, https:\/\/www.indieofilo.com\/wp-content\/uploads\/2017\/07\/Foster_the_People_Barcelona_20174-768x512.jpg 768w\" sizes=\"(max-width: 800px) 100vw, 800px\" \/><\/p>\n<p style=\"text-align: justify;\">\n\tWith tailwind, and just before the encores, it would be time for another of their biggest hits, &quot;<em>Do not Stop (Color on the Walls)<\/em>&quot;, to return after a little pause to their more distant past, that who made them grow as a band of success in Indiepop style, playing unchained &quot;<em>Broken Jaw<\/em>&quot;, &quot;<em>Houdini<\/em>&quot; and &quot;<em>Call It What You Want<\/em>&quot;, with which they closed the concert. In summary, <strong>quite irregular concert of the North Americans, in which the new songs did not work as well as would be expected<\/strong> and in which the excess of synthesizers, instead of endowing with more wealth to their festive sound, created a mound of sounds that only had something special as soon as the band decided to move all the synth sound to the second plane leaded by the pace of the percussions.<\/p>\n","protected":false},"excerpt":{"rendered":"<p>Americans Foster the People came to Sala Razzmatazz in Barcelona as a part of a mini tour to premiere their awaited third album Sacred Hearts Club (2017), which will be published in just over a week and that had taken them a day before to Madrid&rsquo;s Festival Mad Cool. Before a surprisingly crowded room for [&hellip;]<\/p>\n","protected":false},"author":1,"featured_media":10120,"comment_status":"open","ping_status":"closed","sticky":false,"template":"","format":"gallery","meta":{"footnotes":""},"categories":[7,15],"tags":[4961,5428,5343],"class_list":["post-10123","post","type-post","status-publish","format-gallery","has-post-thumbnail","hentry","category-gig-reviews","category-rooms","tag-barcelona-en","tag-foster-the-people-en","tag-razzmatazz-en","post_format-post-format-gallery"],"yoast_head":"<!-- This site is optimized with the Yoast SEO Premium plugin v23.9 (Yoast SEO v26.6) - https:\/\/yoast.com\/wordpress\/plugins\/seo\/ -->\n<title>Live Review: Foster the People \u2013 July 9 2017 (Barcelona) - Indie\u00f3filo<\/title>\n<meta name=\"description\" content=\"Review and exclusive photo gallery of the concert that Foster the People gave in Barcelona on July 2017 to premiere their album Sacred Hearts Club (2017).\" \/>\n<meta name=\"robots\" content=\"index, follow, max-snippet:-1, max-image-preview:large, max-video-preview:-1\" \/>\n<link rel=\"canonical\" href=\"https:\/\/www.indieofilo.com\/en\/gig-reviews\/foster-the-people-july-9th-2017-sala-razzmatazz-barcelona\" \/>\n<meta property=\"og:locale\" content=\"en_US\" \/>\n<meta property=\"og:type\" content=\"article\" \/>\n<meta property=\"og:title\" content=\"Foster the People \u2013 July 9th 2017 (Sala Razzmatazz - Barcelona)\" \/>\n<meta property=\"og:description\" content=\"Review and exclusive photo gallery of the concert that Foster the People gave in Barcelona on July 2017 to premiere their album Sacred Hearts Club (2017).\" \/>\n<meta property=\"og:url\" content=\"https:\/\/www.indieofilo.com\/en\/gig-reviews\/foster-the-people-july-9th-2017-sala-razzmatazz-barcelona\" \/>\n<meta property=\"og:site_name\" content=\"Indie\u00f3filo\" \/>\n<meta property=\"article:publisher\" content=\"https:\/\/www.facebook.com\/Indieofilo\/\" \/>\n<meta property=\"article:published_time\" content=\"2017-07-11T16:41:13+00:00\" \/>\n<meta property=\"article:modified_time\" content=\"2023-11-17T22:53:33+00:00\" \/>\n<meta property=\"og:image\" content=\"https:\/\/www.indieofilo.com\/wp-content\/uploads\/2017\/07\/Foster_the_People_Barcelona_20178.jpg\" \/>\n\t<meta property=\"og:image:width\" content=\"800\" \/>\n\t<meta property=\"og:image:height\" content=\"533\" \/>\n\t<meta property=\"og:image:type\" content=\"image\/jpeg\" \/>\n<meta name=\"author\" content=\"Victor\" \/>\n<meta name=\"twitter:card\" content=\"summary_large_image\" \/>\n<meta name=\"twitter:creator\" content=\"@indieofilo\" \/>\n<meta name=\"twitter:site\" content=\"@indieofilo\" \/>\n<meta name=\"twitter:label1\" content=\"Written by\" \/>\n\t<meta name=\"twitter:data1\" content=\"Victor\" \/>\n\t<meta name=\"twitter:label2\" content=\"Est. reading time\" \/>\n\t<meta name=\"twitter:data2\" content=\"3 minutes\" \/>\n<script type=\"application\/ld+json\" class=\"yoast-schema-graph\">{\"@context\":\"https:\/\/schema.org\",\"@graph\":[{\"@type\":\"Article\",\"@id\":\"https:\/\/www.indieofilo.com\/en\/gig-reviews\/foster-the-people-july-9th-2017-sala-razzmatazz-barcelona#article\",\"isPartOf\":{\"@id\":\"https:\/\/www.indieofilo.com\/en\/gig-reviews\/foster-the-people-july-9th-2017-sala-razzmatazz-barcelona\"},\"author\":{\"name\":\"Victor\",\"@id\":\"https:\/\/www.indieofilo.com\/#\/schema\/person\/595334d38590e4ce5a09f83cbf2fca90\"},\"headline\":\"Foster the People \u2013 July 9th 2017 (Sala Razzmatazz &#8211; Barcelona)\",\"datePublished\":\"2017-07-11T16:41:13+00:00\",\"dateModified\":\"2023-11-17T22:53:33+00:00\",\"mainEntityOfPage\":{\"@id\":\"https:\/\/www.indieofilo.com\/en\/gig-reviews\/foster-the-people-july-9th-2017-sala-razzmatazz-barcelona\"},\"wordCount\":428,\"commentCount\":0,\"publisher\":{\"@id\":\"https:\/\/www.indieofilo.com\/#organization\"},\"image\":{\"@id\":\"https:\/\/www.indieofilo.com\/en\/gig-reviews\/foster-the-people-july-9th-2017-sala-razzmatazz-barcelona#primaryimage\"},\"thumbnailUrl\":\"https:\/\/www.indieofilo.com\/wp-content\/uploads\/2017\/07\/Foster_the_People_Barcelona_20178.jpg\",\"keywords\":[\"Barcelona\",\"Foster The People\",\"razzmatazz\"],\"articleSection\":[\"Gig Reviews\",\"Rooms\"],\"inLanguage\":\"en-US\",\"potentialAction\":[{\"@type\":\"CommentAction\",\"name\":\"Comment\",\"target\":[\"https:\/\/www.indieofilo.com\/en\/gig-reviews\/foster-the-people-july-9th-2017-sala-razzmatazz-barcelona#respond\"]}]},{\"@type\":\"WebPage\",\"@id\":\"https:\/\/www.indieofilo.com\/en\/gig-reviews\/foster-the-people-july-9th-2017-sala-razzmatazz-barcelona\",\"url\":\"https:\/\/www.indieofilo.com\/en\/gig-reviews\/foster-the-people-july-9th-2017-sala-razzmatazz-barcelona\",\"name\":\"Live Review: Foster the People \u2013 July 9 2017 (Barcelona) - Indie\u00f3filo\",\"isPartOf\":{\"@id\":\"https:\/\/www.indieofilo.com\/#website\"},\"primaryImageOfPage\":{\"@id\":\"https:\/\/www.indieofilo.com\/en\/gig-reviews\/foster-the-people-july-9th-2017-sala-razzmatazz-barcelona#primaryimage\"},\"image\":{\"@id\":\"https:\/\/www.indieofilo.com\/en\/gig-reviews\/foster-the-people-july-9th-2017-sala-razzmatazz-barcelona#primaryimage\"},\"thumbnailUrl\":\"https:\/\/www.indieofilo.com\/wp-content\/uploads\/2017\/07\/Foster_the_People_Barcelona_20178.jpg\",\"datePublished\":\"2017-07-11T16:41:13+00:00\",\"dateModified\":\"2023-11-17T22:53:33+00:00\",\"description\":\"Review and exclusive photo gallery of the concert that Foster the People gave in Barcelona on July 2017 to premiere their album Sacred Hearts Club (2017).\",\"breadcrumb\":{\"@id\":\"https:\/\/www.indieofilo.com\/en\/gig-reviews\/foster-the-people-july-9th-2017-sala-razzmatazz-barcelona#breadcrumb\"},\"inLanguage\":\"en-US\",\"potentialAction\":[{\"@type\":\"ReadAction\",\"target\":[\"https:\/\/www.indieofilo.com\/en\/gig-reviews\/foster-the-people-july-9th-2017-sala-razzmatazz-barcelona\"]}]},{\"@type\":\"ImageObject\",\"inLanguage\":\"en-US\",\"@id\":\"https:\/\/www.indieofilo.com\/en\/gig-reviews\/foster-the-people-july-9th-2017-sala-razzmatazz-barcelona#primaryimage\",\"url\":\"https:\/\/www.indieofilo.com\/wp-content\/uploads\/2017\/07\/Foster_the_People_Barcelona_20178.jpg\",\"contentUrl\":\"https:\/\/www.indieofilo.com\/wp-content\/uploads\/2017\/07\/Foster_the_People_Barcelona_20178.jpg\",\"width\":800,\"height\":533,\"caption\":\"Foster the People - Barcelona 2017\"},{\"@type\":\"BreadcrumbList\",\"@id\":\"https:\/\/www.indieofilo.com\/en\/gig-reviews\/foster-the-people-july-9th-2017-sala-razzmatazz-barcelona#breadcrumb\",\"itemListElement\":[{\"@type\":\"ListItem\",\"position\":1,\"name\":\"Portada\",\"item\":\"https:\/\/www.indieofilo.com\/en\"},{\"@type\":\"ListItem\",\"position\":2,\"name\":\"Foster the People \u2013 July 9th 2017 (Sala Razzmatazz &#8211; Barcelona)\"}]},{\"@type\":\"WebSite\",\"@id\":\"https:\/\/www.indieofilo.com\/#website\",\"url\":\"https:\/\/www.indieofilo.com\/\",\"name\":\"Indie\u00f3filo\",\"description\":\"Magazine online de la cultura independiente\",\"publisher\":{\"@id\":\"https:\/\/www.indieofilo.com\/#organization\"},\"potentialAction\":[{\"@type\":\"SearchAction\",\"target\":{\"@type\":\"EntryPoint\",\"urlTemplate\":\"https:\/\/www.indieofilo.com\/?s={search_term_string}\"},\"query-input\":{\"@type\":\"PropertyValueSpecification\",\"valueRequired\":true,\"valueName\":\"search_term_string\"}}],\"inLanguage\":\"en-US\"},{\"@type\":\"Organization\",\"@id\":\"https:\/\/www.indieofilo.com\/#organization\",\"name\":\"Indie\u00f3filo Web\",\"url\":\"https:\/\/www.indieofilo.com\/\",\"logo\":{\"@type\":\"ImageObject\",\"inLanguage\":\"en-US\",\"@id\":\"https:\/\/www.indieofilo.com\/#\/schema\/logo\/image\/\",\"url\":\"https:\/\/www.indieofilo.com\/wp-content\/uploads\/2015\/02\/logo-alta-resolucion.png\",\"contentUrl\":\"https:\/\/www.indieofilo.com\/wp-content\/uploads\/2015\/02\/logo-alta-resolucion.png\",\"width\":544,\"height\":185,\"caption\":\"Indie\u00f3filo Web\"},\"image\":{\"@id\":\"https:\/\/www.indieofilo.com\/#\/schema\/logo\/image\/\"},\"sameAs\":[\"https:\/\/www.facebook.com\/Indieofilo\/\",\"https:\/\/x.com\/indieofilo\",\"https:\/\/www.instagram.com\/indieofilo\/\"]},{\"@type\":\"Person\",\"@id\":\"https:\/\/www.indieofilo.com\/#\/schema\/person\/595334d38590e4ce5a09f83cbf2fca90\",\"name\":\"Victor\",\"image\":{\"@type\":\"ImageObject\",\"inLanguage\":\"en-US\",\"@id\":\"https:\/\/www.indieofilo.com\/#\/schema\/person\/image\/\",\"url\":\"https:\/\/secure.gravatar.com\/avatar\/682b8c6ea3e94b6cffec683b25f1797d?s=96&d=mm&r=g\",\"contentUrl\":\"https:\/\/secure.gravatar.com\/avatar\/682b8c6ea3e94b6cffec683b25f1797d?s=96&d=mm&r=g\",\"caption\":\"Victor\"},\"description\":\"Fan\u00e1tico de la m\u00fasica desde que mis padres me pon\u00edan a Eydie Gorme y Los Panchos o el Discotuna por la A2. Intent\u00e9 tocar varios instrumentos, pero soy muy torpe con la mano izquierda, as\u00ed que ya sab\u00e9is el resultado final. Fan del britpop, Post-punk, el rugby y el baloncesto...\",\"sameAs\":[\"http:\/\/indieofilo.com\"],\"url\":\"https:\/\/www.indieofilo.com\/en\/author\/victor\"}]}<\/script>\n<!-- \/ Yoast SEO Premium plugin. -->","yoast_head_json":{"title":"Live Review: Foster the People \u2013 July 9 2017 (Barcelona) - Indie\u00f3filo","description":"Review and exclusive photo gallery of the concert that Foster the People gave in Barcelona on July 2017 to premiere their album Sacred Hearts Club (2017).","robots":{"index":"index","follow":"follow","max-snippet":"max-snippet:-1","max-image-preview":"max-image-preview:large","max-video-preview":"max-video-preview:-1"},"canonical":"https:\/\/www.indieofilo.com\/en\/gig-reviews\/foster-the-people-july-9th-2017-sala-razzmatazz-barcelona","og_locale":"en_US","og_type":"article","og_title":"Foster the People \u2013 July 9th 2017 (Sala Razzmatazz - Barcelona)","og_description":"Review and exclusive photo gallery of the concert that Foster the People gave in Barcelona on July 2017 to premiere their album Sacred Hearts Club (2017).","og_url":"https:\/\/www.indieofilo.com\/en\/gig-reviews\/foster-the-people-july-9th-2017-sala-razzmatazz-barcelona","og_site_name":"Indie\u00f3filo","article_publisher":"https:\/\/www.facebook.com\/Indieofilo\/","article_published_time":"2017-07-11T16:41:13+00:00","article_modified_time":"2023-11-17T22:53:33+00:00","og_image":[{"width":800,"height":533,"url":"https:\/\/www.indieofilo.com\/wp-content\/uploads\/2017\/07\/Foster_the_People_Barcelona_20178.jpg","type":"image\/jpeg"}],"author":"Victor","twitter_card":"summary_large_image","twitter_creator":"@indieofilo","twitter_site":"@indieofilo","twitter_misc":{"Written by":"Victor","Est. reading time":"3 minutes"},"schema":{"@context":"https:\/\/schema.org","@graph":[{"@type":"Article","@id":"https:\/\/www.indieofilo.com\/en\/gig-reviews\/foster-the-people-july-9th-2017-sala-razzmatazz-barcelona#article","isPartOf":{"@id":"https:\/\/www.indieofilo.com\/en\/gig-reviews\/foster-the-people-july-9th-2017-sala-razzmatazz-barcelona"},"author":{"name":"Victor","@id":"https:\/\/www.indieofilo.com\/#\/schema\/person\/595334d38590e4ce5a09f83cbf2fca90"},"headline":"Foster the People \u2013 July 9th 2017 (Sala Razzmatazz &#8211; Barcelona)","datePublished":"2017-07-11T16:41:13+00:00","dateModified":"2023-11-17T22:53:33+00:00","mainEntityOfPage":{"@id":"https:\/\/www.indieofilo.com\/en\/gig-reviews\/foster-the-people-july-9th-2017-sala-razzmatazz-barcelona"},"wordCount":428,"commentCount":0,"publisher":{"@id":"https:\/\/www.indieofilo.com\/#organization"},"image":{"@id":"https:\/\/www.indieofilo.com\/en\/gig-reviews\/foster-the-people-july-9th-2017-sala-razzmatazz-barcelona#primaryimage"},"thumbnailUrl":"https:\/\/www.indieofilo.com\/wp-content\/uploads\/2017\/07\/Foster_the_People_Barcelona_20178.jpg","keywords":["Barcelona","Foster The People","razzmatazz"],"articleSection":["Gig Reviews","Rooms"],"inLanguage":"en-US","potentialAction":[{"@type":"CommentAction","name":"Comment","target":["https:\/\/www.indieofilo.com\/en\/gig-reviews\/foster-the-people-july-9th-2017-sala-razzmatazz-barcelona#respond"]}]},{"@type":"WebPage","@id":"https:\/\/www.indieofilo.com\/en\/gig-reviews\/foster-the-people-july-9th-2017-sala-razzmatazz-barcelona","url":"https:\/\/www.indieofilo.com\/en\/gig-reviews\/foster-the-people-july-9th-2017-sala-razzmatazz-barcelona","name":"Live Review: Foster the People \u2013 July 9 2017 (Barcelona) - Indie\u00f3filo","isPartOf":{"@id":"https:\/\/www.indieofilo.com\/#website"},"primaryImageOfPage":{"@id":"https:\/\/www.indieofilo.com\/en\/gig-reviews\/foster-the-people-july-9th-2017-sala-razzmatazz-barcelona#primaryimage"},"image":{"@id":"https:\/\/www.indieofilo.com\/en\/gig-reviews\/foster-the-people-july-9th-2017-sala-razzmatazz-barcelona#primaryimage"},"thumbnailUrl":"https:\/\/www.indieofilo.com\/wp-content\/uploads\/2017\/07\/Foster_the_People_Barcelona_20178.jpg","datePublished":"2017-07-11T16:41:13+00:00","dateModified":"2023-11-17T22:53:33+00:00","description":"Review and exclusive photo gallery of the concert that Foster the People gave in Barcelona on July 2017 to premiere their album Sacred Hearts Club (2017).","breadcrumb":{"@id":"https:\/\/www.indieofilo.com\/en\/gig-reviews\/foster-the-people-july-9th-2017-sala-razzmatazz-barcelona#breadcrumb"},"inLanguage":"en-US","potentialAction":[{"@type":"ReadAction","target":["https:\/\/www.indieofilo.com\/en\/gig-reviews\/foster-the-people-july-9th-2017-sala-razzmatazz-barcelona"]}]},{"@type":"ImageObject","inLanguage":"en-US","@id":"https:\/\/www.indieofilo.com\/en\/gig-reviews\/foster-the-people-july-9th-2017-sala-razzmatazz-barcelona#primaryimage","url":"https:\/\/www.indieofilo.com\/wp-content\/uploads\/2017\/07\/Foster_the_People_Barcelona_20178.jpg","contentUrl":"https:\/\/www.indieofilo.com\/wp-content\/uploads\/2017\/07\/Foster_the_People_Barcelona_20178.jpg","width":800,"height":533,"caption":"Foster the People - Barcelona 2017"},{"@type":"BreadcrumbList","@id":"https:\/\/www.indieofilo.com\/en\/gig-reviews\/foster-the-people-july-9th-2017-sala-razzmatazz-barcelona#breadcrumb","itemListElement":[{"@type":"ListItem","position":1,"name":"Portada","item":"https:\/\/www.indieofilo.com\/en"},{"@type":"ListItem","position":2,"name":"Foster the People \u2013 July 9th 2017 (Sala Razzmatazz &#8211; Barcelona)"}]},{"@type":"WebSite","@id":"https:\/\/www.indieofilo.com\/#website","url":"https:\/\/www.indieofilo.com\/","name":"Indie\u00f3filo","description":"Magazine online de la cultura independiente","publisher":{"@id":"https:\/\/www.indieofilo.com\/#organization"},"potentialAction":[{"@type":"SearchAction","target":{"@type":"EntryPoint","urlTemplate":"https:\/\/www.indieofilo.com\/?s={search_term_string}"},"query-input":{"@type":"PropertyValueSpecification","valueRequired":true,"valueName":"search_term_string"}}],"inLanguage":"en-US"},{"@type":"Organization","@id":"https:\/\/www.indieofilo.com\/#organization","name":"Indie\u00f3filo Web","url":"https:\/\/www.indieofilo.com\/","logo":{"@type":"ImageObject","inLanguage":"en-US","@id":"https:\/\/www.indieofilo.com\/#\/schema\/logo\/image\/","url":"https:\/\/www.indieofilo.com\/wp-content\/uploads\/2015\/02\/logo-alta-resolucion.png","contentUrl":"https:\/\/www.indieofilo.com\/wp-content\/uploads\/2015\/02\/logo-alta-resolucion.png","width":544,"height":185,"caption":"Indie\u00f3filo Web"},"image":{"@id":"https:\/\/www.indieofilo.com\/#\/schema\/logo\/image\/"},"sameAs":["https:\/\/www.facebook.com\/Indieofilo\/","https:\/\/x.com\/indieofilo","https:\/\/www.instagram.com\/indieofilo\/"]},{"@type":"Person","@id":"https:\/\/www.indieofilo.com\/#\/schema\/person\/595334d38590e4ce5a09f83cbf2fca90","name":"Victor","image":{"@type":"ImageObject","inLanguage":"en-US","@id":"https:\/\/www.indieofilo.com\/#\/schema\/person\/image\/","url":"https:\/\/secure.gravatar.com\/avatar\/682b8c6ea3e94b6cffec683b25f1797d?s=96&d=mm&r=g","contentUrl":"https:\/\/secure.gravatar.com\/avatar\/682b8c6ea3e94b6cffec683b25f1797d?s=96&d=mm&r=g","caption":"Victor"},"description":"Fan\u00e1tico de la m\u00fasica desde que mis padres me pon\u00edan a Eydie Gorme y Los Panchos o el Discotuna por la A2. Intent\u00e9 tocar varios instrumentos, pero soy muy torpe con la mano izquierda, as\u00ed que ya sab\u00e9is el resultado final. Fan del britpop, Post-punk, el rugby y el baloncesto...","sameAs":["http:\/\/indieofilo.com"],"url":"https:\/\/www.indieofilo.com\/en\/author\/victor"}]}},"_links":{"self":[{"href":"https:\/\/www.indieofilo.com\/en\/wp-json\/wp\/v2\/posts\/10123","targetHints":{"allow":["GET"]}}],"collection":[{"href":"https:\/\/www.indieofilo.com\/en\/wp-json\/wp\/v2\/posts"}],"about":[{"href":"https:\/\/www.indieofilo.com\/en\/wp-json\/wp\/v2\/types\/post"}],"author":[{"embeddable":true,"href":"https:\/\/www.indieofilo.com\/en\/wp-json\/wp\/v2\/users\/1"}],"replies":[{"embeddable":true,"href":"https:\/\/www.indieofilo.com\/en\/wp-json\/wp\/v2\/comments?post=10123"}],"version-history":[{"count":0,"href":"https:\/\/www.indieofilo.com\/en\/wp-json\/wp\/v2\/posts\/10123\/revisions"}],"wp:featuredmedia":[{"embeddable":true,"href":"https:\/\/www.indieofilo.com\/en\/wp-json\/wp\/v2\/media\/10120"}],"wp:attachment":[{"href":"https:\/\/www.indieofilo.com\/en\/wp-json\/wp\/v2\/media?parent=10123"}],"wp:term":[{"taxonomy":"category","embeddable":true,"href":"https:\/\/www.indieofilo.com\/en\/wp-json\/wp\/v2\/categories?post=10123"},{"taxonomy":"post_tag","embeddable":true,"href":"https:\/\/www.indieofilo.com\/en\/wp-json\/wp\/v2\/tags?post=10123"}],"curies":[{"name":"wp","href":"https:\/\/api.w.org\/{rel}","templated":true}]}}