{"id":1008,"date":"2015-02-27T16:30:33","date_gmt":"2015-02-27T15:30:33","guid":{"rendered":"http:\/\/testing.indieofilo.com\/?p=1008"},"modified":"2023-09-21T11:46:47","modified_gmt":"2023-09-21T09:46:47","slug":"skrillex-y-diplo-upload-to-soundcloud-their-first-album-as-jack-u","status":"publish","type":"post","link":"https:\/\/www.indieofilo.com\/en\/short-news\/skrillex-y-diplo-upload-to-soundcloud-their-first-album-as-jack-u","title":{"rendered":"Skrillex y Diplo upload to Soundcloud their first album as Jack \u00dc"},"content":{"rendered":"<p><center><br \/>\n<img fetchpriority=\"high\" decoding=\"async\" alt=\"Skrillex Diplo - Jack U\" height=\"405\" src=\"\/wp-content\/uploads\/2015\/03\/skrillex-Diplo-Jack-U.jpg\" width=\"610\" \/><br \/>\n<\/center><\/p>\n<p style=\"text-align: justify;\">\n\t<strong>Skrillex<\/strong> and <strong>Diplo <\/strong>have just upload to soundcloud the debut album for their couple project <strong>Jack &Uuml;<\/strong>. This new project, that started last year and which we also know their <strong>Kiesza<\/strong>-featuring lead single &ldquo;<em>Take &Uuml; There<\/em>&rdquo;, was presented yesterday with a 24 hours live session (with the police stopping it by the way..) as surprise release present of the record. The album, which is named as <em>Skrillex and Diplo Present Jack &Uuml;<\/em>, features appearances from <strong>AlunaGeorge, 2 Chainz<\/strong>&nbsp;and <strong>Justin Bieber<\/strong> and can be buy on <a href=\"https:\/\/itunes.apple.com\/us\/album\/skrillex-diplo-present-jack\/id971262235\" target=\"_blank\" rel=\"noopener\">Itunes<\/a>.<\/p>\n<p>\t<iframe frameborder=\"no\" height=\"450\" scrolling=\"no\" src=\"https:\/\/w.soundcloud.com\/player\/?url=https%3A\/\/api.soundcloud.com\/playlists\/84662171&amp;color=ff5500&amp;auto_play=false&amp;hide_related=false&amp;show_comments=true&amp;show_user=true&amp;show_reposts=false\" width=\"100%\"><\/iframe><\/p>\n","protected":false},"excerpt":{"rendered":"<p>Skrillex and Diplo have just upload to soundcloud the debut album for their couple project Jack &Uuml;. This new project, that started last year and which we also know their Kiesza-featuring lead single &ldquo;Take &Uuml; There&rdquo;, was presented yesterday with a 24 hours live session (with the police stopping it by the way..) as surprise [&hellip;]<\/p>\n","protected":false},"author":1,"featured_media":18069,"comment_status":"closed","ping_status":"closed","sticky":false,"template":"","format":"standard","meta":{"footnotes":""},"categories":[18],"tags":[5230,5937,6472],"class_list":["post-1008","post","type-post","status-publish","format-standard","has-post-thumbnail","hentry","category-short-news","tag-diplo-en","tag-jack-u-en","tag-skrillex-en"],"yoast_head":"<!-- This site is optimized with the Yoast SEO Premium plugin v23.9 (Yoast SEO v26.6) - https:\/\/yoast.com\/wordpress\/plugins\/seo\/ -->\n<title>Skrillex y Diplo upload to Soundcloud their first album as Jack \u00dc<\/title>\n<meta name=\"description\" content=\"Skrillex and Diplo have just upload to soundcloud the debut album for their couple project Jack \u00dc. Listen it here!\" \/>\n<meta name=\"robots\" content=\"index, follow, max-snippet:-1, max-image-preview:large, max-video-preview:-1\" \/>\n<link rel=\"canonical\" href=\"https:\/\/www.indieofilo.com\/en\/short-news\/skrillex-y-diplo-upload-to-soundcloud-their-first-album-as-jack-u\" \/>\n<meta property=\"og:locale\" content=\"en_US\" \/>\n<meta property=\"og:type\" content=\"article\" \/>\n<meta property=\"og:title\" content=\"Skrillex y Diplo upload to Soundcloud their first album as Jack \u00dc\" \/>\n<meta property=\"og:description\" content=\"Skrillex and Diplo have just upload to soundcloud the debut album for their couple project Jack \u00dc. Listen it here!\" \/>\n<meta property=\"og:url\" content=\"https:\/\/www.indieofilo.com\/en\/short-news\/skrillex-y-diplo-upload-to-soundcloud-their-first-album-as-jack-u\" \/>\n<meta property=\"og:site_name\" content=\"Indie\u00f3filo\" \/>\n<meta property=\"article:publisher\" content=\"https:\/\/www.facebook.com\/Indieofilo\/\" \/>\n<meta property=\"article:published_time\" content=\"2015-02-27T15:30:33+00:00\" \/>\n<meta property=\"article:modified_time\" content=\"2023-09-21T09:46:47+00:00\" \/>\n<meta property=\"og:image\" content=\"https:\/\/www.indieofilo.com\/wp-content\/uploads\/2015\/03\/skrillex-Diplo-Jack-U.jpg\" \/>\n\t<meta property=\"og:image:width\" content=\"610\" \/>\n\t<meta property=\"og:image:height\" content=\"405\" \/>\n\t<meta property=\"og:image:type\" content=\"image\/jpeg\" \/>\n<meta name=\"author\" content=\"Victor\" \/>\n<meta name=\"twitter:card\" content=\"summary_large_image\" \/>\n<meta name=\"twitter:creator\" content=\"@indieofilo\" \/>\n<meta name=\"twitter:site\" content=\"@indieofilo\" \/>\n<meta name=\"twitter:label1\" content=\"Written by\" \/>\n\t<meta name=\"twitter:data1\" content=\"Victor\" \/>\n\t<meta name=\"twitter:label2\" content=\"Est. reading time\" \/>\n\t<meta name=\"twitter:data2\" content=\"1 minute\" \/>\n<script type=\"application\/ld+json\" class=\"yoast-schema-graph\">{\"@context\":\"https:\/\/schema.org\",\"@graph\":[{\"@type\":\"Article\",\"@id\":\"https:\/\/www.indieofilo.com\/en\/short-news\/skrillex-y-diplo-upload-to-soundcloud-their-first-album-as-jack-u#article\",\"isPartOf\":{\"@id\":\"https:\/\/www.indieofilo.com\/en\/short-news\/skrillex-y-diplo-upload-to-soundcloud-their-first-album-as-jack-u\"},\"author\":{\"name\":\"Victor\",\"@id\":\"https:\/\/www.indieofilo.com\/#\/schema\/person\/595334d38590e4ce5a09f83cbf2fca90\"},\"headline\":\"Skrillex y Diplo upload to Soundcloud their first album as Jack \u00dc\",\"datePublished\":\"2015-02-27T15:30:33+00:00\",\"dateModified\":\"2023-09-21T09:46:47+00:00\",\"mainEntityOfPage\":{\"@id\":\"https:\/\/www.indieofilo.com\/en\/short-news\/skrillex-y-diplo-upload-to-soundcloud-their-first-album-as-jack-u\"},\"wordCount\":99,\"publisher\":{\"@id\":\"https:\/\/www.indieofilo.com\/#organization\"},\"image\":{\"@id\":\"https:\/\/www.indieofilo.com\/en\/short-news\/skrillex-y-diplo-upload-to-soundcloud-their-first-album-as-jack-u#primaryimage\"},\"thumbnailUrl\":\"https:\/\/www.indieofilo.com\/wp-content\/uploads\/2015\/03\/skrillex-Diplo-Jack-U.jpg\",\"keywords\":[\"Diplo\",\"Jack \u00dc\",\"Skrillex\"],\"articleSection\":[\"Short news\"],\"inLanguage\":\"en-US\"},{\"@type\":\"WebPage\",\"@id\":\"https:\/\/www.indieofilo.com\/en\/short-news\/skrillex-y-diplo-upload-to-soundcloud-their-first-album-as-jack-u\",\"url\":\"https:\/\/www.indieofilo.com\/en\/short-news\/skrillex-y-diplo-upload-to-soundcloud-their-first-album-as-jack-u\",\"name\":\"Skrillex y Diplo upload to Soundcloud their first album as Jack \u00dc\",\"isPartOf\":{\"@id\":\"https:\/\/www.indieofilo.com\/#website\"},\"primaryImageOfPage\":{\"@id\":\"https:\/\/www.indieofilo.com\/en\/short-news\/skrillex-y-diplo-upload-to-soundcloud-their-first-album-as-jack-u#primaryimage\"},\"image\":{\"@id\":\"https:\/\/www.indieofilo.com\/en\/short-news\/skrillex-y-diplo-upload-to-soundcloud-their-first-album-as-jack-u#primaryimage\"},\"thumbnailUrl\":\"https:\/\/www.indieofilo.com\/wp-content\/uploads\/2015\/03\/skrillex-Diplo-Jack-U.jpg\",\"datePublished\":\"2015-02-27T15:30:33+00:00\",\"dateModified\":\"2023-09-21T09:46:47+00:00\",\"description\":\"Skrillex and Diplo have just upload to soundcloud the debut album for their couple project Jack \u00dc. Listen it here!\",\"breadcrumb\":{\"@id\":\"https:\/\/www.indieofilo.com\/en\/short-news\/skrillex-y-diplo-upload-to-soundcloud-their-first-album-as-jack-u#breadcrumb\"},\"inLanguage\":\"en-US\",\"potentialAction\":[{\"@type\":\"ReadAction\",\"target\":[\"https:\/\/www.indieofilo.com\/en\/short-news\/skrillex-y-diplo-upload-to-soundcloud-their-first-album-as-jack-u\"]}]},{\"@type\":\"ImageObject\",\"inLanguage\":\"en-US\",\"@id\":\"https:\/\/www.indieofilo.com\/en\/short-news\/skrillex-y-diplo-upload-to-soundcloud-their-first-album-as-jack-u#primaryimage\",\"url\":\"https:\/\/www.indieofilo.com\/wp-content\/uploads\/2015\/03\/skrillex-Diplo-Jack-U.jpg\",\"contentUrl\":\"https:\/\/www.indieofilo.com\/wp-content\/uploads\/2015\/03\/skrillex-Diplo-Jack-U.jpg\",\"width\":610,\"height\":405},{\"@type\":\"BreadcrumbList\",\"@id\":\"https:\/\/www.indieofilo.com\/en\/short-news\/skrillex-y-diplo-upload-to-soundcloud-their-first-album-as-jack-u#breadcrumb\",\"itemListElement\":[{\"@type\":\"ListItem\",\"position\":1,\"name\":\"Portada\",\"item\":\"https:\/\/www.indieofilo.com\/en\"},{\"@type\":\"ListItem\",\"position\":2,\"name\":\"Skrillex y Diplo upload to Soundcloud their first album as Jack \u00dc\"}]},{\"@type\":\"WebSite\",\"@id\":\"https:\/\/www.indieofilo.com\/#website\",\"url\":\"https:\/\/www.indieofilo.com\/\",\"name\":\"Indie\u00f3filo\",\"description\":\"Magazine online de la cultura independiente\",\"publisher\":{\"@id\":\"https:\/\/www.indieofilo.com\/#organization\"},\"potentialAction\":[{\"@type\":\"SearchAction\",\"target\":{\"@type\":\"EntryPoint\",\"urlTemplate\":\"https:\/\/www.indieofilo.com\/?s={search_term_string}\"},\"query-input\":{\"@type\":\"PropertyValueSpecification\",\"valueRequired\":true,\"valueName\":\"search_term_string\"}}],\"inLanguage\":\"en-US\"},{\"@type\":\"Organization\",\"@id\":\"https:\/\/www.indieofilo.com\/#organization\",\"name\":\"Indie\u00f3filo Web\",\"url\":\"https:\/\/www.indieofilo.com\/\",\"logo\":{\"@type\":\"ImageObject\",\"inLanguage\":\"en-US\",\"@id\":\"https:\/\/www.indieofilo.com\/#\/schema\/logo\/image\/\",\"url\":\"https:\/\/www.indieofilo.com\/wp-content\/uploads\/2015\/02\/logo-alta-resolucion.png\",\"contentUrl\":\"https:\/\/www.indieofilo.com\/wp-content\/uploads\/2015\/02\/logo-alta-resolucion.png\",\"width\":544,\"height\":185,\"caption\":\"Indie\u00f3filo Web\"},\"image\":{\"@id\":\"https:\/\/www.indieofilo.com\/#\/schema\/logo\/image\/\"},\"sameAs\":[\"https:\/\/www.facebook.com\/Indieofilo\/\",\"https:\/\/x.com\/indieofilo\",\"https:\/\/www.instagram.com\/indieofilo\/\"]},{\"@type\":\"Person\",\"@id\":\"https:\/\/www.indieofilo.com\/#\/schema\/person\/595334d38590e4ce5a09f83cbf2fca90\",\"name\":\"Victor\",\"image\":{\"@type\":\"ImageObject\",\"inLanguage\":\"en-US\",\"@id\":\"https:\/\/www.indieofilo.com\/#\/schema\/person\/image\/\",\"url\":\"https:\/\/secure.gravatar.com\/avatar\/682b8c6ea3e94b6cffec683b25f1797d?s=96&d=mm&r=g\",\"contentUrl\":\"https:\/\/secure.gravatar.com\/avatar\/682b8c6ea3e94b6cffec683b25f1797d?s=96&d=mm&r=g\",\"caption\":\"Victor\"},\"description\":\"Fan\u00e1tico de la m\u00fasica desde que mis padres me pon\u00edan a Eydie Gorme y Los Panchos o el Discotuna por la A2. Intent\u00e9 tocar varios instrumentos, pero soy muy torpe con la mano izquierda, as\u00ed que ya sab\u00e9is el resultado final. Fan del britpop, Post-punk, el rugby y el baloncesto...\",\"sameAs\":[\"http:\/\/indieofilo.com\"],\"url\":\"https:\/\/www.indieofilo.com\/en\/author\/victor\"}]}<\/script>\n<!-- \/ Yoast SEO Premium plugin. -->","yoast_head_json":{"title":"Skrillex y Diplo upload to Soundcloud their first album as Jack \u00dc","description":"Skrillex and Diplo have just upload to soundcloud the debut album for their couple project Jack \u00dc. Listen it here!","robots":{"index":"index","follow":"follow","max-snippet":"max-snippet:-1","max-image-preview":"max-image-preview:large","max-video-preview":"max-video-preview:-1"},"canonical":"https:\/\/www.indieofilo.com\/en\/short-news\/skrillex-y-diplo-upload-to-soundcloud-their-first-album-as-jack-u","og_locale":"en_US","og_type":"article","og_title":"Skrillex y Diplo upload to Soundcloud their first album as Jack \u00dc","og_description":"Skrillex and Diplo have just upload to soundcloud the debut album for their couple project Jack \u00dc. Listen it here!","og_url":"https:\/\/www.indieofilo.com\/en\/short-news\/skrillex-y-diplo-upload-to-soundcloud-their-first-album-as-jack-u","og_site_name":"Indie\u00f3filo","article_publisher":"https:\/\/www.facebook.com\/Indieofilo\/","article_published_time":"2015-02-27T15:30:33+00:00","article_modified_time":"2023-09-21T09:46:47+00:00","og_image":[{"width":610,"height":405,"url":"https:\/\/www.indieofilo.com\/wp-content\/uploads\/2015\/03\/skrillex-Diplo-Jack-U.jpg","type":"image\/jpeg"}],"author":"Victor","twitter_card":"summary_large_image","twitter_creator":"@indieofilo","twitter_site":"@indieofilo","twitter_misc":{"Written by":"Victor","Est. reading time":"1 minute"},"schema":{"@context":"https:\/\/schema.org","@graph":[{"@type":"Article","@id":"https:\/\/www.indieofilo.com\/en\/short-news\/skrillex-y-diplo-upload-to-soundcloud-their-first-album-as-jack-u#article","isPartOf":{"@id":"https:\/\/www.indieofilo.com\/en\/short-news\/skrillex-y-diplo-upload-to-soundcloud-their-first-album-as-jack-u"},"author":{"name":"Victor","@id":"https:\/\/www.indieofilo.com\/#\/schema\/person\/595334d38590e4ce5a09f83cbf2fca90"},"headline":"Skrillex y Diplo upload to Soundcloud their first album as Jack \u00dc","datePublished":"2015-02-27T15:30:33+00:00","dateModified":"2023-09-21T09:46:47+00:00","mainEntityOfPage":{"@id":"https:\/\/www.indieofilo.com\/en\/short-news\/skrillex-y-diplo-upload-to-soundcloud-their-first-album-as-jack-u"},"wordCount":99,"publisher":{"@id":"https:\/\/www.indieofilo.com\/#organization"},"image":{"@id":"https:\/\/www.indieofilo.com\/en\/short-news\/skrillex-y-diplo-upload-to-soundcloud-their-first-album-as-jack-u#primaryimage"},"thumbnailUrl":"https:\/\/www.indieofilo.com\/wp-content\/uploads\/2015\/03\/skrillex-Diplo-Jack-U.jpg","keywords":["Diplo","Jack \u00dc","Skrillex"],"articleSection":["Short news"],"inLanguage":"en-US"},{"@type":"WebPage","@id":"https:\/\/www.indieofilo.com\/en\/short-news\/skrillex-y-diplo-upload-to-soundcloud-their-first-album-as-jack-u","url":"https:\/\/www.indieofilo.com\/en\/short-news\/skrillex-y-diplo-upload-to-soundcloud-their-first-album-as-jack-u","name":"Skrillex y Diplo upload to Soundcloud their first album as Jack \u00dc","isPartOf":{"@id":"https:\/\/www.indieofilo.com\/#website"},"primaryImageOfPage":{"@id":"https:\/\/www.indieofilo.com\/en\/short-news\/skrillex-y-diplo-upload-to-soundcloud-their-first-album-as-jack-u#primaryimage"},"image":{"@id":"https:\/\/www.indieofilo.com\/en\/short-news\/skrillex-y-diplo-upload-to-soundcloud-their-first-album-as-jack-u#primaryimage"},"thumbnailUrl":"https:\/\/www.indieofilo.com\/wp-content\/uploads\/2015\/03\/skrillex-Diplo-Jack-U.jpg","datePublished":"2015-02-27T15:30:33+00:00","dateModified":"2023-09-21T09:46:47+00:00","description":"Skrillex and Diplo have just upload to soundcloud the debut album for their couple project Jack \u00dc. Listen it here!","breadcrumb":{"@id":"https:\/\/www.indieofilo.com\/en\/short-news\/skrillex-y-diplo-upload-to-soundcloud-their-first-album-as-jack-u#breadcrumb"},"inLanguage":"en-US","potentialAction":[{"@type":"ReadAction","target":["https:\/\/www.indieofilo.com\/en\/short-news\/skrillex-y-diplo-upload-to-soundcloud-their-first-album-as-jack-u"]}]},{"@type":"ImageObject","inLanguage":"en-US","@id":"https:\/\/www.indieofilo.com\/en\/short-news\/skrillex-y-diplo-upload-to-soundcloud-their-first-album-as-jack-u#primaryimage","url":"https:\/\/www.indieofilo.com\/wp-content\/uploads\/2015\/03\/skrillex-Diplo-Jack-U.jpg","contentUrl":"https:\/\/www.indieofilo.com\/wp-content\/uploads\/2015\/03\/skrillex-Diplo-Jack-U.jpg","width":610,"height":405},{"@type":"BreadcrumbList","@id":"https:\/\/www.indieofilo.com\/en\/short-news\/skrillex-y-diplo-upload-to-soundcloud-their-first-album-as-jack-u#breadcrumb","itemListElement":[{"@type":"ListItem","position":1,"name":"Portada","item":"https:\/\/www.indieofilo.com\/en"},{"@type":"ListItem","position":2,"name":"Skrillex y Diplo upload to Soundcloud their first album as Jack \u00dc"}]},{"@type":"WebSite","@id":"https:\/\/www.indieofilo.com\/#website","url":"https:\/\/www.indieofilo.com\/","name":"Indie\u00f3filo","description":"Magazine online de la cultura independiente","publisher":{"@id":"https:\/\/www.indieofilo.com\/#organization"},"potentialAction":[{"@type":"SearchAction","target":{"@type":"EntryPoint","urlTemplate":"https:\/\/www.indieofilo.com\/?s={search_term_string}"},"query-input":{"@type":"PropertyValueSpecification","valueRequired":true,"valueName":"search_term_string"}}],"inLanguage":"en-US"},{"@type":"Organization","@id":"https:\/\/www.indieofilo.com\/#organization","name":"Indie\u00f3filo Web","url":"https:\/\/www.indieofilo.com\/","logo":{"@type":"ImageObject","inLanguage":"en-US","@id":"https:\/\/www.indieofilo.com\/#\/schema\/logo\/image\/","url":"https:\/\/www.indieofilo.com\/wp-content\/uploads\/2015\/02\/logo-alta-resolucion.png","contentUrl":"https:\/\/www.indieofilo.com\/wp-content\/uploads\/2015\/02\/logo-alta-resolucion.png","width":544,"height":185,"caption":"Indie\u00f3filo Web"},"image":{"@id":"https:\/\/www.indieofilo.com\/#\/schema\/logo\/image\/"},"sameAs":["https:\/\/www.facebook.com\/Indieofilo\/","https:\/\/x.com\/indieofilo","https:\/\/www.instagram.com\/indieofilo\/"]},{"@type":"Person","@id":"https:\/\/www.indieofilo.com\/#\/schema\/person\/595334d38590e4ce5a09f83cbf2fca90","name":"Victor","image":{"@type":"ImageObject","inLanguage":"en-US","@id":"https:\/\/www.indieofilo.com\/#\/schema\/person\/image\/","url":"https:\/\/secure.gravatar.com\/avatar\/682b8c6ea3e94b6cffec683b25f1797d?s=96&d=mm&r=g","contentUrl":"https:\/\/secure.gravatar.com\/avatar\/682b8c6ea3e94b6cffec683b25f1797d?s=96&d=mm&r=g","caption":"Victor"},"description":"Fan\u00e1tico de la m\u00fasica desde que mis padres me pon\u00edan a Eydie Gorme y Los Panchos o el Discotuna por la A2. Intent\u00e9 tocar varios instrumentos, pero soy muy torpe con la mano izquierda, as\u00ed que ya sab\u00e9is el resultado final. Fan del britpop, Post-punk, el rugby y el baloncesto...","sameAs":["http:\/\/indieofilo.com"],"url":"https:\/\/www.indieofilo.com\/en\/author\/victor"}]}},"_links":{"self":[{"href":"https:\/\/www.indieofilo.com\/en\/wp-json\/wp\/v2\/posts\/1008","targetHints":{"allow":["GET"]}}],"collection":[{"href":"https:\/\/www.indieofilo.com\/en\/wp-json\/wp\/v2\/posts"}],"about":[{"href":"https:\/\/www.indieofilo.com\/en\/wp-json\/wp\/v2\/types\/post"}],"author":[{"embeddable":true,"href":"https:\/\/www.indieofilo.com\/en\/wp-json\/wp\/v2\/users\/1"}],"replies":[{"embeddable":true,"href":"https:\/\/www.indieofilo.com\/en\/wp-json\/wp\/v2\/comments?post=1008"}],"version-history":[{"count":0,"href":"https:\/\/www.indieofilo.com\/en\/wp-json\/wp\/v2\/posts\/1008\/revisions"}],"wp:featuredmedia":[{"embeddable":true,"href":"https:\/\/www.indieofilo.com\/en\/wp-json\/wp\/v2\/media\/18069"}],"wp:attachment":[{"href":"https:\/\/www.indieofilo.com\/en\/wp-json\/wp\/v2\/media?parent=1008"}],"wp:term":[{"taxonomy":"category","embeddable":true,"href":"https:\/\/www.indieofilo.com\/en\/wp-json\/wp\/v2\/categories?post=1008"},{"taxonomy":"post_tag","embeddable":true,"href":"https:\/\/www.indieofilo.com\/en\/wp-json\/wp\/v2\/tags?post=1008"}],"curies":[{"name":"wp","href":"https:\/\/api.w.org\/{rel}","templated":true}]}}