{"id":1001,"date":"2015-03-02T21:07:41","date_gmt":"2015-03-02T20:07:41","guid":{"rendered":"http:\/\/testing.indieofilo.com\/?p=1001"},"modified":"2023-09-21T11:40:38","modified_gmt":"2023-09-21T09:40:38","slug":"will-butler-streams-on-spotify-his-solo-album-policy","status":"publish","type":"post","link":"https:\/\/www.indieofilo.com\/en\/news\/will-butler-streams-on-spotify-his-solo-album-policy","title":{"rendered":"Will Butler streams on Spotify his solo album Policy"},"content":{"rendered":"<p><center><br \/>\n<img fetchpriority=\"high\" decoding=\"async\" alt=\"will butler - policy\" height=\"470\" src=\"\/wp-content\/uploads\/2015\/03\/will-butler-policy.jpg\" width=\"658\" \/><br \/>\n<\/center><\/p>\n<p style=\"text-align: justify;\">\n\t<strong>Arcade Fire<\/strong>&#39;s multi-instrumentalist (and also known for being the small brother of the leader of the band) <strong>Will Butler<\/strong>, has just present on Spotify his solo debut album <em>Policy<\/em>. The LP, that will be on stores next Tuesday March 10th via Merge, is defined according to the press release as &quot;Policy is American music&mdash;in the tradition of the Violent Femmes, the Breeders, the Modern Lovers, Bob Dylan, Smokey Robinson, the Magnetic Fields, Ghostface Killah. And John Lennon (which counts).&quot;<\/p>\n<p><center><br \/>\n<iframe allowtransparency=\"true\" frameborder=\"0\" height=\"345\" src=\"https:\/\/embed.spotify.com\/?uri=spotify:album:3skSkUIi340Fp7KzUAxTBW\" width=\"265\"><\/iframe><br \/>\n<\/center><\/p>\n","protected":false},"excerpt":{"rendered":"<p>Arcade Fire&#39;s multi-instrumentalist (and also known for being the small brother of the leader of the band) Will Butler, has just present on Spotify his solo debut album Policy. The LP, that will be on stores next Tuesday March 10th via Merge, is defined according to the press release as &quot;Policy is American music&mdash;in the [&hellip;]<\/p>\n","protected":false},"author":1,"featured_media":18068,"comment_status":"closed","ping_status":"closed","sticky":false,"template":"","format":"standard","meta":{"footnotes":""},"categories":[8,20],"tags":[5143,6470],"class_list":["post-1001","post","type-post","status-publish","format-standard","has-post-thumbnail","hentry","category-news","category-streaming-en","tag-arcade-fire-en","tag-will-butler-en"],"yoast_head":"<!-- This site is optimized with the Yoast SEO Premium plugin v23.9 (Yoast SEO v26.6) - https:\/\/yoast.com\/wordpress\/plugins\/seo\/ -->\n<title>Will Butler streams on Spotify his solo album Policy<\/title>\n<meta name=\"description\" content=\"Will Butler freom Arcade Fire publish on Spotify his debut solo album Policy one week before it will be on stores.\" \/>\n<meta name=\"robots\" content=\"index, follow, max-snippet:-1, max-image-preview:large, max-video-preview:-1\" \/>\n<link rel=\"canonical\" href=\"https:\/\/www.indieofilo.com\/en\/news\/will-butler-streams-on-spotify-his-solo-album-policy\" \/>\n<meta property=\"og:locale\" content=\"en_US\" \/>\n<meta property=\"og:type\" content=\"article\" \/>\n<meta property=\"og:title\" content=\"Will Butler streams on Spotify his solo album Policy\" \/>\n<meta property=\"og:description\" content=\"Will Butler freom Arcade Fire publish on Spotify his debut solo album Policy one week before it will be on stores.\" \/>\n<meta property=\"og:url\" content=\"https:\/\/www.indieofilo.com\/en\/news\/will-butler-streams-on-spotify-his-solo-album-policy\" \/>\n<meta property=\"og:site_name\" content=\"Indie\u00f3filo\" \/>\n<meta property=\"article:publisher\" content=\"https:\/\/www.facebook.com\/Indieofilo\/\" \/>\n<meta property=\"article:published_time\" content=\"2015-03-02T20:07:41+00:00\" \/>\n<meta property=\"article:modified_time\" content=\"2023-09-21T09:40:38+00:00\" \/>\n<meta property=\"og:image\" content=\"https:\/\/www.indieofilo.com\/wp-content\/uploads\/2015\/03\/will-butler-policy.jpg\" \/>\n\t<meta property=\"og:image:width\" content=\"658\" \/>\n\t<meta property=\"og:image:height\" content=\"470\" \/>\n\t<meta property=\"og:image:type\" content=\"image\/jpeg\" \/>\n<meta name=\"author\" content=\"Victor\" \/>\n<meta name=\"twitter:card\" content=\"summary_large_image\" \/>\n<meta name=\"twitter:creator\" content=\"@indieofilo\" \/>\n<meta name=\"twitter:site\" content=\"@indieofilo\" \/>\n<meta name=\"twitter:label1\" content=\"Written by\" \/>\n\t<meta name=\"twitter:data1\" content=\"Victor\" \/>\n\t<meta name=\"twitter:label2\" content=\"Est. reading time\" \/>\n\t<meta name=\"twitter:data2\" content=\"1 minute\" \/>\n<script type=\"application\/ld+json\" class=\"yoast-schema-graph\">{\"@context\":\"https:\/\/schema.org\",\"@graph\":[{\"@type\":\"Article\",\"@id\":\"https:\/\/www.indieofilo.com\/en\/news\/will-butler-streams-on-spotify-his-solo-album-policy#article\",\"isPartOf\":{\"@id\":\"https:\/\/www.indieofilo.com\/en\/news\/will-butler-streams-on-spotify-his-solo-album-policy\"},\"author\":{\"name\":\"Victor\",\"@id\":\"https:\/\/www.indieofilo.com\/#\/schema\/person\/595334d38590e4ce5a09f83cbf2fca90\"},\"headline\":\"Will Butler streams on Spotify his solo album Policy\",\"datePublished\":\"2015-03-02T20:07:41+00:00\",\"dateModified\":\"2023-09-21T09:40:38+00:00\",\"mainEntityOfPage\":{\"@id\":\"https:\/\/www.indieofilo.com\/en\/news\/will-butler-streams-on-spotify-his-solo-album-policy\"},\"wordCount\":93,\"publisher\":{\"@id\":\"https:\/\/www.indieofilo.com\/#organization\"},\"image\":{\"@id\":\"https:\/\/www.indieofilo.com\/en\/news\/will-butler-streams-on-spotify-his-solo-album-policy#primaryimage\"},\"thumbnailUrl\":\"https:\/\/www.indieofilo.com\/wp-content\/uploads\/2015\/03\/will-butler-policy.jpg\",\"keywords\":[\"Arcade Fire\",\"Will Butler\"],\"articleSection\":[\"News\",\"Streaming\"],\"inLanguage\":\"en-US\"},{\"@type\":\"WebPage\",\"@id\":\"https:\/\/www.indieofilo.com\/en\/news\/will-butler-streams-on-spotify-his-solo-album-policy\",\"url\":\"https:\/\/www.indieofilo.com\/en\/news\/will-butler-streams-on-spotify-his-solo-album-policy\",\"name\":\"Will Butler streams on Spotify his solo album Policy\",\"isPartOf\":{\"@id\":\"https:\/\/www.indieofilo.com\/#website\"},\"primaryImageOfPage\":{\"@id\":\"https:\/\/www.indieofilo.com\/en\/news\/will-butler-streams-on-spotify-his-solo-album-policy#primaryimage\"},\"image\":{\"@id\":\"https:\/\/www.indieofilo.com\/en\/news\/will-butler-streams-on-spotify-his-solo-album-policy#primaryimage\"},\"thumbnailUrl\":\"https:\/\/www.indieofilo.com\/wp-content\/uploads\/2015\/03\/will-butler-policy.jpg\",\"datePublished\":\"2015-03-02T20:07:41+00:00\",\"dateModified\":\"2023-09-21T09:40:38+00:00\",\"description\":\"Will Butler freom Arcade Fire publish on Spotify his debut solo album Policy one week before it will be on stores.\",\"breadcrumb\":{\"@id\":\"https:\/\/www.indieofilo.com\/en\/news\/will-butler-streams-on-spotify-his-solo-album-policy#breadcrumb\"},\"inLanguage\":\"en-US\",\"potentialAction\":[{\"@type\":\"ReadAction\",\"target\":[\"https:\/\/www.indieofilo.com\/en\/news\/will-butler-streams-on-spotify-his-solo-album-policy\"]}]},{\"@type\":\"ImageObject\",\"inLanguage\":\"en-US\",\"@id\":\"https:\/\/www.indieofilo.com\/en\/news\/will-butler-streams-on-spotify-his-solo-album-policy#primaryimage\",\"url\":\"https:\/\/www.indieofilo.com\/wp-content\/uploads\/2015\/03\/will-butler-policy.jpg\",\"contentUrl\":\"https:\/\/www.indieofilo.com\/wp-content\/uploads\/2015\/03\/will-butler-policy.jpg\",\"width\":658,\"height\":470},{\"@type\":\"BreadcrumbList\",\"@id\":\"https:\/\/www.indieofilo.com\/en\/news\/will-butler-streams-on-spotify-his-solo-album-policy#breadcrumb\",\"itemListElement\":[{\"@type\":\"ListItem\",\"position\":1,\"name\":\"Portada\",\"item\":\"https:\/\/www.indieofilo.com\/en\"},{\"@type\":\"ListItem\",\"position\":2,\"name\":\"Will Butler streams on Spotify his solo album Policy\"}]},{\"@type\":\"WebSite\",\"@id\":\"https:\/\/www.indieofilo.com\/#website\",\"url\":\"https:\/\/www.indieofilo.com\/\",\"name\":\"Indie\u00f3filo\",\"description\":\"Magazine online de la cultura independiente\",\"publisher\":{\"@id\":\"https:\/\/www.indieofilo.com\/#organization\"},\"potentialAction\":[{\"@type\":\"SearchAction\",\"target\":{\"@type\":\"EntryPoint\",\"urlTemplate\":\"https:\/\/www.indieofilo.com\/?s={search_term_string}\"},\"query-input\":{\"@type\":\"PropertyValueSpecification\",\"valueRequired\":true,\"valueName\":\"search_term_string\"}}],\"inLanguage\":\"en-US\"},{\"@type\":\"Organization\",\"@id\":\"https:\/\/www.indieofilo.com\/#organization\",\"name\":\"Indie\u00f3filo Web\",\"url\":\"https:\/\/www.indieofilo.com\/\",\"logo\":{\"@type\":\"ImageObject\",\"inLanguage\":\"en-US\",\"@id\":\"https:\/\/www.indieofilo.com\/#\/schema\/logo\/image\/\",\"url\":\"https:\/\/www.indieofilo.com\/wp-content\/uploads\/2015\/02\/logo-alta-resolucion.png\",\"contentUrl\":\"https:\/\/www.indieofilo.com\/wp-content\/uploads\/2015\/02\/logo-alta-resolucion.png\",\"width\":544,\"height\":185,\"caption\":\"Indie\u00f3filo Web\"},\"image\":{\"@id\":\"https:\/\/www.indieofilo.com\/#\/schema\/logo\/image\/\"},\"sameAs\":[\"https:\/\/www.facebook.com\/Indieofilo\/\",\"https:\/\/x.com\/indieofilo\",\"https:\/\/www.instagram.com\/indieofilo\/\"]},{\"@type\":\"Person\",\"@id\":\"https:\/\/www.indieofilo.com\/#\/schema\/person\/595334d38590e4ce5a09f83cbf2fca90\",\"name\":\"Victor\",\"image\":{\"@type\":\"ImageObject\",\"inLanguage\":\"en-US\",\"@id\":\"https:\/\/www.indieofilo.com\/#\/schema\/person\/image\/\",\"url\":\"https:\/\/secure.gravatar.com\/avatar\/682b8c6ea3e94b6cffec683b25f1797d?s=96&d=mm&r=g\",\"contentUrl\":\"https:\/\/secure.gravatar.com\/avatar\/682b8c6ea3e94b6cffec683b25f1797d?s=96&d=mm&r=g\",\"caption\":\"Victor\"},\"description\":\"Fan\u00e1tico de la m\u00fasica desde que mis padres me pon\u00edan a Eydie Gorme y Los Panchos o el Discotuna por la A2. Intent\u00e9 tocar varios instrumentos, pero soy muy torpe con la mano izquierda, as\u00ed que ya sab\u00e9is el resultado final. Fan del britpop, Post-punk, el rugby y el baloncesto...\",\"sameAs\":[\"http:\/\/indieofilo.com\"],\"url\":\"https:\/\/www.indieofilo.com\/en\/author\/victor\"}]}<\/script>\n<!-- \/ Yoast SEO Premium plugin. -->","yoast_head_json":{"title":"Will Butler streams on Spotify his solo album Policy","description":"Will Butler freom Arcade Fire publish on Spotify his debut solo album Policy one week before it will be on stores.","robots":{"index":"index","follow":"follow","max-snippet":"max-snippet:-1","max-image-preview":"max-image-preview:large","max-video-preview":"max-video-preview:-1"},"canonical":"https:\/\/www.indieofilo.com\/en\/news\/will-butler-streams-on-spotify-his-solo-album-policy","og_locale":"en_US","og_type":"article","og_title":"Will Butler streams on Spotify his solo album Policy","og_description":"Will Butler freom Arcade Fire publish on Spotify his debut solo album Policy one week before it will be on stores.","og_url":"https:\/\/www.indieofilo.com\/en\/news\/will-butler-streams-on-spotify-his-solo-album-policy","og_site_name":"Indie\u00f3filo","article_publisher":"https:\/\/www.facebook.com\/Indieofilo\/","article_published_time":"2015-03-02T20:07:41+00:00","article_modified_time":"2023-09-21T09:40:38+00:00","og_image":[{"width":658,"height":470,"url":"https:\/\/www.indieofilo.com\/wp-content\/uploads\/2015\/03\/will-butler-policy.jpg","type":"image\/jpeg"}],"author":"Victor","twitter_card":"summary_large_image","twitter_creator":"@indieofilo","twitter_site":"@indieofilo","twitter_misc":{"Written by":"Victor","Est. reading time":"1 minute"},"schema":{"@context":"https:\/\/schema.org","@graph":[{"@type":"Article","@id":"https:\/\/www.indieofilo.com\/en\/news\/will-butler-streams-on-spotify-his-solo-album-policy#article","isPartOf":{"@id":"https:\/\/www.indieofilo.com\/en\/news\/will-butler-streams-on-spotify-his-solo-album-policy"},"author":{"name":"Victor","@id":"https:\/\/www.indieofilo.com\/#\/schema\/person\/595334d38590e4ce5a09f83cbf2fca90"},"headline":"Will Butler streams on Spotify his solo album Policy","datePublished":"2015-03-02T20:07:41+00:00","dateModified":"2023-09-21T09:40:38+00:00","mainEntityOfPage":{"@id":"https:\/\/www.indieofilo.com\/en\/news\/will-butler-streams-on-spotify-his-solo-album-policy"},"wordCount":93,"publisher":{"@id":"https:\/\/www.indieofilo.com\/#organization"},"image":{"@id":"https:\/\/www.indieofilo.com\/en\/news\/will-butler-streams-on-spotify-his-solo-album-policy#primaryimage"},"thumbnailUrl":"https:\/\/www.indieofilo.com\/wp-content\/uploads\/2015\/03\/will-butler-policy.jpg","keywords":["Arcade Fire","Will Butler"],"articleSection":["News","Streaming"],"inLanguage":"en-US"},{"@type":"WebPage","@id":"https:\/\/www.indieofilo.com\/en\/news\/will-butler-streams-on-spotify-his-solo-album-policy","url":"https:\/\/www.indieofilo.com\/en\/news\/will-butler-streams-on-spotify-his-solo-album-policy","name":"Will Butler streams on Spotify his solo album Policy","isPartOf":{"@id":"https:\/\/www.indieofilo.com\/#website"},"primaryImageOfPage":{"@id":"https:\/\/www.indieofilo.com\/en\/news\/will-butler-streams-on-spotify-his-solo-album-policy#primaryimage"},"image":{"@id":"https:\/\/www.indieofilo.com\/en\/news\/will-butler-streams-on-spotify-his-solo-album-policy#primaryimage"},"thumbnailUrl":"https:\/\/www.indieofilo.com\/wp-content\/uploads\/2015\/03\/will-butler-policy.jpg","datePublished":"2015-03-02T20:07:41+00:00","dateModified":"2023-09-21T09:40:38+00:00","description":"Will Butler freom Arcade Fire publish on Spotify his debut solo album Policy one week before it will be on stores.","breadcrumb":{"@id":"https:\/\/www.indieofilo.com\/en\/news\/will-butler-streams-on-spotify-his-solo-album-policy#breadcrumb"},"inLanguage":"en-US","potentialAction":[{"@type":"ReadAction","target":["https:\/\/www.indieofilo.com\/en\/news\/will-butler-streams-on-spotify-his-solo-album-policy"]}]},{"@type":"ImageObject","inLanguage":"en-US","@id":"https:\/\/www.indieofilo.com\/en\/news\/will-butler-streams-on-spotify-his-solo-album-policy#primaryimage","url":"https:\/\/www.indieofilo.com\/wp-content\/uploads\/2015\/03\/will-butler-policy.jpg","contentUrl":"https:\/\/www.indieofilo.com\/wp-content\/uploads\/2015\/03\/will-butler-policy.jpg","width":658,"height":470},{"@type":"BreadcrumbList","@id":"https:\/\/www.indieofilo.com\/en\/news\/will-butler-streams-on-spotify-his-solo-album-policy#breadcrumb","itemListElement":[{"@type":"ListItem","position":1,"name":"Portada","item":"https:\/\/www.indieofilo.com\/en"},{"@type":"ListItem","position":2,"name":"Will Butler streams on Spotify his solo album Policy"}]},{"@type":"WebSite","@id":"https:\/\/www.indieofilo.com\/#website","url":"https:\/\/www.indieofilo.com\/","name":"Indie\u00f3filo","description":"Magazine online de la cultura independiente","publisher":{"@id":"https:\/\/www.indieofilo.com\/#organization"},"potentialAction":[{"@type":"SearchAction","target":{"@type":"EntryPoint","urlTemplate":"https:\/\/www.indieofilo.com\/?s={search_term_string}"},"query-input":{"@type":"PropertyValueSpecification","valueRequired":true,"valueName":"search_term_string"}}],"inLanguage":"en-US"},{"@type":"Organization","@id":"https:\/\/www.indieofilo.com\/#organization","name":"Indie\u00f3filo Web","url":"https:\/\/www.indieofilo.com\/","logo":{"@type":"ImageObject","inLanguage":"en-US","@id":"https:\/\/www.indieofilo.com\/#\/schema\/logo\/image\/","url":"https:\/\/www.indieofilo.com\/wp-content\/uploads\/2015\/02\/logo-alta-resolucion.png","contentUrl":"https:\/\/www.indieofilo.com\/wp-content\/uploads\/2015\/02\/logo-alta-resolucion.png","width":544,"height":185,"caption":"Indie\u00f3filo Web"},"image":{"@id":"https:\/\/www.indieofilo.com\/#\/schema\/logo\/image\/"},"sameAs":["https:\/\/www.facebook.com\/Indieofilo\/","https:\/\/x.com\/indieofilo","https:\/\/www.instagram.com\/indieofilo\/"]},{"@type":"Person","@id":"https:\/\/www.indieofilo.com\/#\/schema\/person\/595334d38590e4ce5a09f83cbf2fca90","name":"Victor","image":{"@type":"ImageObject","inLanguage":"en-US","@id":"https:\/\/www.indieofilo.com\/#\/schema\/person\/image\/","url":"https:\/\/secure.gravatar.com\/avatar\/682b8c6ea3e94b6cffec683b25f1797d?s=96&d=mm&r=g","contentUrl":"https:\/\/secure.gravatar.com\/avatar\/682b8c6ea3e94b6cffec683b25f1797d?s=96&d=mm&r=g","caption":"Victor"},"description":"Fan\u00e1tico de la m\u00fasica desde que mis padres me pon\u00edan a Eydie Gorme y Los Panchos o el Discotuna por la A2. Intent\u00e9 tocar varios instrumentos, pero soy muy torpe con la mano izquierda, as\u00ed que ya sab\u00e9is el resultado final. Fan del britpop, Post-punk, el rugby y el baloncesto...","sameAs":["http:\/\/indieofilo.com"],"url":"https:\/\/www.indieofilo.com\/en\/author\/victor"}]}},"_links":{"self":[{"href":"https:\/\/www.indieofilo.com\/en\/wp-json\/wp\/v2\/posts\/1001","targetHints":{"allow":["GET"]}}],"collection":[{"href":"https:\/\/www.indieofilo.com\/en\/wp-json\/wp\/v2\/posts"}],"about":[{"href":"https:\/\/www.indieofilo.com\/en\/wp-json\/wp\/v2\/types\/post"}],"author":[{"embeddable":true,"href":"https:\/\/www.indieofilo.com\/en\/wp-json\/wp\/v2\/users\/1"}],"replies":[{"embeddable":true,"href":"https:\/\/www.indieofilo.com\/en\/wp-json\/wp\/v2\/comments?post=1001"}],"version-history":[{"count":0,"href":"https:\/\/www.indieofilo.com\/en\/wp-json\/wp\/v2\/posts\/1001\/revisions"}],"wp:featuredmedia":[{"embeddable":true,"href":"https:\/\/www.indieofilo.com\/en\/wp-json\/wp\/v2\/media\/18068"}],"wp:attachment":[{"href":"https:\/\/www.indieofilo.com\/en\/wp-json\/wp\/v2\/media?parent=1001"}],"wp:term":[{"taxonomy":"category","embeddable":true,"href":"https:\/\/www.indieofilo.com\/en\/wp-json\/wp\/v2\/categories?post=1001"},{"taxonomy":"post_tag","embeddable":true,"href":"https:\/\/www.indieofilo.com\/en\/wp-json\/wp\/v2\/tags?post=1001"}],"curies":[{"name":"wp","href":"https:\/\/api.w.org\/{rel}","templated":true}]}}